{"id":1297,"date":"2017-10-24T19:40:04","date_gmt":"2017-10-24T19:40:04","guid":{"rendered":"http:\/\/www.stiftsforum.ch\/blog\/?p=1297"},"modified":"2017-10-25T20:25:53","modified_gmt":"2017-10-25T20:25:53","slug":"juergen-seidel-das-maedchen-mit-dem-loewenherz-2017","status":"publish","type":"post","link":"http:\/\/www.stiftsforum.ch\/blog\/?p=1297","title":{"rendered":"J\u00fcrgen Seidel: Das M\u00e4dchen mit dem L\u00f6wenherz (2017)"},"content":{"rendered":"<p><strong>&#8220;Das M\u00e4dchen mit dem L\u00f6wenherz&#8221; ist ein Jugendthriller von J\u00fcrgen Seidel. Die Geschichte spielt in der Zeit von Martin Luther. Und pl\u00f6tzlich ger\u00e4t die Hauptfigur selber in die Wirren der Reformation&#8230; <\/strong><\/p>\n<p>Anna<a href=\"https:\/\/i0.wp.com\/www.stiftsforum.ch\/blog\/wp-content\/uploads\/2017\/10\/m\u00e4dchen-l\u00f6wenherz.jpg\"><img data-attachment-id=\"1298\" data-permalink=\"http:\/\/www.stiftsforum.ch\/blog\/?attachment_id=1298\" data-orig-file=\"https:\/\/i0.wp.com\/www.stiftsforum.ch\/blog\/wp-content\/uploads\/2017\/10\/m\u00e4dchen-l\u00f6wenherz.jpg?fit=314%2C500\" data-orig-size=\"314,500\" data-comments-opened=\"1\" data-image-meta=\"{&quot;aperture&quot;:&quot;0&quot;,&quot;credit&quot;:&quot;&quot;,&quot;camera&quot;:&quot;&quot;,&quot;caption&quot;:&quot;&quot;,&quot;created_timestamp&quot;:&quot;0&quot;,&quot;copyright&quot;:&quot;&quot;,&quot;focal_length&quot;:&quot;0&quot;,&quot;iso&quot;:&quot;0&quot;,&quot;shutter_speed&quot;:&quot;0&quot;,&quot;title&quot;:&quot;&quot;,&quot;orientation&quot;:&quot;0&quot;}\" data-image-title=\"m\u00e4dchen l\u00f6wenherz\" data-image-description=\"\" data-medium-file=\"https:\/\/i0.wp.com\/www.stiftsforum.ch\/blog\/wp-content\/uploads\/2017\/10\/m\u00e4dchen-l\u00f6wenherz.jpg?fit=188%2C300\" data-large-file=\"https:\/\/i0.wp.com\/www.stiftsforum.ch\/blog\/wp-content\/uploads\/2017\/10\/m\u00e4dchen-l\u00f6wenherz.jpg?fit=314%2C500\" loading=\"lazy\" class=\"size-medium wp-image-1298 alignleft\" src=\"https:\/\/i0.wp.com\/www.stiftsforum.ch\/blog\/wp-content\/uploads\/2017\/10\/m\u00e4dchen-l\u00f6wenherz.jpg?resize=188%2C300\" alt=\"\" width=\"188\" height=\"300\" srcset=\"https:\/\/i0.wp.com\/www.stiftsforum.ch\/blog\/wp-content\/uploads\/2017\/10\/m\u00e4dchen-l\u00f6wenherz.jpg?resize=188%2C300 188w, https:\/\/i0.wp.com\/www.stiftsforum.ch\/blog\/wp-content\/uploads\/2017\/10\/m\u00e4dchen-l\u00f6wenherz.jpg?w=314 314w\" sizes=\"(max-width: 188px) 100vw, 188px\" data-recalc-dims=\"1\" \/><\/a> von Zons ist die Hauptfigur der Geschichte. Schon im fr\u00fchen Alter beherrscht sie das Lesen und Schreiben und noch dazu: Alles, was sie jemals Schwarz auf Weiss gesehen hat, kann sie wortgenau f\u00fcr immer in ihrem Ged\u00e4chtnis behalten. Was sie allerdings noch nicht weiss: Von ihrem Talent darf niemand etwas wissen, sonst k\u00f6nnte man sie als Hexe anzeigen und sie w\u00fcrde auf dem Scheiterhaufen enden.<\/p>\n<p>Als allerdings ein Mann namens Zangl von ihrer F\u00e4higkeit erf\u00e4hrt, zeigt er sie weder an, noch unternimmt er sonst irgendetwas gegen sie. Im Gegenteil: Er nimmt sie auf und setzt sich f\u00fcr sie ein. Allerdings will er auch ihr Talent nutzen &#8211; \u00a0zugunsten der Reformation, die die Papstkirche und den Ablasshandel zu Fall bringen sollte.<\/p>\n<p>Als Junge verkleidet setzt Anna nun ihre F\u00e4higkeit ein und befindet sich schon bald inmitten von Schwierigkeiten und Problemen. Schon im fr\u00fchen Alter lernt sie so die harte, schwarze und b\u00f6se Welt kennen, voll von Mord, Verbrechen, L\u00fcgen und Verrat. Schliesslich befindet sie sich in einer solch ausweglosen Situation, dass sie denkt, ihr k\u00f6nnte nur einer helfen: Martin Luther! In vielen Briefen beschreibt sie Martin Luther ausf\u00fchrlich ihr Leben und bittet ihn um Hilfe. Ob er auf ihren Hilfeschrei reagiert?<\/p>\n<p>Die Geschichte k\u00f6nnte man von der Spannung her mit einer Wellenlinie beschreiben. Immer, wenn man denkt, endlich sei einmal alles gut, kommt auf der n\u00e4chsten Seite schon das n\u00e4chste Ungl\u00fcck.<\/p>\n<p>Das Buch zeigt, wie schwierig das \u00dcberleben f\u00fcr Menschen mit unbekannten Talenten fr\u00fcher war. Ein Gl\u00fcck, dass das Leben heute anders ist!<\/p>\n<p><strong>Elisabeth Steuerwald<\/strong><\/p>\n","protected":false},"excerpt":{"rendered":"<p>&#8220;Das M\u00e4dchen mit dem L\u00f6wenherz&#8221; ist ein Jugendthriller von J\u00fcrgen Seidel. Die Geschichte spielt in der Zeit von Martin Luther.<\/p>\n","protected":false},"author":9,"featured_media":0,"comment_status":"open","ping_status":"closed","sticky":false,"template":"","format":"standard","meta":{"spay_email":"","jetpack_publicize_message":"","jetpack_is_tweetstorm":false},"categories":[5],"tags":[],"jetpack_featured_media_url":"","jetpack_publicize_connections":[],"jetpack_sharing_enabled":true,"jetpack_shortlink":"https:\/\/wp.me\/p9nzRF-kV","jetpack_likes_enabled":true,"jetpack-related-posts":[{"id":4141,"url":"http:\/\/www.stiftsforum.ch\/blog\/?p=4141","url_meta":{"origin":1297,"position":0},"title":"\u00abErebos ist zur\u00fcck\u2026 und es hat dazu gelernt\u00bb","date":"Januar 25, 2021","format":false,"excerpt":"von Dominick Lothenbach, 1d \u00abSeit ich bescheid weiss, habe ich keine Nacht mehr l\u00e4nger als drei Stunden geschlafen.\u00bb Mit diesen Worten beginnt der Jugendroman Erebos 2. Die erste Hauptfigur ist der 26-j\u00e4hrige Student Nick Dunmore. Er versucht sein Studium als Hochzeitsfotograf zu finanzieren. Als Nick gerade von einem Auftrag zur\u00fcck\u2026","rel":"","context":"In &quot;Buchkritik&quot;","img":{"alt_text":"","src":"https:\/\/i2.wp.com\/www.stiftsforum.ch\/blog\/wp-content\/uploads\/2021\/01\/erebos-bild-journalism-scaled.jpg?fit=786%2C1200&resize=350%2C200","width":350,"height":200},"classes":[]},{"id":2307,"url":"http:\/\/www.stiftsforum.ch\/blog\/?p=2307","url_meta":{"origin":1297,"position":1},"title":"Ladybird: Coming-of-Age in der kalifornischen Provinz","date":"Juni 26, 2018","format":false,"excerpt":"Das Mutigste an Ladybird ist das, was am Wenigsten ins Auge sticht: Ohne das einem etwas auff\u00e4llt und ohne das lange viel passiert, wandelt sich die Hauptfigur, ein st\u00f6rrischer Teenager, in das was sie eigentlich immer sein wollte: In Ladybird, den Namen den sie sich selbst gegeben hat. Der Vogel\u2026","rel":"","context":"In &quot;Filmkritik&quot;","img":{"alt_text":"","src":"https:\/\/i2.wp.com\/www.stiftsforum.ch\/blog\/wp-content\/uploads\/2018\/06\/Lady-Bird-film-poster.jpg?fit=1200%2C900&resize=350%2C200","width":350,"height":200},"classes":[]},{"id":6020,"url":"http:\/\/www.stiftsforum.ch\/blog\/?p=6020","url_meta":{"origin":1297,"position":2},"title":"Das MEGA-Interview","date":"Januar 23, 2023","format":false,"excerpt":"... \u00fcber alte Sprachen von Raya und Lilly Wir haben die Lehrer der alten Sprachen interviewt und sie danach gefragt, welche Bedeutung die alten Sprachen auch f\u00fcr heute haben und wie sie zu ihren F\u00e4chern gekommen sind. Sieben Latein- und Griechischlehrer vermitteln an der Stiftsschule Denken, Kultur und Sprache(n) der\u2026","rel":"","context":"In &quot;Allgemein&quot;","img":{"alt_text":"","src":"https:\/\/i2.wp.com\/www.stiftsforum.ch\/blog\/wp-content\/uploads\/2023\/01\/Antike.jpg?fit=1200%2C758&resize=350%2C200","width":350,"height":200},"classes":[]},{"id":4149,"url":"http:\/\/www.stiftsforum.ch\/blog\/?p=4149","url_meta":{"origin":1297,"position":3},"title":"Beast Quest Vargos - Biss der Verdammnis","date":"Januar 25, 2021","format":false,"excerpt":"von Ramanan Jeyakumar, 1d Beast Quest ist ein Buch \u00fcber Abenteuer und es gibt unz\u00e4hlige B\u00fccher davon. Ich habe das Buch Beast Quest Vargos Biss der Verdammnis gew\u00e4hlt. In dem Buch geht es wie bei jedem Buch der Reihe um Tom und seinen Freunden, die viele Amulette sammeln m\u00fcssen. Aber\u2026","rel":"","context":"In &quot;Buchkritik&quot;","img":{"alt_text":"","src":"https:\/\/i0.wp.com\/www.stiftsforum.ch\/blog\/wp-content\/uploads\/2021\/01\/vargos.jpg?fit=412%2C648&resize=350%2C200","width":350,"height":200},"classes":[]},{"id":6005,"url":"http:\/\/www.stiftsforum.ch\/blog\/?p=6005","url_meta":{"origin":1297,"position":4},"title":"Die Wichtigkeit der Vaterfigur","date":"Januar 9, 2023","format":false,"excerpt":"von Elisabeth Steuerwald, 6c Eine M\u00e4nnerfigur, mit der jeder mindestens einmal im Leben \"konfrontiert\" wurde, ist der eigene Vater. Jeder hat einen und jedem ist das Wort \"Vaters\" ein Begriff. Es ist jedoch zwischen dem biologischen und dem \"seelischen\" Begriff des Vaters zu unterscheiden, denn nicht f\u00fcr jeden ist der\u2026","rel":"","context":"In &quot;Allgemein&quot;","img":{"alt_text":"","src":"https:\/\/i1.wp.com\/www.stiftsforum.ch\/blog\/wp-content\/uploads\/2023\/01\/dad-g11e0cb3cd_1920.jpg?fit=1200%2C664&resize=350%2C200","width":350,"height":200},"classes":[]},{"id":6032,"url":"http:\/\/www.stiftsforum.ch\/blog\/?p=6032","url_meta":{"origin":1297,"position":5},"title":"Nicht alles ist Windhauch - Wir lesen Kohelet","date":"Januar 24, 2023","format":false,"excerpt":"Wenn vier Lehrer sich einmal pro Woche in der Mittagspause treffen, um gemeinsam in der Bibel zu lesen, ist das vor allem eins: Der Versuch, diesem grossen und doch auf den ersten Blick sperrigen Werk auf die Spur zu kommen, sich gewissermassen heranzuwagen an diese alten und komplexen Texte. Wir\u2026","rel":"","context":"In &quot;Schule&amp;Kloster&quot;","img":{"alt_text":"","src":"https:\/\/i2.wp.com\/www.stiftsforum.ch\/blog\/wp-content\/uploads\/2023\/01\/20230124_131541-scaled.jpg?fit=1200%2C900&resize=350%2C200","width":350,"height":200},"classes":[]}],"_links":{"self":[{"href":"http:\/\/www.stiftsforum.ch\/blog\/index.php?rest_route=\/wp\/v2\/posts\/1297"}],"collection":[{"href":"http:\/\/www.stiftsforum.ch\/blog\/index.php?rest_route=\/wp\/v2\/posts"}],"about":[{"href":"http:\/\/www.stiftsforum.ch\/blog\/index.php?rest_route=\/wp\/v2\/types\/post"}],"author":[{"embeddable":true,"href":"http:\/\/www.stiftsforum.ch\/blog\/index.php?rest_route=\/wp\/v2\/users\/9"}],"replies":[{"embeddable":true,"href":"http:\/\/www.stiftsforum.ch\/blog\/index.php?rest_route=%2Fwp%2Fv2%2Fcomments&post=1297"}],"version-history":[{"count":6,"href":"http:\/\/www.stiftsforum.ch\/blog\/index.php?rest_route=\/wp\/v2\/posts\/1297\/revisions"}],"predecessor-version":[{"id":1419,"href":"http:\/\/www.stiftsforum.ch\/blog\/index.php?rest_route=\/wp\/v2\/posts\/1297\/revisions\/1419"}],"wp:attachment":[{"href":"http:\/\/www.stiftsforum.ch\/blog\/index.php?rest_route=%2Fwp%2Fv2%2Fmedia&parent=1297"}],"wp:term":[{"taxonomy":"category","embeddable":true,"href":"http:\/\/www.stiftsforum.ch\/blog\/index.php?rest_route=%2Fwp%2Fv2%2Fcategories&post=1297"},{"taxonomy":"post_tag","embeddable":true,"href":"http:\/\/www.stiftsforum.ch\/blog\/index.php?rest_route=%2Fwp%2Fv2%2Ftags&post=1297"}],"curies":[{"name":"wp","href":"https:\/\/api.w.org\/{rel}","templated":true}]}}