{"id":1457,"date":"2017-10-31T19:24:20","date_gmt":"2017-10-31T19:24:20","guid":{"rendered":"http:\/\/www.stiftsforum.ch\/blog\/?p=1457"},"modified":"2017-12-12T19:52:45","modified_gmt":"2017-12-12T19:52:45","slug":"littering-auf-schweizer-boden-der-homo-pedanticus","status":"publish","type":"post","link":"http:\/\/www.stiftsforum.ch\/blog\/?p=1457","title":{"rendered":"Littering auf Schweizer Boden &#8211; Der Homo pedanticus"},"content":{"rendered":"<p><em>Eine Kolumne von Jael Inauen<\/em><\/p>\n<p>Sie, lieber Leser, werden diese t\u00e4glichen Beschwerden des typischen respektablen Schweizer Herren wohl kennen. Die Schuhe wild im Flur verstreut, Papier auf dem Boden, Flecken auf dem makellos weissen Tischtuch! Unglaublich. Das so etwas doch sehr \u00e4rgerlich und manchmal fast nicht auszuhalten ist, verstehe ich von ganzem Herzen. Nun endlich werden ihre t\u00e4glichen \u00c4rgernisse in einem Artikel, dem \u201epedantischen Manifest\u201c, festgehalten.<\/p>\n<p>Montagmorgen. Zwar der Albtraum eines jeden, doch umso mehr f\u00fcr den Pedanticus, dem von Anfang an offensichtliche Schlampigkeit und chronische Inkonsistenz unter die Augen treten. Schon beim Aufstehen zeigt sich dies schon; der m\u00fchevoll aus dem Bett herausgebrachte Fuss steht sofort auf den \u00dcberbleibseln kindischer Vergn\u00fcgungen, oder, im Munde des P\u00f6bels, auf Spielzeuge. Erneut fragt sich dieses geplagte Wesen, warum es doch wirklich kleine Exemplare seiner selbst in die Welt setzen musste, offensichtlich in mancherlei Hinsicht ein Fehler. Seufzend begibt sich nun der Pedanticus in den famili\u00e4ren Waschraum, wo ihn schon das n\u00e4chste Horrorbildnis erwartet. Die Zahnpasta offen, die Handt\u00fccher auf einem f\u00fcrchterlichen Haufen, der Wandschrank unordentlich, die Kleider verstreut! Zornesr\u00f6te steigt in ihm auf, man wird sich wieder vornehmen, die doch zu schmuddeligen Familienmitglieder von wahrer Sauberkeit und Hygiene zu \u00fcberzeugen.<\/p>\n<p>Nach einem hastig eingenommenen Morgenmahl begibt sich der kritisch und klug Hinterfragende in eine Vorstufe der H\u00f6lle, die \u00f6ffentlichen Verkehrsmittel. Keime, Kaugummis, Dreck, Krankheiten schwirren in der Luft und warten regelrecht darauf, ein unbedarftes Opfer in ihre Gewalt zu nehmen. Die Feuchtt\u00fccher sind griffbereit, die H\u00e4nde desinfiziert, man wagt sich in dieses risikoreiche Unterfangen. Die tats\u00e4chliche Durchf\u00fchrung scheint f\u00fcr den Aussenstehenden ziemlich ereignislos zu wirken, ist aber eine grosse Herausforderung f\u00fcr jeden Pedanticus; keine Keime, kein Blickkontakt, kein Niederlassen in riskanten, schmutzigen Gebieten.<\/p>\n<p>Schliesslich ist die Fahrt \u00fcberstanden und unser aller Leidende verl\u00e4sst das Fahrzeug und eilt zur Arbeit. Dort angekommen erwartet ihn erst einmal die wohlverdiente Ruhe, der Arbeitsplatz ist nat\u00fcrlich makellos und sauber aufger\u00e4umt, dieser wird den Vormittag \u00fcber nicht verlassen. Dann aber erscheint ein H\u00f6hepunkt der sozialen Interaktion am Arbeitsplatz: das Mittagessen. Zwar vermeidet der Pedanticus nach seiner k\u00fcrzlichen Darmentleerung \u2013 ohne Aufwand schlank in nur 14 Tagen &#8211; nat\u00fcrlich jedwede Art von ungesundem Essen, so nimmt er in Hinblick auf den Nachmittag ein Steak, Pommes und nur ein ganz kleines St\u00fcck Kuchen zu sich. Schliesslich braucht man f\u00fcr einen so anstrengenden Job am Schreibtisch viel Energie und Kraft. Auch muss man sich mit diesen ekelhaften Mitarbeitern herumschlagen, welche ganz offensichtlich nichts anderes k\u00f6nnen als Flecken, Unordnung und ausgesprochen geschmacklose Witze zu verbreiten. Mit kleineren Unf\u00e4llen f\u00e4hrt der Tag fort. Was f\u00fcr ein Leiden. Jeden Tag.<\/p>\n<p>Nun, lieber Leser, h\u00f6rten Sie ein Exempel von einem der doch so vielen Leidenden in unserer unordentlichen, unhygienischen Welt. Helfen Sie mit, das Leben dieser zahlreichen Opfer besser zu machen. Mit nur einem Franken kann der Pedanticus mit weiteren Taschent\u00fcchern und Putzlappen ausgestattet werden! Wir z\u00e4hlen auf Sie.<\/p>\n<p>&nbsp;<\/p>\n","protected":false},"excerpt":{"rendered":"<p>Eine Kolumne von Jael Inauen Sie, lieber Leser, werden diese t\u00e4glichen Beschwerden des typischen respektablen Schweizer Herren wohl kennen. Die<\/p>\n","protected":false},"author":9,"featured_media":1458,"comment_status":"open","ping_status":"closed","sticky":false,"template":"","format":"standard","meta":{"spay_email":"","jetpack_publicize_message":"","jetpack_is_tweetstorm":false},"categories":[3,35],"tags":[],"jetpack_featured_media_url":"https:\/\/i2.wp.com\/www.stiftsforum.ch\/blog\/wp-content\/uploads\/2017\/10\/frog-2422427_960_720.jpg?fit=960%2C640","jetpack_publicize_connections":[],"jetpack_sharing_enabled":true,"jetpack_shortlink":"https:\/\/wp.me\/p9nzRF-nv","jetpack_likes_enabled":true,"jetpack-related-posts":[{"id":4999,"url":"http:\/\/www.stiftsforum.ch\/blog\/?p=4999","url_meta":{"origin":1457,"position":0},"title":"\u201eIn Japan steht die Gemeinschaft im Zentrum\u201c","date":"Januar 11, 2022","format":false,"excerpt":"Von Ricarda und Jil Wir besuchen das Kursfach Japanisch und sind sehr beeindruckt. Die Sch\u00fcler besprechen gerade ihre Hausaufgaben, die Lehrerin spricht mit ihnen einwandfreies Japanisch und die Sch\u00fcler scheinen alles zu verstehen.\u00a0 Ein Sch\u00fcler erz\u00e4hlt uns, dass sie sowohl die japanische Sprache als auch die japanische Kultur besser kennen\u2026","rel":"","context":"In &quot;Allgemein&quot;","img":{"alt_text":"","src":"https:\/\/i0.wp.com\/www.stiftsforum.ch\/blog\/wp-content\/uploads\/2022\/01\/5574f79291fb706be89cb18d991f2f62bc8c84ec15963ee81f6b6121ef5a63d5.jpg?fit=768%2C1024&resize=350%2C200","width":350,"height":200},"classes":[]},{"id":5668,"url":"http:\/\/www.stiftsforum.ch\/blog\/?p=5668","url_meta":{"origin":1457,"position":1},"title":"Sch\u00fclerzeitungsmitglieder treffen waschechte Journalisten","date":"November 19, 2022","format":false,"excerpt":"Besuch beim Einsiedler Anzeiger Raya Fankhauser \/ Lilly Hetmank Vergangener Montag um 16:30 Uhr betraten die Mitglieder der Sch\u00fclerzeitung das Zuhause der Einsiedler Journalisten. Zuerst lernten wir den Chef der Redaktion kennen: Viktor K\u00e4lin. Er f\u00fchrte uns durch die Redaktion und beschrieb die t\u00e4gliche Arbeit eines Journalisten. Es war ganz\u2026","rel":"","context":"In &quot;Allgemein&quot;","img":{"alt_text":"","src":"https:\/\/i0.wp.com\/www.stiftsforum.ch\/blog\/wp-content\/uploads\/2022\/11\/MicrosoftTeams-image-1.jpg?fit=1200%2C855&resize=350%2C200","width":350,"height":200},"classes":[]},{"id":6501,"url":"http:\/\/www.stiftsforum.ch\/blog\/?p=6501","url_meta":{"origin":1457,"position":2},"title":"Abriss als legitimes Mittel der Stadtentwicklung?","date":"September 30, 2023","format":false,"excerpt":"Bericht zur Fortbildungsveranstaltung der UZH-Weiterbildung \"Der Abriss der Stadt. Geographien von Ressourcen und Verdr\u00e4ngung\" (29.9.2023) Der Trend zum Wohnen in der Stadt h\u00e4lt weiter an. Dies gilt auch f\u00fcr die Schweiz. Zunehmend werden dabei \u00e4ltere Wohnbauten, die zum Teil noch voll funktionsf\u00e4hig sind, abgerissen, um neuen, teureren Wohnungen Platz zu\u2026","rel":"","context":"In &quot;Allgemein&quot;","img":{"alt_text":"","src":"https:\/\/i0.wp.com\/www.stiftsforum.ch\/blog\/wp-content\/uploads\/2023\/09\/20230929_105805-3.jpg?fit=1200%2C900&resize=350%2C200","width":350,"height":200},"classes":[]},{"id":3654,"url":"http:\/\/www.stiftsforum.ch\/blog\/?p=3654","url_meta":{"origin":1457,"position":3},"title":"Klassenlager 4.B 2019: Die Entdeckung der Westschweiz","date":"Juni 7, 2019","format":false,"excerpt":"Nach der Fr\u00fchlingsferien fuhr die 4.B erst nach Bern. Auf dem Weg trafen wir Herrn Verlage, der mit seiner Klasse nach Lausanne unterwegs war. Zuerst entdeckten wir Bern durch eine Schnitzeljagd. \u00a0Bern bietet viel, man kann die Stadt besichtigen oder eines der vielen Museen.\u00a0 Nachmittags ging es weiter Richtung Yverdon,\u2026","rel":"","context":"In &quot;Allgemein&quot;","img":{"alt_text":"","src":"https:\/\/i2.wp.com\/www.stiftsforum.ch\/blog\/wp-content\/uploads\/2019\/06\/IMG_8548.jpg?fit=1200%2C800&resize=350%2C200","width":350,"height":200},"classes":[]},{"id":3703,"url":"http:\/\/www.stiftsforum.ch\/blog\/?p=3703","url_meta":{"origin":1457,"position":4},"title":"Es hat keinen Sinn, Sorgen in Alkohol ertr\u00e4nken zu wollen, denn Sorgen sind gute Schwimmer.","date":"Juni 12, 2019","format":false,"excerpt":"Alkohol ist ein traditioneller, fest verankerter Bestandteil der hiesigen Kultur. Gem\u00e4ss Bev\u00f6lkerungsbefragung1 trinken fast neun von zehn Personen ab 15 Jahren zumindest gelegentlich Alkohol (85.8%), etwa eine von zehn Personen trinkt t\u00e4glich Alkohol (9.5%). Der Alkoholkonsum in der Schweizer Gesellschaft hat sich seit 2011 kaum ver\u00e4ndert. Bei dem \u00fcber Verkaufsdaten\u2026","rel":"","context":"In &quot;Allgemein&quot;","img":{"alt_text":"","src":"https:\/\/i2.wp.com\/www.stiftsforum.ch\/blog\/wp-content\/uploads\/2019\/06\/f8a30131-bf74-449f-966f-574a48615937.jpg?fit=675%2C1200&resize=350%2C200","width":350,"height":200},"classes":[]},{"id":4742,"url":"http:\/\/www.stiftsforum.ch\/blog\/?p=4742","url_meta":{"origin":1457,"position":5},"title":"Worin besteht die Faszination der Dialektologie, Herr Obradovic?","date":"November 15, 2021","format":false,"excerpt":"Tom Obradovic ist Germanist und derzeit als Praktikant in den Klassen 1b, 2d und 3a an der Stiftsschule t\u00e4tig. Er ist Absolvent der Universtit\u00e4t Z\u00fcrich und arbeitet auch am Schweizerischen Idiotikon, dem offiziellen Mundartlexikon der Schweiz, mit. Was macht ein Dialektologe? Dialektologen befassen sich mit der Erforschung von Dialekten. Urspr\u00fcnglich\u2026","rel":"","context":"In &quot;Allgemein&quot;","img":{"alt_text":"","src":"https:\/\/i2.wp.com\/www.stiftsforum.ch\/blog\/wp-content\/uploads\/2021\/11\/IMG_8115-scaled.jpg?fit=1200%2C627&resize=350%2C200","width":350,"height":200},"classes":[]}],"_links":{"self":[{"href":"http:\/\/www.stiftsforum.ch\/blog\/index.php?rest_route=\/wp\/v2\/posts\/1457"}],"collection":[{"href":"http:\/\/www.stiftsforum.ch\/blog\/index.php?rest_route=\/wp\/v2\/posts"}],"about":[{"href":"http:\/\/www.stiftsforum.ch\/blog\/index.php?rest_route=\/wp\/v2\/types\/post"}],"author":[{"embeddable":true,"href":"http:\/\/www.stiftsforum.ch\/blog\/index.php?rest_route=\/wp\/v2\/users\/9"}],"replies":[{"embeddable":true,"href":"http:\/\/www.stiftsforum.ch\/blog\/index.php?rest_route=%2Fwp%2Fv2%2Fcomments&post=1457"}],"version-history":[{"count":3,"href":"http:\/\/www.stiftsforum.ch\/blog\/index.php?rest_route=\/wp\/v2\/posts\/1457\/revisions"}],"predecessor-version":[{"id":1463,"href":"http:\/\/www.stiftsforum.ch\/blog\/index.php?rest_route=\/wp\/v2\/posts\/1457\/revisions\/1463"}],"wp:featuredmedia":[{"embeddable":true,"href":"http:\/\/www.stiftsforum.ch\/blog\/index.php?rest_route=\/wp\/v2\/media\/1458"}],"wp:attachment":[{"href":"http:\/\/www.stiftsforum.ch\/blog\/index.php?rest_route=%2Fwp%2Fv2%2Fmedia&parent=1457"}],"wp:term":[{"taxonomy":"category","embeddable":true,"href":"http:\/\/www.stiftsforum.ch\/blog\/index.php?rest_route=%2Fwp%2Fv2%2Fcategories&post=1457"},{"taxonomy":"post_tag","embeddable":true,"href":"http:\/\/www.stiftsforum.ch\/blog\/index.php?rest_route=%2Fwp%2Fv2%2Ftags&post=1457"}],"curies":[{"name":"wp","href":"https:\/\/api.w.org\/{rel}","templated":true}]}}