{"id":1741,"date":"2018-01-11T19:33:35","date_gmt":"2018-01-11T19:33:35","guid":{"rendered":"http:\/\/www.stiftsforum.ch\/blog\/?p=1741"},"modified":"2018-01-11T19:42:45","modified_gmt":"2018-01-11T19:42:45","slug":"no-pain-no-gain-der-homo-athleticus","status":"publish","type":"post","link":"http:\/\/www.stiftsforum.ch\/blog\/?p=1741","title":{"rendered":"No pain, no gain &#8211; Der Homo athleticus"},"content":{"rendered":"<p><em><strong>Kolumne von Jael Inauen<\/strong><\/em><\/p>\n<p>Heute, werte Leser, werden wir uns die sich stetig vermehrende Spezies der Athleten vornehmen. Diese zeichnen sich im Gegensatz zu den Pedanten n\u00e4mlich nicht durch ihre vielen Leiden, sondern durch ihre fast noch zahlreicheren Pflichten aus. Diese m\u00fcssen, um die (meist m\u00e4nnliche) Attraktivit\u00e4t zu beweisen, stets vollf\u00fchrt werden. Nun pr\u00e4sentieren wir Ihnen nach langer Beobachtung das Verhalten des Athleten in nat\u00fcrlichem Lebensraum.<\/p>\n<p>Sehr selten im Allgemeinen, doch f\u00fcr den geneigten Athleticus umso selbstverst\u00e4ndlicher, ist die Unwichtigkeit des allgemeinen Besitzes (ausgenommen nat\u00fcrlich des provokant auf dem B\u00fcrgersteig parkierten roten Maserati) und des Berufes, es sei denn dieser w\u00fcrde mit den Pflichten des Athleticus zusammenh\u00e4ngen. Diese alles entscheidenden Pflichten allerdings sind h\u00f6chst komplex und nicht einfach zu befolgen; schon am fr\u00fchen Morgen muss der allt\u00e4gliche Proteinshake und das ausschliesslich aus Eiweiss bestehende Fr\u00fchst\u00fcck zubereitet und vor dem gen\u00fcsslichen Verzehr auf Instagram<a href=\"#_ftn1\" name=\"_ftnref1\">[1]<\/a> hochgeladen werden. Dann muss mindestens einmal pro Tag der Gang ins Fitnessstudio get\u00e4tigt werden. Auch dies sei sofort dokumentiert, vorzugsweise ohne Oberk\u00f6rperbekleidung und die weiblichen Pendants mit einem neonpinken Sportb\u00fcstenhalter. Auch dies wird unverz\u00fcglich auf einer sozialen Plattform pr\u00e4sentiert, nat\u00fcrlich mit den durch das Workout verursachten Schweissausstr\u00f6mungen. Schliesslich wird dieses Kunstwerk durch einen sehr inspierenden Spruch wie \u201eWork hard, play hard\u201c oder \u201eLive your dreams\u201c abgerundet.<\/p>\n<p>Aber auch zusammentun kann sich diese Spezies. Verdeutlicht wird dies noch einmal durch das das gesamte Leben bestimmende Selfie, auf welchem immer auf den jeweils anderen Athleticus verwiesen wird, um die soziale Kapazit\u00e4t unter Beweis zu stellen. Auch sonst sind der Ruf und das Sozialleben das non plus ultra des Athleten, die wichtigste Aufgabe im Tun und Handeln, denn die Pflege des K\u00f6rpers ergibt nat\u00fcrlich nur Sinn, wenn die Muskeln bemerkt und die Beitr\u00e4ge gelikt werden. Dar\u00fcber steht aber noch das Bekehren eines Bekannten zum Athleticus, was auch (durchaus notwendige) missionarische Z\u00fcge annehmen kann, bei denen nicht geruht wird, bis ein entsprechendes Foto im \u201eGym\u201c geschossen werden kann.<\/p>\n<p>&nbsp;<\/p>\n<p><a href=\"#_ftnref1\" name=\"_ftn1\">[1]<\/a> Soziales Netzwerk der Selbstbeweihr\u00e4ucherung (App mit der M\u00f6glichkeit, selbstgeschossene Fotos hochzuladen)<\/p>\n","protected":false},"excerpt":{"rendered":"<p>Kolumne von Jael Inauen Heute, werte Leser, werden wir uns die sich stetig vermehrende Spezies der Athleten vornehmen. Diese zeichnen<\/p>\n","protected":false},"author":9,"featured_media":1753,"comment_status":"open","ping_status":"closed","sticky":false,"template":"","format":"standard","meta":{"spay_email":"","jetpack_publicize_message":"","jetpack_is_tweetstorm":false},"categories":[3,35],"tags":[],"jetpack_featured_media_url":"https:\/\/i0.wp.com\/www.stiftsforum.ch\/blog\/wp-content\/uploads\/2018\/01\/biceps-159681_960_720-1.png?fit=331%2C454","jetpack_publicize_connections":[],"jetpack_sharing_enabled":true,"jetpack_shortlink":"https:\/\/wp.me\/p9nzRF-s5","jetpack_likes_enabled":true,"jetpack-related-posts":[{"id":3566,"url":"http:\/\/www.stiftsforum.ch\/blog\/?p=3566","url_meta":{"origin":1741,"position":0},"title":"Schulsporttag in Basel","date":"Mai 23, 2019","format":false,"excerpt":"Beim Schulsporttag in Basel am Mittwoch, den 22.05.2019 war die Stiftsschule mit 32 Sch\u00fcler\/innen am Start. Insgesamt konnte die Stiftsschule 4 Medaillen f\u00fcr den Kanton Schwyz nach Hause bringen. Corsin (1a)\u00a0 und Gian-Andri M\u00fcller (3b) konnten im OL im Team die Goldmedaille und in der Kantons-Staffel mit weiblicher Unterst\u00fctzung aus\u2026","rel":"","context":"In &quot;Schule unterwegs&quot;","img":{"alt_text":"","src":"https:\/\/i2.wp.com\/www.stiftsforum.ch\/blog\/wp-content\/uploads\/2019\/05\/20190522_082039.jpg?fit=1200%2C900&resize=350%2C200","width":350,"height":200},"classes":[]},{"id":4961,"url":"http:\/\/www.stiftsforum.ch\/blog\/?p=4961","url_meta":{"origin":1741,"position":1},"title":"Gaudete!","date":"Dezember 18, 2021","format":false,"excerpt":"Das Adventkonzert des Cum-Anima-Chors und des Jugendorchesters Einsiedeln Mit einem feierlichen \u00abGaudete\u00bb von Piae Cantiones (1582) in einem Arrangement von Allan Bullard er\u00f6ffnete der Cum-Anima-Chor der Stiftsschule dieses Jahr das traditionelle Vorweihnachtskonzert im barocken Saal des Klosters. Gaudete \u2013 Freuet Euch \u2013 das war auch die Grundstimmung, die sich durch\u2026","rel":"","context":"In &quot;Allgemein&quot;","img":{"alt_text":"","src":"https:\/\/i1.wp.com\/www.stiftsforum.ch\/blog\/wp-content\/uploads\/2021\/12\/IMG_6516-scaled.jpg?fit=1200%2C900&resize=350%2C200","width":350,"height":200},"classes":[]},{"id":4821,"url":"http:\/\/www.stiftsforum.ch\/blog\/?p=4821","url_meta":{"origin":1741,"position":2},"title":"Das Mittel zum Erfolg: Engagement","date":"November 23, 2021","format":false,"excerpt":"von Nils M\u00fcller (6c) Die Welt braucht mehr Engagement! Wir leben heute aber in einer passiven Welt: Wir sind solange in unseren digitalen Welten zuhause, wie wir k\u00f6nnen. Man handelt erst, wenn es n\u00f6tig ist oder wenn es uns pers\u00f6nlich betrifft. Unsere Welt wurde jedoch von einer aktiven Gesellschaft aufgebaut,\u2026","rel":"","context":"In &quot;Allgemein&quot;","img":{"alt_text":"","src":"https:\/\/i0.wp.com\/www.stiftsforum.ch\/blog\/wp-content\/uploads\/2021\/11\/pexels-snapwire-6945-scaled.jpg?fit=1200%2C900&resize=350%2C200","width":350,"height":200},"classes":[]},{"id":6683,"url":"http:\/\/www.stiftsforum.ch\/blog\/?p=6683","url_meta":{"origin":1741,"position":3},"title":"Wie entwickelt sich die Region Einsiedeln?","date":"Juni 28, 2024","format":false,"excerpt":"Geo-Vortrag \u00fcber Raumplanung f\u00fcr die 5.Klassen 18.6.2024\/Theatersaal: Karten, Texte, Grundlagenberichte \u2013 das sind die Quellen, die Aufschluss \u00fcber die Schweizer Raumplanung geben, die mittels verschiedener Instrumente entwickelt und meist in einem mehrj\u00e4hrigen Prozess umgesetzt werden. F\u00fcr die 5. Klassen stand zu diesem gesellschaftlich relevanten Thema am 18.6.2024 Raumplaner und Abteilungsleiter\u2026","rel":"","context":"In &quot;Allgemein&quot;","img":{"alt_text":"","src":"https:\/\/i0.wp.com\/www.stiftsforum.ch\/blog\/wp-content\/uploads\/2024\/06\/Foto-Raumplanung.jpg?fit=880%2C568&resize=350%2C200","width":350,"height":200},"classes":[]},{"id":6331,"url":"http:\/\/www.stiftsforum.ch\/blog\/?p=6331","url_meta":{"origin":1741,"position":4},"title":"Der Recycling-Report","date":"Juni 6, 2023","format":false,"excerpt":"von Francesco De Vecchi In der Schweiz recycelt man angeblich viel, heisst es. Stimmt das \u00fcberhaupt im konkreten Alltag? Im Rahmen meiner Teilhabe an der \u00abNachhaltigkeitsgruppe\u00bb will ich wissen, was mit dem Abfall passiert, den ich t\u00e4glich an der lieben Stiftsschule \u201aproduziere\u2018, wie man sagt. Also habe ich ein paar\u2026","rel":"","context":"In &quot;Allgemein&quot;","img":{"alt_text":"","src":"https:\/\/i0.wp.com\/www.stiftsforum.ch\/blog\/wp-content\/uploads\/2023\/06\/image-1.jpeg?fit=1200%2C900&resize=350%2C200","width":350,"height":200},"classes":[]},{"id":788,"url":"http:\/\/www.stiftsforum.ch\/blog\/?p=788","url_meta":{"origin":1741,"position":5},"title":"Lukas B\u00e4rfuss: Hundert Tage","date":"Februar 11, 2017","format":false,"excerpt":"In seinem Deb\u00fctroman beschreibt Lukas B\u00e4rfuss auf eindr\u00fcckliche Weise den V\u00f6lkermord in Ruanda. 1994 wurden in Ruanda 800'000 Menschen auf brutalste Weise mit archaischen Waffen wie Macheten ermordet. Der aus akribischer Recherche erstanden Erstlingsroman beschr\u00e4nkt sich jedoch nicht auf einen Tatsachenbericht. Vielmehr m\u00f6chte der Autor uns die Verwicklung Europas in\u2026","rel":"","context":"In &quot;Buchkritik&quot;","img":{"alt_text":"","src":"https:\/\/i2.wp.com\/www.stiftsforum.ch\/blog\/wp-content\/uploads\/2017\/02\/9783442739035xxl.jpg?fit=409%2C648&resize=350%2C200","width":350,"height":200},"classes":[]}],"_links":{"self":[{"href":"http:\/\/www.stiftsforum.ch\/blog\/index.php?rest_route=\/wp\/v2\/posts\/1741"}],"collection":[{"href":"http:\/\/www.stiftsforum.ch\/blog\/index.php?rest_route=\/wp\/v2\/posts"}],"about":[{"href":"http:\/\/www.stiftsforum.ch\/blog\/index.php?rest_route=\/wp\/v2\/types\/post"}],"author":[{"embeddable":true,"href":"http:\/\/www.stiftsforum.ch\/blog\/index.php?rest_route=\/wp\/v2\/users\/9"}],"replies":[{"embeddable":true,"href":"http:\/\/www.stiftsforum.ch\/blog\/index.php?rest_route=%2Fwp%2Fv2%2Fcomments&post=1741"}],"version-history":[{"count":7,"href":"http:\/\/www.stiftsforum.ch\/blog\/index.php?rest_route=\/wp\/v2\/posts\/1741\/revisions"}],"predecessor-version":[{"id":1751,"href":"http:\/\/www.stiftsforum.ch\/blog\/index.php?rest_route=\/wp\/v2\/posts\/1741\/revisions\/1751"}],"wp:featuredmedia":[{"embeddable":true,"href":"http:\/\/www.stiftsforum.ch\/blog\/index.php?rest_route=\/wp\/v2\/media\/1753"}],"wp:attachment":[{"href":"http:\/\/www.stiftsforum.ch\/blog\/index.php?rest_route=%2Fwp%2Fv2%2Fmedia&parent=1741"}],"wp:term":[{"taxonomy":"category","embeddable":true,"href":"http:\/\/www.stiftsforum.ch\/blog\/index.php?rest_route=%2Fwp%2Fv2%2Fcategories&post=1741"},{"taxonomy":"post_tag","embeddable":true,"href":"http:\/\/www.stiftsforum.ch\/blog\/index.php?rest_route=%2Fwp%2Fv2%2Ftags&post=1741"}],"curies":[{"name":"wp","href":"https:\/\/api.w.org\/{rel}","templated":true}]}}