{"id":1766,"date":"2018-01-19T10:38:33","date_gmt":"2018-01-19T10:38:33","guid":{"rendered":"http:\/\/www.stiftsforum.ch\/blog\/?p=1766"},"modified":"2018-01-23T15:38:12","modified_gmt":"2018-01-23T15:38:12","slug":"es-laeuft-immer-etwas","status":"publish","type":"post","link":"http:\/\/www.stiftsforum.ch\/blog\/?p=1766","title":{"rendered":"&#8220;Es l\u00e4uft immer etwas!&#8221;"},"content":{"rendered":"<p><strong>Bernadette Boggia unterrichtet seit letztem Sommer Mathematik und Geografie an der Stiftsschule. Im Interview erz\u00e4hlt sie, warum sie an die Stiftsschule gekommen ist und was sie alles machen m\u00f6chte.<\/strong><\/p>\n<p><em>Valentin M\u00fcller, 2a<\/em><\/p>\n<p><strong>K\u00f6nnen Sie sich mit drei W\u00f6rtern beschreiben?<\/strong><\/p>\n<p><em>(\u00dcberlegt\u2026)<\/em> Offen gegen\u00fcber anderen, interessiert und organisiert.<\/p>\n<p><strong>Sie gingen ja selbst einmal in die Stiftsschule. Was hat sich in dieser Zeit an der Stiftsschule ver\u00e4ndert?<\/strong><\/p>\n<p>Es hat heute viel weniger Patres, welche unterrichten. Die F\u00e4cherauswahl ist heute gr\u00f6sser, denn fr\u00fcher gab es eigentlich nur Englisch und Griechisch als Schwerpunktsf\u00e4cher. Das Kloster ist viel offener, fr\u00fcher sah man nicht viel davon. Es ist aber auch viel gleichgeblieben, die Art von hier, der Geist, (<em>die Glocken beginnen zu l\u00e4uten<\/em>) <em>(lacht)<\/em> und nat\u00fcrlich die Glocken.<\/p>\n<p><strong>Wo sind sie aufgewachsen?<\/strong><\/p>\n<p>In Wilen, wo ich jetzt noch wohne.<\/p>\n<p><strong>Ich habe geh\u00f6rt, Sie arbeiteten einmal in einer Bank. Waren Zahlen also schon immer ihre Leidenschaft?<\/strong><\/p>\n<p>Ich rechne schon lieber als dass ich Aufs\u00e4tze schreibe!<\/p>\n<p><strong>Warum wurden Sie Lehrerin?<\/strong><\/p>\n<p>Ich erkl\u00e4re gerne und freue mich, wenn jemand etwas Neues lernt.<\/p>\n<p><strong>Was waren als Sch\u00fclerin ihre Lieblingsf\u00e4cher?<\/strong><\/p>\n<p>Ich hatte halt vieles gerne, Naturwissenschaften, Mathe und Fremdsprachen. Einfach keine Aufs\u00e4tze!<\/p>\n<p><strong>Reisen Sie gerne?<\/strong><\/p>\n<p>Ja, ich reise sehr gerne, um die Leute und das Leben an anderen Orten zu sehen.<\/p>\n<p><strong>Gibt es denn Orte, wo Sie noch hinwollen?<\/strong><\/p>\n<p>Ja, vor allem nach Hawaii und Japan. Eigentlich aber \u00fcberall hin!<\/p>\n<p><strong>Sie machen ihren Unterricht ja h\u00e4ufig mit iPad etc. Warum haben sie sich entschieden, ihren Unterricht so modern zu machen?<\/strong><\/p>\n<p>Am vorherigen Schulort war auch vieles digital, ich habe das einfach weitergef\u00fchrt. Ich wechsle jedoch h\u00e4ufig ab zwischen iPad und der herk\u00f6mmlichen Wandtafel.<\/p>\n<p><strong>Was machen Sie in ihrer Freizeit?<\/strong><\/p>\n<p>Skifahren, Wandern und Reisen.<\/p>\n<p><strong>Was macht ihrer Meinung nach eine gute Lehrerin\/einen guten Lehrer aus?<\/strong><\/p>\n<p>Wenn ich Zeit habe f\u00fcr die Sch\u00fcler. Und dass ich etwas so erkl\u00e4re, dass ich die Sch\u00fcler da abholen kann, wo sie stehen, das ist mir schon sehr wichtig.<\/p>\n<p><strong>War oder ist es f\u00fcr Sie entscheidend, dass die Stiftsschule eine katholische Schule ist?<\/strong><\/p>\n<p>Nein. Der Umgang untereinander ist einfach freundlich und wertsch\u00e4tzend, die Stiftsschule hat einen guten Ruf und ist \u00fcberschaubar. Deshalb bin ich eigentlich hierhergekommen.<\/p>\n<p><strong>Wollen Sie f\u00fcr immer Lehrerin bleiben?<\/strong><\/p>\n<p>Mir gef\u00e4llt es schon, ich glaube ja, denn es l\u00e4uft halt immer etwas im Unterricht.<\/p>\n<p><strong>Vielen Dank f\u00fcr das Interview!<\/strong><\/p>\n<p>&nbsp;<\/p>\n<p>&nbsp;<\/p>\n","protected":false},"excerpt":{"rendered":"<p>Bernadette Boggia unterrichtet seit letztem Sommer Mathematik und Geografie an der Stiftsschule. Im Interview erz\u00e4hlt sie, warum sie an die<\/p>\n","protected":false},"author":9,"featured_media":1774,"comment_status":"open","ping_status":"closed","sticky":false,"template":"","format":"standard","meta":{"spay_email":"","jetpack_publicize_message":"","jetpack_is_tweetstorm":false},"categories":[3,8],"tags":[],"jetpack_featured_media_url":"https:\/\/i2.wp.com\/www.stiftsforum.ch\/blog\/wp-content\/uploads\/2018\/01\/IMG_9318-Kopie.jpg?fit=2126%2C1417","jetpack_publicize_connections":[],"jetpack_sharing_enabled":true,"jetpack_shortlink":"https:\/\/wp.me\/p9nzRF-su","jetpack_likes_enabled":true,"jetpack-related-posts":[{"id":4423,"url":"http:\/\/www.stiftsforum.ch\/blog\/?p=4423","url_meta":{"origin":1766,"position":0},"title":"\"In der Stiftsschule sind alle meine Interessen abgedeckt\"","date":"April 20, 2021","format":false,"excerpt":"Interview mit Erin Schuler, Stiftssch\u00fclerin der 1.Klasse im 50-Jahr-Jubil\u00e4um des gemischten Unterrichts an der Stiftsschule. Sie ist 12 Jahre alt und stammt aus Oberiberg. Wie war Dein erster Eindruck von der Stiftsschule?\u00a0 Ich war von Anfang an sehr\u00a0beeindruckt von der Schule.\u00a0Allein das imposante Schulgeb\u00e4ude verleiht einem direkt\u00a0diesen \u00abWow-Effekt\u00bb.\u00a0Als ich zum\u2026","rel":"","context":"In &quot;Allgemein&quot;","img":{"alt_text":"","src":"https:\/\/i1.wp.com\/www.stiftsforum.ch\/blog\/wp-content\/uploads\/2021\/04\/20210420_123929.jpg?fit=1200%2C923&resize=350%2C200","width":350,"height":200},"classes":[]},{"id":4449,"url":"http:\/\/www.stiftsforum.ch\/blog\/?p=4449","url_meta":{"origin":1766,"position":1},"title":"\"Die Integration der M\u00e4dchen vollzog sich sehr organisch und selbstverst\u00e4ndlich\"","date":"April 27, 2021","format":false,"excerpt":"50 Jahre M\u00e4dchen an der Stiftsschule H\u00e4tte P. Thomas F\u00e4ssler nicht darauf aufmerksam gemacht, w\u00e4re in diesem Schuljahr ein Jubil\u00e4um fast vergessen worden: Seit genau 50 Jahren wird an der Stiftsschule koedukativ unterrichtet. Im Schuljahr 1970\/71 kamen die ersten sieben M\u00e4dchen in die ersten Klassen und eine erstaunlich unscheinbare, aber\u2026","rel":"","context":"In &quot;Allgemein&quot;","img":{"alt_text":"","src":"https:\/\/i0.wp.com\/www.stiftsforum.ch\/blog\/wp-content\/uploads\/2021\/04\/IMG-20210428-WA0000-1.jpg?fit=1200%2C900&resize=350%2C200","width":350,"height":200},"classes":[]},{"id":5433,"url":"http:\/\/www.stiftsforum.ch\/blog\/?p=5433","url_meta":{"origin":1766,"position":2},"title":"\" Einsiedeln ist f\u00fcr mich ein Kraftort\"","date":"Oktober 17, 2022","format":false,"excerpt":"Frau Nardini ist seit diesem Jahr die neue Italienischlehrerin. Um sie besser kennenzulernen haben wir sie interviewt. Ein Beitrag von Nina Ackermann Waren Sie eine gute Sch\u00fclerin? Ich war eine sehr fleissige Sch\u00fclerin. Deutsch und Englisch waren nicht so meine St\u00e4rken, die romanischen Sprachen, wie Franz\u00f6sisch, hingegen schon. In Latein\u2026","rel":"","context":"In &quot;Interview&quot;","img":{"alt_text":"","src":"https:\/\/i2.wp.com\/www.stiftsforum.ch\/blog\/wp-content\/uploads\/2022\/10\/Image.jpeg?fit=663%2C1200&resize=350%2C200","width":350,"height":200},"classes":[]},{"id":1488,"url":"http:\/\/www.stiftsforum.ch\/blog\/?p=1488","url_meta":{"origin":1766,"position":3},"title":"P. Thomas im Interview","date":"November 10, 2017","format":false,"excerpt":"Am 31. Oktober ver\u00f6ffentlichte die Luzerner Zeitung ein Interview mit P. Thomas F\u00e4ssler (33). Der in Einsiedeln geborene Theologe trat 2006 ins Kloster Einsiedeln ein und ist heute unter anderem Lehrer an der Stiftsschule. http:\/\/www.luzernerzeitung.ch\/nachrichten\/zentralschweiz\/luzern\/ein-trauriger-aber-gluecklicher-feiertag;art9647,1130074 Bereits 2015 war P. Thomas im SRF portraitiert worden:\u00a0https:\/\/www.srf.ch\/sendungen\/virus-tv\/wieso-sich-ein-21-jaehriger-fuer-ein-leben-im-kloster-entscheidet","rel":"","context":"In &quot;Interview&quot;","img":{"alt_text":"","src":"https:\/\/i1.wp.com\/www.stiftsforum.ch\/blog\/wp-content\/uploads\/2017\/11\/Foto-P.thomas-200x300.jpg?resize=350%2C200","width":350,"height":200},"classes":[]},{"id":1677,"url":"http:\/\/www.stiftsforum.ch\/blog\/?p=1677","url_meta":{"origin":1766,"position":4},"title":"Begeisterungsf\u00e4hig, fr\u00f6hlich und zielstrebig","date":"Dezember 12, 2017","format":false,"excerpt":"Raphael Auf der Maur Marcella Mazzolini ist seit diesem Schuljahr Lehrerin an der Stiftsschule Einsiedeln. Im Interview sprechen wir \u00fcber ihre Vergangenheit und \u00fcber die spannendsten Themen im Unterricht. K\u00f6nnen Sie sich bitte kurz vorstellen? Mein Name ist Marcella Mazzolini und ich unterrichte seit diesem Sommer das Fach Chemie an\u2026","rel":"","context":"In &quot;Allgemein&quot;","img":{"alt_text":"","src":"https:\/\/i1.wp.com\/www.stiftsforum.ch\/blog\/wp-content\/uploads\/2017\/12\/IMG_9326.jpg?fit=1200%2C844&resize=350%2C200","width":350,"height":200},"classes":[]},{"id":6195,"url":"http:\/\/www.stiftsforum.ch\/blog\/?p=6195","url_meta":{"origin":1766,"position":5},"title":"\u00abAuch Kleinigkeiten k\u00f6nnen den Schulalltag massiv verbessern\"","date":"April 15, 2023","format":false,"excerpt":"Text: Sophia Br\u00fcllmann Grafik: Raya Fankhauser Der Sch\u00fclerrat der Stiftsschule Einsiedeln wirkt auf uns wie ein eingespieltes Team, eine Gemeinschaft. Ihr Ziel ist es, die Interessen der Sch\u00fcler zu vertreten, und die Schule in einigen, wenn auch kleinen, Aspekten zu verbessern. Sie kennen aber auch ihre Grenzen. Mehr \u00fcber den\u2026","rel":"","context":"In &quot;Allgemein&quot;","img":{"alt_text":"","src":"https:\/\/i1.wp.com\/www.stiftsforum.ch\/blog\/wp-content\/uploads\/2023\/04\/Schuelerrat.jpg?fit=416%2C235&resize=350%2C200","width":350,"height":200},"classes":[]}],"_links":{"self":[{"href":"http:\/\/www.stiftsforum.ch\/blog\/index.php?rest_route=\/wp\/v2\/posts\/1766"}],"collection":[{"href":"http:\/\/www.stiftsforum.ch\/blog\/index.php?rest_route=\/wp\/v2\/posts"}],"about":[{"href":"http:\/\/www.stiftsforum.ch\/blog\/index.php?rest_route=\/wp\/v2\/types\/post"}],"author":[{"embeddable":true,"href":"http:\/\/www.stiftsforum.ch\/blog\/index.php?rest_route=\/wp\/v2\/users\/9"}],"replies":[{"embeddable":true,"href":"http:\/\/www.stiftsforum.ch\/blog\/index.php?rest_route=%2Fwp%2Fv2%2Fcomments&post=1766"}],"version-history":[{"count":5,"href":"http:\/\/www.stiftsforum.ch\/blog\/index.php?rest_route=\/wp\/v2\/posts\/1766\/revisions"}],"predecessor-version":[{"id":1771,"href":"http:\/\/www.stiftsforum.ch\/blog\/index.php?rest_route=\/wp\/v2\/posts\/1766\/revisions\/1771"}],"wp:featuredmedia":[{"embeddable":true,"href":"http:\/\/www.stiftsforum.ch\/blog\/index.php?rest_route=\/wp\/v2\/media\/1774"}],"wp:attachment":[{"href":"http:\/\/www.stiftsforum.ch\/blog\/index.php?rest_route=%2Fwp%2Fv2%2Fmedia&parent=1766"}],"wp:term":[{"taxonomy":"category","embeddable":true,"href":"http:\/\/www.stiftsforum.ch\/blog\/index.php?rest_route=%2Fwp%2Fv2%2Fcategories&post=1766"},{"taxonomy":"post_tag","embeddable":true,"href":"http:\/\/www.stiftsforum.ch\/blog\/index.php?rest_route=%2Fwp%2Fv2%2Ftags&post=1766"}],"curies":[{"name":"wp","href":"https:\/\/api.w.org\/{rel}","templated":true}]}}