{"id":1982,"date":"2018-03-20T16:01:48","date_gmt":"2018-03-20T16:01:48","guid":{"rendered":"http:\/\/www.stiftsforum.ch\/blog\/?p=1982"},"modified":"2018-03-20T16:03:55","modified_gmt":"2018-03-20T16:03:55","slug":"treffen-sich-zwei-verrueckte","status":"publish","type":"post","link":"http:\/\/www.stiftsforum.ch\/blog\/?p=1982","title":{"rendered":"Treffen sich zwei Verr\u00fcckte\u2026"},"content":{"rendered":"<h6 style=\"text-align: center;\">Der nordkoreanische Diktator Kim Jong Un will sich mit Donald Trump treffen. Was kommt heraus, wenn sich zwei Verr\u00fcckte treffen?<\/h6>\n<p>&nbsp;<\/p>\n<p><em>Der Politkommentar von Valentin M\u00fcller, 2a (Illustration: Lorena M\u00fcller)<\/em><\/p>\n<p>&nbsp;<\/p>\n<p>Es ist nicht lange her, da befanden sich Donald Trump und Kim Jong Un im Krieg \u2013 jedenfalls in einem Krieg um die beste Beleidigung. Trump drohte den Nordkoreanern, falls diese ihr Raketenprogramm weiterf\u00fchren w\u00fcrden, mit \u201eFeuer, Wut und Macht, wie es die Welt noch nicht gesehen hat.\u201c Kim Jong Un sei ein \u201eRaketenmann auf Selbstmordmission\u201c. Amerika werde Nordkorea bei einem Angriff \u201etotal zerst\u00f6ren\u201c. Kim Jong Un legte nach, indem er Trump als \u201egeisteskranken dementen amerikanischen Greis\u201c bezeichnete, den er mit \u201eFeuer b\u00e4ndigen\u201c werde. Trump m\u00fcsse f\u00fcr seine Drohungen \u201eteuer bezahlen\u201c. Sp\u00e4ter fragte Trump auf Twitter, warum ihn Kim Jong Un als \u201ealt\u201c beleidige. Er selber w\u00fcrde ihn niemals als \u201eklein und fett\u201c bezeichnen.<\/p>\n<p>An der Neujahrsansprache sagte Kim Jong Un dann, die USA solle wissen, dass Nordkoreas Kernwaffen in der Lage seien, Amerika zu treffen. Er habe immer einen Atomwaffenknopf auf seinem Schreibtisch. Trump meinte danach \u2013 ganz in der Kleinkind-Philosophie, die die beiden anscheinend so m\u00f6gen, sein Atomknopf sei \u201cgr\u00f6sser und m\u00e4chtiger\u201c als Kim Jong Un\u2019s.<\/p>\n<p>&nbsp;<\/p>\n<p>Jetzt, kurze Zeit nach all diesen Beleidigungen, wollen sich Trump und Kim Jong Un pl\u00f6tzlich treffen. Viele sehen es als Chance, diesen Konflikt nicht zu dem werden zu lassen, als was er h\u00e4ufig bezeichnet wird: Ein Atomkrieg, der nur noch auf das entscheidende Signal wartet und dann die Welt vernichten wird (drastisch ausgedr\u00fcckt).<\/p>\n<p>Doch ist es wirklich die L\u00f6sung des Problems? Was entsteht, wenn man zwei, die sich vor kurzer Zeit noch wie Kleinkinder mit dem Vokabular eines Jugendlichen benommen haben, in einen Raum setzt? Wird das Problem dann wirklich gel\u00f6st?<\/p>\n<p>&nbsp;<\/p>\n<p>Die Anspr\u00fcche an dieses erste Gespr\u00e4ch sind, wenn es denn \u00fcberhaupt zustande kommt, nicht gerade hoch. Es soll vor allem darum gehen, ein \u00abGef\u00fchl f\u00fcreinander zu bekommen\u00bb. Oder anders gesagt: Solange sich Trump und Kim w\u00e4hrend dem Gespr\u00e4ch nicht wieder \u00abgeisteskrank\u00bb oder \u00abklein und fett\u00bb nennen, ist das Gespr\u00e4ch ein voller Erfolg.<\/p>\n<p>Ist die Politik also tats\u00e4chlich schon so tief gesunken, dass nicht der Inhalt der Gespr\u00e4che, sondern <em>wie<\/em> diese Gespr\u00e4che gef\u00fchrt werden an erster Stelle steht?<\/p>\n<p>&nbsp;<\/p>\n<p>Nat\u00fcrlich sind die Treffen sinnvoll. Vor allem, wenn dadurch der Konflikt zwischen Trump und Kim gel\u00f6st (oder zumindest gemildert) wird. Tats\u00e4chlich ist aber fraglich, ob Kim Jong Un sein Atomprogramm tats\u00e4chlich sein lassen wird, so wie er es im Vorfeld versprochen hat. Denn auch Kim Jong Un\u2019s Vorg\u00e4nger haben schon ein Ende ihres Atomprogrammes ausgehandelt. Trotzdem wurde heimlich daran weitergeforscht.<\/p>\n<p>Ausserdem kann man sich fragen, warum genau Amerika der wichtigste (oder zumindest am meisten erw\u00e4hnte) Gespr\u00e4chspartner Nordkoreas sein soll. Ausgerechnet Amerika, das Land, welches weltweit am meisten sofort einsetzbare Atomwaffen besitzt <em>(1920 sofort einsetzbare Atomwaffen, insgesamt 7300)<\/em> und diese auch immer weiter aufr\u00fcstet, will Nordkorea <em>(insgesamt ca. 20 &#8211; 60 Atombomben) <\/em>dazu bewegen, sein Atomprogramm einzustellen.<\/p>\n<p>&nbsp;<\/p>\n<p>Soviel auch noch \u00fcber die Gespr\u00e4che geredet wird; man kann sowieso nicht viel ver\u00e4ndern. Da sind zwei Menschen, verf\u00fcgen theoretisch \u00fcber die Mittel, die ganze Welt zu zerst\u00f6ren.<\/p>\n<p>Der eine, Trump, \u00e4ussert sich immer wieder rassistisch, sexistisch oder nationalistisch.<\/p>\n<p>Der andere, Kim Jong Un, hat schon einmal angeordnet, seinen Verteidigungsminister zu exekutieren, da dieser auf einer Veranstaltung eingeschlafen ist und ihm widersprochen hat.<\/p>\n<p>&nbsp;<\/p>\n<p>Da kann man nur noch hoffen. Hoffen, dass die altbekannte Regel stimmt.<\/p>\n<p>&nbsp;<\/p>\n<p>Hunde, die bellen, beissen nicht.<\/p>\n<p>&nbsp;<\/p>\n<p>&nbsp;<\/p>\n<p>&nbsp;<\/p>\n","protected":false},"excerpt":{"rendered":"<p>Der nordkoreanische Diktator Kim Jong Un will sich mit Donald Trump treffen. Was kommt heraus, wenn sich zwei Verr\u00fcckte treffen?<\/p>\n","protected":false},"author":1,"featured_media":1981,"comment_status":"open","ping_status":"closed","sticky":false,"template":"","format":"standard","meta":{"spay_email":"","jetpack_publicize_message":"","jetpack_is_tweetstorm":false},"categories":[35],"tags":[],"jetpack_featured_media_url":"https:\/\/i1.wp.com\/www.stiftsforum.ch\/blog\/wp-content\/uploads\/2018\/03\/Trump-Kim-Jong-Un-1.jpg?fit=4839%2C2838","jetpack_publicize_connections":[],"jetpack_sharing_enabled":true,"jetpack_shortlink":"https:\/\/wp.me\/p9nzRF-vY","jetpack_likes_enabled":true,"jetpack-related-posts":[{"id":6045,"url":"http:\/\/www.stiftsforum.ch\/blog\/?p=6045","url_meta":{"origin":1982,"position":0},"title":"Ein Nachmittag an der UNI","date":"Februar 3, 2023","format":false,"excerpt":"Am Freitag, 27.1. folgte die 4a-Klasse einer Einladung des Germanistischen Instituts der Universit\u00e4t Z\u00fcrich, einen Nachmittag an der Uni zu verbringen. F\u00fcr Sch\u00fcler war von den Dozierenden ein Workshop zu zwei modernen Texten der deutschsprachigen Literatur vorbereitet, den es in Kleingruppen zu analysieren galt. Der Text \u201eKanak for life\u201c der\u2026","rel":"","context":"In &quot;Exkursionen&quot;","img":{"alt_text":"","src":"https:\/\/i0.wp.com\/www.stiftsforum.ch\/blog\/wp-content\/uploads\/2023\/02\/MicrosoftTeams-image-5-1-scaled.jpg?fit=1200%2C900&resize=350%2C200","width":350,"height":200},"classes":[]},{"id":6331,"url":"http:\/\/www.stiftsforum.ch\/blog\/?p=6331","url_meta":{"origin":1982,"position":1},"title":"Der Recycling-Report","date":"Juni 6, 2023","format":false,"excerpt":"von Francesco De Vecchi In der Schweiz recycelt man angeblich viel, heisst es. Stimmt das \u00fcberhaupt im konkreten Alltag? Im Rahmen meiner Teilhabe an der \u00abNachhaltigkeitsgruppe\u00bb will ich wissen, was mit dem Abfall passiert, den ich t\u00e4glich an der lieben Stiftsschule \u201aproduziere\u2018, wie man sagt. Also habe ich ein paar\u2026","rel":"","context":"In &quot;Allgemein&quot;","img":{"alt_text":"","src":"https:\/\/i0.wp.com\/www.stiftsforum.ch\/blog\/wp-content\/uploads\/2023\/06\/image-1.jpeg?fit=1200%2C900&resize=350%2C200","width":350,"height":200},"classes":[]},{"id":4517,"url":"http:\/\/www.stiftsforum.ch\/blog\/?p=4517","url_meta":{"origin":1982,"position":2},"title":"Was verbirgt sich unter den Pflastersteinen?","date":"September 23, 2021","format":false,"excerpt":"Ein Vortrag im Internat zur Klosterplatz-Arch\u00e4ologie. von Francesco De Vecchi \u00abWarum w\u00e4chst das Erdniveau eigentlich stetig?\u00bb Diese Frage des Internatssch\u00fclers Melchior am Ende des Vortrages von Frau Marty im Internat hat es in sich. Es ist nicht leicht f\u00fcr uns heute nachzuvollziehen, weshalb sich unter dem aktuell entstehenden Klosterplatz noch\u2026","rel":"","context":"In &quot;Allgemein&quot;","img":{"alt_text":"","src":"https:\/\/i2.wp.com\/www.stiftsforum.ch\/blog\/wp-content\/uploads\/2021\/09\/thumbnail_IMG_9880.jpg?fit=1200%2C900&resize=350%2C200","width":350,"height":200},"classes":[]},{"id":1800,"url":"http:\/\/www.stiftsforum.ch\/blog\/?p=1800","url_meta":{"origin":1982,"position":3},"title":"Stell Dir vor...","date":"Februar 14, 2018","format":false,"excerpt":"Valentin M\u00fcller Die Menschheit hat schon viele Probleme gel\u00f6st und Herausforderungen gemeistert \u2013 Kriege gibt es aber immer noch. Kann man den Krieg \u201ebek\u00e4mpfen\u201c? Auf die Frage \u201eWas w\u00fcnschst du dir?\u201c antworten viele mit der Floskel \u201edass es keinen Krieg mehr gibt.\u201c Es klingt nach einem nicht realisierbaren Wunsch und\u2026","rel":"","context":"In &quot;Kommentar&quot;","img":{"alt_text":"","src":"https:\/\/i1.wp.com\/www.stiftsforum.ch\/blog\/wp-content\/uploads\/2018\/02\/Valentin-5.jpg?fit=396%2C351&resize=350%2C200","width":350,"height":200},"classes":[]},{"id":3291,"url":"http:\/\/www.stiftsforum.ch\/blog\/?p=3291","url_meta":{"origin":1982,"position":4},"title":"Le malade imaginaire","date":"M\u00e4rz 29, 2019","format":false,"excerpt":"Von Aurelie Depouilly Am Stifttheater wurde dieses Jahr \u201eLe malade imaginaire\u201c von der Theatertruppe gespielt. Jede Vorstellung wurde von langen und wohl verdienten Ovationen des Publikums gekr\u00f6nt. Die Zuschauer waren beeindruckt, wieviel Text jeder Schauspieler und jede Schauspielerin auswendig gelernt hatte und wie authentisch sie ihn uns pr\u00e4sentiert haben. Dank\u2026","rel":"","context":"In &quot;Kommentar&quot;","img":{"alt_text":"","src":"","width":0,"height":0},"classes":[]},{"id":1550,"url":"http:\/\/www.stiftsforum.ch\/blog\/?p=1550","url_meta":{"origin":1982,"position":5},"title":"Plastik, dein Feind und Helfer","date":"November 21, 2017","format":false,"excerpt":"Plastik \u2013 Ein Wundermaterial. Es gibt wohl nichts, was man aus Plastik nicht herstellen k\u00f6nnte. Jahrzehntelang wurde es bedenkenlos hergestellt, jetzt w\u00e4chst der Zweifel am Kunststoff. Eine Suche nach Alternativen. \u00a0 Es gab eine Zeit, da lebten Dinosaurier auf unserer Welt. Es gab eine Zeit, da bekriegten sich Deutschland und\u2026","rel":"","context":"In &quot;Allgemein&quot;","img":{"alt_text":"","src":"https:\/\/i0.wp.com\/www.stiftsforum.ch\/blog\/wp-content\/uploads\/2017\/11\/AC62852D-3F8E-499C-9ABC-F43245D0CB38.jpeg?fit=1200%2C595&resize=350%2C200","width":350,"height":200},"classes":[]}],"_links":{"self":[{"href":"http:\/\/www.stiftsforum.ch\/blog\/index.php?rest_route=\/wp\/v2\/posts\/1982"}],"collection":[{"href":"http:\/\/www.stiftsforum.ch\/blog\/index.php?rest_route=\/wp\/v2\/posts"}],"about":[{"href":"http:\/\/www.stiftsforum.ch\/blog\/index.php?rest_route=\/wp\/v2\/types\/post"}],"author":[{"embeddable":true,"href":"http:\/\/www.stiftsforum.ch\/blog\/index.php?rest_route=\/wp\/v2\/users\/1"}],"replies":[{"embeddable":true,"href":"http:\/\/www.stiftsforum.ch\/blog\/index.php?rest_route=%2Fwp%2Fv2%2Fcomments&post=1982"}],"version-history":[{"count":5,"href":"http:\/\/www.stiftsforum.ch\/blog\/index.php?rest_route=\/wp\/v2\/posts\/1982\/revisions"}],"predecessor-version":[{"id":1987,"href":"http:\/\/www.stiftsforum.ch\/blog\/index.php?rest_route=\/wp\/v2\/posts\/1982\/revisions\/1987"}],"wp:featuredmedia":[{"embeddable":true,"href":"http:\/\/www.stiftsforum.ch\/blog\/index.php?rest_route=\/wp\/v2\/media\/1981"}],"wp:attachment":[{"href":"http:\/\/www.stiftsforum.ch\/blog\/index.php?rest_route=%2Fwp%2Fv2%2Fmedia&parent=1982"}],"wp:term":[{"taxonomy":"category","embeddable":true,"href":"http:\/\/www.stiftsforum.ch\/blog\/index.php?rest_route=%2Fwp%2Fv2%2Fcategories&post=1982"},{"taxonomy":"post_tag","embeddable":true,"href":"http:\/\/www.stiftsforum.ch\/blog\/index.php?rest_route=%2Fwp%2Fv2%2Ftags&post=1982"}],"curies":[{"name":"wp","href":"https:\/\/api.w.org\/{rel}","templated":true}]}}