{"id":2001,"date":"2018-04-15T15:54:42","date_gmt":"2018-04-15T15:54:42","guid":{"rendered":"http:\/\/www.stiftsforum.ch\/blog\/?p=2001"},"modified":"2018-04-17T19:34:05","modified_gmt":"2018-04-17T19:34:05","slug":"spiele-abend","status":"publish","type":"post","link":"http:\/\/www.stiftsforum.ch\/blog\/?p=2001","title":{"rendered":"Spiele-Abend"},"content":{"rendered":"<p><a href=\"https:\/\/docs.google.com\/forms\/d\/e\/1FAIpQLSdQkRr8rl-DIkwhtJy1rQvNpOpBvjK8fB9lD1AVyrVMjaWmjw\/viewform?usp=sf_link\"><img data-attachment-id=\"2002\" data-permalink=\"http:\/\/www.stiftsforum.ch\/blog\/?attachment_id=2002\" data-orig-file=\"https:\/\/i1.wp.com\/www.stiftsforum.ch\/blog\/wp-content\/uploads\/2018\/04\/Werbung-Jassabend.jpg?fit=888%2C1256\" data-orig-size=\"888,1256\" data-comments-opened=\"1\" data-image-meta=\"{&quot;aperture&quot;:&quot;0&quot;,&quot;credit&quot;:&quot;&quot;,&quot;camera&quot;:&quot;&quot;,&quot;caption&quot;:&quot;&quot;,&quot;created_timestamp&quot;:&quot;0&quot;,&quot;copyright&quot;:&quot;&quot;,&quot;focal_length&quot;:&quot;0&quot;,&quot;iso&quot;:&quot;0&quot;,&quot;shutter_speed&quot;:&quot;0&quot;,&quot;title&quot;:&quot;&quot;,&quot;orientation&quot;:&quot;0&quot;}\" data-image-title=\"Werbung Jassabend\" data-image-description=\"\" data-medium-file=\"https:\/\/i1.wp.com\/www.stiftsforum.ch\/blog\/wp-content\/uploads\/2018\/04\/Werbung-Jassabend.jpg?fit=212%2C300\" data-large-file=\"https:\/\/i1.wp.com\/www.stiftsforum.ch\/blog\/wp-content\/uploads\/2018\/04\/Werbung-Jassabend.jpg?fit=724%2C1024\" loading=\"lazy\" class=\"alignnone wp-image-2002 size-full\" src=\"https:\/\/i1.wp.com\/www.stiftsforum.ch\/blog\/wp-content\/uploads\/2018\/04\/Werbung-Jassabend.jpg?resize=800%2C1132\" alt=\"\" width=\"800\" height=\"1132\" srcset=\"https:\/\/i1.wp.com\/www.stiftsforum.ch\/blog\/wp-content\/uploads\/2018\/04\/Werbung-Jassabend.jpg?w=888 888w, https:\/\/i1.wp.com\/www.stiftsforum.ch\/blog\/wp-content\/uploads\/2018\/04\/Werbung-Jassabend.jpg?resize=212%2C300 212w, https:\/\/i1.wp.com\/www.stiftsforum.ch\/blog\/wp-content\/uploads\/2018\/04\/Werbung-Jassabend.jpg?resize=768%2C1086 768w, https:\/\/i1.wp.com\/www.stiftsforum.ch\/blog\/wp-content\/uploads\/2018\/04\/Werbung-Jassabend.jpg?resize=724%2C1024 724w\" sizes=\"(max-width: 800px) 100vw, 800px\" data-recalc-dims=\"1\" \/><\/a><\/p>\n<p><a href=\"https:\/\/docs.google.com\/forms\/d\/e\/1FAIpQLSdQkRr8rl-DIkwhtJy1rQvNpOpBvjK8fB9lD1AVyrVMjaWmjw\/viewform?usp=sf_link\">Hier k\u00f6nntet Ihr euch anmelden<\/a><\/p>\n","protected":false},"excerpt":{"rendered":"<p>Hier k\u00f6nntet Ihr euch anmelden<\/p>\n","protected":false},"author":1,"featured_media":2002,"comment_status":"open","ping_status":"closed","sticky":false,"template":"","format":"standard","meta":{"spay_email":"","jetpack_publicize_message":"","jetpack_is_tweetstorm":false},"categories":[10],"tags":[],"jetpack_featured_media_url":"https:\/\/i1.wp.com\/www.stiftsforum.ch\/blog\/wp-content\/uploads\/2018\/04\/Werbung-Jassabend.jpg?fit=888%2C1256","jetpack_publicize_connections":[],"jetpack_sharing_enabled":true,"jetpack_shortlink":"https:\/\/wp.me\/p9nzRF-wh","jetpack_likes_enabled":true,"jetpack-related-posts":[{"id":2052,"url":"http:\/\/www.stiftsforum.ch\/blog\/?p=2052","url_meta":{"origin":2001,"position":0},"title":"\"Ein liederlicher Abend\" - Das Stiftstheater 2018","date":"Mai 15, 2018","format":false,"excerpt":"Jael Inauen Dieses selbstgeschriebene St\u00fcck umrahmt alle Werke von Mani Matter, literarisch, dichterisch sowie musikalisch, und fasst sie zu einem Theaterst\u00fcck zusammen. Als Szenerie wird ein Klassenzimmer in den 70er Jahren portr\u00e4tiert, die Schauspieler sind entsprechend gekleidet. Alle Gedichte und Lieder werden von den Akteuren selbst rezitiert bzw. gesungen, was\u2026","rel":"","context":"In &quot;Kommentar&quot;","img":{"alt_text":"","src":"https:\/\/i0.wp.com\/www.stiftsforum.ch\/blog\/wp-content\/uploads\/2018\/05\/IGP6650-300x201.jpg?resize=350%2C200","width":350,"height":200},"classes":[]},{"id":2914,"url":"http:\/\/www.stiftsforum.ch\/blog\/?p=2914","url_meta":{"origin":2001,"position":1},"title":"Lukas B\u00e4rfuss zu Gast in der 4b","date":"Dezember 21, 2018","format":false,"excerpt":"Am Dienstag, 18.12.2018, ergab sich f\u00fcr die 4b die Gelegenheit, mit dem Autor des Welttheaters 2020 Lukas B\u00e4rfuss ins Gespr\u00e4ch zu kommen. Die Fragen waren dabei vielf\u00e4ltig: Was zeichnet das barocke Welttheater Calderons aus? Wie k\u00f6nnte man die historische Figurenkonstellation in die Gegenwart \u00fcbertragen? Und welche Bez\u00fcge liessen sich zu\u2026","rel":"","context":"In &quot;Schulanl\u00e4sse&quot;","img":{"alt_text":"","src":"https:\/\/i1.wp.com\/www.stiftsforum.ch\/blog\/wp-content\/uploads\/2018\/12\/b\u00e4rfuss1.jpg?fit=860%2C573&resize=350%2C200","width":350,"height":200},"classes":[]},{"id":4537,"url":"http:\/\/www.stiftsforum.ch\/blog\/?p=4537","url_meta":{"origin":2001,"position":2},"title":"\u00abAm sch\u00f6nsten war, dass wir alle gemeinsam unterwegs waren\u00bb","date":"Oktober 19, 2021","format":false,"excerpt":"Besinnungstage im Melchtal Die Erstkl\u00e4ssler*innen der Stiftsschule Einsiedeln fuhren ins Melchtal (OW) f\u00fcr drei turbulente Tage voller Spass und Zusammensein von Viviana Lindemann und Sophia Br\u00fcllmann (1a und 1c) Mittwoch, 29.9.2021 Fr\u00fchmorgens, um 8:20, versammelten wir uns am Biberbrugger Bahnhof. Wir, das waren die Klassen 1 a, b und c,\u2026","rel":"","context":"In &quot;Schulanl\u00e4sse&quot;","img":{"alt_text":"","src":"https:\/\/i1.wp.com\/www.stiftsforum.ch\/blog\/wp-content\/uploads\/2021\/10\/DSCN0394-scaled.jpg?fit=1200%2C900&resize=350%2C200","width":350,"height":200},"classes":[]},{"id":6204,"url":"http:\/\/www.stiftsforum.ch\/blog\/?p=6204","url_meta":{"origin":2001,"position":3},"title":"Geografie: 1b gewinnt 3. Platz beim Swisstopo-Schatzkartenspiel","date":"April 15, 2023","format":false,"excerpt":"Die beiden Klassen 1a und 1b haben dieses Jahr am Schatzkarten-Spiel mit Wettbewerb von Swisstopo teilgenommen. Dabei hat die Klasse 1b den 3. Preis gewonnen. Das bedeutet CHF 250 f\u00fcr die Klassenkasse. Maria Egartner im Interview mit Deborah Niggli, Geographielehrerin der 1b Worum ging es in dem Wettbewerb? Beim Schatzkarten-Spiel\u2026","rel":"","context":"In &quot;Allgemein&quot;","img":{"alt_text":"","src":"https:\/\/i0.wp.com\/www.stiftsforum.ch\/blog\/wp-content\/uploads\/2023\/04\/IMG_20230414_083708-1-scaled.jpg?fit=1200%2C900&resize=350%2C200","width":350,"height":200},"classes":[]},{"id":5795,"url":"http:\/\/www.stiftsforum.ch\/blog\/?p=5795","url_meta":{"origin":2001,"position":4},"title":"Die WM und wir - eine Kolumne","date":"Dezember 12, 2022","format":false,"excerpt":"Eine Kolumne von Carla Barahona und Sophia Br\u00fcllmann Montag, 5. Dezember Es ist der 5. Dezember. Heute spielen um 16:00 Japan gegen Kroatien und um 20:00 Brasilien gegen S\u00fcdkorea. Um einzusch\u00e4tzen, welche beiden Chancen haben, ins Viertelfinale zu kommen, reichen unsere Fussball-Kenntnisse aber leider nicht. Morgen spielt die Schweiz gegen\u2026","rel":"","context":"In &quot;Allgemein&quot;","img":{"alt_text":"","src":"https:\/\/i1.wp.com\/www.stiftsforum.ch\/blog\/wp-content\/uploads\/2022\/12\/WM-Katar.jpg?fit=1200%2C800&resize=350%2C200","width":350,"height":200},"classes":[]},{"id":2367,"url":"http:\/\/www.stiftsforum.ch\/blog\/?p=2367","url_meta":{"origin":2001,"position":5},"title":"Auf nach Bern! Die Ministrantenreise 2018","date":"September 6, 2018","format":false,"excerpt":"\u00a0 Wie jedes Jahr gab es auch dieses Jahr eine Ministrantenreise, diesmal vom 15. bis zum 22. August. Unser Ziel war Bern, wo P. Thomas studiert hat. Alles begann am 15. August mit einem Gottesdienst in Einsiedeln zu Maria Himmelfahrt. Wir waren 15 Ministranten. Am Abend ging es los Richtung\u2026","rel":"","context":"In &quot;Exkursionen&quot;","img":{"alt_text":"","src":"https:\/\/i0.wp.com\/www.stiftsforum.ch\/blog\/wp-content\/uploads\/2018\/09\/image00015.png?fit=1200%2C900&resize=350%2C200","width":350,"height":200},"classes":[]}],"_links":{"self":[{"href":"http:\/\/www.stiftsforum.ch\/blog\/index.php?rest_route=\/wp\/v2\/posts\/2001"}],"collection":[{"href":"http:\/\/www.stiftsforum.ch\/blog\/index.php?rest_route=\/wp\/v2\/posts"}],"about":[{"href":"http:\/\/www.stiftsforum.ch\/blog\/index.php?rest_route=\/wp\/v2\/types\/post"}],"author":[{"embeddable":true,"href":"http:\/\/www.stiftsforum.ch\/blog\/index.php?rest_route=\/wp\/v2\/users\/1"}],"replies":[{"embeddable":true,"href":"http:\/\/www.stiftsforum.ch\/blog\/index.php?rest_route=%2Fwp%2Fv2%2Fcomments&post=2001"}],"version-history":[{"count":4,"href":"http:\/\/www.stiftsforum.ch\/blog\/index.php?rest_route=\/wp\/v2\/posts\/2001\/revisions"}],"predecessor-version":[{"id":2017,"href":"http:\/\/www.stiftsforum.ch\/blog\/index.php?rest_route=\/wp\/v2\/posts\/2001\/revisions\/2017"}],"wp:featuredmedia":[{"embeddable":true,"href":"http:\/\/www.stiftsforum.ch\/blog\/index.php?rest_route=\/wp\/v2\/media\/2002"}],"wp:attachment":[{"href":"http:\/\/www.stiftsforum.ch\/blog\/index.php?rest_route=%2Fwp%2Fv2%2Fmedia&parent=2001"}],"wp:term":[{"taxonomy":"category","embeddable":true,"href":"http:\/\/www.stiftsforum.ch\/blog\/index.php?rest_route=%2Fwp%2Fv2%2Fcategories&post=2001"},{"taxonomy":"post_tag","embeddable":true,"href":"http:\/\/www.stiftsforum.ch\/blog\/index.php?rest_route=%2Fwp%2Fv2%2Ftags&post=2001"}],"curies":[{"name":"wp","href":"https:\/\/api.w.org\/{rel}","templated":true}]}}