{"id":2041,"date":"2018-05-13T19:52:52","date_gmt":"2018-05-13T19:52:52","guid":{"rendered":"http:\/\/www.stiftsforum.ch\/blog\/?p=2041"},"modified":"2018-05-29T15:00:40","modified_gmt":"2018-05-29T15:00:40","slug":"mit-den-sdgs-nachhaltig-ins-21-jahrhundert","status":"publish","type":"post","link":"http:\/\/www.stiftsforum.ch\/blog\/?p=2041","title":{"rendered":"Mit den SDGs nachhaltig ins 21. Jahrhundert"},"content":{"rendered":"<div class=\"\"><span class=\"\"><span class=\"\" style=\"font-family: Times New Roman;\">\u00a0<\/span><\/span><\/div>\n<div class=\"\"><strong><span class=\"\"><span class=\"\" style=\"font-family: Times New Roman;\">Wohlstand und Lebenserwartung haben in den letzten Jahrzehnten deutlich zugenommen, aber auf Kosten von wem? Eine Ausstellung zu den UNO-Entwicklungszielen, den SDGs (sustainable development goals), r\u00fcckt Zukunftsszenarien nun in unsere Gegenwart. Organisiert wurde die Ausstellung von Florentin Bucher gemeinsam mit dem Erg\u00e4nzungsfach Geografie.<\/span><\/span><\/strong><\/div>\n<p>Montag, 16.4., 15h30: Drei Schulklassen, Schulleitung und interessierte Lehrpersonen sind zur Vernissage im oberen Musiksaal geladen. Florentin Bucher, Geografielehrer und gemeinsam mit Klaus Zanker Unesco-Verantwortlicher der Stiftsschule, begr\u00fcsst die G\u00e4ste und informiert zun\u00e4chst \u00fcber die Fakten: Die SDGs, die sustainable development goals, sind jene Ziele, die die UNO als globale Entwicklungsziele formuliert hat und die mittels der Ausstellung auch in unser Bewusstsein r\u00fccken k\u00f6nnen. Die SDGs l\u00f6sen dabei die fr\u00fcheren 8 Millennium Development Goals der UNO ab und fokussieren nunmehr 17 Ziele, die bis 2030 weltweit zu erreichen sind. Doch wovon handeln diese Ziele? Woran krankt es? Und was gilt es zu tun?<\/p>\n<p><strong>Die Schweiz und die drei Erden<\/strong><\/p>\n<p>In Umweltbelangen, gemessen mit dem \u00f6kologischen Fussabdruck, leben wir in unseren Breitengraden weit \u00fcber unseren Verh\u00e4ltnissen. Bei einem Lebensstil wie er in der Schweiz gepflegt wird, sind das ganze drei Erden, die wir derzeit als Ressourcen verbrauchen. Von Nachhaltigkeit, also einer ressourcenschonenden und wieder ersetzbaren Nutzung, kann derzeit also keine Rede sein. Gemessen mit dem Earth Overshoot Day, also jenem Tag, an dem innerhalb eines Jahres die vorr\u00e4tigen Ressourcen aufgebraucht sind, war das dieses Jahr der 28. April, an dem die Ausbeutung des Planeten beginnt und das Burnout der Erde weiter vorangetrieben wird. Weltweit ist der Earth Overshoot Day am 2. August, eine zeitliche Verz\u00f6gerung, die dem ressourcenschonenderen Verhalten der Entwicklungsl\u00e4nder zu schulden ist.<\/p>\n<p><strong>Bilder einer Ausstellung<\/strong><\/p>\n<p>Die Foto-Ausstellung, die der Gruppe des Erg\u00e4nzungsfaches von der DEZA zur Verf\u00fcgung gestellt wurde und auch schon vom fr\u00fcheren UNO Generalsekret\u00e4r Ban Ki-moon und Bundesrat Didier Burkhalter besichtigt wurde, nimmt nun die 17 Ziele fotografisch in den Blick. Dario Lanfranconi ist der K\u00fcnstler, der die bildnerische Auseinandersetzung mit den SDGs \u00fcbernommen und der bildtechnisch spannende Blickwinkel gefunden hat.\u00a0 Auf einem Bild zur globalen Armut sieht man etwa ein mehrgeschossiges Geb\u00e4ude, in dem Menschen die Treppen hinunterst\u00fcrzen und von keinem (sozialen) Sicherungsnetz aufgefangen werden. Auf einem Bild zum Thema Bildung ist ein desolates Schulgeb\u00e4ude zu erkennen, das die fehlenden M\u00f6glichkeiten nach einem Schulbesuch f\u00fcr alle Kinder und Jugendlichen weltweit symbolisiert. Global gesehen sind es 58 Millionen Kinder, 63 Millionen Jugendliche, sowie 90% aller behinderten Kinder, denen eine schulische Grundversorgung vorenthalten bleibt.<\/p>\n<p><strong>Die Sch\u00fclerInnen des Erg\u00e4nzungsfachs Geografie in Aktion<\/strong><\/p>\n<p>Das Erg\u00e4nzungsfach Geografie hat nun aber nicht nur die Ausstellung von Bern nach Einsiedeln geholt, sondern auch erfreuliche Erg\u00e4nzungen vorgenommen. So konnte die Ausstellung in der Gartenhalle der Stiftsschule mit einem von den Sch\u00fclern besprochenen Audioguide oder einer eigenen handlichen Brosch\u00fcre erkundet werden. Bei jedem Bild wurde zus\u00e4tzlich noch ein QR angebracht, ein Wettbewerb lud ebenso zur vertieften Auseinandersetzung mit den SDGs ein.<\/p>\n<p>Bei der Vernissage stellten die beteiligten Sch\u00fclerinnen und Sch\u00fcler auch jeweils ein pers\u00f6nliches Schwerpunktthema vor: Jahnvi Kandpur verwies auf das Thema Bildung als universales Menschenrecht, Elise van der Kammen auf die menschenunw\u00fcrdigen Arbeitsbedingungen in Ostasien, Niklas Meinhold auf die Notwendigkeit sozialer Schutzsysteme, Fabian Sch\u00f6b auf die \u00dcberfischung in den Weltmeeren, Jan Schwendener auf sauberes und bezahlbares Trinkwasser als oberste Priorit\u00e4t der Zukunft, Jenny Eisler auf die besondere Herausforderung \u201eStadt\u201c, wo heute schon die Mehrzahl der Menschen leben und der \u00f6kologische Fussabdruck \u00fcberdurchschnittlich hoch ausf\u00e4llt.<\/p>\n<p><strong>Die Vision steht am Anfang<\/strong><\/p>\n<p>\u201eImagine\u201c spielte der Gitarrist und Strassenmusiker Menti Sula am Ende der Vernissage. Florentin Bucher hatte ihn erst drei Tage vor der Ausstellung in Luzern kennengelernt und spontan an die Stiftsschule eingeladen. Imagine \u2013 Stell Dir also vor, wie so eine Welt ausschauen w\u00fcrde, in der die SDGs in einem weltweiten Miteinander umgesetzt werden. Eine Vision, die Florentin Bucher und das Erg\u00e4nzungsfach Geografie, nun auch an der Stiftsschule einmal mehr in den Blick genommen haben, nicht zuletzt, um dem auch konkrete Taten folgen zu lassen: \u201eDie Vision steht am Anfang\u201c, so Florentin Bucher fest entschlossen. Schulleiter Johannes Eichrodt bedankte sich f\u00fcr dieses Engagement und fand wertsch\u00e4tzende Worte f\u00fcr das Organisationsteam: Er bewundere diesen \u201eMut, sich vorne hinzustellen\u201c.<\/p>\n<p>Als Unesco-assoziierte Schule wird die Stiftsschule wohl noch weiter von sich h\u00f6ren lassen. Die Zukunft hat schon jetzt begonnen.<\/p>\n<p><strong><em>\u00a0\u00a0\u00a0\u00a0\u00a0\u00a0\u00a0\u00a0\u00a0\u00a0\u00a0\u00a0\u00a0\u00a0\u00a0\u00a0\u00a0\u00a0\u00a0\u00a0\u00a0\u00a0\u00a0\u00a0\u00a0\u00a0\u00a0\u00a0\u00a0\u00a0\u00a0\u00a0\u00a0\u00a0\u00a0\u00a0\u00a0\u00a0\u00a0\u00a0\u00a0\u00a0\u00a0\u00a0\u00a0\u00a0\u00a0\u00a0\u00a0\u00a0\u00a0\u00a0\u00a0\u00a0\u00a0\u00a0\u00a0\u00a0\u00a0\u00a0\u00a0\u00a0\u00a0\u00a0\u00a0\u00a0\u00a0\u00a0\u00a0\u00a0\u00a0\u00a0\u00a0\u00a0\u00a0\u00a0\u00a0\u00a0\u00a0\u00a0\u00a0\u00a0\u00a0\u00a0\u00a0\u00a0\u00a0\u00a0\u00a0\u00a0\u00a0\u00a0\u00a0\u00a0\u00a0\u00a0\u00a0\u00a0\u00a0\u00a0\u00a0\u00a0\u00a0\u00a0\u00a0\u00a0\u00a0\u00a0\u00a0\u00a0\u00a0\u00a0\u00a0\u00a0\u00a0\u00a0\u00a0\u00a0\u00a0\u00a0\u00a0\u00a0\u00a0\u00a0\u00a0\u00a0\u00a0\u00a0\u00a0\u00a0\u00a0\u00a0\u00a0\u00a0\u00a0\u00a0\u00a0\u00a0\u00a0\u00a0\u00a0\u00a0\u00a0\u00a0\u00a0\u00a0\u00a0\u00a0\u00a0\u00a0\u00a0\u00a0\u00a0\u00a0\u00a0\u00a0\u00a0\u00a0\u00a0\u00a0\u00a0\u00a0 Maria Egartner<\/em><\/strong><\/p>\n<p><a href=\"https:\/\/i0.wp.com\/www.stiftsforum.ch\/blog\/wp-content\/uploads\/2018\/05\/ausstellung-1.jpg\"><img data-attachment-id=\"2042\" data-permalink=\"http:\/\/www.stiftsforum.ch\/blog\/?attachment_id=2042\" data-orig-file=\"https:\/\/i0.wp.com\/www.stiftsforum.ch\/blog\/wp-content\/uploads\/2018\/05\/ausstellung-1.jpg?fit=1280%2C853\" data-orig-size=\"1280,853\" data-comments-opened=\"1\" data-image-meta=\"{&quot;aperture&quot;:&quot;6.3&quot;,&quot;credit&quot;:&quot;&quot;,&quot;camera&quot;:&quot;Canon EOS 350D DIGITAL&quot;,&quot;caption&quot;:&quot;&quot;,&quot;created_timestamp&quot;:&quot;1524839135&quot;,&quot;copyright&quot;:&quot;&quot;,&quot;focal_length&quot;:&quot;50&quot;,&quot;iso&quot;:&quot;400&quot;,&quot;shutter_speed&quot;:&quot;0.0125&quot;,&quot;title&quot;:&quot;&quot;,&quot;orientation&quot;:&quot;0&quot;}\" data-image-title=\"ausstellung 1\" data-image-description=\"\" data-medium-file=\"https:\/\/i0.wp.com\/www.stiftsforum.ch\/blog\/wp-content\/uploads\/2018\/05\/ausstellung-1.jpg?fit=300%2C200\" data-large-file=\"https:\/\/i0.wp.com\/www.stiftsforum.ch\/blog\/wp-content\/uploads\/2018\/05\/ausstellung-1.jpg?fit=800%2C533\" loading=\"lazy\" class=\"alignnone size-medium wp-image-2042\" src=\"https:\/\/i0.wp.com\/www.stiftsforum.ch\/blog\/wp-content\/uploads\/2018\/05\/ausstellung-1.jpg?resize=300%2C200\" alt=\"\" width=\"300\" height=\"200\" srcset=\"https:\/\/i0.wp.com\/www.stiftsforum.ch\/blog\/wp-content\/uploads\/2018\/05\/ausstellung-1.jpg?resize=300%2C200 300w, https:\/\/i0.wp.com\/www.stiftsforum.ch\/blog\/wp-content\/uploads\/2018\/05\/ausstellung-1.jpg?resize=768%2C512 768w, https:\/\/i0.wp.com\/www.stiftsforum.ch\/blog\/wp-content\/uploads\/2018\/05\/ausstellung-1.jpg?resize=1024%2C682 1024w, https:\/\/i0.wp.com\/www.stiftsforum.ch\/blog\/wp-content\/uploads\/2018\/05\/ausstellung-1.jpg?w=1280 1280w\" sizes=\"(max-width: 300px) 100vw, 300px\" data-recalc-dims=\"1\" \/><\/a><\/p>\n<p><em>Florentin Bucher stellt die Agenda 2030 mit den 17 Sustainable Development Goals der UNO vor.<\/em><\/p>\n<p><a href=\"https:\/\/i0.wp.com\/www.stiftsforum.ch\/blog\/wp-content\/uploads\/2018\/05\/ausstellung5.jpg\"><img data-attachment-id=\"2046\" data-permalink=\"http:\/\/www.stiftsforum.ch\/blog\/?attachment_id=2046\" data-orig-file=\"https:\/\/i0.wp.com\/www.stiftsforum.ch\/blog\/wp-content\/uploads\/2018\/05\/ausstellung5.jpg?fit=1280%2C853\" data-orig-size=\"1280,853\" data-comments-opened=\"1\" data-image-meta=\"{&quot;aperture&quot;:&quot;4.5&quot;,&quot;credit&quot;:&quot;&quot;,&quot;camera&quot;:&quot;Canon EOS 600D&quot;,&quot;caption&quot;:&quot;&quot;,&quot;created_timestamp&quot;:&quot;1523982265&quot;,&quot;copyright&quot;:&quot;&quot;,&quot;focal_length&quot;:&quot;40&quot;,&quot;iso&quot;:&quot;320&quot;,&quot;shutter_speed&quot;:&quot;0.016666666666667&quot;,&quot;title&quot;:&quot;&quot;,&quot;orientation&quot;:&quot;1&quot;}\" data-image-title=\"ausstellung5\" data-image-description=\"\" data-medium-file=\"https:\/\/i0.wp.com\/www.stiftsforum.ch\/blog\/wp-content\/uploads\/2018\/05\/ausstellung5.jpg?fit=300%2C200\" data-large-file=\"https:\/\/i0.wp.com\/www.stiftsforum.ch\/blog\/wp-content\/uploads\/2018\/05\/ausstellung5.jpg?fit=800%2C533\" loading=\"lazy\" class=\"alignnone size-medium wp-image-2046\" src=\"https:\/\/i0.wp.com\/www.stiftsforum.ch\/blog\/wp-content\/uploads\/2018\/05\/ausstellung5.jpg?resize=300%2C200\" alt=\"\" width=\"300\" height=\"200\" srcset=\"https:\/\/i0.wp.com\/www.stiftsforum.ch\/blog\/wp-content\/uploads\/2018\/05\/ausstellung5.jpg?resize=300%2C200 300w, https:\/\/i0.wp.com\/www.stiftsforum.ch\/blog\/wp-content\/uploads\/2018\/05\/ausstellung5.jpg?resize=768%2C512 768w, https:\/\/i0.wp.com\/www.stiftsforum.ch\/blog\/wp-content\/uploads\/2018\/05\/ausstellung5.jpg?resize=1024%2C682 1024w, https:\/\/i0.wp.com\/www.stiftsforum.ch\/blog\/wp-content\/uploads\/2018\/05\/ausstellung5.jpg?w=1280 1280w\" sizes=\"(max-width: 300px) 100vw, 300px\" data-recalc-dims=\"1\" \/><\/a><\/p>\n<p><em>Stiftssch\u00fclerinnen und -sch\u00fcler probieren den Audioguide zur Ausstellung aus.<\/em><\/p>\n<p><a href=\"https:\/\/i0.wp.com\/www.stiftsforum.ch\/blog\/wp-content\/uploads\/2018\/05\/ausstellung2.jpg\"><img data-attachment-id=\"2043\" data-permalink=\"http:\/\/www.stiftsforum.ch\/blog\/?attachment_id=2043\" data-orig-file=\"https:\/\/i0.wp.com\/www.stiftsforum.ch\/blog\/wp-content\/uploads\/2018\/05\/ausstellung2.jpg?fit=1280%2C853\" data-orig-size=\"1280,853\" data-comments-opened=\"1\" data-image-meta=\"{&quot;aperture&quot;:&quot;5.6&quot;,&quot;credit&quot;:&quot;&quot;,&quot;camera&quot;:&quot;Canon EOS 350D DIGITAL&quot;,&quot;caption&quot;:&quot;&quot;,&quot;created_timestamp&quot;:&quot;1524839951&quot;,&quot;copyright&quot;:&quot;&quot;,&quot;focal_length&quot;:&quot;35&quot;,&quot;iso&quot;:&quot;400&quot;,&quot;shutter_speed&quot;:&quot;0.02&quot;,&quot;title&quot;:&quot;&quot;,&quot;orientation&quot;:&quot;1&quot;}\" data-image-title=\"ausstellung2\" data-image-description=\"\" data-medium-file=\"https:\/\/i0.wp.com\/www.stiftsforum.ch\/blog\/wp-content\/uploads\/2018\/05\/ausstellung2.jpg?fit=300%2C200\" data-large-file=\"https:\/\/i0.wp.com\/www.stiftsforum.ch\/blog\/wp-content\/uploads\/2018\/05\/ausstellung2.jpg?fit=800%2C533\" loading=\"lazy\" class=\"alignnone size-medium wp-image-2043\" src=\"https:\/\/i0.wp.com\/www.stiftsforum.ch\/blog\/wp-content\/uploads\/2018\/05\/ausstellung2.jpg?resize=300%2C200\" alt=\"\" width=\"300\" height=\"200\" srcset=\"https:\/\/i0.wp.com\/www.stiftsforum.ch\/blog\/wp-content\/uploads\/2018\/05\/ausstellung2.jpg?resize=300%2C200 300w, https:\/\/i0.wp.com\/www.stiftsforum.ch\/blog\/wp-content\/uploads\/2018\/05\/ausstellung2.jpg?resize=768%2C512 768w, https:\/\/i0.wp.com\/www.stiftsforum.ch\/blog\/wp-content\/uploads\/2018\/05\/ausstellung2.jpg?resize=1024%2C682 1024w, https:\/\/i0.wp.com\/www.stiftsforum.ch\/blog\/wp-content\/uploads\/2018\/05\/ausstellung2.jpg?w=1280 1280w\" sizes=\"(max-width: 300px) 100vw, 300px\" data-recalc-dims=\"1\" \/><\/a><\/p>\n<p><em>Bei der Finissage wurden die Preise zum Gewinnspiel verlost.<\/em><\/p>\n<p><em><a href=\"https:\/\/i0.wp.com\/www.stiftsforum.ch\/blog\/wp-content\/uploads\/2018\/05\/ausstellung6.jpg\"><img data-attachment-id=\"2047\" data-permalink=\"http:\/\/www.stiftsforum.ch\/blog\/?attachment_id=2047\" data-orig-file=\"https:\/\/i0.wp.com\/www.stiftsforum.ch\/blog\/wp-content\/uploads\/2018\/05\/ausstellung6.jpg?fit=1280%2C853\" data-orig-size=\"1280,853\" data-comments-opened=\"1\" data-image-meta=\"{&quot;aperture&quot;:&quot;4.5&quot;,&quot;credit&quot;:&quot;&quot;,&quot;camera&quot;:&quot;Canon EOS 350D DIGITAL&quot;,&quot;caption&quot;:&quot;&quot;,&quot;created_timestamp&quot;:&quot;1524432021&quot;,&quot;copyright&quot;:&quot;&quot;,&quot;focal_length&quot;:&quot;35&quot;,&quot;iso&quot;:&quot;400&quot;,&quot;shutter_speed&quot;:&quot;0.25&quot;,&quot;title&quot;:&quot;&quot;,&quot;orientation&quot;:&quot;1&quot;}\" data-image-title=\"ausstellung6\" data-image-description=\"\" data-medium-file=\"https:\/\/i0.wp.com\/www.stiftsforum.ch\/blog\/wp-content\/uploads\/2018\/05\/ausstellung6.jpg?fit=300%2C200\" data-large-file=\"https:\/\/i0.wp.com\/www.stiftsforum.ch\/blog\/wp-content\/uploads\/2018\/05\/ausstellung6.jpg?fit=800%2C533\" loading=\"lazy\" class=\"alignnone size-medium wp-image-2047\" src=\"https:\/\/i0.wp.com\/www.stiftsforum.ch\/blog\/wp-content\/uploads\/2018\/05\/ausstellung6.jpg?resize=300%2C200\" alt=\"\" width=\"300\" height=\"200\" srcset=\"https:\/\/i0.wp.com\/www.stiftsforum.ch\/blog\/wp-content\/uploads\/2018\/05\/ausstellung6.jpg?resize=300%2C200 300w, https:\/\/i0.wp.com\/www.stiftsforum.ch\/blog\/wp-content\/uploads\/2018\/05\/ausstellung6.jpg?resize=768%2C512 768w, https:\/\/i0.wp.com\/www.stiftsforum.ch\/blog\/wp-content\/uploads\/2018\/05\/ausstellung6.jpg?resize=1024%2C682 1024w, https:\/\/i0.wp.com\/www.stiftsforum.ch\/blog\/wp-content\/uploads\/2018\/05\/ausstellung6.jpg?w=1280 1280w\" sizes=\"(max-width: 300px) 100vw, 300px\" data-recalc-dims=\"1\" \/><\/a><\/em><\/p>\n<p><em>Und was bin ich bereit, selbst beizutragen?<\/em><\/p>\n<p><span class=\"\" style=\"font-family: Times New Roman;\"><i class=\"\">Als UNESCO-assoziierte Schule wird die Stiftsschule fortan ein bis zwei SDGs zum Jahresthema erkl\u00e4ren.\u00a0<\/i><\/span><\/p>\n<p>&nbsp;<\/p>\n<p>&nbsp;<\/p>\n<p>&nbsp;<\/p>\n<p>&nbsp;<\/p>\n<p>&nbsp;<\/p>\n<p>&nbsp;<\/p>\n<p>&nbsp;<\/p>\n<p>&nbsp;<\/p>\n<p>&nbsp;<\/p>\n","protected":false},"excerpt":{"rendered":"<p>\u00a0 Wohlstand und Lebenserwartung haben in den letzten Jahrzehnten deutlich zugenommen, aber auf Kosten von wem? Eine Ausstellung zu den<\/p>\n","protected":false},"author":9,"featured_media":2045,"comment_status":"open","ping_status":"closed","sticky":false,"template":"","format":"standard","meta":{"spay_email":"","jetpack_publicize_message":"","jetpack_is_tweetstorm":false},"categories":[10],"tags":[],"jetpack_featured_media_url":"https:\/\/i1.wp.com\/www.stiftsforum.ch\/blog\/wp-content\/uploads\/2018\/05\/ausstellung4.jpg?fit=1280%2C853","jetpack_publicize_connections":[],"jetpack_sharing_enabled":true,"jetpack_shortlink":"https:\/\/wp.me\/p9nzRF-wV","jetpack_likes_enabled":true,"jetpack-related-posts":[{"id":4449,"url":"http:\/\/www.stiftsforum.ch\/blog\/?p=4449","url_meta":{"origin":2041,"position":0},"title":"\"Die Integration der M\u00e4dchen vollzog sich sehr organisch und selbstverst\u00e4ndlich\"","date":"April 27, 2021","format":false,"excerpt":"50 Jahre M\u00e4dchen an der Stiftsschule H\u00e4tte P. Thomas F\u00e4ssler nicht darauf aufmerksam gemacht, w\u00e4re in diesem Schuljahr ein Jubil\u00e4um fast vergessen worden: Seit genau 50 Jahren wird an der Stiftsschule koedukativ unterrichtet. Im Schuljahr 1970\/71 kamen die ersten sieben M\u00e4dchen in die ersten Klassen und eine erstaunlich unscheinbare, aber\u2026","rel":"","context":"In &quot;Allgemein&quot;","img":{"alt_text":"","src":"https:\/\/i0.wp.com\/www.stiftsforum.ch\/blog\/wp-content\/uploads\/2021\/04\/IMG-20210428-WA0000-1.jpg?fit=1200%2C900&resize=350%2C200","width":350,"height":200},"classes":[]},{"id":5484,"url":"http:\/\/www.stiftsforum.ch\/blog\/?p=5484","url_meta":{"origin":2041,"position":1},"title":"Eine dreit\u00e4gige Lateinexkursion nach Trier","date":"Oktober 28, 2022","format":false,"excerpt":"Die Herbstferien nutzte eine gemischte Gruppe aus Lehrern und Stiftssch\u00fclern unter der Leitung von P. Mauritius, um die einstige Residenzstadt des r\u00f6mischen Reiches, Trier (lateinisch: Augusta Treverorum), zu erkunden. Anlass war die diesj\u00e4hrige Landesausstellung mit dem Titel \u00abDer Untergang des r\u00f6mischen Reiches.\u00bb Neben dem Besuch dreier Museen und der Verkostung\u2026","rel":"","context":"In &quot;Schule unterwegs&quot;","img":{"alt_text":"","src":"https:\/\/i2.wp.com\/www.stiftsforum.ch\/blog\/wp-content\/uploads\/2022\/10\/20221013_163009-scaled.jpg?fit=1200%2C900&resize=350%2C200","width":350,"height":200},"classes":[]},{"id":3919,"url":"http:\/\/www.stiftsforum.ch\/blog\/?p=3919","url_meta":{"origin":2041,"position":2},"title":"Zelten in Gr\u00f6nland","date":"Juni 15, 2020","format":false,"excerpt":"Vortrag von Dr. Martin L\u00fcthi\/UZH im Rahmen der Ausstellung \u00abGletschertour\u00bb des EF Geografie 8.6.2020: Der Corona-Krise zum Trotz - Das EF Geografie mit Florentin Bucher als Leiter der motivierten Sch\u00fclermannschaft liess es sich auch in Krisenzeiten nicht nehmen, eine Ausstellung zum Thema \u00abFaszination Gletscher\u00bb in der Gartenhalle anzubieten \u2013 freilich\u2026","rel":"","context":"In &quot;Schulanl\u00e4sse&quot;","img":{"alt_text":"","src":"https:\/\/i0.wp.com\/www.stiftsforum.ch\/blog\/wp-content\/uploads\/2020\/06\/Gletschertour1.jpg?fit=1200%2C800&resize=350%2C200","width":350,"height":200},"classes":[]},{"id":6726,"url":"http:\/\/www.stiftsforum.ch\/blog\/?p=6726","url_meta":{"origin":2041,"position":3},"title":"\u201eIch will euch eine Zukunft und Hoffnung geben\u201c \u2013 Die Stiftsschule Einsiedeln nahm am Benediktinischen Jugendkongress 2024 in M\u00fcnsterschwarzach teil","date":"Oktober 9, 2024","format":false,"excerpt":"Das Motto aus Jeremia 29,11 \u00abIch will euch eine Zukunft und Hoffnung geben\u00bb stand im Zentrum des viert\u00e4gigen Kongresses der benediktinischen Jugend der deutschsprachigen Benediktinergymnasien (DeBeJu), die sich vom 26.9.-29.9.2024 im fr\u00e4nkischen M\u00fcnsterschwarzach einfand. Die Stiftsschule Einsiedeln nahm mit Schulseelsorger P.Cyrill, zwei Lehrpersonen und f\u00fcnf Lernenden ebenso wie die zwei\u2026","rel":"","context":"In &quot;Schule unterwegs&quot;","img":{"alt_text":"","src":"https:\/\/i1.wp.com\/www.stiftsforum.ch\/blog\/wp-content\/uploads\/2024\/10\/240927_DeBe_Ju-16-scaled.jpg?fit=1200%2C800&resize=350%2C200","width":350,"height":200},"classes":[]},{"id":4236,"url":"http:\/\/www.stiftsforum.ch\/blog\/?p=4236","url_meta":{"origin":2041,"position":4},"title":"Die Schulseelsorge an der Stiftsschule Einsiedeln","date":"Februar 3, 2021","format":false,"excerpt":"von Olivia L\u00fcond und Silje Hartvigsen, 1d Wir haben P. Thomas F\u00e4ssler interviewt. Er ist 36 Jahre alt, ist bald seit 15 Jahren im Kloster und unterrichtet an der Schule. Er ist zwischen 1997 und 2003 selbst hier an die Schule gegangen und ist in der Schulseelsorge t\u00e4tig. Wie sind\u2026","rel":"","context":"In &quot;Allgemein&quot;","img":{"alt_text":"","src":"https:\/\/i2.wp.com\/www.stiftsforum.ch\/blog\/wp-content\/uploads\/2021\/02\/IMG-20210203-WA0002.jpg?fit=1200%2C1008&resize=350%2C200","width":350,"height":200},"classes":[]},{"id":3032,"url":"http:\/\/www.stiftsforum.ch\/blog\/?p=3032","url_meta":{"origin":2041,"position":5},"title":"100 Jahre Hermann Hesses \"Siddhartha\"","date":"Februar 1, 2019","format":false,"excerpt":"Vor genau 100 Jahren verfasste Hermann Hesse die Jahrhunderterz\u00e4hlung \"Siddhartha\", die drei Jahre sp\u00e4ter, 1922, erstmals erschien. In den Jahrzehnten danach und vor allem in den 1960er Jahren erlebte der auch als Entwicklungsroman qualifizierte Text eine Millionauflage. Inhaltlich geht es um die Lebensgeschichte des indischen Brahmanensohn Siddhartha, der sein Elternhaus\u2026","rel":"","context":"In &quot;Allgemein&quot;","img":{"alt_text":"","src":"https:\/\/i2.wp.com\/www.stiftsforum.ch\/blog\/wp-content\/uploads\/2019\/02\/Siddhartha.jpg?fit=260%2C434&resize=350%2C200","width":350,"height":200},"classes":[]}],"_links":{"self":[{"href":"http:\/\/www.stiftsforum.ch\/blog\/index.php?rest_route=\/wp\/v2\/posts\/2041"}],"collection":[{"href":"http:\/\/www.stiftsforum.ch\/blog\/index.php?rest_route=\/wp\/v2\/posts"}],"about":[{"href":"http:\/\/www.stiftsforum.ch\/blog\/index.php?rest_route=\/wp\/v2\/types\/post"}],"author":[{"embeddable":true,"href":"http:\/\/www.stiftsforum.ch\/blog\/index.php?rest_route=\/wp\/v2\/users\/9"}],"replies":[{"embeddable":true,"href":"http:\/\/www.stiftsforum.ch\/blog\/index.php?rest_route=%2Fwp%2Fv2%2Fcomments&post=2041"}],"version-history":[{"count":5,"href":"http:\/\/www.stiftsforum.ch\/blog\/index.php?rest_route=\/wp\/v2\/posts\/2041\/revisions"}],"predecessor-version":[{"id":2150,"href":"http:\/\/www.stiftsforum.ch\/blog\/index.php?rest_route=\/wp\/v2\/posts\/2041\/revisions\/2150"}],"wp:featuredmedia":[{"embeddable":true,"href":"http:\/\/www.stiftsforum.ch\/blog\/index.php?rest_route=\/wp\/v2\/media\/2045"}],"wp:attachment":[{"href":"http:\/\/www.stiftsforum.ch\/blog\/index.php?rest_route=%2Fwp%2Fv2%2Fmedia&parent=2041"}],"wp:term":[{"taxonomy":"category","embeddable":true,"href":"http:\/\/www.stiftsforum.ch\/blog\/index.php?rest_route=%2Fwp%2Fv2%2Fcategories&post=2041"},{"taxonomy":"post_tag","embeddable":true,"href":"http:\/\/www.stiftsforum.ch\/blog\/index.php?rest_route=%2Fwp%2Fv2%2Ftags&post=2041"}],"curies":[{"name":"wp","href":"https:\/\/api.w.org\/{rel}","templated":true}]}}