{"id":2052,"date":"2018-05-15T16:02:16","date_gmt":"2018-05-15T16:02:16","guid":{"rendered":"http:\/\/www.stiftsforum.ch\/blog\/?p=2052"},"modified":"2018-05-19T13:46:30","modified_gmt":"2018-05-19T13:46:30","slug":"ein-liederlicher-abend-das-stiftstheater-2018","status":"publish","type":"post","link":"http:\/\/www.stiftsforum.ch\/blog\/?p=2052","title":{"rendered":"&#8220;Ein liederlicher Abend&#8221; &#8211; Das Stiftstheater 2018"},"content":{"rendered":"<p><em>Jael Inauen<\/em><\/p>\n<p>Dieses selbstgeschriebene St\u00fcck umrahmt alle Werke von Mani Matter, literarisch, dichterisch sowie musikalisch, und fasst sie zu einem Theaterst\u00fcck zusammen. Als Szenerie wird ein Klassenzimmer in den 70er Jahren portr\u00e4tiert, die Schauspieler sind entsprechend gekleidet. Alle Gedichte und Lieder werden von den Akteuren selbst rezitiert bzw. gesungen, was aus dem St\u00fcck ein Musical macht, nur in der Schlussszene erklingt das entspannte Berndeutsch Mani Matters.<\/p>\n<p>Das St\u00fcck folgt keiner chronologischen Handlung, es ist mehr eine Aneinanderreihung von Szenen. Anhaltspunkte gibt dabei der von Jonas Zuellig gespielte Mani Matter. Auch andere Charaktere kommen vermehrt vor, wie die schielende Lotte oder die begehrte Heidi. Am st\u00e4rksten jedoch wirken alle Akteure zusammen, wie zum Beispiel bei \u201ed psyche vo dr frou\u201c oder \u201edr sidi abdel assar\u201c. Allgemein spielen alle Sch\u00fcler ihre Rollen leidenschaftlich und \u00fcberzeugend, und sei die Rolle noch so klein. Wenn der eine oder andere Fehler gemacht oder nicht jeder Ton getroffen wird, \u00fcberspielt man dies gekonnt. Meist findet ein zyklischer Wechsel zwischen Kurzgeschichte, Gedicht und Lied statt, was dem St\u00fcck mehr Abwechslung bringt. Nur beinhaltet das St\u00fcck keinen wirklichen roten Faden, was dem Ganzen eine etwas zusammenhangslose Komponente verleiht. Dennoch ist es unter den Umst\u00e4nden, dass das Theaterst\u00fcck selbst verfasst wurde, eine ausserordentliche Leistung. Das St\u00fcck bringt durch seine Vielf\u00e4ltigkeit an Epik, Lyrik und Dramatik einige verschiedene Emotionen hervor, Lustige sowie Traurige und auch oftmals philosophische Themen. Mani Matter reflektiert oft sein Leben und fragt sich, ob doch er immer ein Rebell sein wollte, sich als 35j\u00e4hriger Ehemann mit Kindern nicht schon l\u00e4ngst in das System eingef\u00fcgt habe. Und ist das denn etwas Schlechtes?<\/p>\n<p>Ein liederlicher Abend wurde es somit allerdings, jedoch aber auch keine besonders strukturierte Handlung. Alle angesprochenen Themen und Szenarien waren ausgesprochen interessant und verschieden, konnten aber nicht miteinander in Zusammenhang gebracht werden. Durch diesen Umstand hatte das St\u00fcck auch kein deutliches Fazit, sondern mehrere angefangene, aber nicht zu Ende gedachte Gedanken. Als w\u00e4re der Zuschauer aufgefordert, diese \u201eliederlichen\u201c Dinge selbst im Kopf weiterzuverfolgen.<\/p>\n<p><a href=\"https:\/\/i1.wp.com\/www.stiftsforum.ch\/blog\/wp-content\/uploads\/2018\/05\/IGP6650.jpg\"><img data-attachment-id=\"2073\" data-permalink=\"http:\/\/www.stiftsforum.ch\/blog\/?attachment_id=2073\" data-orig-file=\"https:\/\/i1.wp.com\/www.stiftsforum.ch\/blog\/wp-content\/uploads\/2018\/05\/IGP6650.jpg?fit=3529%2C2362\" data-orig-size=\"3529,2362\" data-comments-opened=\"1\" data-image-meta=\"{&quot;aperture&quot;:&quot;8&quot;,&quot;credit&quot;:&quot;&quot;,&quot;camera&quot;:&quot;PENTAX K10D&quot;,&quot;caption&quot;:&quot;&quot;,&quot;created_timestamp&quot;:&quot;1521143101&quot;,&quot;copyright&quot;:&quot;&quot;,&quot;focal_length&quot;:&quot;57.5&quot;,&quot;iso&quot;:&quot;1600&quot;,&quot;shutter_speed&quot;:&quot;0.016666666666667&quot;,&quot;title&quot;:&quot;&quot;,&quot;orientation&quot;:&quot;0&quot;}\" data-image-title=\"_IGP6650\" data-image-description=\"\" data-medium-file=\"https:\/\/i1.wp.com\/www.stiftsforum.ch\/blog\/wp-content\/uploads\/2018\/05\/IGP6650.jpg?fit=300%2C201\" data-large-file=\"https:\/\/i1.wp.com\/www.stiftsforum.ch\/blog\/wp-content\/uploads\/2018\/05\/IGP6650.jpg?fit=800%2C535\" loading=\"lazy\" class=\"alignnone size-medium wp-image-2073\" src=\"https:\/\/i1.wp.com\/www.stiftsforum.ch\/blog\/wp-content\/uploads\/2018\/05\/IGP6650.jpg?resize=300%2C201\" alt=\"\" width=\"300\" height=\"201\" srcset=\"https:\/\/i1.wp.com\/www.stiftsforum.ch\/blog\/wp-content\/uploads\/2018\/05\/IGP6650.jpg?resize=300%2C201 300w, https:\/\/i1.wp.com\/www.stiftsforum.ch\/blog\/wp-content\/uploads\/2018\/05\/IGP6650.jpg?resize=768%2C514 768w, https:\/\/i1.wp.com\/www.stiftsforum.ch\/blog\/wp-content\/uploads\/2018\/05\/IGP6650.jpg?resize=1024%2C685 1024w, https:\/\/i1.wp.com\/www.stiftsforum.ch\/blog\/wp-content\/uploads\/2018\/05\/IGP6650.jpg?w=1600 1600w, https:\/\/i1.wp.com\/www.stiftsforum.ch\/blog\/wp-content\/uploads\/2018\/05\/IGP6650.jpg?w=2400 2400w\" sizes=\"(max-width: 300px) 100vw, 300px\" data-recalc-dims=\"1\" \/><\/a><a href=\"https:\/\/i2.wp.com\/www.stiftsforum.ch\/blog\/wp-content\/uploads\/2018\/05\/IGP7042.jpg\"><img data-attachment-id=\"2102\" data-permalink=\"http:\/\/www.stiftsforum.ch\/blog\/?attachment_id=2102\" data-orig-file=\"https:\/\/i2.wp.com\/www.stiftsforum.ch\/blog\/wp-content\/uploads\/2018\/05\/IGP7042.jpg?fit=3529%2C2362\" data-orig-size=\"3529,2362\" data-comments-opened=\"1\" data-image-meta=\"{&quot;aperture&quot;:&quot;6.7&quot;,&quot;credit&quot;:&quot;&quot;,&quot;camera&quot;:&quot;PENTAX K10D&quot;,&quot;caption&quot;:&quot;&quot;,&quot;created_timestamp&quot;:&quot;1521148243&quot;,&quot;copyright&quot;:&quot;&quot;,&quot;focal_length&quot;:&quot;57.5&quot;,&quot;iso&quot;:&quot;1600&quot;,&quot;shutter_speed&quot;:&quot;0.033333333333333&quot;,&quot;title&quot;:&quot;&quot;,&quot;orientation&quot;:&quot;0&quot;}\" data-image-title=\"_IGP7042\" data-image-description=\"\" data-medium-file=\"https:\/\/i2.wp.com\/www.stiftsforum.ch\/blog\/wp-content\/uploads\/2018\/05\/IGP7042.jpg?fit=300%2C201\" data-large-file=\"https:\/\/i2.wp.com\/www.stiftsforum.ch\/blog\/wp-content\/uploads\/2018\/05\/IGP7042.jpg?fit=800%2C535\" loading=\"lazy\" class=\"alignnone size-medium wp-image-2102\" src=\"https:\/\/i2.wp.com\/www.stiftsforum.ch\/blog\/wp-content\/uploads\/2018\/05\/IGP7042.jpg?resize=300%2C201\" alt=\"\" width=\"300\" height=\"201\" srcset=\"https:\/\/i2.wp.com\/www.stiftsforum.ch\/blog\/wp-content\/uploads\/2018\/05\/IGP7042.jpg?resize=300%2C201 300w, https:\/\/i2.wp.com\/www.stiftsforum.ch\/blog\/wp-content\/uploads\/2018\/05\/IGP7042.jpg?resize=768%2C514 768w, https:\/\/i2.wp.com\/www.stiftsforum.ch\/blog\/wp-content\/uploads\/2018\/05\/IGP7042.jpg?resize=1024%2C685 1024w, https:\/\/i2.wp.com\/www.stiftsforum.ch\/blog\/wp-content\/uploads\/2018\/05\/IGP7042.jpg?w=1600 1600w, https:\/\/i2.wp.com\/www.stiftsforum.ch\/blog\/wp-content\/uploads\/2018\/05\/IGP7042.jpg?w=2400 2400w\" sizes=\"(max-width: 300px) 100vw, 300px\" data-recalc-dims=\"1\" \/><\/a><a href=\"https:\/\/i2.wp.com\/www.stiftsforum.ch\/blog\/wp-content\/uploads\/2018\/05\/IGP7060.jpg\"><img data-attachment-id=\"2105\" data-permalink=\"http:\/\/www.stiftsforum.ch\/blog\/?attachment_id=2105\" data-orig-file=\"https:\/\/i2.wp.com\/www.stiftsforum.ch\/blog\/wp-content\/uploads\/2018\/05\/IGP7060.jpg?fit=2362%2C3529\" data-orig-size=\"2362,3529\" data-comments-opened=\"1\" data-image-meta=\"{&quot;aperture&quot;:&quot;5.6&quot;,&quot;credit&quot;:&quot;&quot;,&quot;camera&quot;:&quot;PENTAX K10D&quot;,&quot;caption&quot;:&quot;&quot;,&quot;created_timestamp&quot;:&quot;1521148420&quot;,&quot;copyright&quot;:&quot;&quot;,&quot;focal_length&quot;:&quot;135&quot;,&quot;iso&quot;:&quot;1600&quot;,&quot;shutter_speed&quot;:&quot;0.016666666666667&quot;,&quot;title&quot;:&quot;&quot;,&quot;orientation&quot;:&quot;0&quot;}\" data-image-title=\"_IGP7060\" data-image-description=\"\" data-medium-file=\"https:\/\/i2.wp.com\/www.stiftsforum.ch\/blog\/wp-content\/uploads\/2018\/05\/IGP7060.jpg?fit=201%2C300\" data-large-file=\"https:\/\/i2.wp.com\/www.stiftsforum.ch\/blog\/wp-content\/uploads\/2018\/05\/IGP7060.jpg?fit=685%2C1024\" loading=\"lazy\" class=\"alignnone  wp-image-2105\" src=\"https:\/\/i2.wp.com\/www.stiftsforum.ch\/blog\/wp-content\/uploads\/2018\/05\/IGP7060.jpg?resize=135%2C202\" alt=\"\" width=\"135\" height=\"202\" srcset=\"https:\/\/i2.wp.com\/www.stiftsforum.ch\/blog\/wp-content\/uploads\/2018\/05\/IGP7060.jpg?resize=201%2C300 201w, https:\/\/i2.wp.com\/www.stiftsforum.ch\/blog\/wp-content\/uploads\/2018\/05\/IGP7060.jpg?resize=768%2C1147 768w, https:\/\/i2.wp.com\/www.stiftsforum.ch\/blog\/wp-content\/uploads\/2018\/05\/IGP7060.jpg?resize=685%2C1024 685w, https:\/\/i2.wp.com\/www.stiftsforum.ch\/blog\/wp-content\/uploads\/2018\/05\/IGP7060.jpg?w=1600 1600w\" sizes=\"(max-width: 135px) 100vw, 135px\" data-recalc-dims=\"1\" \/><\/a><\/p>\n<p>Das Plakat zur Auff\u00fchrung <a href=\"http:\/\/stiftsschule-einsiedeln.ch\/media\/kultur_sport\/pdf\/s_letschti_Lied.pdf\">http:\/\/stiftsschule-einsiedeln.ch\/media\/kultur_sport\/pdf\/s_letschti_Lied.pdf<\/a><\/p>\n<p>Die Theaterkritik im Einsiedler Anzeiger<a href=\"http:\/\/stiftsschule-einsiedeln.ch\/media\/administration_kontakte\/pdf\/News\/EA_20180321.pdf\">http:\/\/stiftsschule-einsiedeln.ch\/media\/administration_kontakte\/pdf\/News\/EA_20180321.pdf<\/a><\/p>\n","protected":false},"excerpt":{"rendered":"<p>Jael Inauen Dieses selbstgeschriebene St\u00fcck umrahmt alle Werke von Mani Matter, literarisch, dichterisch sowie musikalisch, und fasst sie zu einem<\/p>\n","protected":false},"author":9,"featured_media":2054,"comment_status":"open","ping_status":"closed","sticky":false,"template":"","format":"standard","meta":{"spay_email":"","jetpack_publicize_message":"","jetpack_is_tweetstorm":false},"categories":[35,10],"tags":[],"jetpack_featured_media_url":"http:\/\/www.stiftsforum.ch\/blog\/wp-content\/uploads\/2018\/05\/s_letschti_Lied-1-pdf.jpg","jetpack_publicize_connections":[],"jetpack_sharing_enabled":true,"jetpack_shortlink":"https:\/\/wp.me\/p9nzRF-x6","jetpack_likes_enabled":true,"jetpack-related-posts":[{"id":4842,"url":"http:\/\/www.stiftsforum.ch\/blog\/?p=4842","url_meta":{"origin":2052,"position":0},"title":"R\u00fcckblick Oper \"H\u00e4nsel und Gretel\"","date":"Dezember 7, 2021","format":false,"excerpt":"Am 5.\/ 6. November wurden Ausz\u00fcge einer Oper an der Stiftsschule aufgef\u00fchrt. Wir haben die Musiklehrerin Frau Marie M\u00fcller interviewt, von welcher die Idee zur Oper urspr\u00fcnglich stammt. Ein Bericht von Erin Schuler. An der Stiftsschule wurde eine Oper aufgef\u00fchrt. Wie soll man sich das vorstellen? Eine Oper definiert zun\u00e4chst\u2026","rel":"","context":"In &quot;Allgemein&quot;","img":{"alt_text":"","src":"https:\/\/i2.wp.com\/www.stiftsforum.ch\/blog\/wp-content\/uploads\/2021\/12\/grades-g232603f3b_1920.jpg?fit=1200%2C798&resize=350%2C200","width":350,"height":200},"classes":[]},{"id":4639,"url":"http:\/\/www.stiftsforum.ch\/blog\/?p=4639","url_meta":{"origin":2052,"position":1},"title":"\"Der Schluss ist bezaubernd.\"","date":"November 2, 2021","format":false,"excerpt":"Eine S\u00e4ngerin des Chores, Alessia Bl\u00fceler (2d), gibt uns einen Einblick in die bevorstehende Oper \"H\u00e4nsel und Gretel\": Von Erin Schuler. Ich freue mich auf das Lied \u201eErstes Bild daheim\u201c am meisten, weil es sehr freudig ist und die Stimmen gut zusammen harmonieren. Das Highlight der Auff\u00fchrung ist f\u00fcr mich\u2026","rel":"","context":"In &quot;Allgemein&quot;","img":{"alt_text":"","src":"https:\/\/i0.wp.com\/www.stiftsforum.ch\/blog\/wp-content\/uploads\/2021\/11\/choir-g696edb45e_1280.png?fit=1200%2C822&resize=350%2C200","width":350,"height":200},"classes":[]},{"id":4742,"url":"http:\/\/www.stiftsforum.ch\/blog\/?p=4742","url_meta":{"origin":2052,"position":2},"title":"Worin besteht die Faszination der Dialektologie, Herr Obradovic?","date":"November 15, 2021","format":false,"excerpt":"Tom Obradovic ist Germanist und derzeit als Praktikant in den Klassen 1b, 2d und 3a an der Stiftsschule t\u00e4tig. Er ist Absolvent der Universtit\u00e4t Z\u00fcrich und arbeitet auch am Schweizerischen Idiotikon, dem offiziellen Mundartlexikon der Schweiz, mit. Was macht ein Dialektologe? Dialektologen befassen sich mit der Erforschung von Dialekten. Urspr\u00fcnglich\u2026","rel":"","context":"In &quot;Allgemein&quot;","img":{"alt_text":"","src":"https:\/\/i2.wp.com\/www.stiftsforum.ch\/blog\/wp-content\/uploads\/2021\/11\/IMG_8115-scaled.jpg?fit=1200%2C627&resize=350%2C200","width":350,"height":200},"classes":[]},{"id":5976,"url":"http:\/\/www.stiftsforum.ch\/blog\/?p=5976","url_meta":{"origin":2052,"position":3},"title":"Auf den Brettern, die die Welt bedeuten - die Stiftstheatergruppe","date":"Dezember 21, 2022","format":false,"excerpt":"Es ist eine vorweihnachtliche Mittagspause im Theatersaal der Stiftsschule. Vier Sch\u00fclerinnen studieren gerade eine Szene ein. Ein \u00e4lterer Sch\u00fcler aus der 5.Klasse, Ricardo Riediker, der schon viele Auff\u00fchrungen hinter sich hat, gibt Anweisungen und erl\u00e4utert, dass man die Stimme am Ende des Satzes senken und man auch gezielt Pausen setzen\u2026","rel":"","context":"In &quot;Allgemein&quot;","img":{"alt_text":"","src":"https:\/\/i2.wp.com\/www.stiftsforum.ch\/blog\/wp-content\/uploads\/2022\/12\/Theater-1.jpg?fit=1200%2C900&resize=350%2C200","width":350,"height":200},"classes":[]},{"id":6128,"url":"http:\/\/www.stiftsforum.ch\/blog\/?p=6128","url_meta":{"origin":2052,"position":4},"title":"Besuch im Opernhaus in Z\u00fcrich mit der 5a: \"La Traviata\"","date":"Februar 24, 2023","format":false,"excerpt":"\"Ich war schon einmal im Wiener Opernhaus, aber es war meine erste Auff\u00fchrung. Ich kannte nur \u201eOrfeo ed Euridice\u201c. Ich fand das Opernhaus in Z\u00fcrich sehr sch\u00f6n und es hat eine sehr gute Ambiance, da es auch nicht zu gross ist. Ich habe mich schon immer gefragt, wo das Orchester\u2026","rel":"","context":"In &quot;Allgemein&quot;","img":{"alt_text":"","src":"https:\/\/i1.wp.com\/www.stiftsforum.ch\/blog\/wp-content\/uploads\/2023\/02\/IMG-20230223-WA0003.jpg?fit=1200%2C900&resize=350%2C200","width":350,"height":200},"classes":[]},{"id":6372,"url":"http:\/\/www.stiftsforum.ch\/blog\/?p=6372","url_meta":{"origin":2052,"position":5},"title":"\"Die Sch\u00f6ne und das Biest\" als Gemeinschaftsprojekt aller Musikensembles","date":"Juni 21, 2023","format":false,"excerpt":"In einem Gemeinschaftsprojekt brachten das Jugendorchester Einsiedeln, die Schulband und der Cum-Anima-Chor am 13.6. 2023 gemeinsam \u00abDie Sch\u00f6ne und das Biest\u00bb zur Auff\u00fchrung. Gelesen wurde die m\u00e4rchenhafte Erz\u00e4hlung von Francesco De Vecchi, die Musikensembles, geleitet von allen Musiklehrpersonen der Stiftsschule, gestalteten den Plot mit Originalliedern der Filmfassung und motivisch verwandten\u2026","rel":"","context":"In &quot;Allgemein&quot;","img":{"alt_text":"","src":"https:\/\/i2.wp.com\/www.stiftsforum.ch\/blog\/wp-content\/uploads\/2023\/06\/IMG-20230619-WA0011.jpg?fit=1200%2C900&resize=350%2C200","width":350,"height":200},"classes":[]}],"_links":{"self":[{"href":"http:\/\/www.stiftsforum.ch\/blog\/index.php?rest_route=\/wp\/v2\/posts\/2052"}],"collection":[{"href":"http:\/\/www.stiftsforum.ch\/blog\/index.php?rest_route=\/wp\/v2\/posts"}],"about":[{"href":"http:\/\/www.stiftsforum.ch\/blog\/index.php?rest_route=\/wp\/v2\/types\/post"}],"author":[{"embeddable":true,"href":"http:\/\/www.stiftsforum.ch\/blog\/index.php?rest_route=\/wp\/v2\/users\/9"}],"replies":[{"embeddable":true,"href":"http:\/\/www.stiftsforum.ch\/blog\/index.php?rest_route=%2Fwp%2Fv2%2Fcomments&post=2052"}],"version-history":[{"count":3,"href":"http:\/\/www.stiftsforum.ch\/blog\/index.php?rest_route=\/wp\/v2\/posts\/2052\/revisions"}],"predecessor-version":[{"id":2110,"href":"http:\/\/www.stiftsforum.ch\/blog\/index.php?rest_route=\/wp\/v2\/posts\/2052\/revisions\/2110"}],"wp:featuredmedia":[{"embeddable":true,"href":"http:\/\/www.stiftsforum.ch\/blog\/index.php?rest_route=\/wp\/v2\/media\/2054"}],"wp:attachment":[{"href":"http:\/\/www.stiftsforum.ch\/blog\/index.php?rest_route=%2Fwp%2Fv2%2Fmedia&parent=2052"}],"wp:term":[{"taxonomy":"category","embeddable":true,"href":"http:\/\/www.stiftsforum.ch\/blog\/index.php?rest_route=%2Fwp%2Fv2%2Fcategories&post=2052"},{"taxonomy":"post_tag","embeddable":true,"href":"http:\/\/www.stiftsforum.ch\/blog\/index.php?rest_route=%2Fwp%2Fv2%2Ftags&post=2052"}],"curies":[{"name":"wp","href":"https:\/\/api.w.org\/{rel}","templated":true}]}}