{"id":3032,"date":"2019-02-01T17:43:56","date_gmt":"2019-02-01T16:43:56","guid":{"rendered":"http:\/\/www.stiftsforum.ch\/blog\/?p=3032"},"modified":"2019-02-01T17:48:11","modified_gmt":"2019-02-01T16:48:11","slug":"100-jahre-hermann-hesses-siddhartha","status":"publish","type":"post","link":"http:\/\/www.stiftsforum.ch\/blog\/?p=3032","title":{"rendered":"100 Jahre Hermann Hesses &#8220;Siddhartha&#8221;"},"content":{"rendered":"\n<p>Vor genau 100 Jahren verfasste Hermann Hesse die Jahrhunderterz\u00e4hlung &#8220;Siddhartha&#8221;, die drei Jahre sp\u00e4ter, 1922, erstmals erschien. In den Jahrzehnten danach und vor allem in den 1960er Jahren erlebte der auch als Entwicklungsroman qualifizierte Text eine Millionauflage. Inhaltlich geht es um die Lebensgeschichte des indischen Brahmanensohn Siddhartha, der sein Elternhaus verl\u00e4sst, um sich auf die Suche nach sich selbst zu machen. In wechselnden Episoden \u00fcbt er Askese, erprobt sich als Kaufmann, erlernt bei einer Kurtisane die Liebe  und erf\u00e4hrt tiefe Erfahrungen an einem Fluss. <\/p>\n\n\n\n<p>Die 3c hat die Erz\u00e4hlung gelesen und sich Gedanken dazu gemacht. <\/p>\n\n\n\n<p><em>&#8220;Ich war sehr \u00fcberrascht davon, dass ein so gebildeter Mann sich nicht erf\u00fcllt f\u00fchlt. Ich fand es sehr beeindruckend, wie man zu einer Erl\u00f6sung kommen kann, indem man im Einklang mit sich selbst ist.&#8221;<\/em> <strong>Martina<\/strong><\/p>\n\n\n\n<p><em>&#8220;Ich fand dieses Buch sehr lehrreich, denn es hat mir beigebracht, dass man Wissen weitergeben kann, Weisheit aber nicht.&#8221;<\/em>  <strong>Sophia<\/strong><\/p>\n\n\n\n<p><em>&#8220;\u00dcberrascht hat mich, dass Siddhartha jede Lehre ablehnt, jedoch selber eine geschaffen hat, sie aber nicht als Lehre bezeichnet.&#8221;<\/em> <strong>Julia<\/strong><\/p>\n\n\n\n<p><em>&#8220;Ich fand es \u00fcberraschend, dass Siddhartha nicht durch die Lehren von Buddha und den Samanas das Vollkommene fand, sondern dass er merkte, dass er nur von sich selbst lernen kann, dass er also sein eigener Sch\u00fcler ist.&#8221;<\/em> <strong>Jessica<\/strong><\/p>\n\n\n\n<p><em>&#8220;Dieses Buch gibt Einblicke in die \u00f6stliche Kulturund ist deswegen spannend.&#8221;<\/em> <strong>Anouk<\/strong><\/p>\n\n\n\n<p><em>&#8220;Ich nehme aus diesem Buch mit, dass es durchaus sinnvoll ist, seinen eigenen Weg zu gehen und nicht den Weg, den andere f\u00fcr dich bestimmt haben. Es ist aber auch wichtig, Beziehungen aufrecht zu erhalten, denn diese k\u00f6nnen einen sch\u00fctzen.&#8221;<\/em>  <strong>Nora<\/strong><\/p>\n\n\n\n<p><em>&#8220;F\u00fcr mich war die dichterische Sprache etwas irritirend.  Das Buch hat mir aber auch gezeigt, dass Erfahrungen (auch schwierige) auch dazu geh\u00f6ren.<\/em>&#8221; <strong>Carleen<\/strong><\/p>\n\n\n\n<p><em> &#8220;Ich sehe mich selbst auf der Suche nach meinem Gl\u00fcck und betrachte dieses Buch als einen Spiegel f\u00fcr mein Leben. Es zeigt mir, dass ich verschiedene Stationen durchleben und Tiefpunkte haben werde, aber ich hoffe und glaube, dass ich meine Ziele erreichen werde.&#8221; <\/em> <strong>Andrin <\/strong><\/p>\n\n\n\n<p><em>&#8220;Ich kann nicht Ich sein, solange ich vor meinem Ich davonlaufe. Irritiert hat mich aber auch, dass Siddhartha seinen Sohn nicht strafte, obwohl dieser viele Schandtaten beging. \u00dcberrascht hat mich, dass Kamala ihn wirklich liebte, obwohl Liebe ihre Kunst war.&#8221;<\/em> <strong>Lukas W<\/strong><\/p>\n\n\n\n<p><em>&#8220;Siddhartha gef\u00e4llt sein altes Leben nicht, weil er weiss, dass Wissen irgendwann ersch\u00f6pft ist.&#8221;<\/em> <strong>Luca<\/strong><\/p>\n\n\n\n<p><em>&#8220;Es war lehrreich, weil man viele verschiedene Lebensweisen antraf.<\/em>&#8221; <strong>Yanick<\/strong><\/p>\n\n\n\n<p><em>&#8220;Dieses Buch zeigt, dass man oft an einem Scheideweg steht und sich entscheiden muss, welche Richtung jetzt die richtige ist. Oftmals heisst dies auch, dass man Freunde und Familie hinter sich lassen muss.&#8221;<\/em> <strong>Noelle<\/strong><\/p>\n\n\n\n<p><em>&#8220;Ich fand es lehrreich, weil ich etwas \u00fcber die Herkunft des Buddhismus gelernt habe. Irritiert hat mich nur Kamaswami, weil er Siddhartha sehr ver\u00e4ndert hat und das hat mich gest\u00f6rt.&#8221;<\/em> <strong>Lina<\/strong><\/p>\n\n\n\n<p><em>&#8220;\u00dcberraschend waren f\u00fcr mich die Wiederholungen. Govindas Wiedersehen mit Siddhartha oder auch Kamalas Tod waren waren eine \u00dcberraschung.  In vielen anderen B\u00fcchern w\u00e4ren die Figuren nicht mehr vorgekommen und der Autor h\u00e4tte sie nicht mehr erw\u00e4hnt.<\/em>&#8221; <strong>Samira<\/strong><\/p>\n\n\n\n<p><\/p>\n","protected":false},"excerpt":{"rendered":"<p>Vor genau 100 Jahren verfasste Hermann Hesse die Jahrhunderterz\u00e4hlung &#8220;Siddhartha&#8221;, die drei Jahre sp\u00e4ter, 1922, erstmals erschien. In den Jahrzehnten<\/p>\n","protected":false},"author":9,"featured_media":3033,"comment_status":"open","ping_status":"closed","sticky":false,"template":"","format":"standard","meta":{"spay_email":"","jetpack_publicize_message":"","jetpack_is_tweetstorm":false},"categories":[3,5,35],"tags":[],"jetpack_featured_media_url":"https:\/\/i2.wp.com\/www.stiftsforum.ch\/blog\/wp-content\/uploads\/2019\/02\/Siddhartha.jpg?fit=260%2C434","jetpack_publicize_connections":[],"jetpack_sharing_enabled":true,"jetpack_shortlink":"https:\/\/wp.me\/p9nzRF-MU","jetpack_likes_enabled":true,"jetpack-related-posts":[{"id":5748,"url":"http:\/\/www.stiftsforum.ch\/blog\/?p=5748","url_meta":{"origin":3032,"position":0},"title":"Peter Weiss` Entwicklung vom sich selbst bespiegelnden zum politisch aktiven Beobachter","date":"November 29, 2022","format":false,"excerpt":"von Abaris Schild, 6c Der unzugeh\u00f6rige Beobachter: In seinen jungen Jahren verarbeitete Peter Weiss in seinen Werken stets seine eigenen Erfahrungen mit der verlogenen und ignoranten Gesellschaft und zog sich in \u201etotale Isolation\u201c zur\u00fcck. Sp\u00e4ter allerdings ver\u00f6ffentlichte er sozialistische Werke und trat in die Politik ein. Ein Blick auf sein\u2026","rel":"","context":"In &quot;Allgemein&quot;","img":{"alt_text":"","src":"https:\/\/i0.wp.com\/www.stiftsforum.ch\/blog\/wp-content\/uploads\/2022\/11\/standard_compressed_Peter_Weiss_1982.jpg?fit=1000%2C1000&resize=350%2C200","width":350,"height":200},"classes":[]},{"id":4267,"url":"http:\/\/www.stiftsforum.ch\/blog\/?p=4267","url_meta":{"origin":3032,"position":1},"title":"50 Jahre Frauenstimmrecht - sind dies auch 50 Jahre Gleichberechtigung?","date":"M\u00e4rz 2, 2021","format":false,"excerpt":"von Samuel Tanner, 6a Im Jahr 1971 stimmten die Schweizer M\u00e4nner, mittels Volksabstimmung, ab, ob die Frauen ein Mitspracherecht in der Politik erhalten sollen. Die Abstimmung wurde knapp angenommen und die\u00a0 Schweiz erm\u00f6glichte es Frauen somit, als eines der letzten L\u00e4nder Europas, zum ersten Mal seit Gr\u00fcndung der Eidgenossenschaft im\u2026","rel":"","context":"In &quot;Allgemein&quot;","img":{"alt_text":"","src":"https:\/\/i2.wp.com\/www.stiftsforum.ch\/blog\/wp-content\/uploads\/2021\/03\/man-101001_1920.jpg?fit=1200%2C848&resize=350%2C200","width":350,"height":200},"classes":[]},{"id":6406,"url":"http:\/\/www.stiftsforum.ch\/blog\/?p=6406","url_meta":{"origin":3032,"position":2},"title":"Die zwei Raben","date":"September 20, 2023","format":false,"excerpt":"eine Legende aus Einsiedeln, nacherz\u00e4hlt von Katharina Vogelgesang, 1a Vor 1000 Jahren, im weit entfernten Mittelalter, lebte ein M\u00f6nch, dem etwas fehlte. Er hatte eine Sehnsucht nach Gott, der Einsamkeit und dem Frieden. Doch zun\u00e4chst besuchte er eine Klosterschule auf der Insel Reichenau, schon bald lie\u00df er sich aber auf\u2026","rel":"","context":"In &quot;Allgemein&quot;","img":{"alt_text":"","src":"https:\/\/i1.wp.com\/www.stiftsforum.ch\/blog\/wp-content\/uploads\/2023\/09\/landscape-670958_1280.jpg?fit=1200%2C800&resize=350%2C200","width":350,"height":200},"classes":[]},{"id":4449,"url":"http:\/\/www.stiftsforum.ch\/blog\/?p=4449","url_meta":{"origin":3032,"position":3},"title":"\"Die Integration der M\u00e4dchen vollzog sich sehr organisch und selbstverst\u00e4ndlich\"","date":"April 27, 2021","format":false,"excerpt":"50 Jahre M\u00e4dchen an der Stiftsschule H\u00e4tte P. Thomas F\u00e4ssler nicht darauf aufmerksam gemacht, w\u00e4re in diesem Schuljahr ein Jubil\u00e4um fast vergessen worden: Seit genau 50 Jahren wird an der Stiftsschule koedukativ unterrichtet. Im Schuljahr 1970\/71 kamen die ersten sieben M\u00e4dchen in die ersten Klassen und eine erstaunlich unscheinbare, aber\u2026","rel":"","context":"In &quot;Allgemein&quot;","img":{"alt_text":"","src":"https:\/\/i0.wp.com\/www.stiftsforum.ch\/blog\/wp-content\/uploads\/2021\/04\/IMG-20210428-WA0000-1.jpg?fit=1200%2C900&resize=350%2C200","width":350,"height":200},"classes":[]},{"id":6149,"url":"http:\/\/www.stiftsforum.ch\/blog\/?p=6149","url_meta":{"origin":3032,"position":4},"title":"Vorstellung der Schweizergarde an der Stiftsschule Einsiedeln","date":"April 3, 2023","format":false,"excerpt":"von Sophia Br\u00fcllmann 30.3.2023\/Stiftsschule: Wir f\u00fchlen uns ein bisschen fehl am Platz, als wir durch den langen Gang an verschiedenen Schulzimmern vorbeilaufen. Um uns herum haupts\u00e4chlich 5.&6.-Kl\u00e4ssler, alles Jungs. Sie sind auf dem Weg zum Theatersaal, denn dort wird heute die Schweizergarde vorgestellt. Als wir den grossen Saal betreten, sitzen\u2026","rel":"","context":"In &quot;Schulanl\u00e4sse&quot;","img":{"alt_text":"","src":"https:\/\/i0.wp.com\/www.stiftsforum.ch\/blog\/wp-content\/uploads\/2023\/04\/schweizer-garde.jpg?fit=857%2C1200&resize=350%2C200","width":350,"height":200},"classes":[]},{"id":5461,"url":"http:\/\/www.stiftsforum.ch\/blog\/?p=5461","url_meta":{"origin":3032,"position":5},"title":"Streetball, Volleyball und Traktorenziehen","date":"Oktober 26, 2022","format":false,"excerpt":"Sportliches Treiben am Stiftssporttag von Raya Fankhauser und Sophia Br\u00fcllmann Dieses Jahr fand wieder der j\u00e4hrliche Sporttag der Stiftsschule Einsiedeln statt. Die ersten bis dritten Klassen mussten sich im Streetball beweisen, w\u00e4hrend die vierten bis sechsten Klassen ein Volleyballturnier bestritten. Am Montag, 19. September konnte man um etwa Viertel vor\u2026","rel":"","context":"In &quot;Allgemein&quot;","img":{"alt_text":"","src":"https:\/\/i2.wp.com\/www.stiftsforum.ch\/blog\/wp-content\/uploads\/2022\/10\/20220919_114112-scaled.jpg?fit=1200%2C900&resize=350%2C200","width":350,"height":200},"classes":[]}],"_links":{"self":[{"href":"http:\/\/www.stiftsforum.ch\/blog\/index.php?rest_route=\/wp\/v2\/posts\/3032"}],"collection":[{"href":"http:\/\/www.stiftsforum.ch\/blog\/index.php?rest_route=\/wp\/v2\/posts"}],"about":[{"href":"http:\/\/www.stiftsforum.ch\/blog\/index.php?rest_route=\/wp\/v2\/types\/post"}],"author":[{"embeddable":true,"href":"http:\/\/www.stiftsforum.ch\/blog\/index.php?rest_route=\/wp\/v2\/users\/9"}],"replies":[{"embeddable":true,"href":"http:\/\/www.stiftsforum.ch\/blog\/index.php?rest_route=%2Fwp%2Fv2%2Fcomments&post=3032"}],"version-history":[{"count":4,"href":"http:\/\/www.stiftsforum.ch\/blog\/index.php?rest_route=\/wp\/v2\/posts\/3032\/revisions"}],"predecessor-version":[{"id":3038,"href":"http:\/\/www.stiftsforum.ch\/blog\/index.php?rest_route=\/wp\/v2\/posts\/3032\/revisions\/3038"}],"wp:featuredmedia":[{"embeddable":true,"href":"http:\/\/www.stiftsforum.ch\/blog\/index.php?rest_route=\/wp\/v2\/media\/3033"}],"wp:attachment":[{"href":"http:\/\/www.stiftsforum.ch\/blog\/index.php?rest_route=%2Fwp%2Fv2%2Fmedia&parent=3032"}],"wp:term":[{"taxonomy":"category","embeddable":true,"href":"http:\/\/www.stiftsforum.ch\/blog\/index.php?rest_route=%2Fwp%2Fv2%2Fcategories&post=3032"},{"taxonomy":"post_tag","embeddable":true,"href":"http:\/\/www.stiftsforum.ch\/blog\/index.php?rest_route=%2Fwp%2Fv2%2Ftags&post=3032"}],"curies":[{"name":"wp","href":"https:\/\/api.w.org\/{rel}","templated":true}]}}