{"id":3150,"date":"2019-03-07T13:47:16","date_gmt":"2019-03-07T12:47:16","guid":{"rendered":"http:\/\/www.stiftsforum.ch\/blog\/?p=3150"},"modified":"2019-03-07T13:48:55","modified_gmt":"2019-03-07T12:48:55","slug":"vasaloppet-2019","status":"publish","type":"post","link":"http:\/\/www.stiftsforum.ch\/blog\/?p=3150","title":{"rendered":"Vasaloppet 2019"},"content":{"rendered":"\n<ul data-carousel-extra='{\"blog_id\":1,\"permalink\":\"http:\\\/\\\/www.stiftsforum.ch\\\/blog\\\/?p=3150\"}' class=\"wp-block-gallery columns-3 is-cropped\"><li class=\"blocks-gallery-item\"><figure><img data-attachment-id=\"3155\" data-permalink=\"http:\/\/www.stiftsforum.ch\/blog\/?attachment_id=3155\" data-orig-file=\"https:\/\/i2.wp.com\/www.stiftsforum.ch\/blog\/wp-content\/uploads\/2019\/03\/1-2.jpg?fit=800%2C533\" data-orig-size=\"800,533\" data-comments-opened=\"1\" data-image-meta=\"{&quot;aperture&quot;:&quot;0&quot;,&quot;credit&quot;:&quot;&quot;,&quot;camera&quot;:&quot;&quot;,&quot;caption&quot;:&quot;&quot;,&quot;created_timestamp&quot;:&quot;0&quot;,&quot;copyright&quot;:&quot;&quot;,&quot;focal_length&quot;:&quot;0&quot;,&quot;iso&quot;:&quot;0&quot;,&quot;shutter_speed&quot;:&quot;0&quot;,&quot;title&quot;:&quot;&quot;,&quot;orientation&quot;:&quot;0&quot;}\" data-image-title=\"1\" data-image-description=\"\" data-medium-file=\"https:\/\/i2.wp.com\/www.stiftsforum.ch\/blog\/wp-content\/uploads\/2019\/03\/1-2.jpg?fit=300%2C200\" data-large-file=\"https:\/\/i2.wp.com\/www.stiftsforum.ch\/blog\/wp-content\/uploads\/2019\/03\/1-2.jpg?fit=800%2C533\" loading=\"lazy\" width=\"800\" height=\"533\" src=\"https:\/\/i2.wp.com\/www.stiftsforum.ch\/blog\/wp-content\/uploads\/2019\/03\/1-2.jpg?resize=800%2C533\" alt=\"\" data-id=\"3155\" data-link=\"http:\/\/www.stiftsforum.ch\/blog\/?attachment_id=3155\" class=\"wp-image-3155\" srcset=\"https:\/\/i2.wp.com\/www.stiftsforum.ch\/blog\/wp-content\/uploads\/2019\/03\/1-2.jpg?w=800 800w, https:\/\/i2.wp.com\/www.stiftsforum.ch\/blog\/wp-content\/uploads\/2019\/03\/1-2.jpg?resize=300%2C200 300w, https:\/\/i2.wp.com\/www.stiftsforum.ch\/blog\/wp-content\/uploads\/2019\/03\/1-2.jpg?resize=768%2C512 768w\" sizes=\"(max-width: 800px) 100vw, 800px\" data-recalc-dims=\"1\" \/><\/figure><\/li><li class=\"blocks-gallery-item\"><figure><img data-attachment-id=\"3156\" data-permalink=\"http:\/\/www.stiftsforum.ch\/blog\/?attachment_id=3156\" data-orig-file=\"https:\/\/i1.wp.com\/www.stiftsforum.ch\/blog\/wp-content\/uploads\/2019\/03\/2-2.jpg?fit=800%2C600\" data-orig-size=\"800,600\" data-comments-opened=\"1\" data-image-meta=\"{&quot;aperture&quot;:&quot;0&quot;,&quot;credit&quot;:&quot;&quot;,&quot;camera&quot;:&quot;&quot;,&quot;caption&quot;:&quot;&quot;,&quot;created_timestamp&quot;:&quot;0&quot;,&quot;copyright&quot;:&quot;&quot;,&quot;focal_length&quot;:&quot;0&quot;,&quot;iso&quot;:&quot;0&quot;,&quot;shutter_speed&quot;:&quot;0&quot;,&quot;title&quot;:&quot;&quot;,&quot;orientation&quot;:&quot;0&quot;}\" data-image-title=\"2\" data-image-description=\"\" data-medium-file=\"https:\/\/i1.wp.com\/www.stiftsforum.ch\/blog\/wp-content\/uploads\/2019\/03\/2-2.jpg?fit=300%2C225\" data-large-file=\"https:\/\/i1.wp.com\/www.stiftsforum.ch\/blog\/wp-content\/uploads\/2019\/03\/2-2.jpg?fit=800%2C600\" loading=\"lazy\" width=\"800\" height=\"600\" src=\"https:\/\/i1.wp.com\/www.stiftsforum.ch\/blog\/wp-content\/uploads\/2019\/03\/2-2.jpg?resize=800%2C600\" alt=\"\" data-id=\"3156\" data-link=\"http:\/\/www.stiftsforum.ch\/blog\/?attachment_id=3156\" class=\"wp-image-3156\" srcset=\"https:\/\/i1.wp.com\/www.stiftsforum.ch\/blog\/wp-content\/uploads\/2019\/03\/2-2.jpg?w=800 800w, https:\/\/i1.wp.com\/www.stiftsforum.ch\/blog\/wp-content\/uploads\/2019\/03\/2-2.jpg?resize=300%2C225 300w, https:\/\/i1.wp.com\/www.stiftsforum.ch\/blog\/wp-content\/uploads\/2019\/03\/2-2.jpg?resize=768%2C576 768w\" sizes=\"(max-width: 800px) 100vw, 800px\" data-recalc-dims=\"1\" \/><\/figure><\/li><li class=\"blocks-gallery-item\"><figure><img data-attachment-id=\"3157\" data-permalink=\"http:\/\/www.stiftsforum.ch\/blog\/?attachment_id=3157\" data-orig-file=\"https:\/\/i2.wp.com\/www.stiftsforum.ch\/blog\/wp-content\/uploads\/2019\/03\/3-2.jpg?fit=800%2C600\" data-orig-size=\"800,600\" data-comments-opened=\"1\" data-image-meta=\"{&quot;aperture&quot;:&quot;0&quot;,&quot;credit&quot;:&quot;&quot;,&quot;camera&quot;:&quot;&quot;,&quot;caption&quot;:&quot;&quot;,&quot;created_timestamp&quot;:&quot;0&quot;,&quot;copyright&quot;:&quot;&quot;,&quot;focal_length&quot;:&quot;0&quot;,&quot;iso&quot;:&quot;0&quot;,&quot;shutter_speed&quot;:&quot;0&quot;,&quot;title&quot;:&quot;&quot;,&quot;orientation&quot;:&quot;0&quot;}\" data-image-title=\"3\" data-image-description=\"\" data-medium-file=\"https:\/\/i2.wp.com\/www.stiftsforum.ch\/blog\/wp-content\/uploads\/2019\/03\/3-2.jpg?fit=300%2C225\" data-large-file=\"https:\/\/i2.wp.com\/www.stiftsforum.ch\/blog\/wp-content\/uploads\/2019\/03\/3-2.jpg?fit=800%2C600\" loading=\"lazy\" width=\"800\" height=\"600\" src=\"https:\/\/i2.wp.com\/www.stiftsforum.ch\/blog\/wp-content\/uploads\/2019\/03\/3-2.jpg?resize=800%2C600\" alt=\"\" data-id=\"3157\" data-link=\"http:\/\/www.stiftsforum.ch\/blog\/?attachment_id=3157\" class=\"wp-image-3157\" srcset=\"https:\/\/i2.wp.com\/www.stiftsforum.ch\/blog\/wp-content\/uploads\/2019\/03\/3-2.jpg?w=800 800w, https:\/\/i2.wp.com\/www.stiftsforum.ch\/blog\/wp-content\/uploads\/2019\/03\/3-2.jpg?resize=300%2C225 300w, https:\/\/i2.wp.com\/www.stiftsforum.ch\/blog\/wp-content\/uploads\/2019\/03\/3-2.jpg?resize=768%2C576 768w\" sizes=\"(max-width: 800px) 100vw, 800px\" data-recalc-dims=\"1\" \/><\/figure><\/li><\/ul>\n\n\n\n<p> Jedes Jahr am ersten Sonntag im M\u00e4rz findet der \u00e4lteste, ber\u00fchmteste und gr\u00f6sste Volkslauf der Welt statt, der Vasaloppet oder Wasalauf. Um Punkt 8 Uhr f\u00e4llt f\u00fcr ca. 16.000 L\u00e4uferinnen und L\u00e4ufer der Startschuss f\u00fcr die 90 Kilometer von S\u00e4len, quer durch Mittelschweden, nach Mora. Der Lauf muss in der klassischen Technik absolviert werden und z\u00e4hlt zur Serie der Visama Skiclassics, die von Profi-Teams dominiert wird.  <\/p>\n\n\n\n<p>Sportlehrer Reto Brunner stellte sich heuer zum ersten Mal dieser Herausforderung. Neben der Strecke im Allgemeinen wurde 2019 das Rennen durch Schneefall und starken Gegenwind zus\u00e4tzlich erschwert. Die Professionals an der Spitze des Rennens hatten mit den garstigen Bedingungen zu k\u00e4mpfen und brauchten gut eine Stunde l\u00e4nger als beim Streckenrekord. Der Sieger, Tore Berdal aus Norwegen, traf nach 4h 39min 15sec im Ziel in Mora ein.<br>42 min 18sec sp\u00e4ter passierte Reto Brunner als 259. im Ziel ein. Damit wird er in seiner Altersklasse 29. und zweitschnellster Schweizer.  <\/p>\n\n\n\n<p><\/p>\n","protected":false},"excerpt":{"rendered":"<p>Jedes Jahr am ersten Sonntag im M\u00e4rz findet der \u00e4lteste, ber\u00fchmteste und gr\u00f6sste Volkslauf der Welt statt, der Vasaloppet oder<\/p>\n","protected":false},"author":9,"featured_media":3154,"comment_status":"open","ping_status":"closed","sticky":false,"template":"","format":"standard","meta":{"spay_email":"","jetpack_publicize_message":"","jetpack_is_tweetstorm":false},"categories":[34],"tags":[],"jetpack_featured_media_url":"https:\/\/i1.wp.com\/www.stiftsforum.ch\/blog\/wp-content\/uploads\/2019\/03\/4-1.jpg?fit=799%2C600","jetpack_publicize_connections":[],"jetpack_sharing_enabled":true,"jetpack_shortlink":"https:\/\/wp.me\/p9nzRF-OO","jetpack_likes_enabled":true,"jetpack-related-posts":[{"id":3011,"url":"http:\/\/www.stiftsforum.ch\/blog\/?p=3011","url_meta":{"origin":3150,"position":0},"title":"#wirlebenwintersport","date":"Februar 1, 2019","format":false,"excerpt":"Langlauf, Biathlon, Eishockey, Eislauf, Curling, im Stiftswinterpark, Ski alpin und Schlitteln am Friherrenberg direkt neben dem Kloster - Wintersport an der Stiftsschule Fotos: Reto Brunner","rel":"","context":"In &quot;Sport&quot;","img":{"alt_text":"","src":"https:\/\/i0.wp.com\/www.stiftsforum.ch\/blog\/wp-content\/uploads\/2019\/02\/gPfldExYTO6llyIJ7n256yQ.jpeg?fit=1200%2C900&resize=350%2C200","width":350,"height":200},"classes":[]},{"id":5057,"url":"http:\/\/www.stiftsforum.ch\/blog\/?p=5057","url_meta":{"origin":3150,"position":1},"title":"Die erste und wichtigste Anlaufstelle","date":"Februar 10, 2022","format":false,"excerpt":"ein Podcast von Erin Schuler, 2d Alles funktioniert reibungslos und z\u00fcgig. Doch wer sind die beiden Frauen, die das Sekretariat leiten? Ein Podcast \u00fcber die \"erste und wichtigste Anlaufstelle\" der Stiftsschule.","rel":"","context":"In &quot;Allgemein&quot;","img":{"alt_text":"","src":"https:\/\/i1.wp.com\/www.stiftsforum.ch\/blog\/wp-content\/uploads\/2022\/02\/Sekretariat-1.jpg?fit=1200%2C900&resize=350%2C200","width":350,"height":200},"classes":[]},{"id":4539,"url":"http:\/\/www.stiftsforum.ch\/blog\/?p=4539","url_meta":{"origin":3150,"position":2},"title":"Sporttag - Das Programm","date":"Oktober 19, 2021","format":false,"excerpt":"Postenlauf: Posten 1: Megamemory Die ganze Klasse musste im Uhrzeigersinn immer zwei Memoryk\u00e4rtchen aufdecken. Auf dem Memory waren die Lehrer der Sch\u00fcler. Posten 2: Galeerentransport Pro Klasse gab es zwei Gruppen. Jede Gruppe musste auf einem Flos zur Boje und zur\u00fcckpaddeln. Die beiden Zeiten wurden dann zusammengez\u00e4hlt. Posten 3: Garettenrennen\u2026","rel":"","context":"In &quot;Schulanl\u00e4sse&quot;","img":{"alt_text":"","src":"https:\/\/i0.wp.com\/www.stiftsforum.ch\/blog\/wp-content\/uploads\/2021\/10\/IMG_7803.jpg?fit=1200%2C800&resize=350%2C200","width":350,"height":200},"classes":[]},{"id":5028,"url":"http:\/\/www.stiftsforum.ch\/blog\/?p=5028","url_meta":{"origin":3150,"position":3},"title":"Et pervenies - das erste Semester ist geschafft!","date":"Januar 25, 2022","format":false,"excerpt":"von Sophia Br\u00fcllmann, 1c Sporttag, Herbstwandertag, die Einkehrtage im Melchtal f\u00fcr die Erstkl\u00e4ssler. In diesem ersten Semester des Schuljahres 21\/22 ist echt viel gelaufen. Und auch wir, die Schulredaktion, haben fleissig Berichte \u00fcber das Leben an der Stiftsschule geschrieben, Events dokumentiert und Podcasts aufgenommen. Doch bald geht dieses Halbjahr auch\u2026","rel":"","context":"In &quot;Allgemein&quot;","img":{"alt_text":"","src":"https:\/\/i0.wp.com\/www.stiftsforum.ch\/blog\/wp-content\/uploads\/2022\/01\/Titelbild_Et-pervenies-das-erste-Semester-ist-geschafft-scaled.jpg?fit=1200%2C900&resize=350%2C200","width":350,"height":200},"classes":[]},{"id":3581,"url":"http:\/\/www.stiftsforum.ch\/blog\/?p=3581","url_meta":{"origin":3150,"position":4},"title":"Schwyzer Meister im Orientierungslauf","date":"Mai 23, 2019","format":false,"excerpt":"Am 15.5.2019 fand in Goldau die Schwyzer scool-Meisterschaft statt. Die Stiftsschule gewann dabei die Kategorie Knaben A mit dem Team Corsin M\u00fcller \/ Jamie R\u00fcegg (1a) und wurde somit Schwyzer Meister.","rel":"","context":"In &quot;Sport&quot;","img":{"alt_text":"","src":"https:\/\/i1.wp.com\/www.stiftsforum.ch\/blog\/wp-content\/uploads\/2019\/05\/image1.jpeg?fit=900%2C1200&resize=350%2C200","width":350,"height":200},"classes":[]},{"id":6098,"url":"http:\/\/www.stiftsforum.ch\/blog\/?p=6098","url_meta":{"origin":3150,"position":5},"title":"Die 1c News","date":"Februar 18, 2023","format":false,"excerpt":"Im Rahmen des Deutschunterrichts gab die 1c letzte Woche die erste Ausgabe ihrer Klassenzeitung \"1c News\" heraus. Im Anhang eine Onlinevariante mit spannenden Reportagen zu Georgien und \u00c4gypten, neuen Hobbys wie Inlinehockey oder Orientierungslauf und Portraits von Madame Doro und Michi K\u00e4lin. Klassenzeitung 1c-NewsHerunterladen","rel":"","context":"In &quot;Allgemein&quot;","img":{"alt_text":"","src":"https:\/\/i0.wp.com\/www.stiftsforum.ch\/blog\/wp-content\/uploads\/2023\/02\/newspaper-1.png?fit=926%2C797&resize=350%2C200","width":350,"height":200},"classes":[]}],"_links":{"self":[{"href":"http:\/\/www.stiftsforum.ch\/blog\/index.php?rest_route=\/wp\/v2\/posts\/3150"}],"collection":[{"href":"http:\/\/www.stiftsforum.ch\/blog\/index.php?rest_route=\/wp\/v2\/posts"}],"about":[{"href":"http:\/\/www.stiftsforum.ch\/blog\/index.php?rest_route=\/wp\/v2\/types\/post"}],"author":[{"embeddable":true,"href":"http:\/\/www.stiftsforum.ch\/blog\/index.php?rest_route=\/wp\/v2\/users\/9"}],"replies":[{"embeddable":true,"href":"http:\/\/www.stiftsforum.ch\/blog\/index.php?rest_route=%2Fwp%2Fv2%2Fcomments&post=3150"}],"version-history":[{"count":2,"href":"http:\/\/www.stiftsforum.ch\/blog\/index.php?rest_route=\/wp\/v2\/posts\/3150\/revisions"}],"predecessor-version":[{"id":3160,"href":"http:\/\/www.stiftsforum.ch\/blog\/index.php?rest_route=\/wp\/v2\/posts\/3150\/revisions\/3160"}],"wp:featuredmedia":[{"embeddable":true,"href":"http:\/\/www.stiftsforum.ch\/blog\/index.php?rest_route=\/wp\/v2\/media\/3154"}],"wp:attachment":[{"href":"http:\/\/www.stiftsforum.ch\/blog\/index.php?rest_route=%2Fwp%2Fv2%2Fmedia&parent=3150"}],"wp:term":[{"taxonomy":"category","embeddable":true,"href":"http:\/\/www.stiftsforum.ch\/blog\/index.php?rest_route=%2Fwp%2Fv2%2Fcategories&post=3150"},{"taxonomy":"post_tag","embeddable":true,"href":"http:\/\/www.stiftsforum.ch\/blog\/index.php?rest_route=%2Fwp%2Fv2%2Ftags&post=3150"}],"curies":[{"name":"wp","href":"https:\/\/api.w.org\/{rel}","templated":true}]}}