{"id":3170,"date":"2019-03-14T23:33:52","date_gmt":"2019-03-14T22:33:52","guid":{"rendered":"http:\/\/www.stiftsforum.ch\/blog\/?p=3170"},"modified":"2019-04-17T22:42:38","modified_gmt":"2019-04-17T21:42:38","slug":"die-geschichte-ist-sehr-ernst-zu-nehmen","status":"publish","type":"post","link":"http:\/\/www.stiftsforum.ch\/blog\/?p=3170","title":{"rendered":"&#8220;Die Geschichte ist sehr ernst zu nehmen&#8221;"},"content":{"rendered":"\n<p><strong>Zu Gudrun Pausewangs Jugendroman &#8220;Reise im August&#8221;.<\/strong><\/p>\n\n\n\n<p>Der Titel mag unscheinbar und nach sommerlicher Idylle klingen, doch dieser Jugendroman von Gudrun Pausewang zeigt knallhart die Realit\u00e4t des Nationalsozialismus auf. Eingepfercht in einen Viehwaggon werden j\u00fcdische Familien ins Konzentrationslager Auschwitz deportiert, unter ihnen die 11j\u00e4hrige Alice, die nach jahrelangem Versteck in einer Kellerwohnung auf eine bessere Zukunft hofft. Ob sich ihre Tr\u00e4ume erf\u00fcllen werden?<\/p>\n\n\n\n<p>Die 2b hat das Buch gelesen und sich Gedanken dazu gemacht: <\/p>\n\n\n\n<p><em>&#8220;Die Judenverfolgung im Nationalsozialismus war ein schreckliches Verbrechen.&#8221;<\/em> <strong>Anna<\/strong><\/p>\n\n\n\n<p><em>&#8220;Wie wenig Ahnung die Menschen im Zug hatten!&#8221;<\/em> <strong>Lynn<\/strong><\/p>\n\n\n\n<p><em>&#8220;Es ist wichtig, dass man den Holocaust nicht vergisst.&#8221;<\/em> <strong>Selina<\/strong><\/p>\n\n\n\n<p><em>&#8220;Es gibt Orte, da hat es gar kein WC.&#8221;<\/em><\/p>\n\n\n\n<p><em>&#8220;Ich habe sehr viel Geschichtliches gelernt \u00fcber die Zeit des Nationalsozialismus. Doch je l\u00e4nger ich dieses Buch gelesen habe, desto mehr fand ich auch etwas \u00fcber die Pers\u00f6nlichkeiten der Juden heraus. Alice und all die anderen haben die gleichen Interessen und Hobbies wie ich selber.&#8221; <\/em><strong>Sina<\/strong><\/p>\n\n\n\n<p><em>&#8220;Wir sind alle Menschen, egal welche Religion oder Hautfarbe wir haben. Man sollte nie jemanden so verachten wie Hitler es getan hat.&#8221;<\/em> <strong>Samuel<\/strong><\/p>\n\n\n\n<p><em>&#8220;Ich kann mir vorstellen, wie schrecklich es in den Viehwaggons und im KZ war, auch wenn es wahrscheinlich nicht ansatzweise an die schreckliche Realit\u00e4t herankommt.&#8221;<\/em> <strong>Jana<\/strong><br><\/p>\n\n\n\n<p>&#8220;<em>Wie sich Juden verstecken mussten, einfach nur unglaublich.&#8221;<\/em> <strong>Lorenzo<\/strong><\/p>\n\n\n\n<p><em>&#8220;Alles aus der Perspektive von Alice, wie sie ihre Deportation erlebt hat.&#8221;<\/em><strong>Tizian<\/strong><\/p>\n\n\n\n<p><em>&#8220;Um ehrlich zu sein, wusste ich noch nicht so viel \u00fcber die Verfolgung der Juden. Aber nach diesem Buch wurde mir vieles klar. Toll finde ich, wie die Autorin uns dieses Wissen vermittelt und wie sie mit dem Hauptcharakter Alice die Situation von damals beschreibt.&#8221;<\/em> <strong>Leonie<\/strong><\/p>\n\n\n\n<p><em>&#8220;Die Nicht-Juden interessierte es nicht, was mit den Juden passiert.&#8221;<\/em> <strong>Julia<\/strong><\/p>\n\n\n\n<p><em>&#8220;Wie die Deutschen alle get\u00e4uscht haben!&#8221;<\/em> <strong>Filippa<\/strong><\/p>\n\n\n\n<p><em>&#8220;Ich nehme mit, dass die Menschen in Not zusammengehalten haben.&#8221; <\/em><strong>Matteo<\/strong><\/p>\n\n\n\n<p>&#8220;<em>Immer wieder wird beschrieben, wie die Menschen im Zug einander helfen und unterst\u00fctzen. Ich finde das bewundernswert.&#8221;<\/em> <strong>Nina<\/strong><\/p>\n\n\n\n<p><em>&#8220;Es ist ein erfundenes Buch mit ein bisschen Wahrheit, die einen zum Nachdenken anregen kann.&#8221;<\/em> <strong>David<\/strong><\/p>\n\n\n\n<p><em>&#8220;Man kann auch fremden Menschen vertrauen und mit ihnen sprechen.&#8221; <\/em><strong>Michi<\/strong><\/p>\n\n\n\n<p><em>&#8220;Ich bin froh, dass die Nazis den Krieg verloren haben.&#8221;<\/em> <strong>Tobias<\/strong><\/p>\n\n\n\n<p><em>&#8220;Man sollte nicht vergessen, was passiert ist.&#8221;<\/em> <strong>Basil<\/strong><\/p>\n\n\n\n<p><em>&#8220;Ueber diese Zeit sollte man nicht scherzen. Wenn man selber in dieser Situation gewesen w\u00e4re, w\u00e4re das das Schlimmste, was man sich \u00fcberhaupt vorstellen kann. Die Geschichte ist sehr ernst zu nehmen.&#8221;<\/em> <strong>Marius<\/strong><\/p>\n\n\n\n<p>&#8220;<em>So etwas sollte sich nie mehr wiederholen.&#8221;<\/em><strong> Lara<\/strong><br><\/p>\n\n\n\n<p><\/p>\n","protected":false},"excerpt":{"rendered":"<p>Zu Gudrun Pausewangs Jugendroman &#8220;Reise im August&#8221;. Der Titel mag unscheinbar und nach sommerlicher Idylle klingen, doch dieser Jugendroman von<\/p>\n","protected":false},"author":9,"featured_media":3171,"comment_status":"open","ping_status":"closed","sticky":false,"template":"","format":"standard","meta":{"spay_email":"","jetpack_publicize_message":"","jetpack_is_tweetstorm":false},"categories":[5,35],"tags":[],"jetpack_featured_media_url":"https:\/\/i0.wp.com\/www.stiftsforum.ch\/blog\/wp-content\/uploads\/2019\/03\/1-3.jpg?fit=341%2C499","jetpack_publicize_connections":[],"jetpack_sharing_enabled":true,"jetpack_shortlink":"https:\/\/wp.me\/p9nzRF-P8","jetpack_likes_enabled":true,"jetpack-related-posts":[{"id":5741,"url":"http:\/\/www.stiftsforum.ch\/blog\/?p=5741","url_meta":{"origin":3170,"position":0},"title":"Das Motiv \"Nationalsozialismus\" in Peter Weiss \"Ermittlung\" und Alfred Anderschs \"Vater eines M\u00f6rders\"","date":"November 29, 2022","format":false,"excerpt":"von Lukas Zanker, 6c Zw\u00f6lf Jahre lang herrschte der nationalsozialistische Terror \u00fcber Deutschland und ganz Europa. In den sechs Jahren Krieg fanden, nebst Millionen von Soldaten und Zivilisten, sch\u00e4tzungsweise \u00fcber sechs Millionen Juden, Sinti, Roma, Slawen und sonstige \"Untermenschen\" in den deutschen KZs den Tod. Unter dem Reichsf\u00fchrer SS Heinrich\u2026","rel":"","context":"In &quot;Allgemein&quot;","img":{"alt_text":"","src":"https:\/\/i0.wp.com\/www.stiftsforum.ch\/blog\/wp-content\/uploads\/2022\/11\/Die-Ermittlung.jpg?fit=218%2C218&resize=350%2C200","width":350,"height":200},"classes":[]},{"id":6318,"url":"http:\/\/www.stiftsforum.ch\/blog\/?p=6318","url_meta":{"origin":3170,"position":1},"title":"Podcast time in Konstanz","date":"Juni 5, 2023","format":false,"excerpt":"Die 2b verbrachte ihr Klassenlager in Kreuzlingen\/Konstanz. Diese Podcasts sind daraus entstanden. Fluggeschichte mit Zeppelin und Dornier Jan Hus - Ein Reformator, der f\u00fcr seinen Glauben starb Mittelalterliche Kunst im Rosengart-Museum Knochengeschichte(n) in der Arch\u00e4ologie Konstanz im Nationalsozialismus I Konstanz im Nationalsozialismus II","rel":"","context":"In &quot;Allgemein&quot;","img":{"alt_text":"","src":"https:\/\/i0.wp.com\/www.stiftsforum.ch\/blog\/wp-content\/uploads\/2023\/06\/constancy-gf3b664791_1280.jpg?fit=1200%2C800&resize=350%2C200","width":350,"height":200},"classes":[]},{"id":4141,"url":"http:\/\/www.stiftsforum.ch\/blog\/?p=4141","url_meta":{"origin":3170,"position":2},"title":"\u00abErebos ist zur\u00fcck\u2026 und es hat dazu gelernt\u00bb","date":"Januar 25, 2021","format":false,"excerpt":"von Dominick Lothenbach, 1d \u00abSeit ich bescheid weiss, habe ich keine Nacht mehr l\u00e4nger als drei Stunden geschlafen.\u00bb Mit diesen Worten beginnt der Jugendroman Erebos 2. Die erste Hauptfigur ist der 26-j\u00e4hrige Student Nick Dunmore. Er versucht sein Studium als Hochzeitsfotograf zu finanzieren. Als Nick gerade von einem Auftrag zur\u00fcck\u2026","rel":"","context":"In &quot;Buchkritik&quot;","img":{"alt_text":"","src":"https:\/\/i2.wp.com\/www.stiftsforum.ch\/blog\/wp-content\/uploads\/2021\/01\/erebos-bild-journalism-scaled.jpg?fit=786%2C1200&resize=350%2C200","width":350,"height":200},"classes":[]},{"id":4831,"url":"http:\/\/www.stiftsforum.ch\/blog\/?p=4831","url_meta":{"origin":3170,"position":3},"title":"Was ist das, was Ihr wollt?","date":"November 23, 2021","format":false,"excerpt":"Arno Camenisch besuchte die Stiftsschule und sprach mit den Sch\u00fclerinnen und Sch\u00fclern \u00fcber Literatur und die grossen Fragen des Lebens. (22.11.2021) Die Idee stammt urspr\u00fcnglich von Abt Urban. Er hatte Arno Camenisch bei einer gemeinsamen Fernsehsendung kennengelernt und so die Anregung in die Stiftsschule gebracht: Diesen Schweizer Autor m\u00fcsste man\u2026","rel":"","context":"In &quot;Schulanl\u00e4sse&quot;","img":{"alt_text":"","src":"https:\/\/i0.wp.com\/www.stiftsforum.ch\/blog\/wp-content\/uploads\/2021\/11\/camenisch-2.jpg?fit=1200%2C1200&resize=350%2C200","width":350,"height":200},"classes":[]},{"id":5587,"url":"http:\/\/www.stiftsforum.ch\/blog\/?p=5587","url_meta":{"origin":3170,"position":4},"title":"Auf der Suche nach sich selbst","date":"November 1, 2022","format":false,"excerpt":"Edouard Louis neuer Roman \u201eAnleitung ein anderer zu werden\u201c Man w\u00fcrde ihn am liebsten tr\u00f6sten, ihm sagen, er solle sich nicht so einen Druck machen, ein \u201eanderer zu werden\u201c, sich nicht so vom Blendwerk b\u00fcrgerlicher Regeln beeindrucken lassen, das vielleicht in einem bestimmten Milieu gilt, aber keinerlei Allgemeing\u00fcltigkeit beanspruchen kann,\u2026","rel":"","context":"In &quot;Buchkritik&quot;","img":{"alt_text":"","src":"https:\/\/i2.wp.com\/www.stiftsforum.ch\/blog\/wp-content\/uploads\/2022\/11\/20221101_150634-scaled.jpg?fit=1200%2C900&resize=350%2C200","width":350,"height":200},"classes":[]},{"id":1242,"url":"http:\/\/www.stiftsforum.ch\/blog\/?p=1242","url_meta":{"origin":3170,"position":5},"title":"Klaus-C\u00e4sar Zehrer: Das Genie","date":"September 26, 2017","format":false,"excerpt":"Eine Buchkritik von Benedikt Aegerter Romane \u00fcber real existierende Personen, besonders wenn es dann noch Genies sind, sind meistens eine schwierige Angelegenheit. Noch schwieriger, wenn ihre Lebensgeschichte tragisch ist. Klaus-C\u00e4sar Zehrer umschifft die T\u00fccken des Genres gekonnt und f\u00fchrt mit viel Sprachwitz und Ironie in die Welt einer ebenso genialen\u2026","rel":"","context":"In &quot;Buchkritik&quot;","img":{"alt_text":"","src":"https:\/\/i2.wp.com\/www.stiftsforum.ch\/blog\/wp-content\/uploads\/2017\/09\/2.jpg?fit=314%2C500&resize=350%2C200","width":350,"height":200},"classes":[]}],"_links":{"self":[{"href":"http:\/\/www.stiftsforum.ch\/blog\/index.php?rest_route=\/wp\/v2\/posts\/3170"}],"collection":[{"href":"http:\/\/www.stiftsforum.ch\/blog\/index.php?rest_route=\/wp\/v2\/posts"}],"about":[{"href":"http:\/\/www.stiftsforum.ch\/blog\/index.php?rest_route=\/wp\/v2\/types\/post"}],"author":[{"embeddable":true,"href":"http:\/\/www.stiftsforum.ch\/blog\/index.php?rest_route=\/wp\/v2\/users\/9"}],"replies":[{"embeddable":true,"href":"http:\/\/www.stiftsforum.ch\/blog\/index.php?rest_route=%2Fwp%2Fv2%2Fcomments&post=3170"}],"version-history":[{"count":5,"href":"http:\/\/www.stiftsforum.ch\/blog\/index.php?rest_route=\/wp\/v2\/posts\/3170\/revisions"}],"predecessor-version":[{"id":3222,"href":"http:\/\/www.stiftsforum.ch\/blog\/index.php?rest_route=\/wp\/v2\/posts\/3170\/revisions\/3222"}],"wp:featuredmedia":[{"embeddable":true,"href":"http:\/\/www.stiftsforum.ch\/blog\/index.php?rest_route=\/wp\/v2\/media\/3171"}],"wp:attachment":[{"href":"http:\/\/www.stiftsforum.ch\/blog\/index.php?rest_route=%2Fwp%2Fv2%2Fmedia&parent=3170"}],"wp:term":[{"taxonomy":"category","embeddable":true,"href":"http:\/\/www.stiftsforum.ch\/blog\/index.php?rest_route=%2Fwp%2Fv2%2Fcategories&post=3170"},{"taxonomy":"post_tag","embeddable":true,"href":"http:\/\/www.stiftsforum.ch\/blog\/index.php?rest_route=%2Fwp%2Fv2%2Ftags&post=3170"}],"curies":[{"name":"wp","href":"https:\/\/api.w.org\/{rel}","templated":true}]}}