{"id":3566,"date":"2019-05-23T21:41:30","date_gmt":"2019-05-23T20:41:30","guid":{"rendered":"http:\/\/www.stiftsforum.ch\/blog\/?p=3566"},"modified":"2019-05-23T21:43:11","modified_gmt":"2019-05-23T20:43:11","slug":"schulsporttag-in-basel","status":"publish","type":"post","link":"http:\/\/www.stiftsforum.ch\/blog\/?p=3566","title":{"rendered":"Schulsporttag in Basel"},"content":{"rendered":"\n<ul data-carousel-extra='{\"blog_id\":1,\"permalink\":\"http:\\\/\\\/www.stiftsforum.ch\\\/blog\\\/?p=3566\"}' class=\"wp-block-gallery columns-3 is-cropped\"><li class=\"blocks-gallery-item\"><figure><img data-attachment-id=\"3570\" data-permalink=\"http:\/\/www.stiftsforum.ch\/blog\/?attachment_id=3570\" data-orig-file=\"https:\/\/i2.wp.com\/www.stiftsforum.ch\/blog\/wp-content\/uploads\/2019\/05\/20190522_082039-1.jpg?fit=4032%2C3024\" data-orig-size=\"4032,3024\" data-comments-opened=\"1\" data-image-meta=\"{&quot;aperture&quot;:&quot;1.7&quot;,&quot;credit&quot;:&quot;&quot;,&quot;camera&quot;:&quot;SM-G930F&quot;,&quot;caption&quot;:&quot;&quot;,&quot;created_timestamp&quot;:&quot;1558513239&quot;,&quot;copyright&quot;:&quot;&quot;,&quot;focal_length&quot;:&quot;4.2&quot;,&quot;iso&quot;:&quot;40&quot;,&quot;shutter_speed&quot;:&quot;0.0023866348448687&quot;,&quot;title&quot;:&quot;&quot;,&quot;orientation&quot;:&quot;1&quot;}\" data-image-title=\"20190522_082039-1\" data-image-description=\"\" data-medium-file=\"https:\/\/i2.wp.com\/www.stiftsforum.ch\/blog\/wp-content\/uploads\/2019\/05\/20190522_082039-1.jpg?fit=300%2C225\" data-large-file=\"https:\/\/i2.wp.com\/www.stiftsforum.ch\/blog\/wp-content\/uploads\/2019\/05\/20190522_082039-1.jpg?fit=800%2C600\" loading=\"lazy\" width=\"4032\" height=\"3024\" src=\"https:\/\/i0.wp.com\/www.stiftsforum.ch\/blog\/wp-content\/uploads\/2019\/05\/20190522_082039-1.jpg?fit=800%2C600\" alt=\"\" data-id=\"3570\" data-link=\"http:\/\/www.stiftsforum.ch\/blog\/?attachment_id=3570\" class=\"wp-image-3570\" srcset=\"https:\/\/i2.wp.com\/www.stiftsforum.ch\/blog\/wp-content\/uploads\/2019\/05\/20190522_082039-1.jpg?w=4032 4032w, https:\/\/i2.wp.com\/www.stiftsforum.ch\/blog\/wp-content\/uploads\/2019\/05\/20190522_082039-1.jpg?resize=300%2C225 300w, https:\/\/i2.wp.com\/www.stiftsforum.ch\/blog\/wp-content\/uploads\/2019\/05\/20190522_082039-1.jpg?resize=768%2C576 768w, https:\/\/i2.wp.com\/www.stiftsforum.ch\/blog\/wp-content\/uploads\/2019\/05\/20190522_082039-1.jpg?resize=1024%2C768 1024w, https:\/\/i2.wp.com\/www.stiftsforum.ch\/blog\/wp-content\/uploads\/2019\/05\/20190522_082039-1.jpg?w=1600 1600w, https:\/\/i2.wp.com\/www.stiftsforum.ch\/blog\/wp-content\/uploads\/2019\/05\/20190522_082039-1.jpg?w=2400 2400w\" sizes=\"(max-width: 800px) 100vw, 800px\" \/><\/figure><\/li><li class=\"blocks-gallery-item\"><figure><img data-attachment-id=\"3571\" data-permalink=\"http:\/\/www.stiftsforum.ch\/blog\/?attachment_id=3571\" data-orig-file=\"https:\/\/i1.wp.com\/www.stiftsforum.ch\/blog\/wp-content\/uploads\/2019\/05\/20190522_125959-1.jpg?fit=4032%2C3024\" data-orig-size=\"4032,3024\" data-comments-opened=\"1\" data-image-meta=\"{&quot;aperture&quot;:&quot;1.7&quot;,&quot;credit&quot;:&quot;&quot;,&quot;camera&quot;:&quot;SM-G930F&quot;,&quot;caption&quot;:&quot;&quot;,&quot;created_timestamp&quot;:&quot;1558529999&quot;,&quot;copyright&quot;:&quot;&quot;,&quot;focal_length&quot;:&quot;4.2&quot;,&quot;iso&quot;:&quot;40&quot;,&quot;shutter_speed&quot;:&quot;0.00031645569620253&quot;,&quot;title&quot;:&quot;&quot;,&quot;orientation&quot;:&quot;1&quot;}\" data-image-title=\"20190522_125959-1\" data-image-description=\"\" data-medium-file=\"https:\/\/i1.wp.com\/www.stiftsforum.ch\/blog\/wp-content\/uploads\/2019\/05\/20190522_125959-1.jpg?fit=300%2C225\" data-large-file=\"https:\/\/i1.wp.com\/www.stiftsforum.ch\/blog\/wp-content\/uploads\/2019\/05\/20190522_125959-1.jpg?fit=800%2C600\" loading=\"lazy\" width=\"4032\" height=\"3024\" src=\"https:\/\/i0.wp.com\/www.stiftsforum.ch\/blog\/wp-content\/uploads\/2019\/05\/20190522_125959-1.jpg?fit=800%2C600\" alt=\"\" data-id=\"3571\" data-link=\"http:\/\/www.stiftsforum.ch\/blog\/?attachment_id=3571\" class=\"wp-image-3571\" srcset=\"https:\/\/i1.wp.com\/www.stiftsforum.ch\/blog\/wp-content\/uploads\/2019\/05\/20190522_125959-1.jpg?w=4032 4032w, https:\/\/i1.wp.com\/www.stiftsforum.ch\/blog\/wp-content\/uploads\/2019\/05\/20190522_125959-1.jpg?resize=300%2C225 300w, https:\/\/i1.wp.com\/www.stiftsforum.ch\/blog\/wp-content\/uploads\/2019\/05\/20190522_125959-1.jpg?resize=768%2C576 768w, https:\/\/i1.wp.com\/www.stiftsforum.ch\/blog\/wp-content\/uploads\/2019\/05\/20190522_125959-1.jpg?resize=1024%2C768 1024w, https:\/\/i1.wp.com\/www.stiftsforum.ch\/blog\/wp-content\/uploads\/2019\/05\/20190522_125959-1.jpg?w=1600 1600w, https:\/\/i1.wp.com\/www.stiftsforum.ch\/blog\/wp-content\/uploads\/2019\/05\/20190522_125959-1.jpg?w=2400 2400w\" sizes=\"(max-width: 800px) 100vw, 800px\" \/><\/figure><\/li><li class=\"blocks-gallery-item\"><figure><img data-attachment-id=\"3572\" data-permalink=\"http:\/\/www.stiftsforum.ch\/blog\/?attachment_id=3572\" data-orig-file=\"https:\/\/i2.wp.com\/www.stiftsforum.ch\/blog\/wp-content\/uploads\/2019\/05\/20190522_132633.jpg?fit=3024%2C4032\" data-orig-size=\"3024,4032\" data-comments-opened=\"1\" data-image-meta=\"{&quot;aperture&quot;:&quot;1.7&quot;,&quot;credit&quot;:&quot;&quot;,&quot;camera&quot;:&quot;SM-G930F&quot;,&quot;caption&quot;:&quot;&quot;,&quot;created_timestamp&quot;:&quot;1558531593&quot;,&quot;copyright&quot;:&quot;&quot;,&quot;focal_length&quot;:&quot;4.2&quot;,&quot;iso&quot;:&quot;40&quot;,&quot;shutter_speed&quot;:&quot;0.00058962264150943&quot;,&quot;title&quot;:&quot;&quot;,&quot;orientation&quot;:&quot;1&quot;}\" data-image-title=\"20190522_132633\" data-image-description=\"\" data-medium-file=\"https:\/\/i2.wp.com\/www.stiftsforum.ch\/blog\/wp-content\/uploads\/2019\/05\/20190522_132633.jpg?fit=225%2C300\" data-large-file=\"https:\/\/i2.wp.com\/www.stiftsforum.ch\/blog\/wp-content\/uploads\/2019\/05\/20190522_132633.jpg?fit=768%2C1024\" loading=\"lazy\" width=\"3024\" height=\"4032\" src=\"https:\/\/i1.wp.com\/www.stiftsforum.ch\/blog\/wp-content\/uploads\/2019\/05\/20190522_132633.jpg?fit=768%2C1024\" alt=\"\" data-id=\"3572\" data-link=\"http:\/\/www.stiftsforum.ch\/blog\/?attachment_id=3572\" class=\"wp-image-3572\" srcset=\"https:\/\/i2.wp.com\/www.stiftsforum.ch\/blog\/wp-content\/uploads\/2019\/05\/20190522_132633.jpg?w=3024 3024w, https:\/\/i2.wp.com\/www.stiftsforum.ch\/blog\/wp-content\/uploads\/2019\/05\/20190522_132633.jpg?resize=225%2C300 225w, https:\/\/i2.wp.com\/www.stiftsforum.ch\/blog\/wp-content\/uploads\/2019\/05\/20190522_132633.jpg?resize=768%2C1024 768w, https:\/\/i2.wp.com\/www.stiftsforum.ch\/blog\/wp-content\/uploads\/2019\/05\/20190522_132633.jpg?w=1600 1600w, https:\/\/i2.wp.com\/www.stiftsforum.ch\/blog\/wp-content\/uploads\/2019\/05\/20190522_132633.jpg?w=2400 2400w\" sizes=\"(max-width: 800px) 100vw, 800px\" \/><\/figure><\/li><li class=\"blocks-gallery-item\"><figure><img data-attachment-id=\"3573\" data-permalink=\"http:\/\/www.stiftsforum.ch\/blog\/?attachment_id=3573\" data-orig-file=\"https:\/\/i0.wp.com\/www.stiftsforum.ch\/blog\/wp-content\/uploads\/2019\/05\/20190522_133930.jpg?fit=4032%2C3024\" data-orig-size=\"4032,3024\" data-comments-opened=\"1\" data-image-meta=\"{&quot;aperture&quot;:&quot;1.7&quot;,&quot;credit&quot;:&quot;&quot;,&quot;camera&quot;:&quot;SM-G930F&quot;,&quot;caption&quot;:&quot;&quot;,&quot;created_timestamp&quot;:&quot;1558532370&quot;,&quot;copyright&quot;:&quot;&quot;,&quot;focal_length&quot;:&quot;4.2&quot;,&quot;iso&quot;:&quot;40&quot;,&quot;shutter_speed&quot;:&quot;0.00098814229249012&quot;,&quot;title&quot;:&quot;&quot;,&quot;orientation&quot;:&quot;1&quot;}\" data-image-title=\"20190522_133930\" data-image-description=\"\" data-medium-file=\"https:\/\/i0.wp.com\/www.stiftsforum.ch\/blog\/wp-content\/uploads\/2019\/05\/20190522_133930.jpg?fit=300%2C225\" data-large-file=\"https:\/\/i0.wp.com\/www.stiftsforum.ch\/blog\/wp-content\/uploads\/2019\/05\/20190522_133930.jpg?fit=800%2C600\" loading=\"lazy\" width=\"4032\" height=\"3024\" src=\"https:\/\/i0.wp.com\/www.stiftsforum.ch\/blog\/wp-content\/uploads\/2019\/05\/20190522_133930.jpg?fit=800%2C600\" alt=\"\" data-id=\"3573\" data-link=\"http:\/\/www.stiftsforum.ch\/blog\/?attachment_id=3573\" class=\"wp-image-3573\" srcset=\"https:\/\/i0.wp.com\/www.stiftsforum.ch\/blog\/wp-content\/uploads\/2019\/05\/20190522_133930.jpg?w=4032 4032w, https:\/\/i0.wp.com\/www.stiftsforum.ch\/blog\/wp-content\/uploads\/2019\/05\/20190522_133930.jpg?resize=300%2C225 300w, https:\/\/i0.wp.com\/www.stiftsforum.ch\/blog\/wp-content\/uploads\/2019\/05\/20190522_133930.jpg?resize=768%2C576 768w, https:\/\/i0.wp.com\/www.stiftsforum.ch\/blog\/wp-content\/uploads\/2019\/05\/20190522_133930.jpg?resize=1024%2C768 1024w, https:\/\/i0.wp.com\/www.stiftsforum.ch\/blog\/wp-content\/uploads\/2019\/05\/20190522_133930.jpg?w=1600 1600w, https:\/\/i0.wp.com\/www.stiftsforum.ch\/blog\/wp-content\/uploads\/2019\/05\/20190522_133930.jpg?w=2400 2400w\" sizes=\"(max-width: 800px) 100vw, 800px\" \/><\/figure><\/li><li class=\"blocks-gallery-item\"><figure><img data-attachment-id=\"3575\" data-permalink=\"http:\/\/www.stiftsforum.ch\/blog\/?attachment_id=3575\" data-orig-file=\"https:\/\/i2.wp.com\/www.stiftsforum.ch\/blog\/wp-content\/uploads\/2019\/05\/20190522_142509.jpg?fit=4032%2C3024\" data-orig-size=\"4032,3024\" data-comments-opened=\"1\" data-image-meta=\"{&quot;aperture&quot;:&quot;1.7&quot;,&quot;credit&quot;:&quot;&quot;,&quot;camera&quot;:&quot;SM-G930F&quot;,&quot;caption&quot;:&quot;&quot;,&quot;created_timestamp&quot;:&quot;1558535109&quot;,&quot;copyright&quot;:&quot;&quot;,&quot;focal_length&quot;:&quot;4.2&quot;,&quot;iso&quot;:&quot;40&quot;,&quot;shutter_speed&quot;:&quot;0.00039432176656151&quot;,&quot;title&quot;:&quot;&quot;,&quot;orientation&quot;:&quot;1&quot;}\" data-image-title=\"20190522_142509\" data-image-description=\"\" data-medium-file=\"https:\/\/i2.wp.com\/www.stiftsforum.ch\/blog\/wp-content\/uploads\/2019\/05\/20190522_142509.jpg?fit=300%2C225\" data-large-file=\"https:\/\/i2.wp.com\/www.stiftsforum.ch\/blog\/wp-content\/uploads\/2019\/05\/20190522_142509.jpg?fit=800%2C600\" loading=\"lazy\" width=\"4032\" height=\"3024\" src=\"https:\/\/i0.wp.com\/www.stiftsforum.ch\/blog\/wp-content\/uploads\/2019\/05\/20190522_142509.jpg?fit=800%2C600\" alt=\"\" data-id=\"3575\" data-link=\"http:\/\/www.stiftsforum.ch\/blog\/?attachment_id=3575\" class=\"wp-image-3575\" srcset=\"https:\/\/i2.wp.com\/www.stiftsforum.ch\/blog\/wp-content\/uploads\/2019\/05\/20190522_142509.jpg?w=4032 4032w, https:\/\/i2.wp.com\/www.stiftsforum.ch\/blog\/wp-content\/uploads\/2019\/05\/20190522_142509.jpg?resize=300%2C225 300w, https:\/\/i2.wp.com\/www.stiftsforum.ch\/blog\/wp-content\/uploads\/2019\/05\/20190522_142509.jpg?resize=768%2C576 768w, https:\/\/i2.wp.com\/www.stiftsforum.ch\/blog\/wp-content\/uploads\/2019\/05\/20190522_142509.jpg?resize=1024%2C768 1024w, https:\/\/i2.wp.com\/www.stiftsforum.ch\/blog\/wp-content\/uploads\/2019\/05\/20190522_142509.jpg?w=1600 1600w, https:\/\/i2.wp.com\/www.stiftsforum.ch\/blog\/wp-content\/uploads\/2019\/05\/20190522_142509.jpg?w=2400 2400w\" sizes=\"(max-width: 800px) 100vw, 800px\" \/><\/figure><\/li><li class=\"blocks-gallery-item\"><figure><img data-attachment-id=\"3576\" data-permalink=\"http:\/\/www.stiftsforum.ch\/blog\/?attachment_id=3576\" data-orig-file=\"https:\/\/i1.wp.com\/www.stiftsforum.ch\/blog\/wp-content\/uploads\/2019\/05\/20190522_142521.jpg?fit=3024%2C4032\" data-orig-size=\"3024,4032\" data-comments-opened=\"1\" data-image-meta=\"{&quot;aperture&quot;:&quot;1.7&quot;,&quot;credit&quot;:&quot;&quot;,&quot;camera&quot;:&quot;SM-G930F&quot;,&quot;caption&quot;:&quot;&quot;,&quot;created_timestamp&quot;:&quot;1558535121&quot;,&quot;copyright&quot;:&quot;&quot;,&quot;focal_length&quot;:&quot;4.2&quot;,&quot;iso&quot;:&quot;40&quot;,&quot;shutter_speed&quot;:&quot;0.00041118421052632&quot;,&quot;title&quot;:&quot;&quot;,&quot;orientation&quot;:&quot;1&quot;}\" data-image-title=\"20190522_142521\" data-image-description=\"\" data-medium-file=\"https:\/\/i1.wp.com\/www.stiftsforum.ch\/blog\/wp-content\/uploads\/2019\/05\/20190522_142521.jpg?fit=225%2C300\" data-large-file=\"https:\/\/i1.wp.com\/www.stiftsforum.ch\/blog\/wp-content\/uploads\/2019\/05\/20190522_142521.jpg?fit=768%2C1024\" loading=\"lazy\" width=\"3024\" height=\"4032\" src=\"https:\/\/i2.wp.com\/www.stiftsforum.ch\/blog\/wp-content\/uploads\/2019\/05\/20190522_142521.jpg?fit=768%2C1024\" alt=\"\" data-id=\"3576\" data-link=\"http:\/\/www.stiftsforum.ch\/blog\/?attachment_id=3576\" class=\"wp-image-3576\" srcset=\"https:\/\/i1.wp.com\/www.stiftsforum.ch\/blog\/wp-content\/uploads\/2019\/05\/20190522_142521.jpg?w=3024 3024w, https:\/\/i1.wp.com\/www.stiftsforum.ch\/blog\/wp-content\/uploads\/2019\/05\/20190522_142521.jpg?resize=225%2C300 225w, https:\/\/i1.wp.com\/www.stiftsforum.ch\/blog\/wp-content\/uploads\/2019\/05\/20190522_142521.jpg?resize=768%2C1024 768w, https:\/\/i1.wp.com\/www.stiftsforum.ch\/blog\/wp-content\/uploads\/2019\/05\/20190522_142521.jpg?w=1600 1600w, https:\/\/i1.wp.com\/www.stiftsforum.ch\/blog\/wp-content\/uploads\/2019\/05\/20190522_142521.jpg?w=2400 2400w\" sizes=\"(max-width: 800px) 100vw, 800px\" \/><\/figure><\/li><li class=\"blocks-gallery-item\"><figure><img data-attachment-id=\"3577\" data-permalink=\"http:\/\/www.stiftsforum.ch\/blog\/?attachment_id=3577\" data-orig-file=\"https:\/\/i1.wp.com\/www.stiftsforum.ch\/blog\/wp-content\/uploads\/2019\/05\/20190522_162420.jpg?fit=3024%2C4032\" data-orig-size=\"3024,4032\" data-comments-opened=\"1\" data-image-meta=\"{&quot;aperture&quot;:&quot;1.7&quot;,&quot;credit&quot;:&quot;&quot;,&quot;camera&quot;:&quot;SM-G930F&quot;,&quot;caption&quot;:&quot;&quot;,&quot;created_timestamp&quot;:&quot;1558542260&quot;,&quot;copyright&quot;:&quot;&quot;,&quot;focal_length&quot;:&quot;4.2&quot;,&quot;iso&quot;:&quot;100&quot;,&quot;shutter_speed&quot;:&quot;0.02&quot;,&quot;title&quot;:&quot;&quot;,&quot;orientation&quot;:&quot;1&quot;}\" data-image-title=\"20190522_162420\" data-image-description=\"\" data-medium-file=\"https:\/\/i1.wp.com\/www.stiftsforum.ch\/blog\/wp-content\/uploads\/2019\/05\/20190522_162420.jpg?fit=225%2C300\" data-large-file=\"https:\/\/i1.wp.com\/www.stiftsforum.ch\/blog\/wp-content\/uploads\/2019\/05\/20190522_162420.jpg?fit=768%2C1024\" loading=\"lazy\" width=\"3024\" height=\"4032\" src=\"https:\/\/i2.wp.com\/www.stiftsforum.ch\/blog\/wp-content\/uploads\/2019\/05\/20190522_162420.jpg?fit=768%2C1024\" alt=\"\" data-id=\"3577\" data-link=\"http:\/\/www.stiftsforum.ch\/blog\/?attachment_id=3577\" class=\"wp-image-3577\" srcset=\"https:\/\/i1.wp.com\/www.stiftsforum.ch\/blog\/wp-content\/uploads\/2019\/05\/20190522_162420.jpg?w=3024 3024w, https:\/\/i1.wp.com\/www.stiftsforum.ch\/blog\/wp-content\/uploads\/2019\/05\/20190522_162420.jpg?resize=225%2C300 225w, https:\/\/i1.wp.com\/www.stiftsforum.ch\/blog\/wp-content\/uploads\/2019\/05\/20190522_162420.jpg?resize=768%2C1024 768w, https:\/\/i1.wp.com\/www.stiftsforum.ch\/blog\/wp-content\/uploads\/2019\/05\/20190522_162420.jpg?w=1600 1600w, https:\/\/i1.wp.com\/www.stiftsforum.ch\/blog\/wp-content\/uploads\/2019\/05\/20190522_162420.jpg?w=2400 2400w\" sizes=\"(max-width: 800px) 100vw, 800px\" \/><\/figure><\/li><li class=\"blocks-gallery-item\"><figure><img data-attachment-id=\"3578\" data-permalink=\"http:\/\/www.stiftsforum.ch\/blog\/?attachment_id=3578\" data-orig-file=\"https:\/\/i2.wp.com\/www.stiftsforum.ch\/blog\/wp-content\/uploads\/2019\/05\/20190522_162518.jpg?fit=4032%2C3024\" data-orig-size=\"4032,3024\" data-comments-opened=\"1\" data-image-meta=\"{&quot;aperture&quot;:&quot;1.7&quot;,&quot;credit&quot;:&quot;&quot;,&quot;camera&quot;:&quot;SM-G930F&quot;,&quot;caption&quot;:&quot;&quot;,&quot;created_timestamp&quot;:&quot;1558542318&quot;,&quot;copyright&quot;:&quot;&quot;,&quot;focal_length&quot;:&quot;4.2&quot;,&quot;iso&quot;:&quot;64&quot;,&quot;shutter_speed&quot;:&quot;0.02&quot;,&quot;title&quot;:&quot;&quot;,&quot;orientation&quot;:&quot;1&quot;}\" data-image-title=\"20190522_162518\" data-image-description=\"\" data-medium-file=\"https:\/\/i2.wp.com\/www.stiftsforum.ch\/blog\/wp-content\/uploads\/2019\/05\/20190522_162518.jpg?fit=300%2C225\" data-large-file=\"https:\/\/i2.wp.com\/www.stiftsforum.ch\/blog\/wp-content\/uploads\/2019\/05\/20190522_162518.jpg?fit=800%2C600\" loading=\"lazy\" width=\"4032\" height=\"3024\" src=\"https:\/\/i0.wp.com\/www.stiftsforum.ch\/blog\/wp-content\/uploads\/2019\/05\/20190522_162518.jpg?fit=800%2C600\" alt=\"\" data-id=\"3578\" data-link=\"http:\/\/www.stiftsforum.ch\/blog\/?attachment_id=3578\" class=\"wp-image-3578\" srcset=\"https:\/\/i2.wp.com\/www.stiftsforum.ch\/blog\/wp-content\/uploads\/2019\/05\/20190522_162518.jpg?w=4032 4032w, https:\/\/i2.wp.com\/www.stiftsforum.ch\/blog\/wp-content\/uploads\/2019\/05\/20190522_162518.jpg?resize=300%2C225 300w, https:\/\/i2.wp.com\/www.stiftsforum.ch\/blog\/wp-content\/uploads\/2019\/05\/20190522_162518.jpg?resize=768%2C576 768w, https:\/\/i2.wp.com\/www.stiftsforum.ch\/blog\/wp-content\/uploads\/2019\/05\/20190522_162518.jpg?resize=1024%2C768 1024w, https:\/\/i2.wp.com\/www.stiftsforum.ch\/blog\/wp-content\/uploads\/2019\/05\/20190522_162518.jpg?w=1600 1600w, https:\/\/i2.wp.com\/www.stiftsforum.ch\/blog\/wp-content\/uploads\/2019\/05\/20190522_162518.jpg?w=2400 2400w\" sizes=\"(max-width: 800px) 100vw, 800px\" \/><\/figure><\/li><\/ul>\n\n\n\n<p>Beim Schulsporttag in Basel am Mittwoch, den  22.05.2019 war die Stiftsschule mit 32 Sch\u00fcler\/innen am Start. Insgesamt  konnte die Stiftsschule 4 Medaillen f\u00fcr den Kanton Schwyz nach Hause  bringen. <strong>Corsin (1a)\u00a0 und Gian-Andri M\u00fcller<\/strong>  (3b) konnten im OL im Team die Goldmedaille und in der Kantons-Staffel  mit weiblicher Unterst\u00fctzung aus Arth und Einsiedeln die Bronzemedaille  erlaufen.<br> Die Handballer (<strong>Julia Stahel, Katherin Kesselring<\/strong> (beide 3a), <strong>Delaja  Rothlin, Dominik Chaix und Ben Riedi <\/strong>(alle 3b) k\u00e4mpften sich bis ins  Finale, das sie knapp verloren. Ein Riesenrespekt vor dieser Leistung,  da sie die einzige Mannschaft waren, die das ganze  Turnier ohne Auswechselspieler bestritten.<\/p>\n\n\n\n<p>Die Jungs (und das eine M\u00e4dchen) der  polysportiven Stafette (<strong>Kristen Isherwood (1c), Silas Birchler (2c),  Jonin Wyss (2a), Jakob Sirenko (3b)<\/strong> und <strong>Silvan Durrer <\/strong>(2a) konnten mit  einer geschlossenen Mannschaftsleistung den 2. Rang erschwimmen,  -biken, -biathleten, &#8211; skaten und -rennen.<\/p>\n\n\n\n<p>Die anderen Teams (Volleyball Knaben,  Leichtathletik Mixed, Ger\u00e4teturnen und die polysportive Stafette der  M\u00e4dchen) zeigten ebenfalls vollen Einsatz mit guten Resultaten!<\/p>\n\n\n\n<p>Text: Silvia Brunner, Fotos: Sportteam<\/p>\n","protected":false},"excerpt":{"rendered":"<p>Beim Schulsporttag in Basel am Mittwoch, den 22.05.2019 war die Stiftsschule mit 32 Sch\u00fcler\/innen am Start. Insgesamt konnte die Stiftsschule<\/p>\n","protected":false},"author":9,"featured_media":3568,"comment_status":"open","ping_status":"closed","sticky":false,"template":"","format":"standard","meta":{"spay_email":"","jetpack_publicize_message":"","jetpack_is_tweetstorm":false},"categories":[4,34],"tags":[],"jetpack_featured_media_url":"https:\/\/i2.wp.com\/www.stiftsforum.ch\/blog\/wp-content\/uploads\/2019\/05\/20190522_082039.jpg?fit=4032%2C3024","jetpack_publicize_connections":[],"jetpack_sharing_enabled":true,"jetpack_shortlink":"https:\/\/wp.me\/p9nzRF-Vw","jetpack_likes_enabled":true,"jetpack-related-posts":[{"id":5028,"url":"http:\/\/www.stiftsforum.ch\/blog\/?p=5028","url_meta":{"origin":3566,"position":0},"title":"Et pervenies - das erste Semester ist geschafft!","date":"Januar 25, 2022","format":false,"excerpt":"von Sophia Br\u00fcllmann, 1c Sporttag, Herbstwandertag, die Einkehrtage im Melchtal f\u00fcr die Erstkl\u00e4ssler. In diesem ersten Semester des Schuljahres 21\/22 ist echt viel gelaufen. Und auch wir, die Schulredaktion, haben fleissig Berichte \u00fcber das Leben an der Stiftsschule geschrieben, Events dokumentiert und Podcasts aufgenommen. Doch bald geht dieses Halbjahr auch\u2026","rel":"","context":"In &quot;Allgemein&quot;","img":{"alt_text":"","src":"https:\/\/i0.wp.com\/www.stiftsforum.ch\/blog\/wp-content\/uploads\/2022\/01\/Titelbild_Et-pervenies-das-erste-Semester-ist-geschafft-scaled.jpg?fit=1200%2C900&resize=350%2C200","width":350,"height":200},"classes":[]},{"id":6864,"url":"http:\/\/www.stiftsforum.ch\/blog\/?p=6864","url_meta":{"origin":3566,"position":1},"title":"Die 2.Klassen erstmals an der HSG und im Stiftsbezirk St.Gallen","date":"Juni 22, 2025","format":false,"excerpt":"20.6.2025 Zum ersten Mal gab es in diesem Schuljahr eine jahrgangs\u00fcbergreifende Exkursion der 2abc nach St. Gallen. Insgesamt 60 Sch\u00fclerinnen und Sch\u00fcler machten sich mit ihren Klassenlehrpersonen sowie Deutschlehrer Lukas Griethe und Klasseng\u00f6tti P.Mauritius auf den Weg, um alte und neue Orte des Wissens aufzusuchen. Am Programm stand die Klosterbibliothek\u2026","rel":"","context":"In &quot;Allgemein&quot;","img":{"alt_text":"","src":"https:\/\/i2.wp.com\/www.stiftsforum.ch\/blog\/wp-content\/uploads\/2025\/06\/1000090187.jpg?fit=1200%2C900&resize=350%2C200","width":350,"height":200},"classes":[]},{"id":6775,"url":"http:\/\/www.stiftsforum.ch\/blog\/?p=6775","url_meta":{"origin":3566,"position":2},"title":"Wir rudern mit Blinden auf dem Z\u00fcrichsee","date":"M\u00e4rz 4, 2025","format":false,"excerpt":"Noch einmal findet unsere Ruderwoche auf einem selbstgebauten Floss auf dem Z\u00fcrichsee statt. Wir wollen sie gerne f\u00fcr den Plus-Sport \u00f6ffnen und die Erfahrung mit blinden oder sehbehinderten Menschen teilen, f\u00fcr die es sonst schwierig sei, den Rudersport auszu\u00fcben, wie Fredi Tr\u00fctsch, ehemaliger Lehrer der Stiftsschule und Mitglied des Ruderclubs\u2026","rel":"","context":"In &quot;Exkursionen&quot;","img":{"alt_text":"","src":"https:\/\/i0.wp.com\/www.stiftsforum.ch\/blog\/wp-content\/uploads\/2025\/03\/58a245d5-a3d1-41b5-9174-deb2d9b17af8.jpg?fit=1200%2C675&resize=350%2C200","width":350,"height":200},"classes":[]},{"id":5461,"url":"http:\/\/www.stiftsforum.ch\/blog\/?p=5461","url_meta":{"origin":3566,"position":3},"title":"Streetball, Volleyball und Traktorenziehen","date":"Oktober 26, 2022","format":false,"excerpt":"Sportliches Treiben am Stiftssporttag von Raya Fankhauser und Sophia Br\u00fcllmann Dieses Jahr fand wieder der j\u00e4hrliche Sporttag der Stiftsschule Einsiedeln statt. Die ersten bis dritten Klassen mussten sich im Streetball beweisen, w\u00e4hrend die vierten bis sechsten Klassen ein Volleyballturnier bestritten. Am Montag, 19. September konnte man um etwa Viertel vor\u2026","rel":"","context":"In &quot;Allgemein&quot;","img":{"alt_text":"","src":"https:\/\/i2.wp.com\/www.stiftsforum.ch\/blog\/wp-content\/uploads\/2022\/10\/20220919_114112-scaled.jpg?fit=1200%2C900&resize=350%2C200","width":350,"height":200},"classes":[]},{"id":4552,"url":"http:\/\/www.stiftsforum.ch\/blog\/?p=4552","url_meta":{"origin":3566,"position":4},"title":"Fotostory: Herbstwandertag 2021","date":"Oktober 20, 2021","format":false,"excerpt":"Fotos: Sch\u00fclerinnen und Sch\u00fcler der 1b","rel":"","context":"In &quot;Schule unterwegs&quot;","img":{"alt_text":"","src":"https:\/\/i0.wp.com\/www.stiftsforum.ch\/blog\/wp-content\/uploads\/2021\/10\/IMG-20211020-WA0025.jpg?fit=1200%2C900&resize=350%2C200","width":350,"height":200},"classes":[]},{"id":2426,"url":"http:\/\/www.stiftsforum.ch\/blog\/?p=2426","url_meta":{"origin":3566,"position":5},"title":"Sporttag","date":"September 12, 2018","format":false,"excerpt":"Der Sporttag im Bildern:","rel":"","context":"In &quot;Schulanl\u00e4sse&quot;","img":{"alt_text":"","src":"https:\/\/i0.wp.com\/www.stiftsforum.ch\/blog\/wp-content\/uploads\/2018\/09\/IMG_7176.jpg?fit=1200%2C800&resize=350%2C200","width":350,"height":200},"classes":[]}],"_links":{"self":[{"href":"http:\/\/www.stiftsforum.ch\/blog\/index.php?rest_route=\/wp\/v2\/posts\/3566"}],"collection":[{"href":"http:\/\/www.stiftsforum.ch\/blog\/index.php?rest_route=\/wp\/v2\/posts"}],"about":[{"href":"http:\/\/www.stiftsforum.ch\/blog\/index.php?rest_route=\/wp\/v2\/types\/post"}],"author":[{"embeddable":true,"href":"http:\/\/www.stiftsforum.ch\/blog\/index.php?rest_route=\/wp\/v2\/users\/9"}],"replies":[{"embeddable":true,"href":"http:\/\/www.stiftsforum.ch\/blog\/index.php?rest_route=%2Fwp%2Fv2%2Fcomments&post=3566"}],"version-history":[{"count":4,"href":"http:\/\/www.stiftsforum.ch\/blog\/index.php?rest_route=\/wp\/v2\/posts\/3566\/revisions"}],"predecessor-version":[{"id":3580,"href":"http:\/\/www.stiftsforum.ch\/blog\/index.php?rest_route=\/wp\/v2\/posts\/3566\/revisions\/3580"}],"wp:featuredmedia":[{"embeddable":true,"href":"http:\/\/www.stiftsforum.ch\/blog\/index.php?rest_route=\/wp\/v2\/media\/3568"}],"wp:attachment":[{"href":"http:\/\/www.stiftsforum.ch\/blog\/index.php?rest_route=%2Fwp%2Fv2%2Fmedia&parent=3566"}],"wp:term":[{"taxonomy":"category","embeddable":true,"href":"http:\/\/www.stiftsforum.ch\/blog\/index.php?rest_route=%2Fwp%2Fv2%2Fcategories&post=3566"},{"taxonomy":"post_tag","embeddable":true,"href":"http:\/\/www.stiftsforum.ch\/blog\/index.php?rest_route=%2Fwp%2Fv2%2Ftags&post=3566"}],"curies":[{"name":"wp","href":"https:\/\/api.w.org\/{rel}","templated":true}]}}