{"id":4482,"date":"2021-04-30T15:56:19","date_gmt":"2021-04-30T14:56:19","guid":{"rendered":"http:\/\/www.stiftsforum.ch\/blog\/?p=4482"},"modified":"2021-04-30T17:34:30","modified_gmt":"2021-04-30T16:34:30","slug":"unbenutzte-dachschiefer-kreativ-wiederverwendet","status":"publish","type":"post","link":"http:\/\/www.stiftsforum.ch\/blog\/?p=4482","title":{"rendered":"Unbenutzte Dachschiefer kreativ wiederverwendet"},"content":{"rendered":"\n<p>von Tanvee Patnaik, 1a<\/p>\n\n\n\n<p><strong>Die Klasse 1a der Stiftsschule Einsiedeln gestaltete in den letzten Wochen Schiefertafeln. Der benutzte Stein aus dem Glarnerland w\u00e4re sonst wohl weggeworfen worden.<\/strong><\/p>\n\n\n\n<p>Die Sch\u00fclerinnen und Sch\u00fcler aus der 1a fabrizierten im Fach \u201eTechnisches Gestalten\u201c bewundernswerte Schiefertafeln, indem sie eine beliebige Figur oder ein Zeichen ausw\u00e4hlen konnten und diese dann in den Stein einritzten. Das Eingeritzte wurden mit Tipp-Ex gef\u00fcllt. Dann mussten die Schiefertafeln eine Woche lang getrocknet werden, damit das Tipp-Ex nicht mehr fl\u00fcssig war. Zuletzt galt es noch, den Holzrahmen zuzus\u00e4gen, zu schleifen und zusammenzusetzen.<\/p>\n\n\n\n<p><strong>Unterricht mit Freiheiten<\/strong><\/p>\n\n\n\n<p>Hinter dieser Arbeit steckt der Lehrer Fredi Tr\u00fctsch. &#8220;Die Schiefersteine waren eigentlich als Dachziegel gedacht, aber da niemand sie benutzte, meinte ich, es w\u00e4re eine gute Idee, die Steine wiederzuverwenden&#8221;, erkl\u00e4rte er.<\/p>\n\n\n\n<p>In den letzten Wochen wurde im Fach von Herrn Tr\u00fctsch in zwei Gruppen gearbeitet.-Eine H\u00e4lfe der Klasse arbeitete in einem separaten Schulzimmer, in welchem sie Kissen gestaltete. Die andere H\u00e4lfte arbeitete an den Schiefertafeln im Werkraum. Die Kinder der 1a gaben auch ein paar Meinungen zum Unterricht vom Herrn Tr\u00fctsch. Ein Sch\u00fcler erz\u00e4hlte: &#8220;Ich finde, Herr Tr\u00fctsch ist ein sehr toller Lehrer, der Unterricht macht mir sehr viel Spass bei ihm. Vor allem die Freiheit, die man hat, ist sehr entspannend.&#8221; Wie man sieht, gef\u00e4llt der Unterricht der Klasse sehr.<\/p>\n\n\n\n<p>Mit der Arbeit an den Schiefertafeln lernten die Kinder, wie man Holz s\u00e4gt und schleift, wie man Steine schleift und wie man etwas in Steine einritzt. Nicht zuletzt ging es aber auch darum, dass alle das kreative Gestalten geniessen konnten.<\/p>\n\n\n\n<p><\/p>\n","protected":false},"excerpt":{"rendered":"<p>von Tanvee Patnaik, 1a Die Klasse 1a der Stiftsschule Einsiedeln gestaltete in den letzten Wochen Schiefertafeln. Der benutzte Stein aus<\/p>\n","protected":false},"author":1,"featured_media":4483,"comment_status":"open","ping_status":"closed","sticky":false,"template":"","format":"standard","meta":{"spay_email":"","jetpack_publicize_message":"","jetpack_is_tweetstorm":false},"categories":[3],"tags":[],"jetpack_featured_media_url":"https:\/\/i2.wp.com\/www.stiftsforum.ch\/blog\/wp-content\/uploads\/2021\/04\/Bild_BEricht_Tanvee.jpg?fit=1125%2C1488","jetpack_publicize_connections":[],"jetpack_sharing_enabled":true,"jetpack_shortlink":"https:\/\/wp.me\/p9nzRF-1ai","jetpack_likes_enabled":true,"jetpack-related-posts":[{"id":5158,"url":"http:\/\/www.stiftsforum.ch\/blog\/?p=5158","url_meta":{"origin":4482,"position":0},"title":"\"Ich m\u00f6chte weitergeben, was mich interessiert\"","date":"Mai 26, 2022","format":false,"excerpt":"von Fiona Bachmann, 1a Der Geschichtsunterricht bei Tobias Ebneter an der Stiftsschule Einsiedeln: Die Sch\u00fcler der 1a beschreiben den Unterricht als abwechslungsreich und f\u00f6rdernd. Das Thema der letzten paar Wochen lautete: \"Athen - Geburtsort der Demokratie!?\" In den letzten Wochen setzte sich die Klasse 1a mit dem Thema Demokratie auseinander.\u2026","rel":"","context":"In &quot;Allgemein&quot;","img":{"alt_text":"","src":"https:\/\/i1.wp.com\/www.stiftsforum.ch\/blog\/wp-content\/uploads\/2022\/05\/BildGeschichtsunterricht-scaled.jpg?fit=1200%2C801&resize=350%2C200","width":350,"height":200},"classes":[]},{"id":5083,"url":"http:\/\/www.stiftsforum.ch\/blog\/?p=5083","url_meta":{"origin":4482,"position":1},"title":"Stiftsschule hilft der Ukraine mit Sachspenden","date":"April 5, 2022","format":false,"excerpt":"Die Stiftsschule Einsiedeln spendet auch Sachspenden f\u00fcr die Opfer des Ukraine-Krieges. In einem Zimmer der Schulseelsorge liegen Boxen mit vielen verschieden Hilfsg\u00fctern auf. Es gibt haufenweise Bohnen und andere Dosen mit sehr viel Essen. Aber nicht nur Essen wird gespendet. Hygieneartikel wie Zahnpasta oder Duschgel, aber auch neu gekaufte Socken\u2026","rel":"","context":"In &quot;Allgemein&quot;","img":{"alt_text":"","src":"https:\/\/i1.wp.com\/www.stiftsforum.ch\/blog\/wp-content\/uploads\/2022\/04\/MicrosoftTeams-image-3.jpg?fit=1200%2C900&resize=350%2C200","width":350,"height":200},"classes":[]},{"id":5652,"url":"http:\/\/www.stiftsforum.ch\/blog\/?p=5652","url_meta":{"origin":4482,"position":2},"title":"Arch\u00e4ologie Schweiz - Sch\u00e4tze aus alter Zeit","date":"November 14, 2022","format":false,"excerpt":"Die Klassen 1b & 1c der Stiftsschule Einsiedeln besuchten das Landesmuseum in Z\u00fcrich. J\u00fcrg Rohner organisierte die Exkursion im Rahmen des Geschichtsunterrichts. \u2022\u00a0\u00a0\u00a0\u00a0\u00a0 Was war der Anlass, um ins Landesmuseum zu fahren? Im Unterricht behandeln wir die Vorgeschichte, also die Zeit, von der es keine schriftlichen Quellen gibt. Ferner haben\u2026","rel":"","context":"In &quot;Exkursionen&quot;","img":{"alt_text":"","src":"https:\/\/i1.wp.com\/www.stiftsforum.ch\/blog\/wp-content\/uploads\/2022\/11\/20221107_110058-1-scaled.jpg?fit=1200%2C900&resize=350%2C200","width":350,"height":200},"classes":[]},{"id":5151,"url":"http:\/\/www.stiftsforum.ch\/blog\/?p=5151","url_meta":{"origin":4482,"position":3},"title":"\" Anfangs ist es zwar stressig, doch man gew\u00f6hnt sich daran und schafft es auch.\" - R\u00fcckblick auf das alte Schuljahr","date":"Juni 21, 2022","format":false,"excerpt":"Von Jordi R\u00f6sser 1b und Tobias Nyffeler 1a Es ist bald schon wieder so weit und die neuen 1.Kl\u00e4ssler haben ihren ersten Schultag an der Stiftsschule. F\u00fcr die jetzigen 1.Kl\u00e4ssler ist das nichts Neues. Doch als ich selbst neu an der Schule war, fand ich alles sehr aufregend. Das erste\u2026","rel":"","context":"In &quot;Allgemein&quot;","img":{"alt_text":"","src":"https:\/\/i0.wp.com\/www.stiftsforum.ch\/blog\/wp-content\/uploads\/2022\/06\/Bild_2022-06-21_164826592.png?fit=1200%2C660&resize=350%2C200","width":350,"height":200},"classes":[]},{"id":4999,"url":"http:\/\/www.stiftsforum.ch\/blog\/?p=4999","url_meta":{"origin":4482,"position":4},"title":"\u201eIn Japan steht die Gemeinschaft im Zentrum\u201c","date":"Januar 11, 2022","format":false,"excerpt":"Von Ricarda und Jil Wir besuchen das Kursfach Japanisch und sind sehr beeindruckt. Die Sch\u00fcler besprechen gerade ihre Hausaufgaben, die Lehrerin spricht mit ihnen einwandfreies Japanisch und die Sch\u00fcler scheinen alles zu verstehen.\u00a0 Ein Sch\u00fcler erz\u00e4hlt uns, dass sie sowohl die japanische Sprache als auch die japanische Kultur besser kennen\u2026","rel":"","context":"In &quot;Allgemein&quot;","img":{"alt_text":"","src":"https:\/\/i0.wp.com\/www.stiftsforum.ch\/blog\/wp-content\/uploads\/2022\/01\/5574f79291fb706be89cb18d991f2f62bc8c84ec15963ee81f6b6121ef5a63d5.jpg?fit=768%2C1024&resize=350%2C200","width":350,"height":200},"classes":[]},{"id":3612,"url":"http:\/\/www.stiftsforum.ch\/blog\/?p=3612","url_meta":{"origin":4482,"position":5},"title":"Projekttage: Fahrradpilgerwege auf den Spuren des heiligen Meinrad","date":"Juni 2, 2019","format":false,"excerpt":"Von Florentin Bucher Erst in der Woche zuvor wurde der MeinRadweg von Rottenburg nach Einsiedeln durch drei Einsiedler M\u00f6nche er\u00f6ffnet und erprobt. Pater Cyrill bekundet seine Leidenschaft f\u00fcrs Velofahren auch mit seinem T-Shirt \u00abborn 2 bike\u00bb und begibt sich erneut in Begleitung seiner Schwester Annemarie und Florentin Bucher mit einem\u2026","rel":"","context":"In &quot;Schule unterwegs&quot;","img":{"alt_text":"","src":"https:\/\/i1.wp.com\/www.stiftsforum.ch\/blog\/wp-content\/uploads\/2019\/06\/IMG_7718.jpg?fit=1200%2C786&resize=350%2C200","width":350,"height":200},"classes":[]}],"_links":{"self":[{"href":"http:\/\/www.stiftsforum.ch\/blog\/index.php?rest_route=\/wp\/v2\/posts\/4482"}],"collection":[{"href":"http:\/\/www.stiftsforum.ch\/blog\/index.php?rest_route=\/wp\/v2\/posts"}],"about":[{"href":"http:\/\/www.stiftsforum.ch\/blog\/index.php?rest_route=\/wp\/v2\/types\/post"}],"author":[{"embeddable":true,"href":"http:\/\/www.stiftsforum.ch\/blog\/index.php?rest_route=\/wp\/v2\/users\/1"}],"replies":[{"embeddable":true,"href":"http:\/\/www.stiftsforum.ch\/blog\/index.php?rest_route=%2Fwp%2Fv2%2Fcomments&post=4482"}],"version-history":[{"count":2,"href":"http:\/\/www.stiftsforum.ch\/blog\/index.php?rest_route=\/wp\/v2\/posts\/4482\/revisions"}],"predecessor-version":[{"id":4485,"href":"http:\/\/www.stiftsforum.ch\/blog\/index.php?rest_route=\/wp\/v2\/posts\/4482\/revisions\/4485"}],"wp:featuredmedia":[{"embeddable":true,"href":"http:\/\/www.stiftsforum.ch\/blog\/index.php?rest_route=\/wp\/v2\/media\/4483"}],"wp:attachment":[{"href":"http:\/\/www.stiftsforum.ch\/blog\/index.php?rest_route=%2Fwp%2Fv2%2Fmedia&parent=4482"}],"wp:term":[{"taxonomy":"category","embeddable":true,"href":"http:\/\/www.stiftsforum.ch\/blog\/index.php?rest_route=%2Fwp%2Fv2%2Fcategories&post=4482"},{"taxonomy":"post_tag","embeddable":true,"href":"http:\/\/www.stiftsforum.ch\/blog\/index.php?rest_route=%2Fwp%2Fv2%2Ftags&post=4482"}],"curies":[{"name":"wp","href":"https:\/\/api.w.org\/{rel}","templated":true}]}}