{"id":4509,"date":"2021-09-09T09:53:30","date_gmt":"2021-09-09T08:53:30","guid":{"rendered":"http:\/\/www.stiftsforum.ch\/blog\/?p=4509"},"modified":"2021-09-09T09:54:37","modified_gmt":"2021-09-09T08:54:37","slug":"andeutungen-auf-ein-unglueck","status":"publish","type":"post","link":"http:\/\/www.stiftsforum.ch\/blog\/?p=4509","title":{"rendered":"Andeutungen auf ein Ungl\u00fcck"},"content":{"rendered":"\n<p><strong>\u00abDer Schatten \u00fcber dem Dorf\u00bb von Arno Camenisch<\/strong><\/p>\n\n\n\n<p><strong>Von Andrin B\u00fcrgi (6c)<\/strong><\/p>\n\n\n\n<p>Bereits wenn man den Titel des neuen Buches von Arno Camenisch liest, gibt es eine erste Andeutung auf ein Ungl\u00fcck. Ein Schatten liegt \u00fcber dem Dorf. Eine Trag\u00f6die hat stattgefunden und das Dorf hat sich bis heute nicht davon erholt. Als der Erz\u00e4hler ins Dorf zur\u00fcckkommt, erinnert er sich wie sei \u00abam Sonntag nach der Kirche \u00ab vor den Grabsteinen der drei Kinder standen, wie ihre Mutter sie dabei an den H\u00e4nden fasste. Auch wenn nicht direkt \u00fcber das Ungl\u00fcck gesprochen wird, erf\u00e4hrt er, dass zwei der Kinder Br\u00fcder waren. Er berichtet auch von \u00abH\u00f6hlen, die entstanden waren, wegen dem Steinschlag.\u00bb Er betont: \u00abDie Natur war gef\u00e4hrlich\u00bb. Doch was genau passiert ist, bleibt unbekannt\u2026<\/p>\n\n\n\n<p><strong>Im November stellt Arno Camenisch seinen neuen Roman in der Stiftsschule vor!<\/strong><\/p>\n","protected":false},"excerpt":{"rendered":"<p>\u00abDer Schatten \u00fcber dem Dorf\u00bb von Arno Camenisch Von Andrin B\u00fcrgi (6c) Bereits wenn man den Titel des neuen Buches<\/p>\n","protected":false},"author":1,"featured_media":4510,"comment_status":"open","ping_status":"closed","sticky":false,"template":"","format":"standard","meta":{"spay_email":"","jetpack_publicize_message":"","jetpack_is_tweetstorm":false},"categories":[3,5],"tags":[],"jetpack_featured_media_url":"https:\/\/i0.wp.com\/www.stiftsforum.ch\/blog\/wp-content\/uploads\/2021\/09\/311S9aMdVcL._SX322_BO1204203200_.jpg?fit=324%2C499","jetpack_publicize_connections":[],"jetpack_sharing_enabled":true,"jetpack_shortlink":"https:\/\/wp.me\/p9nzRF-1aJ","jetpack_likes_enabled":true,"jetpack-related-posts":[{"id":4831,"url":"http:\/\/www.stiftsforum.ch\/blog\/?p=4831","url_meta":{"origin":4509,"position":0},"title":"Was ist das, was Ihr wollt?","date":"November 23, 2021","format":false,"excerpt":"Arno Camenisch besuchte die Stiftsschule und sprach mit den Sch\u00fclerinnen und Sch\u00fclern \u00fcber Literatur und die grossen Fragen des Lebens. (22.11.2021) Die Idee stammt urspr\u00fcnglich von Abt Urban. Er hatte Arno Camenisch bei einer gemeinsamen Fernsehsendung kennengelernt und so die Anregung in die Stiftsschule gebracht: Diesen Schweizer Autor m\u00fcsste man\u2026","rel":"","context":"In &quot;Schulanl\u00e4sse&quot;","img":{"alt_text":"","src":"https:\/\/i0.wp.com\/www.stiftsforum.ch\/blog\/wp-content\/uploads\/2021\/11\/camenisch-2.jpg?fit=1200%2C1200&resize=350%2C200","width":350,"height":200},"classes":[]},{"id":4742,"url":"http:\/\/www.stiftsforum.ch\/blog\/?p=4742","url_meta":{"origin":4509,"position":1},"title":"Worin besteht die Faszination der Dialektologie, Herr Obradovic?","date":"November 15, 2021","format":false,"excerpt":"Tom Obradovic ist Germanist und derzeit als Praktikant in den Klassen 1b, 2d und 3a an der Stiftsschule t\u00e4tig. Er ist Absolvent der Universtit\u00e4t Z\u00fcrich und arbeitet auch am Schweizerischen Idiotikon, dem offiziellen Mundartlexikon der Schweiz, mit. Was macht ein Dialektologe? Dialektologen befassen sich mit der Erforschung von Dialekten. Urspr\u00fcnglich\u2026","rel":"","context":"In &quot;Allgemein&quot;","img":{"alt_text":"","src":"https:\/\/i2.wp.com\/www.stiftsforum.ch\/blog\/wp-content\/uploads\/2021\/11\/IMG_8115-scaled.jpg?fit=1200%2C627&resize=350%2C200","width":350,"height":200},"classes":[]},{"id":5587,"url":"http:\/\/www.stiftsforum.ch\/blog\/?p=5587","url_meta":{"origin":4509,"position":2},"title":"Auf der Suche nach sich selbst","date":"November 1, 2022","format":false,"excerpt":"Edouard Louis neuer Roman \u201eAnleitung ein anderer zu werden\u201c Man w\u00fcrde ihn am liebsten tr\u00f6sten, ihm sagen, er solle sich nicht so einen Druck machen, ein \u201eanderer zu werden\u201c, sich nicht so vom Blendwerk b\u00fcrgerlicher Regeln beeindrucken lassen, das vielleicht in einem bestimmten Milieu gilt, aber keinerlei Allgemeing\u00fcltigkeit beanspruchen kann,\u2026","rel":"","context":"In &quot;Buchkritik&quot;","img":{"alt_text":"","src":"https:\/\/i2.wp.com\/www.stiftsforum.ch\/blog\/wp-content\/uploads\/2022\/11\/20221101_150634-scaled.jpg?fit=1200%2C900&resize=350%2C200","width":350,"height":200},"classes":[]},{"id":5200,"url":"http:\/\/www.stiftsforum.ch\/blog\/?p=5200","url_meta":{"origin":4509,"position":3},"title":"Die Region Lausanne-Gruy\u00e8res- Wir entdecken die Westschweiz","date":"Juni 21, 2022","format":false,"excerpt":"Eine Reportage \u00fcber die Lagerwoche in der Westschweiz. Alle Erlebnisse und Geschehnisse der Klasse 2d in der Region Lausanne-Gruy\u00e8res. Ein Beitrag von Erin Schuler Ich begebe mich mit meiner Klasse auf eine Reise. Wir treffen am Bahnhof ein. \u00abAussteigen\u00bb, schallt die Stimme unserer Lehrperson durch den Wagon. Es bereitet mir\u2026","rel":"","context":"In &quot;Allgemein&quot;","img":{"alt_text":"","src":"https:\/\/i1.wp.com\/www.stiftsforum.ch\/blog\/wp-content\/uploads\/2022\/06\/lausanne-ll.jpg?fit=1200%2C900&resize=350%2C200","width":350,"height":200},"classes":[]},{"id":5263,"url":"http:\/\/www.stiftsforum.ch\/blog\/?p=5263","url_meta":{"origin":4509,"position":4},"title":"Herzlich willkommen! Die Erstkl\u00e4ssler sind gut ins neue Schuljahr gestartet","date":"September 2, 2022","format":false,"excerpt":"Die 1c im Interview Wie war Dein Start an der Schule? \u201eIch war sehr nerv\u00f6s, ich kannte niemanden. Es war ein neuer Start, aber irgendwie freute ich mich auch.\u201c Tobias, 1c \u201eDer Start an der Schule ist mir gelungen.\u201c Johanna, 1c Warum bist Du nach Einsiedeln gekommen? \u201eIn meiner Schule\u2026","rel":"","context":"In &quot;Allgemein&quot;","img":{"alt_text":"","src":"https:\/\/i0.wp.com\/www.stiftsforum.ch\/blog\/wp-content\/uploads\/2022\/09\/Foto-1c-3.jpg?fit=960%2C720&resize=350%2C200","width":350,"height":200},"classes":[]},{"id":3053,"url":"http:\/\/www.stiftsforum.ch\/blog\/?p=3053","url_meta":{"origin":4509,"position":5},"title":"Aufbruch und Widerstand","date":"Februar 13, 2019","format":false,"excerpt":"Buch des Monats Drei Jahre Arbeit, einschliesslich Reisen zu Archiven in Wien, Paris und Rom. Seit vergangener Woche liegt das 643 Seiten starke Dissertationswerk von P. Thomas vor. Unter dem Titel \u00abAufbruch und Widerstand\u00bb ver\u00f6ffentlichte der Historiker die Ergebnisse eines umfassenden Forschungsprojektes, in dem er, so der Untertitel des Buches,\u2026","rel":"","context":"In &quot;Buchkritik&quot;","img":{"alt_text":"","src":"https:\/\/i0.wp.com\/www.stiftsforum.ch\/blog\/wp-content\/uploads\/2019\/02\/aufbruch.jpg?fit=333%2C500&resize=350%2C200","width":350,"height":200},"classes":[]}],"_links":{"self":[{"href":"http:\/\/www.stiftsforum.ch\/blog\/index.php?rest_route=\/wp\/v2\/posts\/4509"}],"collection":[{"href":"http:\/\/www.stiftsforum.ch\/blog\/index.php?rest_route=\/wp\/v2\/posts"}],"about":[{"href":"http:\/\/www.stiftsforum.ch\/blog\/index.php?rest_route=\/wp\/v2\/types\/post"}],"author":[{"embeddable":true,"href":"http:\/\/www.stiftsforum.ch\/blog\/index.php?rest_route=\/wp\/v2\/users\/1"}],"replies":[{"embeddable":true,"href":"http:\/\/www.stiftsforum.ch\/blog\/index.php?rest_route=%2Fwp%2Fv2%2Fcomments&post=4509"}],"version-history":[{"count":2,"href":"http:\/\/www.stiftsforum.ch\/blog\/index.php?rest_route=\/wp\/v2\/posts\/4509\/revisions"}],"predecessor-version":[{"id":4512,"href":"http:\/\/www.stiftsforum.ch\/blog\/index.php?rest_route=\/wp\/v2\/posts\/4509\/revisions\/4512"}],"wp:featuredmedia":[{"embeddable":true,"href":"http:\/\/www.stiftsforum.ch\/blog\/index.php?rest_route=\/wp\/v2\/media\/4510"}],"wp:attachment":[{"href":"http:\/\/www.stiftsforum.ch\/blog\/index.php?rest_route=%2Fwp%2Fv2%2Fmedia&parent=4509"}],"wp:term":[{"taxonomy":"category","embeddable":true,"href":"http:\/\/www.stiftsforum.ch\/blog\/index.php?rest_route=%2Fwp%2Fv2%2Fcategories&post=4509"},{"taxonomy":"post_tag","embeddable":true,"href":"http:\/\/www.stiftsforum.ch\/blog\/index.php?rest_route=%2Fwp%2Fv2%2Ftags&post=4509"}],"curies":[{"name":"wp","href":"https:\/\/api.w.org\/{rel}","templated":true}]}}