{"id":4735,"date":"2021-11-09T16:47:48","date_gmt":"2021-11-09T15:47:48","guid":{"rendered":"http:\/\/www.stiftsforum.ch\/blog\/?p=4735"},"modified":"2021-11-10T10:11:43","modified_gmt":"2021-11-10T09:11:43","slug":"elefanten-raclette-und-harry-potter","status":"publish","type":"post","link":"http:\/\/www.stiftsforum.ch\/blog\/?p=4735","title":{"rendered":"Elefanten, Raclette und Harry Potter"},"content":{"rendered":"\n<p><em><strong>Interview mit Frau Niggli, einer neuen Geografielehrerin an der Stiftsschule<\/strong><\/em><\/p>\n\n\n\n<p><em>von Viviana Lindemann (1a)<\/em><\/p>\n\n\n\n<p><strong>Wie sind Sie auf Geografie gekommen?<\/strong><\/p>\n\n\n\n<p>Ich war sehr fr\u00fch schon mit meinen Eltern viel in den Bergen in den Ferien, mein Vater ist selbst aus dem Kanton Graub\u00fcnden und deshalb habe ich dort auch sehr oft mit Themen der Geografie schon fr\u00fch zu tun gehabt, beziehungsweise mich interessiert daf\u00fcr. Es war auch eines meiner Lieblingsf\u00e4cher in der Schule und deshalb habe ich mich dann nach der Matura auch dazu entschieden, das zu studieren, mit dem Ziel auch Lehrerin zu werden.<\/p>\n\n\n\n<p><strong>Was war Ihr Ausbildungsweg?<\/strong><\/p>\n\n\n\n<p>Ich habe die Matura in Olten gemacht und habe dann in Bern studiert. Zuerst Geografie und Mathematik und dann Geografie und Geschichte, also habe ich mein Nebenfach ausgetauscht. Ich habe dort auch den Master gemacht und die P\u00e4dagogische Hochschule f\u00fcr die Lehrerausbildung besucht und somit meine Ausbildung abgeschlossen.<\/p>\n\n\n\n<p><strong>Sie waren ja einmal Flugassistentin, was f\u00fcr Erfahrungen sammelten Sie da?<\/strong><\/p>\n\n\n\n<p>Also es war sehr spannend. Ich war 1 1\/2 Jahre als Flight-Attendant unterwegs und man macht ganz verschiedene Erfahrungen, man lernt vor allem sehr viele Orte und verschiedene Menschen und Kulturen kennen, was sehr spannend ist. Aber man lernt auch, wie man mit stressigen Situationen umgehen sollte oder wie man am besten im Team zusammenarbeitet, weil man dort wirklich auch im Team arbeiten muss, damit das alles gut funktioniert. Eigentlich ist es das Gesamtpaket, was ich da an guten Erfahrungen mitgenommen habe.<\/p>\n\n\n\n<p><strong>Ich weiss, dass Sie in Bern wohnen. Ist das dann nicht stressig, wenn Sie immer nach Einsiedeln pendeln m\u00fcssen?<\/strong><\/p>\n\n\n\n<p>(lacht) Stressig ist es nicht, aber es braucht sicher eine gute Koordination. Ich bin Montag bis Mittwoch in einem Ingenieurb\u00fcro in Bern t\u00e4tig und arbeite dort den ganzen Tag. Ich muss dann eigentlich immer schauen, dass die Arbeit, die in diesen drei Tagen erledigt werden muss, auch erledigt wird, sodass ich dann wirklich Donnerstag und Freitag Zeit habe f\u00fcr die Vorbereitung und den Unterricht hier. Ich kann jeweils schon am Donnerstagabend hier nach Einsiedeln reisen, sodass ich hier \u00fcbernachten kann und am Morgen dann nicht ganz fr\u00fch von Bern los muss.<\/p>\n\n\n\n<p><strong>Haben Sie schon mal in einem anderen Land gelebt?<\/strong><\/p>\n\n\n\n<p>Ja, also teilweise nat\u00fcrlich. Ich habe nach der Matura ein halbes Jahr f\u00fcr einen Sprachaustausch in England verbracht und dann w\u00e4hrend des Masterstudiums habe ich in Kenia in Afrika gelebt, auch zweimal ein halbes Jahr, eben f\u00fcr meine Masterarbeit, die ich dort geschrieben habe.<\/p>\n\n\n\n<p><strong>Wie ich h\u00f6re, haben sie schon sehr viel erlebt. Wenn Sie eine Erfahrung mit der ganzen Welt teilen k\u00f6nnten, welche Erfahrung w\u00fcrden Sie dann teilen?<\/strong><\/p>\n\n\n\n<p>Das ist eine sehr spannende Frage. Ich denke ich habe gelernt in all meinen Erfahrungen auch mit all den Menschen und L\u00e4ndern und Kulturen, die ich gesehen habe, dass man sehr weit kommt, wenn man offen gegen\u00fcber Leuten oder Orten ist. Wenn man sehr viel Respekt beziehungsweise auch Toleranz anderen entgegenbringt, wenn man also diesen Umgang pflegt,  dann kommt es wahrscheinlich ein bisschen besser als es manchmal kommen kann.\u00a0<\/p>\n\n\n\n<p><strong><em>Jetzt kommen wir so ein bisschen mehr zu den spassigen Fragen\u2026<\/em><\/strong><\/p>\n\n\n\n<p><strong>Was ist Ihr Lieblingstier?<\/strong><\/p>\n\n\n\n<p>Ich finde Elefanten ganz toll. Ich finde, das sind ganz spannende Tiere. Sie sind unglaublich klug und ich bin sehr fasziniert von ihnen.<\/p>\n\n\n\n<p><strong>Lieblingsessen?<\/strong><\/p>\n\n\n\n<p>Raclette. (lacht) Das kann ich ganz schnell beantworten.<\/p>\n\n\n\n<p><strong>Lieblingsland\/Lieblingsort?<\/strong><\/p>\n\n\n\n<p>Ich glaube nicht unbedingt. Ich finde eben die Vielfalt sehr spannend, beziehungsweise habe ich momentan das Gef\u00fchl, meine Reiselust ist nicht  ganz gestillt, aber ich konzentrierte mich in den letzten Jahren, auch wegen Corona, nat\u00fcrlich ein bisschen auf Europa. Ich finde, wir haben auch in unseren Nachbarl\u00e4ndern ganz viele spannende Orte und Regionen, die man erkunden kann und da bin ich momentan dran.<\/p>\n\n\n\n<p><strong>Lieblingsbuch oder Serie\/Film?<\/strong><\/p>\n\n\n\n<p>Ich bin schon seit Kind an ein grosser Fan von den Harry Potter B\u00fcchern und lese sie immer noch sehr gerne, auch wenn ich sie wahrscheinlich schon auswendig kann. Serien schau ich nicht so viel. ,,How I met your mother\u2019\u2019 habe ich mal sehr gut gefunden oder ich schalte heute noch ab und zu ein. Bei Filmen gibt es auch eine ganze Reihe von Filmen, die ich sehr gerne mag. Da kommt es auch ein bisschen auf meine Stimmung darauf an. Manchmal mag ich  einen guten Liebesfilm, aber ich bin auch Fan von James Bond oder schaue auch mal einen guten Krimi oder Thriller. Das ist dann tagesabh\u00e4ngig.<\/p>\n\n\n\n<p><strong>Vielen Dank f\u00fcr das Interview!<\/strong><\/p>\n","protected":false},"excerpt":{"rendered":"<p>Interview mit Frau Niggli, einer neuen Geografielehrerin an der Stiftsschule von Viviana Lindemann (1a) Wie sind Sie auf Geografie gekommen?<\/p>\n","protected":false},"author":1,"featured_media":4736,"comment_status":"open","ping_status":"closed","sticky":false,"template":"","format":"standard","meta":{"spay_email":"","jetpack_publicize_message":"","jetpack_is_tweetstorm":false},"categories":[8],"tags":[],"jetpack_featured_media_url":"https:\/\/i1.wp.com\/www.stiftsforum.ch\/blog\/wp-content\/uploads\/2021\/11\/Schulredaktion_3-BildDNi-scaled.jpg?fit=2048%2C2560","jetpack_publicize_connections":[],"jetpack_sharing_enabled":true,"jetpack_shortlink":"https:\/\/wp.me\/p9nzRF-1en","jetpack_likes_enabled":true,"jetpack-related-posts":[{"id":1766,"url":"http:\/\/www.stiftsforum.ch\/blog\/?p=1766","url_meta":{"origin":4735,"position":0},"title":"\"Es l\u00e4uft immer etwas!\"","date":"Januar 19, 2018","format":false,"excerpt":"Bernadette Boggia unterrichtet seit letztem Sommer Mathematik und Geografie an der Stiftsschule. Im Interview erz\u00e4hlt sie, warum sie an die Stiftsschule gekommen ist und was sie alles machen m\u00f6chte. Valentin M\u00fcller, 2a K\u00f6nnen Sie sich mit drei W\u00f6rtern beschreiben? (\u00dcberlegt\u2026) Offen gegen\u00fcber anderen, interessiert und organisiert. Sie gingen ja selbst\u2026","rel":"","context":"In &quot;Allgemein&quot;","img":{"alt_text":"","src":"https:\/\/i2.wp.com\/www.stiftsforum.ch\/blog\/wp-content\/uploads\/2018\/01\/IMG_9318-Kopie.jpg?fit=1200%2C800&resize=350%2C200","width":350,"height":200},"classes":[]},{"id":2041,"url":"http:\/\/www.stiftsforum.ch\/blog\/?p=2041","url_meta":{"origin":4735,"position":1},"title":"Mit den SDGs nachhaltig ins 21. Jahrhundert","date":"Mai 13, 2018","format":false,"excerpt":"\u00a0 Wohlstand und Lebenserwartung haben in den letzten Jahrzehnten deutlich zugenommen, aber auf Kosten von wem? Eine Ausstellung zu den UNO-Entwicklungszielen, den SDGs (sustainable development goals), r\u00fcckt Zukunftsszenarien nun in unsere Gegenwart. Organisiert wurde die Ausstellung von Florentin Bucher gemeinsam mit dem Erg\u00e4nzungsfach Geografie. Montag, 16.4., 15h30: Drei Schulklassen, Schulleitung\u2026","rel":"","context":"In &quot;Schulanl\u00e4sse&quot;","img":{"alt_text":"","src":"https:\/\/i1.wp.com\/www.stiftsforum.ch\/blog\/wp-content\/uploads\/2018\/05\/ausstellung4.jpg?fit=1200%2C800&resize=350%2C200","width":350,"height":200},"classes":[]},{"id":5263,"url":"http:\/\/www.stiftsforum.ch\/blog\/?p=5263","url_meta":{"origin":4735,"position":2},"title":"Herzlich willkommen! Die Erstkl\u00e4ssler sind gut ins neue Schuljahr gestartet","date":"September 2, 2022","format":false,"excerpt":"Die 1c im Interview Wie war Dein Start an der Schule? \u201eIch war sehr nerv\u00f6s, ich kannte niemanden. Es war ein neuer Start, aber irgendwie freute ich mich auch.\u201c Tobias, 1c \u201eDer Start an der Schule ist mir gelungen.\u201c Johanna, 1c Warum bist Du nach Einsiedeln gekommen? \u201eIn meiner Schule\u2026","rel":"","context":"In &quot;Allgemein&quot;","img":{"alt_text":"","src":"https:\/\/i0.wp.com\/www.stiftsforum.ch\/blog\/wp-content\/uploads\/2022\/09\/Foto-1c-3.jpg?fit=960%2C720&resize=350%2C200","width":350,"height":200},"classes":[]},{"id":6891,"url":"http:\/\/www.stiftsforum.ch\/blog\/?p=6891","url_meta":{"origin":4735,"position":3},"title":"Die ersten Klassen im Recycling-Center Steinauer","date":"Juni 22, 2025","format":false,"excerpt":"Auf der informativen Tour durch das Recycling-Center Steinauer in Einsiedeln lernten die 1.Kl\u00e4sslerInnen, wie Materialien wie Beton, Ziegel, Plastik, Eisen, Metall, Karton, Papier, Holz und Kork recyclet werden. Zudem gewannen sie eindrucksvolle Einblicke in die wertvolle Arbeit f\u00fcr die Wiederverwertung dieser Rohstoffe. Ein sch\u00f6ner gemeinschaftlicher und lehrreicher Abschluss des ersten\u2026","rel":"","context":"In &quot;Allgemein&quot;","img":{"alt_text":"","src":"https:\/\/i0.wp.com\/www.stiftsforum.ch\/blog\/wp-content\/uploads\/2025\/06\/IMG-20250622-WA0003.jpg?fit=1200%2C904&resize=350%2C200","width":350,"height":200},"classes":[]},{"id":4999,"url":"http:\/\/www.stiftsforum.ch\/blog\/?p=4999","url_meta":{"origin":4735,"position":4},"title":"\u201eIn Japan steht die Gemeinschaft im Zentrum\u201c","date":"Januar 11, 2022","format":false,"excerpt":"Von Ricarda und Jil Wir besuchen das Kursfach Japanisch und sind sehr beeindruckt. Die Sch\u00fcler besprechen gerade ihre Hausaufgaben, die Lehrerin spricht mit ihnen einwandfreies Japanisch und die Sch\u00fcler scheinen alles zu verstehen.\u00a0 Ein Sch\u00fcler erz\u00e4hlt uns, dass sie sowohl die japanische Sprache als auch die japanische Kultur besser kennen\u2026","rel":"","context":"In &quot;Allgemein&quot;","img":{"alt_text":"","src":"https:\/\/i0.wp.com\/www.stiftsforum.ch\/blog\/wp-content\/uploads\/2022\/01\/5574f79291fb706be89cb18d991f2f62bc8c84ec15963ee81f6b6121ef5a63d5.jpg?fit=768%2C1024&resize=350%2C200","width":350,"height":200},"classes":[]},{"id":3919,"url":"http:\/\/www.stiftsforum.ch\/blog\/?p=3919","url_meta":{"origin":4735,"position":5},"title":"Zelten in Gr\u00f6nland","date":"Juni 15, 2020","format":false,"excerpt":"Vortrag von Dr. Martin L\u00fcthi\/UZH im Rahmen der Ausstellung \u00abGletschertour\u00bb des EF Geografie 8.6.2020: Der Corona-Krise zum Trotz - Das EF Geografie mit Florentin Bucher als Leiter der motivierten Sch\u00fclermannschaft liess es sich auch in Krisenzeiten nicht nehmen, eine Ausstellung zum Thema \u00abFaszination Gletscher\u00bb in der Gartenhalle anzubieten \u2013 freilich\u2026","rel":"","context":"In &quot;Schulanl\u00e4sse&quot;","img":{"alt_text":"","src":"https:\/\/i0.wp.com\/www.stiftsforum.ch\/blog\/wp-content\/uploads\/2020\/06\/Gletschertour1.jpg?fit=1200%2C800&resize=350%2C200","width":350,"height":200},"classes":[]}],"_links":{"self":[{"href":"http:\/\/www.stiftsforum.ch\/blog\/index.php?rest_route=\/wp\/v2\/posts\/4735"}],"collection":[{"href":"http:\/\/www.stiftsforum.ch\/blog\/index.php?rest_route=\/wp\/v2\/posts"}],"about":[{"href":"http:\/\/www.stiftsforum.ch\/blog\/index.php?rest_route=\/wp\/v2\/types\/post"}],"author":[{"embeddable":true,"href":"http:\/\/www.stiftsforum.ch\/blog\/index.php?rest_route=\/wp\/v2\/users\/1"}],"replies":[{"embeddable":true,"href":"http:\/\/www.stiftsforum.ch\/blog\/index.php?rest_route=%2Fwp%2Fv2%2Fcomments&post=4735"}],"version-history":[{"count":2,"href":"http:\/\/www.stiftsforum.ch\/blog\/index.php?rest_route=\/wp\/v2\/posts\/4735\/revisions"}],"predecessor-version":[{"id":4739,"href":"http:\/\/www.stiftsforum.ch\/blog\/index.php?rest_route=\/wp\/v2\/posts\/4735\/revisions\/4739"}],"wp:featuredmedia":[{"embeddable":true,"href":"http:\/\/www.stiftsforum.ch\/blog\/index.php?rest_route=\/wp\/v2\/media\/4736"}],"wp:attachment":[{"href":"http:\/\/www.stiftsforum.ch\/blog\/index.php?rest_route=%2Fwp%2Fv2%2Fmedia&parent=4735"}],"wp:term":[{"taxonomy":"category","embeddable":true,"href":"http:\/\/www.stiftsforum.ch\/blog\/index.php?rest_route=%2Fwp%2Fv2%2Fcategories&post=4735"},{"taxonomy":"post_tag","embeddable":true,"href":"http:\/\/www.stiftsforum.ch\/blog\/index.php?rest_route=%2Fwp%2Fv2%2Ftags&post=4735"}],"curies":[{"name":"wp","href":"https:\/\/api.w.org\/{rel}","templated":true}]}}