{"id":4770,"date":"2021-11-16T20:42:46","date_gmt":"2021-11-16T19:42:46","guid":{"rendered":"http:\/\/www.stiftsforum.ch\/blog\/?p=4770"},"modified":"2021-11-16T21:06:30","modified_gmt":"2021-11-16T20:06:30","slug":"7-tage-quarantaene-tipps-und-tricks-zum-ueberleben","status":"publish","type":"post","link":"http:\/\/www.stiftsforum.ch\/blog\/?p=4770","title":{"rendered":"7 Tage Quarant\u00e4ne &#8211; Tipps und Tricks zum \u00dcberleben"},"content":{"rendered":"\n<p><em>Von Sophia Br\u00fcllmann (1c)<\/em><\/p>\n\n\n\n<p>Eine Woche Quarant\u00e4ne. Zuerst denkt man sich, cool, l\u00e4nger Freizeit f\u00fcr gamen und Netflix, aber ich sage euch, mit der Zeit \u00e4ndert sich eure Meinung. Aber, beginnen wir ganz am Anfang.<\/p>\n\n\n\n<blockquote class=\"wp-block-quote\"><p>Quarant\u00e4ne-Nachteil 1: Homeschooling organisieren<\/p><\/blockquote>\n\n\n\n<p>Zuerst musste ich das Homeschooling organisieren. Quarant\u00e4ne-Nachteil 1. Dazu schrieb ich allen Lehrern eine E-Mail, um sie \u00fcber meine Quarant\u00e4ne zu informieren. Bei den meisten F\u00e4chern nahm ich per Teams-Videoanruf teil, sodass ich auch mit dabei war. Daf\u00fcr rief ich eine Mitsch\u00fclerin auf dem Laptop an. Meistens meine Pultnachbarin Lilian. Tipp: Fragt am besten eine\/einen Mitsch\u00fcler\/Mitsch\u00fclern, der in der Mitte des Klassenzimmers sitzt. So habt ihr die beste Sicht vom Laptop aus. Meine Schulb\u00fccher brachte mir eine Kollegin nach Hause. So hatte ich mir zuhause ein kleines B\u00fcro f\u00fcr die Schule eingerichtet.<\/p>\n\n\n\n<blockquote class=\"wp-block-quote\"><p>Mitsch\u00fcler fragen, die in der Mitte sitzen<\/p><\/blockquote>\n\n\n\n<p>Typischerweise lief ein Tag in der Quarant\u00e4ne etwa so ab: Zun\u00e4chst ausschlafen. Quarant\u00e4ne- Vorteil 1. &nbsp;Zwar nicht besonders viel mehr, aber schon ein wenig mehr als an regul\u00e4ren Schultagen. Dann Fr\u00fchst\u00fcck. Meistens eine Sch\u00fcssel Cornflakes mit Milch. Doch als ich am ersten Tag die Schrankt\u00fcr aufmachte, war die Milch alle. Mist. Ich musste schnell in den Keller hinuntersprinten, damit ich den Unterrichtsbeginn nicht verpasste.<\/p>\n\n\n\n<p>Nachdem ich die Cornflakes hinuntergeschlungen, mich umgezogen, Z\u00e4hne geputzt und meinen Laptop aufgestartet hatte, rief mich auch schon Lilian, meine Pultnachbarin, an. Ich kam ziemlich gut im Unterricht mit, aber es war schon etwas anderes als mit den anderen im Klassenzimmer zu sitzen.<\/p>\n\n\n\n<p>Quarant\u00e4ne-Nachteil 2. So ungef\u00e4hr nach zwei Lektionen kam der Schock. \u00ab10 % Batterieladung. Bitte Ladekabel anschliessen.\u00bb Mein Laptop schien mich zu hassen. Wie sollte ich bitte sch\u00f6n im Unterricht ins Wohnzimmer sprinten, um mein Ladekabel zu holen? Zum Gl\u00fcck hat man den Stromsparmodus erfunden. Ich schaltete ihn ein, und konnte nur noch beten, dass er bis zur Pause durchhalten w\u00fcrde. Endlich. Die grosse Pause und mein Laptop lief noch. Schnell die Kamera ausschalten, Ladekabel holen, anschliessen, und weiter gings. Tipp: Habt immer euer Ladekabel mit dabei! Man weiss ja nie.<\/p>\n\n\n\n<blockquote class=\"wp-block-quote\"><p>Netflix, um neue Energie zu tanken<\/p><\/blockquote>\n\n\n\n<p>Nach dem morgendlichen Unterricht schaltete ich den Computer ab und ass mit meiner Familie zu Mittag. Es war auch mal wieder sch\u00f6n, mit allen zusammen am Tisch zu sitzen und sich auszutauschen, da wir ja sonst immer in der Mensa essen. Nach dem Mittagessen kurze Pause mit Netflix, um neue Energie zu tanken, bis ich dann um circa dreizehn Uhr begann, meine Hausaufgaben zu erledigen. Dann wurde ich auch schon wieder zum Online-Unterricht zugeschaltet. Nach der Schule erledigte ich noch meine restlichen Hausaufgaben und danach hatte ich endlich Freizeit (In der ich nat\u00fcrlich Netflix schaute).<\/p>\n\n\n\n<blockquote class=\"wp-block-quote\"><p>Die vielen Schulb\u00fccher stapelten sich auf meinem Pult<\/p><\/blockquote>\n\n\n\n<p>So sah ein klassischer Quarant\u00e4netag bei mir zuhause aus. Ich hatte mich schon ein bisschen an den Online-Unterricht gew\u00f6hnt. Daran, dass ich die ganze Zeit bei mir im Zimmer sass und auf den Bildschirm starrte, die vielen Schulb\u00fccher, die sich auf meinem Pult stapelten, und nat\u00fcrlich, wie immer, meine Netflix-Pausen.<\/p>\n\n\n\n<p>Doch zum Gl\u00fcck fand die Quarant\u00e4ne auch mal ein Ende, und ich konnte mich testen lassen, damit ich wieder zur Stiftsschule gehen konnte. Gl\u00fccklicherweise war dieser Test negativ und ich freute mich sehr, dass ich endlich wieder in die Schule gehen durfte. Noch am selben Tag packte ich meine ganzen Schulb\u00fccher zusammen (ich brauchte zwei Taschen daf\u00fcr!) und meine Mutter fuhr mich zur\u00fcck ins Gymnasium. Es war sch\u00f6n, wieder in der Stiftsschule zu sein!<\/p>\n\n\n\n<blockquote class=\"wp-block-quote\"><p>Es ist sch\u00f6n, wieder an der Stiftsschule zu sein!<\/p><\/blockquote>\n\n\n\n<p>Es hatte auch Vorteile in Quarant\u00e4ne zu sein, aber es ist anstrengender, weil zur eigentlichen Schule noch dazu kommt, dass man alles selbst organisieren muss, und es ist sch\u00f6ner, zusammen mit seinen Klassenkameraden\/innen im Pr\u00e4senzunterricht zu sein.<\/p>\n\n\n\n<p>Mein Fazit: Ein bisschen mehr Freizeit bekommt man schon, aber im Ernst Leute, es ist einfach nicht das Gleiche.<\/p>\n","protected":false},"excerpt":{"rendered":"<p>Von Sophia Br\u00fcllmann (1c) Eine Woche Quarant\u00e4ne. Zuerst denkt man sich, cool, l\u00e4nger Freizeit f\u00fcr gamen und Netflix, aber ich<\/p>\n","protected":false},"author":1,"featured_media":4774,"comment_status":"open","ping_status":"closed","sticky":false,"template":"","format":"standard","meta":{"spay_email":"","jetpack_publicize_message":"","jetpack_is_tweetstorm":false},"categories":[3,35],"tags":[],"jetpack_featured_media_url":"https:\/\/i2.wp.com\/www.stiftsforum.ch\/blog\/wp-content\/uploads\/2021\/11\/quarantine-g313d1e3a2_1280-neu.png?fit=1231%2C693","jetpack_publicize_connections":[],"jetpack_sharing_enabled":true,"jetpack_shortlink":"https:\/\/wp.me\/p9nzRF-1eW","jetpack_likes_enabled":true,"jetpack-related-posts":[{"id":4128,"url":"http:\/\/www.stiftsforum.ch\/blog\/?p=4128","url_meta":{"origin":4770,"position":0},"title":"Nutzung des Laptops in der 1. Klasse \u2013 eine Bilanz","date":"Januar 25, 2021","format":false,"excerpt":"Die neuhinzugekommen Erstkl\u00e4ssler bekamen zum ersten Mal in dieser Schule einen Laptop. Die Nutzung des Laptops bringt Nach- und Vorteile. Text und Bilder von Mark Attalah & Merlin von Bernuth Das Positive des Rechners ist, dass man mehrere Seiten gleichzeitig \u00f6ffnen kann, was sehr hilfreich ist, wenn man gerade Franz\u00f6sisch\u2026","rel":"","context":"In &quot;Allgemein&quot;","img":{"alt_text":"","src":"https:\/\/i2.wp.com\/www.stiftsforum.ch\/blog\/wp-content\/uploads\/2021\/01\/Bild-Computer-2.jpg?fit=870%2C617&resize=350%2C200","width":350,"height":200},"classes":[]},{"id":4236,"url":"http:\/\/www.stiftsforum.ch\/blog\/?p=4236","url_meta":{"origin":4770,"position":1},"title":"Die Schulseelsorge an der Stiftsschule Einsiedeln","date":"Februar 3, 2021","format":false,"excerpt":"von Olivia L\u00fcond und Silje Hartvigsen, 1d Wir haben P. Thomas F\u00e4ssler interviewt. Er ist 36 Jahre alt, ist bald seit 15 Jahren im Kloster und unterrichtet an der Schule. Er ist zwischen 1997 und 2003 selbst hier an die Schule gegangen und ist in der Schulseelsorge t\u00e4tig. Wie sind\u2026","rel":"","context":"In &quot;Allgemein&quot;","img":{"alt_text":"","src":"https:\/\/i2.wp.com\/www.stiftsforum.ch\/blog\/wp-content\/uploads\/2021\/02\/IMG-20210203-WA0002.jpg?fit=1200%2C1008&resize=350%2C200","width":350,"height":200},"classes":[]},{"id":2622,"url":"http:\/\/www.stiftsforum.ch\/blog\/?p=2622","url_meta":{"origin":4770,"position":2},"title":"Von Bestandespflege bis B\u00fcchereinkauf. Im Gespr\u00e4ch mit Frau Ulrich","date":"November 12, 2018","format":false,"excerpt":"von Lisa Ulrich Heidi Ulrich, geboren am 27. Juli 1969, verheiratet, Mutter einer Tochter und Leiterin der \u00d6ffentlichen Bibliotheken des Bezirks Einsiedeln im Gespr\u00e4ch mit der Schulredaktion Welche B\u00fccher sind in der Schulbibliothek am meisten angesagt? Comics und Rekordb\u00fccher sind am beliebtesten. Wann ist die Schulbibliothek am meisten besucht? In\u2026","rel":"","context":"In &quot;Interview&quot;","img":{"alt_text":"","src":"https:\/\/i2.wp.com\/www.stiftsforum.ch\/blog\/wp-content\/uploads\/2018\/11\/books-1850645_960_720.jpg?fit=960%2C640&resize=350%2C200","width":350,"height":200},"classes":[]},{"id":4959,"url":"http:\/\/www.stiftsforum.ch\/blog\/?p=4959","url_meta":{"origin":4770,"position":3},"title":"Rasende Reporter der Redaktion","date":"Dezember 16, 2021","format":false,"excerpt":"Viviana Lindemann: Wie es ist, in der Schulredaktion zu sein Es ist 16:09 an einem gew\u00f6hnlichem Dienstag. In einer Minute ist Pause und dann habe ich Schulredaktion. W\u00e4hrend der Lehrer uns noch schnell die Hausaufgaben sagt, bin ich mit dem Kopf schon bei meinem neusten Bericht. Endlich, der Zeiger hat\u2026","rel":"","context":"In &quot;Das Team&quot;","img":{"alt_text":"","src":"https:\/\/i2.wp.com\/www.stiftsforum.ch\/blog\/wp-content\/uploads\/2021\/12\/20211123_162210_resized-2.jpg?fit=867%2C1156&resize=350%2C200","width":350,"height":200},"classes":[]},{"id":4449,"url":"http:\/\/www.stiftsforum.ch\/blog\/?p=4449","url_meta":{"origin":4770,"position":4},"title":"\"Die Integration der M\u00e4dchen vollzog sich sehr organisch und selbstverst\u00e4ndlich\"","date":"April 27, 2021","format":false,"excerpt":"50 Jahre M\u00e4dchen an der Stiftsschule H\u00e4tte P. Thomas F\u00e4ssler nicht darauf aufmerksam gemacht, w\u00e4re in diesem Schuljahr ein Jubil\u00e4um fast vergessen worden: Seit genau 50 Jahren wird an der Stiftsschule koedukativ unterrichtet. Im Schuljahr 1970\/71 kamen die ersten sieben M\u00e4dchen in die ersten Klassen und eine erstaunlich unscheinbare, aber\u2026","rel":"","context":"In &quot;Allgemein&quot;","img":{"alt_text":"","src":"https:\/\/i0.wp.com\/www.stiftsforum.ch\/blog\/wp-content\/uploads\/2021\/04\/IMG-20210428-WA0000-1.jpg?fit=1200%2C900&resize=350%2C200","width":350,"height":200},"classes":[]},{"id":4639,"url":"http:\/\/www.stiftsforum.ch\/blog\/?p=4639","url_meta":{"origin":4770,"position":5},"title":"\"Der Schluss ist bezaubernd.\"","date":"November 2, 2021","format":false,"excerpt":"Eine S\u00e4ngerin des Chores, Alessia Bl\u00fceler (2d), gibt uns einen Einblick in die bevorstehende Oper \"H\u00e4nsel und Gretel\": Von Erin Schuler. Ich freue mich auf das Lied \u201eErstes Bild daheim\u201c am meisten, weil es sehr freudig ist und die Stimmen gut zusammen harmonieren. Das Highlight der Auff\u00fchrung ist f\u00fcr mich\u2026","rel":"","context":"In &quot;Allgemein&quot;","img":{"alt_text":"","src":"https:\/\/i0.wp.com\/www.stiftsforum.ch\/blog\/wp-content\/uploads\/2021\/11\/choir-g696edb45e_1280.png?fit=1200%2C822&resize=350%2C200","width":350,"height":200},"classes":[]}],"_links":{"self":[{"href":"http:\/\/www.stiftsforum.ch\/blog\/index.php?rest_route=\/wp\/v2\/posts\/4770"}],"collection":[{"href":"http:\/\/www.stiftsforum.ch\/blog\/index.php?rest_route=\/wp\/v2\/posts"}],"about":[{"href":"http:\/\/www.stiftsforum.ch\/blog\/index.php?rest_route=\/wp\/v2\/types\/post"}],"author":[{"embeddable":true,"href":"http:\/\/www.stiftsforum.ch\/blog\/index.php?rest_route=\/wp\/v2\/users\/1"}],"replies":[{"embeddable":true,"href":"http:\/\/www.stiftsforum.ch\/blog\/index.php?rest_route=%2Fwp%2Fv2%2Fcomments&post=4770"}],"version-history":[{"count":4,"href":"http:\/\/www.stiftsforum.ch\/blog\/index.php?rest_route=\/wp\/v2\/posts\/4770\/revisions"}],"predecessor-version":[{"id":4779,"href":"http:\/\/www.stiftsforum.ch\/blog\/index.php?rest_route=\/wp\/v2\/posts\/4770\/revisions\/4779"}],"wp:featuredmedia":[{"embeddable":true,"href":"http:\/\/www.stiftsforum.ch\/blog\/index.php?rest_route=\/wp\/v2\/media\/4774"}],"wp:attachment":[{"href":"http:\/\/www.stiftsforum.ch\/blog\/index.php?rest_route=%2Fwp%2Fv2%2Fmedia&parent=4770"}],"wp:term":[{"taxonomy":"category","embeddable":true,"href":"http:\/\/www.stiftsforum.ch\/blog\/index.php?rest_route=%2Fwp%2Fv2%2Fcategories&post=4770"},{"taxonomy":"post_tag","embeddable":true,"href":"http:\/\/www.stiftsforum.ch\/blog\/index.php?rest_route=%2Fwp%2Fv2%2Ftags&post=4770"}],"curies":[{"name":"wp","href":"https:\/\/api.w.org\/{rel}","templated":true}]}}