{"id":4780,"date":"2021-11-21T11:08:36","date_gmt":"2021-11-21T10:08:36","guid":{"rendered":"http:\/\/www.stiftsforum.ch\/blog\/?p=4780"},"modified":"2021-11-21T11:13:22","modified_gmt":"2021-11-21T10:13:22","slug":"in-der-schule-uebernachten-und-matheraetsel-loesen","status":"publish","type":"post","link":"http:\/\/www.stiftsforum.ch\/blog\/?p=4780","title":{"rendered":"In der Schule \u00fcbernachten und Mather\u00e4tsel l\u00f6sen"},"content":{"rendered":"\n<p>Angeregt von den Mathematiklehrpersonen Silvia Brunner, Martin Spycher und Marc M\u00f6ckli traf man sich am 19.11.2021 zur Nacht der Mathematik an der Stiftsschule&#8230; <\/p>\n\n\n\n<div data-carousel-extra='{\"blog_id\":1,\"permalink\":\"http:\\\/\\\/www.stiftsforum.ch\\\/blog\\\/?p=4780\"}' class=\"wp-block-jetpack-tiled-gallery aligncenter is-style-rectangular\"><div data-carousel-extra='{\"blog_id\":1,\"permalink\":\"http:\\\/\\\/www.stiftsforum.ch\\\/blog\\\/?p=4780\"}' class=\"tiled-gallery__gallery\"><div data-carousel-extra='{\"blog_id\":1,\"permalink\":\"http:\\\/\\\/www.stiftsforum.ch\\\/blog\\\/?p=4780\"}' class=\"tiled-gallery__row\"><div data-carousel-extra='{\"blog_id\":1,\"permalink\":\"http:\\\/\\\/www.stiftsforum.ch\\\/blog\\\/?p=4780\"}' class=\"tiled-gallery__col\" style=\"flex-basis:25%\"><figure class=\"tiled-gallery__item\"><img data-attachment-id=\"4781\" data-permalink=\"http:\/\/www.stiftsforum.ch\/blog\/?attachment_id=4781\" data-orig-file=\"https:\/\/i1.wp.com\/www.stiftsforum.ch\/blog\/wp-content\/uploads\/2021\/11\/IMG-20211120-WA0004.jpg?fit=1512%2C2016\" data-orig-size=\"1512,2016\" data-comments-opened=\"1\" data-image-meta=\"{&quot;aperture&quot;:&quot;0&quot;,&quot;credit&quot;:&quot;&quot;,&quot;camera&quot;:&quot;&quot;,&quot;caption&quot;:&quot;&quot;,&quot;created_timestamp&quot;:&quot;0&quot;,&quot;copyright&quot;:&quot;&quot;,&quot;focal_length&quot;:&quot;0&quot;,&quot;iso&quot;:&quot;0&quot;,&quot;shutter_speed&quot;:&quot;0&quot;,&quot;title&quot;:&quot;&quot;,&quot;orientation&quot;:&quot;0&quot;}\" data-image-title=\"IMG-20211120-WA0004\" data-image-description=\"\" data-medium-file=\"https:\/\/i1.wp.com\/www.stiftsforum.ch\/blog\/wp-content\/uploads\/2021\/11\/IMG-20211120-WA0004.jpg?fit=225%2C300\" data-large-file=\"https:\/\/i1.wp.com\/www.stiftsforum.ch\/blog\/wp-content\/uploads\/2021\/11\/IMG-20211120-WA0004.jpg?fit=768%2C1024\" data-attachment-id=\"4781\" data-permalink=\"http:\/\/www.stiftsforum.ch\/blog\/?attachment_id=4781\" data-orig-file=\"https:\/\/i1.wp.com\/www.stiftsforum.ch\/blog\/wp-content\/uploads\/2021\/11\/IMG-20211120-WA0004.jpg?fit=1512%2C2016\" data-orig-size=\"1512,2016\" data-comments-opened=\"1\" data-image-meta=\"{&quot;aperture&quot;:&quot;0&quot;,&quot;credit&quot;:&quot;&quot;,&quot;camera&quot;:&quot;&quot;,&quot;caption&quot;:&quot;&quot;,&quot;created_timestamp&quot;:&quot;0&quot;,&quot;copyright&quot;:&quot;&quot;,&quot;focal_length&quot;:&quot;0&quot;,&quot;iso&quot;:&quot;0&quot;,&quot;shutter_speed&quot;:&quot;0&quot;,&quot;title&quot;:&quot;&quot;,&quot;orientation&quot;:&quot;0&quot;}\" data-image-title=\"IMG-20211120-WA0004\" data-image-description=\"\" data-medium-file=\"https:\/\/i1.wp.com\/www.stiftsforum.ch\/blog\/wp-content\/uploads\/2021\/11\/IMG-20211120-WA0004.jpg?fit=225%2C300\" data-large-file=\"https:\/\/i1.wp.com\/www.stiftsforum.ch\/blog\/wp-content\/uploads\/2021\/11\/IMG-20211120-WA0004.jpg?fit=768%2C1024\" srcset=\"https:\/\/i1.wp.com\/www.stiftsforum.ch\/blog\/wp-content\/uploads\/2021\/11\/IMG-20211120-WA0004.jpg?strip=info&#038;w=600 600w,https:\/\/i1.wp.com\/www.stiftsforum.ch\/blog\/wp-content\/uploads\/2021\/11\/IMG-20211120-WA0004.jpg?strip=info&#038;w=900 900w,https:\/\/i1.wp.com\/www.stiftsforum.ch\/blog\/wp-content\/uploads\/2021\/11\/IMG-20211120-WA0004.jpg?strip=info&#038;w=1200 1200w,https:\/\/i1.wp.com\/www.stiftsforum.ch\/blog\/wp-content\/uploads\/2021\/11\/IMG-20211120-WA0004.jpg?strip=info&#038;w=1500 1500w,https:\/\/i1.wp.com\/www.stiftsforum.ch\/blog\/wp-content\/uploads\/2021\/11\/IMG-20211120-WA0004.jpg?strip=info&#038;w=1800 1800w,https:\/\/i1.wp.com\/www.stiftsforum.ch\/blog\/wp-content\/uploads\/2021\/11\/IMG-20211120-WA0004.jpg?strip=info&#038;w=2000 2000w\" alt=\"\" data-height=\"2016\" data-id=\"4781\" data-link=\"http:\/\/www.stiftsforum.ch\/blog\/?attachment_id=4781\" data-url=\"http:\/\/www.stiftsforum.ch\/blog\/wp-content\/uploads\/2021\/11\/IMG-20211120-WA0004.jpg\" data-width=\"1512\" src=\"https:\/\/i1.wp.com\/www.stiftsforum.ch\/blog\/wp-content\/uploads\/2021\/11\/IMG-20211120-WA0004.jpg\" layout=\"responsive\"\/><\/figure><\/div><div data-carousel-extra='{\"blog_id\":1,\"permalink\":\"http:\\\/\\\/www.stiftsforum.ch\\\/blog\\\/?p=4780\"}' class=\"tiled-gallery__col\" style=\"flex-basis:25%\"><figure class=\"tiled-gallery__item\"><img data-attachment-id=\"4782\" data-permalink=\"http:\/\/www.stiftsforum.ch\/blog\/?attachment_id=4782\" data-orig-file=\"https:\/\/i1.wp.com\/www.stiftsforum.ch\/blog\/wp-content\/uploads\/2021\/11\/IMG-20211120-WA0005.jpg?fit=1512%2C2016\" data-orig-size=\"1512,2016\" data-comments-opened=\"1\" data-image-meta=\"{&quot;aperture&quot;:&quot;0&quot;,&quot;credit&quot;:&quot;&quot;,&quot;camera&quot;:&quot;&quot;,&quot;caption&quot;:&quot;&quot;,&quot;created_timestamp&quot;:&quot;0&quot;,&quot;copyright&quot;:&quot;&quot;,&quot;focal_length&quot;:&quot;0&quot;,&quot;iso&quot;:&quot;0&quot;,&quot;shutter_speed&quot;:&quot;0&quot;,&quot;title&quot;:&quot;&quot;,&quot;orientation&quot;:&quot;0&quot;}\" data-image-title=\"IMG-20211120-WA0005\" data-image-description=\"\" data-medium-file=\"https:\/\/i1.wp.com\/www.stiftsforum.ch\/blog\/wp-content\/uploads\/2021\/11\/IMG-20211120-WA0005.jpg?fit=225%2C300\" data-large-file=\"https:\/\/i1.wp.com\/www.stiftsforum.ch\/blog\/wp-content\/uploads\/2021\/11\/IMG-20211120-WA0005.jpg?fit=768%2C1024\" data-attachment-id=\"4782\" data-permalink=\"http:\/\/www.stiftsforum.ch\/blog\/?attachment_id=4782\" data-orig-file=\"https:\/\/i1.wp.com\/www.stiftsforum.ch\/blog\/wp-content\/uploads\/2021\/11\/IMG-20211120-WA0005.jpg?fit=1512%2C2016\" data-orig-size=\"1512,2016\" data-comments-opened=\"1\" data-image-meta=\"{&quot;aperture&quot;:&quot;0&quot;,&quot;credit&quot;:&quot;&quot;,&quot;camera&quot;:&quot;&quot;,&quot;caption&quot;:&quot;&quot;,&quot;created_timestamp&quot;:&quot;0&quot;,&quot;copyright&quot;:&quot;&quot;,&quot;focal_length&quot;:&quot;0&quot;,&quot;iso&quot;:&quot;0&quot;,&quot;shutter_speed&quot;:&quot;0&quot;,&quot;title&quot;:&quot;&quot;,&quot;orientation&quot;:&quot;0&quot;}\" data-image-title=\"IMG-20211120-WA0005\" data-image-description=\"\" data-medium-file=\"https:\/\/i1.wp.com\/www.stiftsforum.ch\/blog\/wp-content\/uploads\/2021\/11\/IMG-20211120-WA0005.jpg?fit=225%2C300\" data-large-file=\"https:\/\/i1.wp.com\/www.stiftsforum.ch\/blog\/wp-content\/uploads\/2021\/11\/IMG-20211120-WA0005.jpg?fit=768%2C1024\" srcset=\"https:\/\/i1.wp.com\/www.stiftsforum.ch\/blog\/wp-content\/uploads\/2021\/11\/IMG-20211120-WA0005.jpg?strip=info&#038;w=600 600w,https:\/\/i1.wp.com\/www.stiftsforum.ch\/blog\/wp-content\/uploads\/2021\/11\/IMG-20211120-WA0005.jpg?strip=info&#038;w=900 900w,https:\/\/i1.wp.com\/www.stiftsforum.ch\/blog\/wp-content\/uploads\/2021\/11\/IMG-20211120-WA0005.jpg?strip=info&#038;w=1200 1200w,https:\/\/i1.wp.com\/www.stiftsforum.ch\/blog\/wp-content\/uploads\/2021\/11\/IMG-20211120-WA0005.jpg?strip=info&#038;w=1500 1500w,https:\/\/i1.wp.com\/www.stiftsforum.ch\/blog\/wp-content\/uploads\/2021\/11\/IMG-20211120-WA0005.jpg?strip=info&#038;w=1800 1800w,https:\/\/i1.wp.com\/www.stiftsforum.ch\/blog\/wp-content\/uploads\/2021\/11\/IMG-20211120-WA0005.jpg?strip=info&#038;w=2000 2000w\" alt=\"\" data-height=\"2016\" data-id=\"4782\" data-link=\"http:\/\/www.stiftsforum.ch\/blog\/?attachment_id=4782\" data-url=\"http:\/\/www.stiftsforum.ch\/blog\/wp-content\/uploads\/2021\/11\/IMG-20211120-WA0005.jpg\" data-width=\"1512\" src=\"https:\/\/i1.wp.com\/www.stiftsforum.ch\/blog\/wp-content\/uploads\/2021\/11\/IMG-20211120-WA0005.jpg\" layout=\"responsive\"\/><\/figure><\/div><div data-carousel-extra='{\"blog_id\":1,\"permalink\":\"http:\\\/\\\/www.stiftsforum.ch\\\/blog\\\/?p=4780\"}' class=\"tiled-gallery__col\" style=\"flex-basis:25%\"><figure class=\"tiled-gallery__item\"><img data-attachment-id=\"4783\" data-permalink=\"http:\/\/www.stiftsforum.ch\/blog\/?attachment_id=4783\" data-orig-file=\"https:\/\/i0.wp.com\/www.stiftsforum.ch\/blog\/wp-content\/uploads\/2021\/11\/IMG-20211120-WA0006.jpg?fit=1512%2C2016\" data-orig-size=\"1512,2016\" data-comments-opened=\"1\" data-image-meta=\"{&quot;aperture&quot;:&quot;0&quot;,&quot;credit&quot;:&quot;&quot;,&quot;camera&quot;:&quot;&quot;,&quot;caption&quot;:&quot;&quot;,&quot;created_timestamp&quot;:&quot;0&quot;,&quot;copyright&quot;:&quot;&quot;,&quot;focal_length&quot;:&quot;0&quot;,&quot;iso&quot;:&quot;0&quot;,&quot;shutter_speed&quot;:&quot;0&quot;,&quot;title&quot;:&quot;&quot;,&quot;orientation&quot;:&quot;0&quot;}\" data-image-title=\"IMG-20211120-WA0006\" data-image-description=\"\" data-medium-file=\"https:\/\/i0.wp.com\/www.stiftsforum.ch\/blog\/wp-content\/uploads\/2021\/11\/IMG-20211120-WA0006.jpg?fit=225%2C300\" data-large-file=\"https:\/\/i0.wp.com\/www.stiftsforum.ch\/blog\/wp-content\/uploads\/2021\/11\/IMG-20211120-WA0006.jpg?fit=768%2C1024\" data-attachment-id=\"4783\" data-permalink=\"http:\/\/www.stiftsforum.ch\/blog\/?attachment_id=4783\" data-orig-file=\"https:\/\/i0.wp.com\/www.stiftsforum.ch\/blog\/wp-content\/uploads\/2021\/11\/IMG-20211120-WA0006.jpg?fit=1512%2C2016\" data-orig-size=\"1512,2016\" data-comments-opened=\"1\" data-image-meta=\"{&quot;aperture&quot;:&quot;0&quot;,&quot;credit&quot;:&quot;&quot;,&quot;camera&quot;:&quot;&quot;,&quot;caption&quot;:&quot;&quot;,&quot;created_timestamp&quot;:&quot;0&quot;,&quot;copyright&quot;:&quot;&quot;,&quot;focal_length&quot;:&quot;0&quot;,&quot;iso&quot;:&quot;0&quot;,&quot;shutter_speed&quot;:&quot;0&quot;,&quot;title&quot;:&quot;&quot;,&quot;orientation&quot;:&quot;0&quot;}\" data-image-title=\"IMG-20211120-WA0006\" data-image-description=\"\" data-medium-file=\"https:\/\/i0.wp.com\/www.stiftsforum.ch\/blog\/wp-content\/uploads\/2021\/11\/IMG-20211120-WA0006.jpg?fit=225%2C300\" data-large-file=\"https:\/\/i0.wp.com\/www.stiftsforum.ch\/blog\/wp-content\/uploads\/2021\/11\/IMG-20211120-WA0006.jpg?fit=768%2C1024\" srcset=\"https:\/\/i0.wp.com\/www.stiftsforum.ch\/blog\/wp-content\/uploads\/2021\/11\/IMG-20211120-WA0006.jpg?strip=info&#038;w=600 600w,https:\/\/i0.wp.com\/www.stiftsforum.ch\/blog\/wp-content\/uploads\/2021\/11\/IMG-20211120-WA0006.jpg?strip=info&#038;w=900 900w,https:\/\/i0.wp.com\/www.stiftsforum.ch\/blog\/wp-content\/uploads\/2021\/11\/IMG-20211120-WA0006.jpg?strip=info&#038;w=1200 1200w,https:\/\/i0.wp.com\/www.stiftsforum.ch\/blog\/wp-content\/uploads\/2021\/11\/IMG-20211120-WA0006.jpg?strip=info&#038;w=1500 1500w,https:\/\/i0.wp.com\/www.stiftsforum.ch\/blog\/wp-content\/uploads\/2021\/11\/IMG-20211120-WA0006.jpg?strip=info&#038;w=1800 1800w,https:\/\/i0.wp.com\/www.stiftsforum.ch\/blog\/wp-content\/uploads\/2021\/11\/IMG-20211120-WA0006.jpg?strip=info&#038;w=2000 2000w\" alt=\"\" data-height=\"2016\" data-id=\"4783\" data-link=\"http:\/\/www.stiftsforum.ch\/blog\/?attachment_id=4783\" data-url=\"http:\/\/www.stiftsforum.ch\/blog\/wp-content\/uploads\/2021\/11\/IMG-20211120-WA0006.jpg\" data-width=\"1512\" src=\"https:\/\/i0.wp.com\/www.stiftsforum.ch\/blog\/wp-content\/uploads\/2021\/11\/IMG-20211120-WA0006.jpg\" layout=\"responsive\"\/><\/figure><\/div><div data-carousel-extra='{\"blog_id\":1,\"permalink\":\"http:\\\/\\\/www.stiftsforum.ch\\\/blog\\\/?p=4780\"}' class=\"tiled-gallery__col\" style=\"flex-basis:25%\"><figure class=\"tiled-gallery__item\"><img data-attachment-id=\"4784\" data-permalink=\"http:\/\/www.stiftsforum.ch\/blog\/?attachment_id=4784\" data-orig-file=\"https:\/\/i2.wp.com\/www.stiftsforum.ch\/blog\/wp-content\/uploads\/2021\/11\/IMG-20211120-WA0007.jpg?fit=1512%2C2016\" data-orig-size=\"1512,2016\" data-comments-opened=\"1\" data-image-meta=\"{&quot;aperture&quot;:&quot;0&quot;,&quot;credit&quot;:&quot;&quot;,&quot;camera&quot;:&quot;&quot;,&quot;caption&quot;:&quot;&quot;,&quot;created_timestamp&quot;:&quot;0&quot;,&quot;copyright&quot;:&quot;&quot;,&quot;focal_length&quot;:&quot;0&quot;,&quot;iso&quot;:&quot;0&quot;,&quot;shutter_speed&quot;:&quot;0&quot;,&quot;title&quot;:&quot;&quot;,&quot;orientation&quot;:&quot;0&quot;}\" data-image-title=\"IMG-20211120-WA0007\" data-image-description=\"\" data-medium-file=\"https:\/\/i2.wp.com\/www.stiftsforum.ch\/blog\/wp-content\/uploads\/2021\/11\/IMG-20211120-WA0007.jpg?fit=225%2C300\" data-large-file=\"https:\/\/i2.wp.com\/www.stiftsforum.ch\/blog\/wp-content\/uploads\/2021\/11\/IMG-20211120-WA0007.jpg?fit=768%2C1024\" data-attachment-id=\"4784\" data-permalink=\"http:\/\/www.stiftsforum.ch\/blog\/?attachment_id=4784\" data-orig-file=\"https:\/\/i2.wp.com\/www.stiftsforum.ch\/blog\/wp-content\/uploads\/2021\/11\/IMG-20211120-WA0007.jpg?fit=1512%2C2016\" data-orig-size=\"1512,2016\" data-comments-opened=\"1\" data-image-meta=\"{&quot;aperture&quot;:&quot;0&quot;,&quot;credit&quot;:&quot;&quot;,&quot;camera&quot;:&quot;&quot;,&quot;caption&quot;:&quot;&quot;,&quot;created_timestamp&quot;:&quot;0&quot;,&quot;copyright&quot;:&quot;&quot;,&quot;focal_length&quot;:&quot;0&quot;,&quot;iso&quot;:&quot;0&quot;,&quot;shutter_speed&quot;:&quot;0&quot;,&quot;title&quot;:&quot;&quot;,&quot;orientation&quot;:&quot;0&quot;}\" data-image-title=\"IMG-20211120-WA0007\" data-image-description=\"\" data-medium-file=\"https:\/\/i2.wp.com\/www.stiftsforum.ch\/blog\/wp-content\/uploads\/2021\/11\/IMG-20211120-WA0007.jpg?fit=225%2C300\" data-large-file=\"https:\/\/i2.wp.com\/www.stiftsforum.ch\/blog\/wp-content\/uploads\/2021\/11\/IMG-20211120-WA0007.jpg?fit=768%2C1024\" srcset=\"https:\/\/i2.wp.com\/www.stiftsforum.ch\/blog\/wp-content\/uploads\/2021\/11\/IMG-20211120-WA0007.jpg?strip=info&#038;w=600 600w,https:\/\/i2.wp.com\/www.stiftsforum.ch\/blog\/wp-content\/uploads\/2021\/11\/IMG-20211120-WA0007.jpg?strip=info&#038;w=900 900w,https:\/\/i2.wp.com\/www.stiftsforum.ch\/blog\/wp-content\/uploads\/2021\/11\/IMG-20211120-WA0007.jpg?strip=info&#038;w=1200 1200w,https:\/\/i2.wp.com\/www.stiftsforum.ch\/blog\/wp-content\/uploads\/2021\/11\/IMG-20211120-WA0007.jpg?strip=info&#038;w=1500 1500w,https:\/\/i2.wp.com\/www.stiftsforum.ch\/blog\/wp-content\/uploads\/2021\/11\/IMG-20211120-WA0007.jpg?strip=info&#038;w=1800 1800w,https:\/\/i2.wp.com\/www.stiftsforum.ch\/blog\/wp-content\/uploads\/2021\/11\/IMG-20211120-WA0007.jpg?strip=info&#038;w=2000 2000w\" alt=\"\" data-height=\"2016\" data-id=\"4784\" data-link=\"http:\/\/www.stiftsforum.ch\/blog\/?attachment_id=4784\" data-url=\"http:\/\/www.stiftsforum.ch\/blog\/wp-content\/uploads\/2021\/11\/IMG-20211120-WA0007.jpg\" data-width=\"1512\" src=\"https:\/\/i2.wp.com\/www.stiftsforum.ch\/blog\/wp-content\/uploads\/2021\/11\/IMG-20211120-WA0007.jpg\" layout=\"responsive\"\/><\/figure><\/div><\/div><div data-carousel-extra='{\"blog_id\":1,\"permalink\":\"http:\\\/\\\/www.stiftsforum.ch\\\/blog\\\/?p=4780\"}' class=\"tiled-gallery__row\"><div data-carousel-extra='{\"blog_id\":1,\"permalink\":\"http:\\\/\\\/www.stiftsforum.ch\\\/blog\\\/?p=4780\"}' class=\"tiled-gallery__col\" style=\"flex-basis:33.33333333333333%\"><figure class=\"tiled-gallery__item\"><img data-attachment-id=\"4785\" data-permalink=\"http:\/\/www.stiftsforum.ch\/blog\/?attachment_id=4785\" data-orig-file=\"https:\/\/i0.wp.com\/www.stiftsforum.ch\/blog\/wp-content\/uploads\/2021\/11\/IMG-20211120-WA0008.jpg?fit=1512%2C2016\" data-orig-size=\"1512,2016\" data-comments-opened=\"1\" data-image-meta=\"{&quot;aperture&quot;:&quot;0&quot;,&quot;credit&quot;:&quot;&quot;,&quot;camera&quot;:&quot;&quot;,&quot;caption&quot;:&quot;&quot;,&quot;created_timestamp&quot;:&quot;0&quot;,&quot;copyright&quot;:&quot;&quot;,&quot;focal_length&quot;:&quot;0&quot;,&quot;iso&quot;:&quot;0&quot;,&quot;shutter_speed&quot;:&quot;0&quot;,&quot;title&quot;:&quot;&quot;,&quot;orientation&quot;:&quot;0&quot;}\" data-image-title=\"IMG-20211120-WA0008\" data-image-description=\"\" data-medium-file=\"https:\/\/i0.wp.com\/www.stiftsforum.ch\/blog\/wp-content\/uploads\/2021\/11\/IMG-20211120-WA0008.jpg?fit=225%2C300\" data-large-file=\"https:\/\/i0.wp.com\/www.stiftsforum.ch\/blog\/wp-content\/uploads\/2021\/11\/IMG-20211120-WA0008.jpg?fit=768%2C1024\" data-attachment-id=\"4785\" data-permalink=\"http:\/\/www.stiftsforum.ch\/blog\/?attachment_id=4785\" data-orig-file=\"https:\/\/i0.wp.com\/www.stiftsforum.ch\/blog\/wp-content\/uploads\/2021\/11\/IMG-20211120-WA0008.jpg?fit=1512%2C2016\" data-orig-size=\"1512,2016\" data-comments-opened=\"1\" data-image-meta=\"{&quot;aperture&quot;:&quot;0&quot;,&quot;credit&quot;:&quot;&quot;,&quot;camera&quot;:&quot;&quot;,&quot;caption&quot;:&quot;&quot;,&quot;created_timestamp&quot;:&quot;0&quot;,&quot;copyright&quot;:&quot;&quot;,&quot;focal_length&quot;:&quot;0&quot;,&quot;iso&quot;:&quot;0&quot;,&quot;shutter_speed&quot;:&quot;0&quot;,&quot;title&quot;:&quot;&quot;,&quot;orientation&quot;:&quot;0&quot;}\" data-image-title=\"IMG-20211120-WA0008\" data-image-description=\"\" data-medium-file=\"https:\/\/i0.wp.com\/www.stiftsforum.ch\/blog\/wp-content\/uploads\/2021\/11\/IMG-20211120-WA0008.jpg?fit=225%2C300\" data-large-file=\"https:\/\/i0.wp.com\/www.stiftsforum.ch\/blog\/wp-content\/uploads\/2021\/11\/IMG-20211120-WA0008.jpg?fit=768%2C1024\" srcset=\"https:\/\/i2.wp.com\/www.stiftsforum.ch\/blog\/wp-content\/uploads\/2021\/11\/IMG-20211120-WA0008.jpg?strip=info&#038;w=600 600w,https:\/\/i2.wp.com\/www.stiftsforum.ch\/blog\/wp-content\/uploads\/2021\/11\/IMG-20211120-WA0008.jpg?strip=info&#038;w=900 900w,https:\/\/i2.wp.com\/www.stiftsforum.ch\/blog\/wp-content\/uploads\/2021\/11\/IMG-20211120-WA0008.jpg?strip=info&#038;w=1200 1200w,https:\/\/i2.wp.com\/www.stiftsforum.ch\/blog\/wp-content\/uploads\/2021\/11\/IMG-20211120-WA0008.jpg?strip=info&#038;w=1500 1500w,https:\/\/i2.wp.com\/www.stiftsforum.ch\/blog\/wp-content\/uploads\/2021\/11\/IMG-20211120-WA0008.jpg?strip=info&#038;w=1800 1800w,https:\/\/i2.wp.com\/www.stiftsforum.ch\/blog\/wp-content\/uploads\/2021\/11\/IMG-20211120-WA0008.jpg?strip=info&#038;w=2000 2000w\" alt=\"\" data-height=\"2016\" data-id=\"4785\" data-link=\"http:\/\/www.stiftsforum.ch\/blog\/?attachment_id=4785\" data-url=\"http:\/\/www.stiftsforum.ch\/blog\/wp-content\/uploads\/2021\/11\/IMG-20211120-WA0008.jpg\" data-width=\"1512\" src=\"https:\/\/i2.wp.com\/www.stiftsforum.ch\/blog\/wp-content\/uploads\/2021\/11\/IMG-20211120-WA0008.jpg\" layout=\"responsive\"\/><\/figure><\/div><div data-carousel-extra='{\"blog_id\":1,\"permalink\":\"http:\\\/\\\/www.stiftsforum.ch\\\/blog\\\/?p=4780\"}' class=\"tiled-gallery__col\" style=\"flex-basis:33.33333333333333%\"><figure class=\"tiled-gallery__item\"><img data-attachment-id=\"4787\" data-permalink=\"http:\/\/www.stiftsforum.ch\/blog\/?attachment_id=4787\" data-orig-file=\"https:\/\/i1.wp.com\/www.stiftsforum.ch\/blog\/wp-content\/uploads\/2021\/11\/IMG-20211120-WA0010.jpg?fit=1512%2C2016\" data-orig-size=\"1512,2016\" data-comments-opened=\"1\" data-image-meta=\"{&quot;aperture&quot;:&quot;0&quot;,&quot;credit&quot;:&quot;&quot;,&quot;camera&quot;:&quot;&quot;,&quot;caption&quot;:&quot;&quot;,&quot;created_timestamp&quot;:&quot;0&quot;,&quot;copyright&quot;:&quot;&quot;,&quot;focal_length&quot;:&quot;0&quot;,&quot;iso&quot;:&quot;0&quot;,&quot;shutter_speed&quot;:&quot;0&quot;,&quot;title&quot;:&quot;&quot;,&quot;orientation&quot;:&quot;0&quot;}\" data-image-title=\"IMG-20211120-WA0010\" data-image-description=\"\" data-medium-file=\"https:\/\/i1.wp.com\/www.stiftsforum.ch\/blog\/wp-content\/uploads\/2021\/11\/IMG-20211120-WA0010.jpg?fit=225%2C300\" data-large-file=\"https:\/\/i1.wp.com\/www.stiftsforum.ch\/blog\/wp-content\/uploads\/2021\/11\/IMG-20211120-WA0010.jpg?fit=768%2C1024\" data-attachment-id=\"4787\" data-permalink=\"http:\/\/www.stiftsforum.ch\/blog\/?attachment_id=4787\" data-orig-file=\"https:\/\/i1.wp.com\/www.stiftsforum.ch\/blog\/wp-content\/uploads\/2021\/11\/IMG-20211120-WA0010.jpg?fit=1512%2C2016\" data-orig-size=\"1512,2016\" data-comments-opened=\"1\" data-image-meta=\"{&quot;aperture&quot;:&quot;0&quot;,&quot;credit&quot;:&quot;&quot;,&quot;camera&quot;:&quot;&quot;,&quot;caption&quot;:&quot;&quot;,&quot;created_timestamp&quot;:&quot;0&quot;,&quot;copyright&quot;:&quot;&quot;,&quot;focal_length&quot;:&quot;0&quot;,&quot;iso&quot;:&quot;0&quot;,&quot;shutter_speed&quot;:&quot;0&quot;,&quot;title&quot;:&quot;&quot;,&quot;orientation&quot;:&quot;0&quot;}\" data-image-title=\"IMG-20211120-WA0010\" data-image-description=\"\" data-medium-file=\"https:\/\/i1.wp.com\/www.stiftsforum.ch\/blog\/wp-content\/uploads\/2021\/11\/IMG-20211120-WA0010.jpg?fit=225%2C300\" data-large-file=\"https:\/\/i1.wp.com\/www.stiftsforum.ch\/blog\/wp-content\/uploads\/2021\/11\/IMG-20211120-WA0010.jpg?fit=768%2C1024\" srcset=\"https:\/\/i2.wp.com\/www.stiftsforum.ch\/blog\/wp-content\/uploads\/2021\/11\/IMG-20211120-WA0010.jpg?strip=info&#038;w=600 600w,https:\/\/i2.wp.com\/www.stiftsforum.ch\/blog\/wp-content\/uploads\/2021\/11\/IMG-20211120-WA0010.jpg?strip=info&#038;w=900 900w,https:\/\/i2.wp.com\/www.stiftsforum.ch\/blog\/wp-content\/uploads\/2021\/11\/IMG-20211120-WA0010.jpg?strip=info&#038;w=1200 1200w,https:\/\/i2.wp.com\/www.stiftsforum.ch\/blog\/wp-content\/uploads\/2021\/11\/IMG-20211120-WA0010.jpg?strip=info&#038;w=1500 1500w,https:\/\/i2.wp.com\/www.stiftsforum.ch\/blog\/wp-content\/uploads\/2021\/11\/IMG-20211120-WA0010.jpg?strip=info&#038;w=1800 1800w,https:\/\/i2.wp.com\/www.stiftsforum.ch\/blog\/wp-content\/uploads\/2021\/11\/IMG-20211120-WA0010.jpg?strip=info&#038;w=2000 2000w\" alt=\"\" data-height=\"2016\" data-id=\"4787\" data-link=\"http:\/\/www.stiftsforum.ch\/blog\/?attachment_id=4787\" data-url=\"http:\/\/www.stiftsforum.ch\/blog\/wp-content\/uploads\/2021\/11\/IMG-20211120-WA0010.jpg\" data-width=\"1512\" src=\"https:\/\/i2.wp.com\/www.stiftsforum.ch\/blog\/wp-content\/uploads\/2021\/11\/IMG-20211120-WA0010.jpg\" layout=\"responsive\"\/><\/figure><\/div><div data-carousel-extra='{\"blog_id\":1,\"permalink\":\"http:\\\/\\\/www.stiftsforum.ch\\\/blog\\\/?p=4780\"}' class=\"tiled-gallery__col\" style=\"flex-basis:33.33333333333333%\"><figure class=\"tiled-gallery__item\"><img data-attachment-id=\"4790\" data-permalink=\"http:\/\/www.stiftsforum.ch\/blog\/?attachment_id=4790\" data-orig-file=\"https:\/\/i1.wp.com\/www.stiftsforum.ch\/blog\/wp-content\/uploads\/2021\/11\/IMG-20211120-WA0013.jpg?fit=1512%2C2016\" data-orig-size=\"1512,2016\" data-comments-opened=\"1\" data-image-meta=\"{&quot;aperture&quot;:&quot;0&quot;,&quot;credit&quot;:&quot;&quot;,&quot;camera&quot;:&quot;&quot;,&quot;caption&quot;:&quot;&quot;,&quot;created_timestamp&quot;:&quot;0&quot;,&quot;copyright&quot;:&quot;&quot;,&quot;focal_length&quot;:&quot;0&quot;,&quot;iso&quot;:&quot;0&quot;,&quot;shutter_speed&quot;:&quot;0&quot;,&quot;title&quot;:&quot;&quot;,&quot;orientation&quot;:&quot;0&quot;}\" data-image-title=\"IMG-20211120-WA0013\" data-image-description=\"\" data-medium-file=\"https:\/\/i1.wp.com\/www.stiftsforum.ch\/blog\/wp-content\/uploads\/2021\/11\/IMG-20211120-WA0013.jpg?fit=225%2C300\" data-large-file=\"https:\/\/i1.wp.com\/www.stiftsforum.ch\/blog\/wp-content\/uploads\/2021\/11\/IMG-20211120-WA0013.jpg?fit=768%2C1024\" data-attachment-id=\"4790\" data-permalink=\"http:\/\/www.stiftsforum.ch\/blog\/?attachment_id=4790\" data-orig-file=\"https:\/\/i1.wp.com\/www.stiftsforum.ch\/blog\/wp-content\/uploads\/2021\/11\/IMG-20211120-WA0013.jpg?fit=1512%2C2016\" data-orig-size=\"1512,2016\" data-comments-opened=\"1\" data-image-meta=\"{&quot;aperture&quot;:&quot;0&quot;,&quot;credit&quot;:&quot;&quot;,&quot;camera&quot;:&quot;&quot;,&quot;caption&quot;:&quot;&quot;,&quot;created_timestamp&quot;:&quot;0&quot;,&quot;copyright&quot;:&quot;&quot;,&quot;focal_length&quot;:&quot;0&quot;,&quot;iso&quot;:&quot;0&quot;,&quot;shutter_speed&quot;:&quot;0&quot;,&quot;title&quot;:&quot;&quot;,&quot;orientation&quot;:&quot;0&quot;}\" data-image-title=\"IMG-20211120-WA0013\" data-image-description=\"\" data-medium-file=\"https:\/\/i1.wp.com\/www.stiftsforum.ch\/blog\/wp-content\/uploads\/2021\/11\/IMG-20211120-WA0013.jpg?fit=225%2C300\" data-large-file=\"https:\/\/i1.wp.com\/www.stiftsforum.ch\/blog\/wp-content\/uploads\/2021\/11\/IMG-20211120-WA0013.jpg?fit=768%2C1024\" srcset=\"https:\/\/i0.wp.com\/www.stiftsforum.ch\/blog\/wp-content\/uploads\/2021\/11\/IMG-20211120-WA0013.jpg?strip=info&#038;w=600 600w,https:\/\/i0.wp.com\/www.stiftsforum.ch\/blog\/wp-content\/uploads\/2021\/11\/IMG-20211120-WA0013.jpg?strip=info&#038;w=900 900w,https:\/\/i0.wp.com\/www.stiftsforum.ch\/blog\/wp-content\/uploads\/2021\/11\/IMG-20211120-WA0013.jpg?strip=info&#038;w=1200 1200w,https:\/\/i0.wp.com\/www.stiftsforum.ch\/blog\/wp-content\/uploads\/2021\/11\/IMG-20211120-WA0013.jpg?strip=info&#038;w=1500 1500w,https:\/\/i0.wp.com\/www.stiftsforum.ch\/blog\/wp-content\/uploads\/2021\/11\/IMG-20211120-WA0013.jpg?strip=info&#038;w=1800 1800w,https:\/\/i0.wp.com\/www.stiftsforum.ch\/blog\/wp-content\/uploads\/2021\/11\/IMG-20211120-WA0013.jpg?strip=info&#038;w=2000 2000w\" alt=\"\" data-height=\"2016\" data-id=\"4790\" data-link=\"http:\/\/www.stiftsforum.ch\/blog\/?attachment_id=4790\" data-url=\"http:\/\/www.stiftsforum.ch\/blog\/wp-content\/uploads\/2021\/11\/IMG-20211120-WA0013.jpg\" data-width=\"1512\" src=\"https:\/\/i0.wp.com\/www.stiftsforum.ch\/blog\/wp-content\/uploads\/2021\/11\/IMG-20211120-WA0013.jpg\" layout=\"responsive\"\/><\/figure><\/div><\/div><div data-carousel-extra='{\"blog_id\":1,\"permalink\":\"http:\\\/\\\/www.stiftsforum.ch\\\/blog\\\/?p=4780\"}' class=\"tiled-gallery__row\"><div data-carousel-extra='{\"blog_id\":1,\"permalink\":\"http:\\\/\\\/www.stiftsforum.ch\\\/blog\\\/?p=4780\"}' class=\"tiled-gallery__col\" style=\"flex-basis:25%\"><figure class=\"tiled-gallery__item\"><img data-attachment-id=\"4791\" data-permalink=\"http:\/\/www.stiftsforum.ch\/blog\/?attachment_id=4791\" data-orig-file=\"https:\/\/i2.wp.com\/www.stiftsforum.ch\/blog\/wp-content\/uploads\/2021\/11\/IMG-20211120-WA0014.jpg?fit=1512%2C2016\" data-orig-size=\"1512,2016\" data-comments-opened=\"1\" data-image-meta=\"{&quot;aperture&quot;:&quot;0&quot;,&quot;credit&quot;:&quot;&quot;,&quot;camera&quot;:&quot;&quot;,&quot;caption&quot;:&quot;&quot;,&quot;created_timestamp&quot;:&quot;0&quot;,&quot;copyright&quot;:&quot;&quot;,&quot;focal_length&quot;:&quot;0&quot;,&quot;iso&quot;:&quot;0&quot;,&quot;shutter_speed&quot;:&quot;0&quot;,&quot;title&quot;:&quot;&quot;,&quot;orientation&quot;:&quot;0&quot;}\" data-image-title=\"IMG-20211120-WA0014\" data-image-description=\"\" data-medium-file=\"https:\/\/i2.wp.com\/www.stiftsforum.ch\/blog\/wp-content\/uploads\/2021\/11\/IMG-20211120-WA0014.jpg?fit=225%2C300\" data-large-file=\"https:\/\/i2.wp.com\/www.stiftsforum.ch\/blog\/wp-content\/uploads\/2021\/11\/IMG-20211120-WA0014.jpg?fit=768%2C1024\" data-attachment-id=\"4791\" data-permalink=\"http:\/\/www.stiftsforum.ch\/blog\/?attachment_id=4791\" data-orig-file=\"https:\/\/i2.wp.com\/www.stiftsforum.ch\/blog\/wp-content\/uploads\/2021\/11\/IMG-20211120-WA0014.jpg?fit=1512%2C2016\" data-orig-size=\"1512,2016\" data-comments-opened=\"1\" data-image-meta=\"{&quot;aperture&quot;:&quot;0&quot;,&quot;credit&quot;:&quot;&quot;,&quot;camera&quot;:&quot;&quot;,&quot;caption&quot;:&quot;&quot;,&quot;created_timestamp&quot;:&quot;0&quot;,&quot;copyright&quot;:&quot;&quot;,&quot;focal_length&quot;:&quot;0&quot;,&quot;iso&quot;:&quot;0&quot;,&quot;shutter_speed&quot;:&quot;0&quot;,&quot;title&quot;:&quot;&quot;,&quot;orientation&quot;:&quot;0&quot;}\" data-image-title=\"IMG-20211120-WA0014\" data-image-description=\"\" data-medium-file=\"https:\/\/i2.wp.com\/www.stiftsforum.ch\/blog\/wp-content\/uploads\/2021\/11\/IMG-20211120-WA0014.jpg?fit=225%2C300\" data-large-file=\"https:\/\/i2.wp.com\/www.stiftsforum.ch\/blog\/wp-content\/uploads\/2021\/11\/IMG-20211120-WA0014.jpg?fit=768%2C1024\" srcset=\"https:\/\/i0.wp.com\/www.stiftsforum.ch\/blog\/wp-content\/uploads\/2021\/11\/IMG-20211120-WA0014.jpg?strip=info&#038;w=600 600w,https:\/\/i0.wp.com\/www.stiftsforum.ch\/blog\/wp-content\/uploads\/2021\/11\/IMG-20211120-WA0014.jpg?strip=info&#038;w=900 900w,https:\/\/i0.wp.com\/www.stiftsforum.ch\/blog\/wp-content\/uploads\/2021\/11\/IMG-20211120-WA0014.jpg?strip=info&#038;w=1200 1200w,https:\/\/i0.wp.com\/www.stiftsforum.ch\/blog\/wp-content\/uploads\/2021\/11\/IMG-20211120-WA0014.jpg?strip=info&#038;w=1500 1500w,https:\/\/i0.wp.com\/www.stiftsforum.ch\/blog\/wp-content\/uploads\/2021\/11\/IMG-20211120-WA0014.jpg?strip=info&#038;w=1800 1800w,https:\/\/i0.wp.com\/www.stiftsforum.ch\/blog\/wp-content\/uploads\/2021\/11\/IMG-20211120-WA0014.jpg?strip=info&#038;w=2000 2000w\" alt=\"\" data-height=\"2016\" data-id=\"4791\" data-link=\"http:\/\/www.stiftsforum.ch\/blog\/?attachment_id=4791\" data-url=\"http:\/\/www.stiftsforum.ch\/blog\/wp-content\/uploads\/2021\/11\/IMG-20211120-WA0014.jpg\" data-width=\"1512\" src=\"https:\/\/i0.wp.com\/www.stiftsforum.ch\/blog\/wp-content\/uploads\/2021\/11\/IMG-20211120-WA0014.jpg\" layout=\"responsive\"\/><\/figure><\/div><div data-carousel-extra='{\"blog_id\":1,\"permalink\":\"http:\\\/\\\/www.stiftsforum.ch\\\/blog\\\/?p=4780\"}' class=\"tiled-gallery__col\" style=\"flex-basis:25%\"><figure class=\"tiled-gallery__item\"><img data-attachment-id=\"4792\" data-permalink=\"http:\/\/www.stiftsforum.ch\/blog\/?attachment_id=4792\" data-orig-file=\"https:\/\/i0.wp.com\/www.stiftsforum.ch\/blog\/wp-content\/uploads\/2021\/11\/IMG-20211120-WA0015.jpg?fit=1512%2C2016\" data-orig-size=\"1512,2016\" data-comments-opened=\"1\" data-image-meta=\"{&quot;aperture&quot;:&quot;0&quot;,&quot;credit&quot;:&quot;&quot;,&quot;camera&quot;:&quot;&quot;,&quot;caption&quot;:&quot;&quot;,&quot;created_timestamp&quot;:&quot;0&quot;,&quot;copyright&quot;:&quot;&quot;,&quot;focal_length&quot;:&quot;0&quot;,&quot;iso&quot;:&quot;0&quot;,&quot;shutter_speed&quot;:&quot;0&quot;,&quot;title&quot;:&quot;&quot;,&quot;orientation&quot;:&quot;0&quot;}\" data-image-title=\"IMG-20211120-WA0015\" data-image-description=\"\" data-medium-file=\"https:\/\/i0.wp.com\/www.stiftsforum.ch\/blog\/wp-content\/uploads\/2021\/11\/IMG-20211120-WA0015.jpg?fit=225%2C300\" data-large-file=\"https:\/\/i0.wp.com\/www.stiftsforum.ch\/blog\/wp-content\/uploads\/2021\/11\/IMG-20211120-WA0015.jpg?fit=768%2C1024\" data-attachment-id=\"4792\" data-permalink=\"http:\/\/www.stiftsforum.ch\/blog\/?attachment_id=4792\" data-orig-file=\"https:\/\/i0.wp.com\/www.stiftsforum.ch\/blog\/wp-content\/uploads\/2021\/11\/IMG-20211120-WA0015.jpg?fit=1512%2C2016\" data-orig-size=\"1512,2016\" data-comments-opened=\"1\" data-image-meta=\"{&quot;aperture&quot;:&quot;0&quot;,&quot;credit&quot;:&quot;&quot;,&quot;camera&quot;:&quot;&quot;,&quot;caption&quot;:&quot;&quot;,&quot;created_timestamp&quot;:&quot;0&quot;,&quot;copyright&quot;:&quot;&quot;,&quot;focal_length&quot;:&quot;0&quot;,&quot;iso&quot;:&quot;0&quot;,&quot;shutter_speed&quot;:&quot;0&quot;,&quot;title&quot;:&quot;&quot;,&quot;orientation&quot;:&quot;0&quot;}\" data-image-title=\"IMG-20211120-WA0015\" data-image-description=\"\" data-medium-file=\"https:\/\/i0.wp.com\/www.stiftsforum.ch\/blog\/wp-content\/uploads\/2021\/11\/IMG-20211120-WA0015.jpg?fit=225%2C300\" data-large-file=\"https:\/\/i0.wp.com\/www.stiftsforum.ch\/blog\/wp-content\/uploads\/2021\/11\/IMG-20211120-WA0015.jpg?fit=768%2C1024\" srcset=\"https:\/\/i2.wp.com\/www.stiftsforum.ch\/blog\/wp-content\/uploads\/2021\/11\/IMG-20211120-WA0015.jpg?strip=info&#038;w=600 600w,https:\/\/i2.wp.com\/www.stiftsforum.ch\/blog\/wp-content\/uploads\/2021\/11\/IMG-20211120-WA0015.jpg?strip=info&#038;w=900 900w,https:\/\/i2.wp.com\/www.stiftsforum.ch\/blog\/wp-content\/uploads\/2021\/11\/IMG-20211120-WA0015.jpg?strip=info&#038;w=1200 1200w,https:\/\/i2.wp.com\/www.stiftsforum.ch\/blog\/wp-content\/uploads\/2021\/11\/IMG-20211120-WA0015.jpg?strip=info&#038;w=1500 1500w,https:\/\/i2.wp.com\/www.stiftsforum.ch\/blog\/wp-content\/uploads\/2021\/11\/IMG-20211120-WA0015.jpg?strip=info&#038;w=1800 1800w,https:\/\/i2.wp.com\/www.stiftsforum.ch\/blog\/wp-content\/uploads\/2021\/11\/IMG-20211120-WA0015.jpg?strip=info&#038;w=2000 2000w\" alt=\"\" data-height=\"2016\" data-id=\"4792\" data-link=\"http:\/\/www.stiftsforum.ch\/blog\/?attachment_id=4792\" data-url=\"http:\/\/www.stiftsforum.ch\/blog\/wp-content\/uploads\/2021\/11\/IMG-20211120-WA0015.jpg\" data-width=\"1512\" src=\"https:\/\/i2.wp.com\/www.stiftsforum.ch\/blog\/wp-content\/uploads\/2021\/11\/IMG-20211120-WA0015.jpg\" layout=\"responsive\"\/><\/figure><\/div><div data-carousel-extra='{\"blog_id\":1,\"permalink\":\"http:\\\/\\\/www.stiftsforum.ch\\\/blog\\\/?p=4780\"}' class=\"tiled-gallery__col\" style=\"flex-basis:25%\"><figure class=\"tiled-gallery__item\"><img data-attachment-id=\"4793\" data-permalink=\"http:\/\/www.stiftsforum.ch\/blog\/?attachment_id=4793\" data-orig-file=\"https:\/\/i2.wp.com\/www.stiftsforum.ch\/blog\/wp-content\/uploads\/2021\/11\/IMG-20211120-WA0016.jpg?fit=1512%2C2016\" data-orig-size=\"1512,2016\" data-comments-opened=\"1\" data-image-meta=\"{&quot;aperture&quot;:&quot;0&quot;,&quot;credit&quot;:&quot;&quot;,&quot;camera&quot;:&quot;&quot;,&quot;caption&quot;:&quot;&quot;,&quot;created_timestamp&quot;:&quot;0&quot;,&quot;copyright&quot;:&quot;&quot;,&quot;focal_length&quot;:&quot;0&quot;,&quot;iso&quot;:&quot;0&quot;,&quot;shutter_speed&quot;:&quot;0&quot;,&quot;title&quot;:&quot;&quot;,&quot;orientation&quot;:&quot;0&quot;}\" data-image-title=\"IMG-20211120-WA0016\" data-image-description=\"\" data-medium-file=\"https:\/\/i2.wp.com\/www.stiftsforum.ch\/blog\/wp-content\/uploads\/2021\/11\/IMG-20211120-WA0016.jpg?fit=225%2C300\" data-large-file=\"https:\/\/i2.wp.com\/www.stiftsforum.ch\/blog\/wp-content\/uploads\/2021\/11\/IMG-20211120-WA0016.jpg?fit=768%2C1024\" data-attachment-id=\"4793\" data-permalink=\"http:\/\/www.stiftsforum.ch\/blog\/?attachment_id=4793\" data-orig-file=\"https:\/\/i2.wp.com\/www.stiftsforum.ch\/blog\/wp-content\/uploads\/2021\/11\/IMG-20211120-WA0016.jpg?fit=1512%2C2016\" data-orig-size=\"1512,2016\" data-comments-opened=\"1\" data-image-meta=\"{&quot;aperture&quot;:&quot;0&quot;,&quot;credit&quot;:&quot;&quot;,&quot;camera&quot;:&quot;&quot;,&quot;caption&quot;:&quot;&quot;,&quot;created_timestamp&quot;:&quot;0&quot;,&quot;copyright&quot;:&quot;&quot;,&quot;focal_length&quot;:&quot;0&quot;,&quot;iso&quot;:&quot;0&quot;,&quot;shutter_speed&quot;:&quot;0&quot;,&quot;title&quot;:&quot;&quot;,&quot;orientation&quot;:&quot;0&quot;}\" data-image-title=\"IMG-20211120-WA0016\" data-image-description=\"\" data-medium-file=\"https:\/\/i2.wp.com\/www.stiftsforum.ch\/blog\/wp-content\/uploads\/2021\/11\/IMG-20211120-WA0016.jpg?fit=225%2C300\" data-large-file=\"https:\/\/i2.wp.com\/www.stiftsforum.ch\/blog\/wp-content\/uploads\/2021\/11\/IMG-20211120-WA0016.jpg?fit=768%2C1024\" srcset=\"https:\/\/i2.wp.com\/www.stiftsforum.ch\/blog\/wp-content\/uploads\/2021\/11\/IMG-20211120-WA0016.jpg?strip=info&#038;w=600 600w,https:\/\/i2.wp.com\/www.stiftsforum.ch\/blog\/wp-content\/uploads\/2021\/11\/IMG-20211120-WA0016.jpg?strip=info&#038;w=900 900w,https:\/\/i2.wp.com\/www.stiftsforum.ch\/blog\/wp-content\/uploads\/2021\/11\/IMG-20211120-WA0016.jpg?strip=info&#038;w=1200 1200w,https:\/\/i2.wp.com\/www.stiftsforum.ch\/blog\/wp-content\/uploads\/2021\/11\/IMG-20211120-WA0016.jpg?strip=info&#038;w=1500 1500w,https:\/\/i2.wp.com\/www.stiftsforum.ch\/blog\/wp-content\/uploads\/2021\/11\/IMG-20211120-WA0016.jpg?strip=info&#038;w=1800 1800w,https:\/\/i2.wp.com\/www.stiftsforum.ch\/blog\/wp-content\/uploads\/2021\/11\/IMG-20211120-WA0016.jpg?strip=info&#038;w=2000 2000w\" alt=\"\" data-height=\"2016\" data-id=\"4793\" data-link=\"http:\/\/www.stiftsforum.ch\/blog\/?attachment_id=4793\" data-url=\"http:\/\/www.stiftsforum.ch\/blog\/wp-content\/uploads\/2021\/11\/IMG-20211120-WA0016.jpg\" data-width=\"1512\" src=\"https:\/\/i2.wp.com\/www.stiftsforum.ch\/blog\/wp-content\/uploads\/2021\/11\/IMG-20211120-WA0016.jpg\" layout=\"responsive\"\/><\/figure><\/div><div data-carousel-extra='{\"blog_id\":1,\"permalink\":\"http:\\\/\\\/www.stiftsforum.ch\\\/blog\\\/?p=4780\"}' class=\"tiled-gallery__col\" style=\"flex-basis:25%\"><figure class=\"tiled-gallery__item\"><img data-attachment-id=\"4794\" data-permalink=\"http:\/\/www.stiftsforum.ch\/blog\/?attachment_id=4794\" data-orig-file=\"https:\/\/i0.wp.com\/www.stiftsforum.ch\/blog\/wp-content\/uploads\/2021\/11\/IMG-20211120-WA0017.jpg?fit=1512%2C2016\" data-orig-size=\"1512,2016\" data-comments-opened=\"1\" data-image-meta=\"{&quot;aperture&quot;:&quot;0&quot;,&quot;credit&quot;:&quot;&quot;,&quot;camera&quot;:&quot;&quot;,&quot;caption&quot;:&quot;&quot;,&quot;created_timestamp&quot;:&quot;0&quot;,&quot;copyright&quot;:&quot;&quot;,&quot;focal_length&quot;:&quot;0&quot;,&quot;iso&quot;:&quot;0&quot;,&quot;shutter_speed&quot;:&quot;0&quot;,&quot;title&quot;:&quot;&quot;,&quot;orientation&quot;:&quot;0&quot;}\" data-image-title=\"IMG-20211120-WA0017\" data-image-description=\"\" data-medium-file=\"https:\/\/i0.wp.com\/www.stiftsforum.ch\/blog\/wp-content\/uploads\/2021\/11\/IMG-20211120-WA0017.jpg?fit=225%2C300\" data-large-file=\"https:\/\/i0.wp.com\/www.stiftsforum.ch\/blog\/wp-content\/uploads\/2021\/11\/IMG-20211120-WA0017.jpg?fit=768%2C1024\" data-attachment-id=\"4794\" data-permalink=\"http:\/\/www.stiftsforum.ch\/blog\/?attachment_id=4794\" data-orig-file=\"https:\/\/i0.wp.com\/www.stiftsforum.ch\/blog\/wp-content\/uploads\/2021\/11\/IMG-20211120-WA0017.jpg?fit=1512%2C2016\" data-orig-size=\"1512,2016\" data-comments-opened=\"1\" data-image-meta=\"{&quot;aperture&quot;:&quot;0&quot;,&quot;credit&quot;:&quot;&quot;,&quot;camera&quot;:&quot;&quot;,&quot;caption&quot;:&quot;&quot;,&quot;created_timestamp&quot;:&quot;0&quot;,&quot;copyright&quot;:&quot;&quot;,&quot;focal_length&quot;:&quot;0&quot;,&quot;iso&quot;:&quot;0&quot;,&quot;shutter_speed&quot;:&quot;0&quot;,&quot;title&quot;:&quot;&quot;,&quot;orientation&quot;:&quot;0&quot;}\" data-image-title=\"IMG-20211120-WA0017\" data-image-description=\"\" data-medium-file=\"https:\/\/i0.wp.com\/www.stiftsforum.ch\/blog\/wp-content\/uploads\/2021\/11\/IMG-20211120-WA0017.jpg?fit=225%2C300\" data-large-file=\"https:\/\/i0.wp.com\/www.stiftsforum.ch\/blog\/wp-content\/uploads\/2021\/11\/IMG-20211120-WA0017.jpg?fit=768%2C1024\" srcset=\"https:\/\/i0.wp.com\/www.stiftsforum.ch\/blog\/wp-content\/uploads\/2021\/11\/IMG-20211120-WA0017.jpg?strip=info&#038;w=600 600w,https:\/\/i0.wp.com\/www.stiftsforum.ch\/blog\/wp-content\/uploads\/2021\/11\/IMG-20211120-WA0017.jpg?strip=info&#038;w=900 900w,https:\/\/i0.wp.com\/www.stiftsforum.ch\/blog\/wp-content\/uploads\/2021\/11\/IMG-20211120-WA0017.jpg?strip=info&#038;w=1200 1200w,https:\/\/i0.wp.com\/www.stiftsforum.ch\/blog\/wp-content\/uploads\/2021\/11\/IMG-20211120-WA0017.jpg?strip=info&#038;w=1500 1500w,https:\/\/i0.wp.com\/www.stiftsforum.ch\/blog\/wp-content\/uploads\/2021\/11\/IMG-20211120-WA0017.jpg?strip=info&#038;w=1800 1800w,https:\/\/i0.wp.com\/www.stiftsforum.ch\/blog\/wp-content\/uploads\/2021\/11\/IMG-20211120-WA0017.jpg?strip=info&#038;w=2000 2000w\" alt=\"\" data-height=\"2016\" data-id=\"4794\" data-link=\"http:\/\/www.stiftsforum.ch\/blog\/?attachment_id=4794\" data-url=\"http:\/\/www.stiftsforum.ch\/blog\/wp-content\/uploads\/2021\/11\/IMG-20211120-WA0017.jpg\" data-width=\"1512\" src=\"https:\/\/i0.wp.com\/www.stiftsforum.ch\/blog\/wp-content\/uploads\/2021\/11\/IMG-20211120-WA0017.jpg\" layout=\"responsive\"\/><\/figure><\/div><\/div><div data-carousel-extra='{\"blog_id\":1,\"permalink\":\"http:\\\/\\\/www.stiftsforum.ch\\\/blog\\\/?p=4780\"}' class=\"tiled-gallery__row\"><div data-carousel-extra='{\"blog_id\":1,\"permalink\":\"http:\\\/\\\/www.stiftsforum.ch\\\/blog\\\/?p=4780\"}' class=\"tiled-gallery__col\" style=\"flex-basis:50%\"><figure class=\"tiled-gallery__item\"><img data-attachment-id=\"4795\" data-permalink=\"http:\/\/www.stiftsforum.ch\/blog\/?attachment_id=4795\" data-orig-file=\"https:\/\/i1.wp.com\/www.stiftsforum.ch\/blog\/wp-content\/uploads\/2021\/11\/IMG-20211120-WA0018.jpg?fit=1512%2C2016\" data-orig-size=\"1512,2016\" data-comments-opened=\"1\" data-image-meta=\"{&quot;aperture&quot;:&quot;0&quot;,&quot;credit&quot;:&quot;&quot;,&quot;camera&quot;:&quot;&quot;,&quot;caption&quot;:&quot;&quot;,&quot;created_timestamp&quot;:&quot;0&quot;,&quot;copyright&quot;:&quot;&quot;,&quot;focal_length&quot;:&quot;0&quot;,&quot;iso&quot;:&quot;0&quot;,&quot;shutter_speed&quot;:&quot;0&quot;,&quot;title&quot;:&quot;&quot;,&quot;orientation&quot;:&quot;0&quot;}\" data-image-title=\"IMG-20211120-WA0018\" data-image-description=\"\" data-medium-file=\"https:\/\/i1.wp.com\/www.stiftsforum.ch\/blog\/wp-content\/uploads\/2021\/11\/IMG-20211120-WA0018.jpg?fit=225%2C300\" data-large-file=\"https:\/\/i1.wp.com\/www.stiftsforum.ch\/blog\/wp-content\/uploads\/2021\/11\/IMG-20211120-WA0018.jpg?fit=768%2C1024\" data-attachment-id=\"4795\" data-permalink=\"http:\/\/www.stiftsforum.ch\/blog\/?attachment_id=4795\" data-orig-file=\"https:\/\/i1.wp.com\/www.stiftsforum.ch\/blog\/wp-content\/uploads\/2021\/11\/IMG-20211120-WA0018.jpg?fit=1512%2C2016\" data-orig-size=\"1512,2016\" data-comments-opened=\"1\" data-image-meta=\"{&quot;aperture&quot;:&quot;0&quot;,&quot;credit&quot;:&quot;&quot;,&quot;camera&quot;:&quot;&quot;,&quot;caption&quot;:&quot;&quot;,&quot;created_timestamp&quot;:&quot;0&quot;,&quot;copyright&quot;:&quot;&quot;,&quot;focal_length&quot;:&quot;0&quot;,&quot;iso&quot;:&quot;0&quot;,&quot;shutter_speed&quot;:&quot;0&quot;,&quot;title&quot;:&quot;&quot;,&quot;orientation&quot;:&quot;0&quot;}\" data-image-title=\"IMG-20211120-WA0018\" data-image-description=\"\" data-medium-file=\"https:\/\/i1.wp.com\/www.stiftsforum.ch\/blog\/wp-content\/uploads\/2021\/11\/IMG-20211120-WA0018.jpg?fit=225%2C300\" data-large-file=\"https:\/\/i1.wp.com\/www.stiftsforum.ch\/blog\/wp-content\/uploads\/2021\/11\/IMG-20211120-WA0018.jpg?fit=768%2C1024\" srcset=\"https:\/\/i1.wp.com\/www.stiftsforum.ch\/blog\/wp-content\/uploads\/2021\/11\/IMG-20211120-WA0018.jpg?strip=info&#038;w=600 600w,https:\/\/i1.wp.com\/www.stiftsforum.ch\/blog\/wp-content\/uploads\/2021\/11\/IMG-20211120-WA0018.jpg?strip=info&#038;w=900 900w,https:\/\/i1.wp.com\/www.stiftsforum.ch\/blog\/wp-content\/uploads\/2021\/11\/IMG-20211120-WA0018.jpg?strip=info&#038;w=1200 1200w,https:\/\/i1.wp.com\/www.stiftsforum.ch\/blog\/wp-content\/uploads\/2021\/11\/IMG-20211120-WA0018.jpg?strip=info&#038;w=1500 1500w,https:\/\/i1.wp.com\/www.stiftsforum.ch\/blog\/wp-content\/uploads\/2021\/11\/IMG-20211120-WA0018.jpg?strip=info&#038;w=1800 1800w,https:\/\/i1.wp.com\/www.stiftsforum.ch\/blog\/wp-content\/uploads\/2021\/11\/IMG-20211120-WA0018.jpg?strip=info&#038;w=2000 2000w\" alt=\"\" data-height=\"2016\" data-id=\"4795\" data-link=\"http:\/\/www.stiftsforum.ch\/blog\/?attachment_id=4795\" data-url=\"http:\/\/www.stiftsforum.ch\/blog\/wp-content\/uploads\/2021\/11\/IMG-20211120-WA0018.jpg\" data-width=\"1512\" src=\"https:\/\/i1.wp.com\/www.stiftsforum.ch\/blog\/wp-content\/uploads\/2021\/11\/IMG-20211120-WA0018.jpg\" layout=\"responsive\"\/><\/figure><\/div><div data-carousel-extra='{\"blog_id\":1,\"permalink\":\"http:\\\/\\\/www.stiftsforum.ch\\\/blog\\\/?p=4780\"}' class=\"tiled-gallery__col\" style=\"flex-basis:50%\"><figure class=\"tiled-gallery__item\"><img data-attachment-id=\"4797\" data-permalink=\"http:\/\/www.stiftsforum.ch\/blog\/?attachment_id=4797\" data-orig-file=\"https:\/\/i1.wp.com\/www.stiftsforum.ch\/blog\/wp-content\/uploads\/2021\/11\/IMG-20211120-WA0021.jpg?fit=1512%2C2016\" data-orig-size=\"1512,2016\" data-comments-opened=\"1\" data-image-meta=\"{&quot;aperture&quot;:&quot;0&quot;,&quot;credit&quot;:&quot;&quot;,&quot;camera&quot;:&quot;&quot;,&quot;caption&quot;:&quot;&quot;,&quot;created_timestamp&quot;:&quot;0&quot;,&quot;copyright&quot;:&quot;&quot;,&quot;focal_length&quot;:&quot;0&quot;,&quot;iso&quot;:&quot;0&quot;,&quot;shutter_speed&quot;:&quot;0&quot;,&quot;title&quot;:&quot;&quot;,&quot;orientation&quot;:&quot;0&quot;}\" data-image-title=\"IMG-20211120-WA0021\" data-image-description=\"\" data-medium-file=\"https:\/\/i1.wp.com\/www.stiftsforum.ch\/blog\/wp-content\/uploads\/2021\/11\/IMG-20211120-WA0021.jpg?fit=225%2C300\" data-large-file=\"https:\/\/i1.wp.com\/www.stiftsforum.ch\/blog\/wp-content\/uploads\/2021\/11\/IMG-20211120-WA0021.jpg?fit=768%2C1024\" data-attachment-id=\"4797\" data-permalink=\"http:\/\/www.stiftsforum.ch\/blog\/?attachment_id=4797\" data-orig-file=\"https:\/\/i1.wp.com\/www.stiftsforum.ch\/blog\/wp-content\/uploads\/2021\/11\/IMG-20211120-WA0021.jpg?fit=1512%2C2016\" data-orig-size=\"1512,2016\" data-comments-opened=\"1\" data-image-meta=\"{&quot;aperture&quot;:&quot;0&quot;,&quot;credit&quot;:&quot;&quot;,&quot;camera&quot;:&quot;&quot;,&quot;caption&quot;:&quot;&quot;,&quot;created_timestamp&quot;:&quot;0&quot;,&quot;copyright&quot;:&quot;&quot;,&quot;focal_length&quot;:&quot;0&quot;,&quot;iso&quot;:&quot;0&quot;,&quot;shutter_speed&quot;:&quot;0&quot;,&quot;title&quot;:&quot;&quot;,&quot;orientation&quot;:&quot;0&quot;}\" data-image-title=\"IMG-20211120-WA0021\" data-image-description=\"\" data-medium-file=\"https:\/\/i1.wp.com\/www.stiftsforum.ch\/blog\/wp-content\/uploads\/2021\/11\/IMG-20211120-WA0021.jpg?fit=225%2C300\" data-large-file=\"https:\/\/i1.wp.com\/www.stiftsforum.ch\/blog\/wp-content\/uploads\/2021\/11\/IMG-20211120-WA0021.jpg?fit=768%2C1024\" srcset=\"https:\/\/i2.wp.com\/www.stiftsforum.ch\/blog\/wp-content\/uploads\/2021\/11\/IMG-20211120-WA0021.jpg?strip=info&#038;w=600 600w,https:\/\/i2.wp.com\/www.stiftsforum.ch\/blog\/wp-content\/uploads\/2021\/11\/IMG-20211120-WA0021.jpg?strip=info&#038;w=900 900w,https:\/\/i2.wp.com\/www.stiftsforum.ch\/blog\/wp-content\/uploads\/2021\/11\/IMG-20211120-WA0021.jpg?strip=info&#038;w=1200 1200w,https:\/\/i2.wp.com\/www.stiftsforum.ch\/blog\/wp-content\/uploads\/2021\/11\/IMG-20211120-WA0021.jpg?strip=info&#038;w=1500 1500w,https:\/\/i2.wp.com\/www.stiftsforum.ch\/blog\/wp-content\/uploads\/2021\/11\/IMG-20211120-WA0021.jpg?strip=info&#038;w=1800 1800w,https:\/\/i2.wp.com\/www.stiftsforum.ch\/blog\/wp-content\/uploads\/2021\/11\/IMG-20211120-WA0021.jpg?strip=info&#038;w=2000 2000w\" alt=\"\" data-height=\"2016\" data-id=\"4797\" data-link=\"http:\/\/www.stiftsforum.ch\/blog\/?attachment_id=4797\" data-url=\"http:\/\/www.stiftsforum.ch\/blog\/wp-content\/uploads\/2021\/11\/IMG-20211120-WA0021.jpg\" data-width=\"1512\" src=\"https:\/\/i2.wp.com\/www.stiftsforum.ch\/blog\/wp-content\/uploads\/2021\/11\/IMG-20211120-WA0021.jpg\" layout=\"responsive\"\/><\/figure><\/div><\/div><div data-carousel-extra='{\"blog_id\":1,\"permalink\":\"http:\\\/\\\/www.stiftsforum.ch\\\/blog\\\/?p=4780\"}' class=\"tiled-gallery__row\"><div data-carousel-extra='{\"blog_id\":1,\"permalink\":\"http:\\\/\\\/www.stiftsforum.ch\\\/blog\\\/?p=4780\"}' class=\"tiled-gallery__col\" style=\"flex-basis:25%\"><figure class=\"tiled-gallery__item\"><img data-attachment-id=\"4798\" data-permalink=\"http:\/\/www.stiftsforum.ch\/blog\/?attachment_id=4798\" data-orig-file=\"https:\/\/i0.wp.com\/www.stiftsforum.ch\/blog\/wp-content\/uploads\/2021\/11\/IMG-20211120-WA0023.jpg?fit=1512%2C2016\" data-orig-size=\"1512,2016\" data-comments-opened=\"1\" data-image-meta=\"{&quot;aperture&quot;:&quot;0&quot;,&quot;credit&quot;:&quot;&quot;,&quot;camera&quot;:&quot;&quot;,&quot;caption&quot;:&quot;&quot;,&quot;created_timestamp&quot;:&quot;0&quot;,&quot;copyright&quot;:&quot;&quot;,&quot;focal_length&quot;:&quot;0&quot;,&quot;iso&quot;:&quot;0&quot;,&quot;shutter_speed&quot;:&quot;0&quot;,&quot;title&quot;:&quot;&quot;,&quot;orientation&quot;:&quot;0&quot;}\" data-image-title=\"IMG-20211120-WA0023\" data-image-description=\"\" data-medium-file=\"https:\/\/i0.wp.com\/www.stiftsforum.ch\/blog\/wp-content\/uploads\/2021\/11\/IMG-20211120-WA0023.jpg?fit=225%2C300\" data-large-file=\"https:\/\/i0.wp.com\/www.stiftsforum.ch\/blog\/wp-content\/uploads\/2021\/11\/IMG-20211120-WA0023.jpg?fit=768%2C1024\" data-attachment-id=\"4798\" data-permalink=\"http:\/\/www.stiftsforum.ch\/blog\/?attachment_id=4798\" data-orig-file=\"https:\/\/i0.wp.com\/www.stiftsforum.ch\/blog\/wp-content\/uploads\/2021\/11\/IMG-20211120-WA0023.jpg?fit=1512%2C2016\" data-orig-size=\"1512,2016\" data-comments-opened=\"1\" data-image-meta=\"{&quot;aperture&quot;:&quot;0&quot;,&quot;credit&quot;:&quot;&quot;,&quot;camera&quot;:&quot;&quot;,&quot;caption&quot;:&quot;&quot;,&quot;created_timestamp&quot;:&quot;0&quot;,&quot;copyright&quot;:&quot;&quot;,&quot;focal_length&quot;:&quot;0&quot;,&quot;iso&quot;:&quot;0&quot;,&quot;shutter_speed&quot;:&quot;0&quot;,&quot;title&quot;:&quot;&quot;,&quot;orientation&quot;:&quot;0&quot;}\" data-image-title=\"IMG-20211120-WA0023\" data-image-description=\"\" data-medium-file=\"https:\/\/i0.wp.com\/www.stiftsforum.ch\/blog\/wp-content\/uploads\/2021\/11\/IMG-20211120-WA0023.jpg?fit=225%2C300\" data-large-file=\"https:\/\/i0.wp.com\/www.stiftsforum.ch\/blog\/wp-content\/uploads\/2021\/11\/IMG-20211120-WA0023.jpg?fit=768%2C1024\" srcset=\"https:\/\/i0.wp.com\/www.stiftsforum.ch\/blog\/wp-content\/uploads\/2021\/11\/IMG-20211120-WA0023.jpg?strip=info&#038;w=600 600w,https:\/\/i0.wp.com\/www.stiftsforum.ch\/blog\/wp-content\/uploads\/2021\/11\/IMG-20211120-WA0023.jpg?strip=info&#038;w=900 900w,https:\/\/i0.wp.com\/www.stiftsforum.ch\/blog\/wp-content\/uploads\/2021\/11\/IMG-20211120-WA0023.jpg?strip=info&#038;w=1200 1200w,https:\/\/i0.wp.com\/www.stiftsforum.ch\/blog\/wp-content\/uploads\/2021\/11\/IMG-20211120-WA0023.jpg?strip=info&#038;w=1500 1500w,https:\/\/i0.wp.com\/www.stiftsforum.ch\/blog\/wp-content\/uploads\/2021\/11\/IMG-20211120-WA0023.jpg?strip=info&#038;w=1800 1800w,https:\/\/i0.wp.com\/www.stiftsforum.ch\/blog\/wp-content\/uploads\/2021\/11\/IMG-20211120-WA0023.jpg?strip=info&#038;w=2000 2000w\" alt=\"\" data-height=\"2016\" data-id=\"4798\" data-link=\"http:\/\/www.stiftsforum.ch\/blog\/?attachment_id=4798\" data-url=\"http:\/\/www.stiftsforum.ch\/blog\/wp-content\/uploads\/2021\/11\/IMG-20211120-WA0023.jpg\" data-width=\"1512\" src=\"https:\/\/i0.wp.com\/www.stiftsforum.ch\/blog\/wp-content\/uploads\/2021\/11\/IMG-20211120-WA0023.jpg\" layout=\"responsive\"\/><\/figure><\/div><div data-carousel-extra='{\"blog_id\":1,\"permalink\":\"http:\\\/\\\/www.stiftsforum.ch\\\/blog\\\/?p=4780\"}' class=\"tiled-gallery__col\" style=\"flex-basis:25%\"><figure class=\"tiled-gallery__item\"><img data-attachment-id=\"4799\" data-permalink=\"http:\/\/www.stiftsforum.ch\/blog\/?attachment_id=4799\" data-orig-file=\"https:\/\/i2.wp.com\/www.stiftsforum.ch\/blog\/wp-content\/uploads\/2021\/11\/IMG-20211120-WA0024.jpg?fit=1512%2C2016\" data-orig-size=\"1512,2016\" data-comments-opened=\"1\" data-image-meta=\"{&quot;aperture&quot;:&quot;0&quot;,&quot;credit&quot;:&quot;&quot;,&quot;camera&quot;:&quot;&quot;,&quot;caption&quot;:&quot;&quot;,&quot;created_timestamp&quot;:&quot;0&quot;,&quot;copyright&quot;:&quot;&quot;,&quot;focal_length&quot;:&quot;0&quot;,&quot;iso&quot;:&quot;0&quot;,&quot;shutter_speed&quot;:&quot;0&quot;,&quot;title&quot;:&quot;&quot;,&quot;orientation&quot;:&quot;0&quot;}\" data-image-title=\"IMG-20211120-WA0024\" data-image-description=\"\" data-medium-file=\"https:\/\/i2.wp.com\/www.stiftsforum.ch\/blog\/wp-content\/uploads\/2021\/11\/IMG-20211120-WA0024.jpg?fit=225%2C300\" data-large-file=\"https:\/\/i2.wp.com\/www.stiftsforum.ch\/blog\/wp-content\/uploads\/2021\/11\/IMG-20211120-WA0024.jpg?fit=768%2C1024\" data-attachment-id=\"4799\" data-permalink=\"http:\/\/www.stiftsforum.ch\/blog\/?attachment_id=4799\" data-orig-file=\"https:\/\/i2.wp.com\/www.stiftsforum.ch\/blog\/wp-content\/uploads\/2021\/11\/IMG-20211120-WA0024.jpg?fit=1512%2C2016\" data-orig-size=\"1512,2016\" data-comments-opened=\"1\" data-image-meta=\"{&quot;aperture&quot;:&quot;0&quot;,&quot;credit&quot;:&quot;&quot;,&quot;camera&quot;:&quot;&quot;,&quot;caption&quot;:&quot;&quot;,&quot;created_timestamp&quot;:&quot;0&quot;,&quot;copyright&quot;:&quot;&quot;,&quot;focal_length&quot;:&quot;0&quot;,&quot;iso&quot;:&quot;0&quot;,&quot;shutter_speed&quot;:&quot;0&quot;,&quot;title&quot;:&quot;&quot;,&quot;orientation&quot;:&quot;0&quot;}\" data-image-title=\"IMG-20211120-WA0024\" data-image-description=\"\" data-medium-file=\"https:\/\/i2.wp.com\/www.stiftsforum.ch\/blog\/wp-content\/uploads\/2021\/11\/IMG-20211120-WA0024.jpg?fit=225%2C300\" data-large-file=\"https:\/\/i2.wp.com\/www.stiftsforum.ch\/blog\/wp-content\/uploads\/2021\/11\/IMG-20211120-WA0024.jpg?fit=768%2C1024\" srcset=\"https:\/\/i1.wp.com\/www.stiftsforum.ch\/blog\/wp-content\/uploads\/2021\/11\/IMG-20211120-WA0024.jpg?strip=info&#038;w=600 600w,https:\/\/i1.wp.com\/www.stiftsforum.ch\/blog\/wp-content\/uploads\/2021\/11\/IMG-20211120-WA0024.jpg?strip=info&#038;w=900 900w,https:\/\/i1.wp.com\/www.stiftsforum.ch\/blog\/wp-content\/uploads\/2021\/11\/IMG-20211120-WA0024.jpg?strip=info&#038;w=1200 1200w,https:\/\/i1.wp.com\/www.stiftsforum.ch\/blog\/wp-content\/uploads\/2021\/11\/IMG-20211120-WA0024.jpg?strip=info&#038;w=1500 1500w,https:\/\/i1.wp.com\/www.stiftsforum.ch\/blog\/wp-content\/uploads\/2021\/11\/IMG-20211120-WA0024.jpg?strip=info&#038;w=1800 1800w,https:\/\/i1.wp.com\/www.stiftsforum.ch\/blog\/wp-content\/uploads\/2021\/11\/IMG-20211120-WA0024.jpg?strip=info&#038;w=2000 2000w\" alt=\"\" data-height=\"2016\" data-id=\"4799\" data-link=\"http:\/\/www.stiftsforum.ch\/blog\/?attachment_id=4799\" data-url=\"http:\/\/www.stiftsforum.ch\/blog\/wp-content\/uploads\/2021\/11\/IMG-20211120-WA0024.jpg\" data-width=\"1512\" src=\"https:\/\/i1.wp.com\/www.stiftsforum.ch\/blog\/wp-content\/uploads\/2021\/11\/IMG-20211120-WA0024.jpg\" layout=\"responsive\"\/><\/figure><\/div><div data-carousel-extra='{\"blog_id\":1,\"permalink\":\"http:\\\/\\\/www.stiftsforum.ch\\\/blog\\\/?p=4780\"}' class=\"tiled-gallery__col\" style=\"flex-basis:25%\"><figure class=\"tiled-gallery__item\"><img data-attachment-id=\"4800\" data-permalink=\"http:\/\/www.stiftsforum.ch\/blog\/?attachment_id=4800\" data-orig-file=\"https:\/\/i2.wp.com\/www.stiftsforum.ch\/blog\/wp-content\/uploads\/2021\/11\/IMG-20211120-WA0025.jpg?fit=1512%2C2016\" data-orig-size=\"1512,2016\" data-comments-opened=\"1\" data-image-meta=\"{&quot;aperture&quot;:&quot;0&quot;,&quot;credit&quot;:&quot;&quot;,&quot;camera&quot;:&quot;&quot;,&quot;caption&quot;:&quot;&quot;,&quot;created_timestamp&quot;:&quot;0&quot;,&quot;copyright&quot;:&quot;&quot;,&quot;focal_length&quot;:&quot;0&quot;,&quot;iso&quot;:&quot;0&quot;,&quot;shutter_speed&quot;:&quot;0&quot;,&quot;title&quot;:&quot;&quot;,&quot;orientation&quot;:&quot;0&quot;}\" data-image-title=\"IMG-20211120-WA0025\" data-image-description=\"\" data-medium-file=\"https:\/\/i2.wp.com\/www.stiftsforum.ch\/blog\/wp-content\/uploads\/2021\/11\/IMG-20211120-WA0025.jpg?fit=225%2C300\" data-large-file=\"https:\/\/i2.wp.com\/www.stiftsforum.ch\/blog\/wp-content\/uploads\/2021\/11\/IMG-20211120-WA0025.jpg?fit=768%2C1024\" data-attachment-id=\"4800\" data-permalink=\"http:\/\/www.stiftsforum.ch\/blog\/?attachment_id=4800\" data-orig-file=\"https:\/\/i2.wp.com\/www.stiftsforum.ch\/blog\/wp-content\/uploads\/2021\/11\/IMG-20211120-WA0025.jpg?fit=1512%2C2016\" data-orig-size=\"1512,2016\" data-comments-opened=\"1\" data-image-meta=\"{&quot;aperture&quot;:&quot;0&quot;,&quot;credit&quot;:&quot;&quot;,&quot;camera&quot;:&quot;&quot;,&quot;caption&quot;:&quot;&quot;,&quot;created_timestamp&quot;:&quot;0&quot;,&quot;copyright&quot;:&quot;&quot;,&quot;focal_length&quot;:&quot;0&quot;,&quot;iso&quot;:&quot;0&quot;,&quot;shutter_speed&quot;:&quot;0&quot;,&quot;title&quot;:&quot;&quot;,&quot;orientation&quot;:&quot;0&quot;}\" data-image-title=\"IMG-20211120-WA0025\" data-image-description=\"\" data-medium-file=\"https:\/\/i2.wp.com\/www.stiftsforum.ch\/blog\/wp-content\/uploads\/2021\/11\/IMG-20211120-WA0025.jpg?fit=225%2C300\" data-large-file=\"https:\/\/i2.wp.com\/www.stiftsforum.ch\/blog\/wp-content\/uploads\/2021\/11\/IMG-20211120-WA0025.jpg?fit=768%2C1024\" srcset=\"https:\/\/i2.wp.com\/www.stiftsforum.ch\/blog\/wp-content\/uploads\/2021\/11\/IMG-20211120-WA0025.jpg?strip=info&#038;w=600 600w,https:\/\/i2.wp.com\/www.stiftsforum.ch\/blog\/wp-content\/uploads\/2021\/11\/IMG-20211120-WA0025.jpg?strip=info&#038;w=900 900w,https:\/\/i2.wp.com\/www.stiftsforum.ch\/blog\/wp-content\/uploads\/2021\/11\/IMG-20211120-WA0025.jpg?strip=info&#038;w=1200 1200w,https:\/\/i2.wp.com\/www.stiftsforum.ch\/blog\/wp-content\/uploads\/2021\/11\/IMG-20211120-WA0025.jpg?strip=info&#038;w=1500 1500w,https:\/\/i2.wp.com\/www.stiftsforum.ch\/blog\/wp-content\/uploads\/2021\/11\/IMG-20211120-WA0025.jpg?strip=info&#038;w=1800 1800w,https:\/\/i2.wp.com\/www.stiftsforum.ch\/blog\/wp-content\/uploads\/2021\/11\/IMG-20211120-WA0025.jpg?strip=info&#038;w=2000 2000w\" alt=\"\" data-height=\"2016\" data-id=\"4800\" data-link=\"http:\/\/www.stiftsforum.ch\/blog\/?attachment_id=4800\" data-url=\"http:\/\/www.stiftsforum.ch\/blog\/wp-content\/uploads\/2021\/11\/IMG-20211120-WA0025.jpg\" data-width=\"1512\" src=\"https:\/\/i2.wp.com\/www.stiftsforum.ch\/blog\/wp-content\/uploads\/2021\/11\/IMG-20211120-WA0025.jpg\" layout=\"responsive\"\/><\/figure><\/div><div data-carousel-extra='{\"blog_id\":1,\"permalink\":\"http:\\\/\\\/www.stiftsforum.ch\\\/blog\\\/?p=4780\"}' class=\"tiled-gallery__col\" style=\"flex-basis:25%\"><figure class=\"tiled-gallery__item\"><img data-attachment-id=\"4801\" data-permalink=\"http:\/\/www.stiftsforum.ch\/blog\/?attachment_id=4801\" data-orig-file=\"https:\/\/i2.wp.com\/www.stiftsforum.ch\/blog\/wp-content\/uploads\/2021\/11\/IMG-20211120-WA0026.jpg?fit=1512%2C2016\" data-orig-size=\"1512,2016\" data-comments-opened=\"1\" data-image-meta=\"{&quot;aperture&quot;:&quot;0&quot;,&quot;credit&quot;:&quot;&quot;,&quot;camera&quot;:&quot;&quot;,&quot;caption&quot;:&quot;&quot;,&quot;created_timestamp&quot;:&quot;0&quot;,&quot;copyright&quot;:&quot;&quot;,&quot;focal_length&quot;:&quot;0&quot;,&quot;iso&quot;:&quot;0&quot;,&quot;shutter_speed&quot;:&quot;0&quot;,&quot;title&quot;:&quot;&quot;,&quot;orientation&quot;:&quot;0&quot;}\" data-image-title=\"IMG-20211120-WA0026\" data-image-description=\"\" data-medium-file=\"https:\/\/i2.wp.com\/www.stiftsforum.ch\/blog\/wp-content\/uploads\/2021\/11\/IMG-20211120-WA0026.jpg?fit=225%2C300\" data-large-file=\"https:\/\/i2.wp.com\/www.stiftsforum.ch\/blog\/wp-content\/uploads\/2021\/11\/IMG-20211120-WA0026.jpg?fit=768%2C1024\" data-attachment-id=\"4801\" data-permalink=\"http:\/\/www.stiftsforum.ch\/blog\/?attachment_id=4801\" data-orig-file=\"https:\/\/i2.wp.com\/www.stiftsforum.ch\/blog\/wp-content\/uploads\/2021\/11\/IMG-20211120-WA0026.jpg?fit=1512%2C2016\" data-orig-size=\"1512,2016\" data-comments-opened=\"1\" data-image-meta=\"{&quot;aperture&quot;:&quot;0&quot;,&quot;credit&quot;:&quot;&quot;,&quot;camera&quot;:&quot;&quot;,&quot;caption&quot;:&quot;&quot;,&quot;created_timestamp&quot;:&quot;0&quot;,&quot;copyright&quot;:&quot;&quot;,&quot;focal_length&quot;:&quot;0&quot;,&quot;iso&quot;:&quot;0&quot;,&quot;shutter_speed&quot;:&quot;0&quot;,&quot;title&quot;:&quot;&quot;,&quot;orientation&quot;:&quot;0&quot;}\" data-image-title=\"IMG-20211120-WA0026\" data-image-description=\"\" data-medium-file=\"https:\/\/i2.wp.com\/www.stiftsforum.ch\/blog\/wp-content\/uploads\/2021\/11\/IMG-20211120-WA0026.jpg?fit=225%2C300\" data-large-file=\"https:\/\/i2.wp.com\/www.stiftsforum.ch\/blog\/wp-content\/uploads\/2021\/11\/IMG-20211120-WA0026.jpg?fit=768%2C1024\" srcset=\"https:\/\/i0.wp.com\/www.stiftsforum.ch\/blog\/wp-content\/uploads\/2021\/11\/IMG-20211120-WA0026.jpg?strip=info&#038;w=600 600w,https:\/\/i0.wp.com\/www.stiftsforum.ch\/blog\/wp-content\/uploads\/2021\/11\/IMG-20211120-WA0026.jpg?strip=info&#038;w=900 900w,https:\/\/i0.wp.com\/www.stiftsforum.ch\/blog\/wp-content\/uploads\/2021\/11\/IMG-20211120-WA0026.jpg?strip=info&#038;w=1200 1200w,https:\/\/i0.wp.com\/www.stiftsforum.ch\/blog\/wp-content\/uploads\/2021\/11\/IMG-20211120-WA0026.jpg?strip=info&#038;w=1500 1500w,https:\/\/i0.wp.com\/www.stiftsforum.ch\/blog\/wp-content\/uploads\/2021\/11\/IMG-20211120-WA0026.jpg?strip=info&#038;w=1800 1800w,https:\/\/i0.wp.com\/www.stiftsforum.ch\/blog\/wp-content\/uploads\/2021\/11\/IMG-20211120-WA0026.jpg?strip=info&#038;w=2000 2000w\" alt=\"\" data-height=\"2016\" data-id=\"4801\" data-link=\"http:\/\/www.stiftsforum.ch\/blog\/?attachment_id=4801\" data-url=\"http:\/\/www.stiftsforum.ch\/blog\/wp-content\/uploads\/2021\/11\/IMG-20211120-WA0026.jpg\" data-width=\"1512\" src=\"https:\/\/i0.wp.com\/www.stiftsforum.ch\/blog\/wp-content\/uploads\/2021\/11\/IMG-20211120-WA0026.jpg\" layout=\"responsive\"\/><\/figure><\/div><\/div><div data-carousel-extra='{\"blog_id\":1,\"permalink\":\"http:\\\/\\\/www.stiftsforum.ch\\\/blog\\\/?p=4780\"}' class=\"tiled-gallery__row\"><div data-carousel-extra='{\"blog_id\":1,\"permalink\":\"http:\\\/\\\/www.stiftsforum.ch\\\/blog\\\/?p=4780\"}' class=\"tiled-gallery__col\" style=\"flex-basis:50%\"><figure class=\"tiled-gallery__item\"><img data-attachment-id=\"4802\" data-permalink=\"http:\/\/www.stiftsforum.ch\/blog\/?attachment_id=4802\" data-orig-file=\"https:\/\/i0.wp.com\/www.stiftsforum.ch\/blog\/wp-content\/uploads\/2021\/11\/IMG-20211120-WA0027.jpg?fit=1512%2C2016\" data-orig-size=\"1512,2016\" data-comments-opened=\"1\" data-image-meta=\"{&quot;aperture&quot;:&quot;0&quot;,&quot;credit&quot;:&quot;&quot;,&quot;camera&quot;:&quot;&quot;,&quot;caption&quot;:&quot;&quot;,&quot;created_timestamp&quot;:&quot;0&quot;,&quot;copyright&quot;:&quot;&quot;,&quot;focal_length&quot;:&quot;0&quot;,&quot;iso&quot;:&quot;0&quot;,&quot;shutter_speed&quot;:&quot;0&quot;,&quot;title&quot;:&quot;&quot;,&quot;orientation&quot;:&quot;0&quot;}\" data-image-title=\"IMG-20211120-WA0027\" data-image-description=\"\" data-medium-file=\"https:\/\/i0.wp.com\/www.stiftsforum.ch\/blog\/wp-content\/uploads\/2021\/11\/IMG-20211120-WA0027.jpg?fit=225%2C300\" data-large-file=\"https:\/\/i0.wp.com\/www.stiftsforum.ch\/blog\/wp-content\/uploads\/2021\/11\/IMG-20211120-WA0027.jpg?fit=768%2C1024\" data-attachment-id=\"4802\" data-permalink=\"http:\/\/www.stiftsforum.ch\/blog\/?attachment_id=4802\" data-orig-file=\"https:\/\/i0.wp.com\/www.stiftsforum.ch\/blog\/wp-content\/uploads\/2021\/11\/IMG-20211120-WA0027.jpg?fit=1512%2C2016\" data-orig-size=\"1512,2016\" data-comments-opened=\"1\" data-image-meta=\"{&quot;aperture&quot;:&quot;0&quot;,&quot;credit&quot;:&quot;&quot;,&quot;camera&quot;:&quot;&quot;,&quot;caption&quot;:&quot;&quot;,&quot;created_timestamp&quot;:&quot;0&quot;,&quot;copyright&quot;:&quot;&quot;,&quot;focal_length&quot;:&quot;0&quot;,&quot;iso&quot;:&quot;0&quot;,&quot;shutter_speed&quot;:&quot;0&quot;,&quot;title&quot;:&quot;&quot;,&quot;orientation&quot;:&quot;0&quot;}\" data-image-title=\"IMG-20211120-WA0027\" data-image-description=\"\" data-medium-file=\"https:\/\/i0.wp.com\/www.stiftsforum.ch\/blog\/wp-content\/uploads\/2021\/11\/IMG-20211120-WA0027.jpg?fit=225%2C300\" data-large-file=\"https:\/\/i0.wp.com\/www.stiftsforum.ch\/blog\/wp-content\/uploads\/2021\/11\/IMG-20211120-WA0027.jpg?fit=768%2C1024\" srcset=\"https:\/\/i2.wp.com\/www.stiftsforum.ch\/blog\/wp-content\/uploads\/2021\/11\/IMG-20211120-WA0027.jpg?strip=info&#038;w=600 600w,https:\/\/i2.wp.com\/www.stiftsforum.ch\/blog\/wp-content\/uploads\/2021\/11\/IMG-20211120-WA0027.jpg?strip=info&#038;w=900 900w,https:\/\/i2.wp.com\/www.stiftsforum.ch\/blog\/wp-content\/uploads\/2021\/11\/IMG-20211120-WA0027.jpg?strip=info&#038;w=1200 1200w,https:\/\/i2.wp.com\/www.stiftsforum.ch\/blog\/wp-content\/uploads\/2021\/11\/IMG-20211120-WA0027.jpg?strip=info&#038;w=1500 1500w,https:\/\/i2.wp.com\/www.stiftsforum.ch\/blog\/wp-content\/uploads\/2021\/11\/IMG-20211120-WA0027.jpg?strip=info&#038;w=1800 1800w,https:\/\/i2.wp.com\/www.stiftsforum.ch\/blog\/wp-content\/uploads\/2021\/11\/IMG-20211120-WA0027.jpg?strip=info&#038;w=2000 2000w\" alt=\"\" data-height=\"2016\" data-id=\"4802\" data-link=\"http:\/\/www.stiftsforum.ch\/blog\/?attachment_id=4802\" data-url=\"http:\/\/www.stiftsforum.ch\/blog\/wp-content\/uploads\/2021\/11\/IMG-20211120-WA0027.jpg\" data-width=\"1512\" src=\"https:\/\/i2.wp.com\/www.stiftsforum.ch\/blog\/wp-content\/uploads\/2021\/11\/IMG-20211120-WA0027.jpg\" layout=\"responsive\"\/><\/figure><\/div><div data-carousel-extra='{\"blog_id\":1,\"permalink\":\"http:\\\/\\\/www.stiftsforum.ch\\\/blog\\\/?p=4780\"}' class=\"tiled-gallery__col\" style=\"flex-basis:50%\"><figure class=\"tiled-gallery__item\"><img data-attachment-id=\"4803\" data-permalink=\"http:\/\/www.stiftsforum.ch\/blog\/?attachment_id=4803\" data-orig-file=\"https:\/\/i2.wp.com\/www.stiftsforum.ch\/blog\/wp-content\/uploads\/2021\/11\/IMG-20211120-WA0028.jpg?fit=1512%2C2016\" data-orig-size=\"1512,2016\" data-comments-opened=\"1\" data-image-meta=\"{&quot;aperture&quot;:&quot;0&quot;,&quot;credit&quot;:&quot;&quot;,&quot;camera&quot;:&quot;&quot;,&quot;caption&quot;:&quot;&quot;,&quot;created_timestamp&quot;:&quot;0&quot;,&quot;copyright&quot;:&quot;&quot;,&quot;focal_length&quot;:&quot;0&quot;,&quot;iso&quot;:&quot;0&quot;,&quot;shutter_speed&quot;:&quot;0&quot;,&quot;title&quot;:&quot;&quot;,&quot;orientation&quot;:&quot;0&quot;}\" data-image-title=\"IMG-20211120-WA0028\" data-image-description=\"\" data-medium-file=\"https:\/\/i2.wp.com\/www.stiftsforum.ch\/blog\/wp-content\/uploads\/2021\/11\/IMG-20211120-WA0028.jpg?fit=225%2C300\" data-large-file=\"https:\/\/i2.wp.com\/www.stiftsforum.ch\/blog\/wp-content\/uploads\/2021\/11\/IMG-20211120-WA0028.jpg?fit=768%2C1024\" data-attachment-id=\"4803\" data-permalink=\"http:\/\/www.stiftsforum.ch\/blog\/?attachment_id=4803\" data-orig-file=\"https:\/\/i2.wp.com\/www.stiftsforum.ch\/blog\/wp-content\/uploads\/2021\/11\/IMG-20211120-WA0028.jpg?fit=1512%2C2016\" data-orig-size=\"1512,2016\" data-comments-opened=\"1\" data-image-meta=\"{&quot;aperture&quot;:&quot;0&quot;,&quot;credit&quot;:&quot;&quot;,&quot;camera&quot;:&quot;&quot;,&quot;caption&quot;:&quot;&quot;,&quot;created_timestamp&quot;:&quot;0&quot;,&quot;copyright&quot;:&quot;&quot;,&quot;focal_length&quot;:&quot;0&quot;,&quot;iso&quot;:&quot;0&quot;,&quot;shutter_speed&quot;:&quot;0&quot;,&quot;title&quot;:&quot;&quot;,&quot;orientation&quot;:&quot;0&quot;}\" data-image-title=\"IMG-20211120-WA0028\" data-image-description=\"\" data-medium-file=\"https:\/\/i2.wp.com\/www.stiftsforum.ch\/blog\/wp-content\/uploads\/2021\/11\/IMG-20211120-WA0028.jpg?fit=225%2C300\" data-large-file=\"https:\/\/i2.wp.com\/www.stiftsforum.ch\/blog\/wp-content\/uploads\/2021\/11\/IMG-20211120-WA0028.jpg?fit=768%2C1024\" srcset=\"https:\/\/i0.wp.com\/www.stiftsforum.ch\/blog\/wp-content\/uploads\/2021\/11\/IMG-20211120-WA0028.jpg?strip=info&#038;w=600 600w,https:\/\/i0.wp.com\/www.stiftsforum.ch\/blog\/wp-content\/uploads\/2021\/11\/IMG-20211120-WA0028.jpg?strip=info&#038;w=900 900w,https:\/\/i0.wp.com\/www.stiftsforum.ch\/blog\/wp-content\/uploads\/2021\/11\/IMG-20211120-WA0028.jpg?strip=info&#038;w=1200 1200w,https:\/\/i0.wp.com\/www.stiftsforum.ch\/blog\/wp-content\/uploads\/2021\/11\/IMG-20211120-WA0028.jpg?strip=info&#038;w=1500 1500w,https:\/\/i0.wp.com\/www.stiftsforum.ch\/blog\/wp-content\/uploads\/2021\/11\/IMG-20211120-WA0028.jpg?strip=info&#038;w=1800 1800w,https:\/\/i0.wp.com\/www.stiftsforum.ch\/blog\/wp-content\/uploads\/2021\/11\/IMG-20211120-WA0028.jpg?strip=info&#038;w=2000 2000w\" alt=\"\" data-height=\"2016\" data-id=\"4803\" data-link=\"http:\/\/www.stiftsforum.ch\/blog\/?attachment_id=4803\" data-url=\"http:\/\/www.stiftsforum.ch\/blog\/wp-content\/uploads\/2021\/11\/IMG-20211120-WA0028.jpg\" data-width=\"1512\" src=\"https:\/\/i0.wp.com\/www.stiftsforum.ch\/blog\/wp-content\/uploads\/2021\/11\/IMG-20211120-WA0028.jpg\" layout=\"responsive\"\/><\/figure><\/div><\/div><div data-carousel-extra='{\"blog_id\":1,\"permalink\":\"http:\\\/\\\/www.stiftsforum.ch\\\/blog\\\/?p=4780\"}' class=\"tiled-gallery__row\"><div data-carousel-extra='{\"blog_id\":1,\"permalink\":\"http:\\\/\\\/www.stiftsforum.ch\\\/blog\\\/?p=4780\"}' class=\"tiled-gallery__col\" style=\"flex-basis:25%\"><figure class=\"tiled-gallery__item\"><img data-attachment-id=\"4804\" data-permalink=\"http:\/\/www.stiftsforum.ch\/blog\/?attachment_id=4804\" data-orig-file=\"https:\/\/i1.wp.com\/www.stiftsforum.ch\/blog\/wp-content\/uploads\/2021\/11\/IMG-20211120-WA0029.jpg?fit=1512%2C2016\" data-orig-size=\"1512,2016\" data-comments-opened=\"1\" data-image-meta=\"{&quot;aperture&quot;:&quot;0&quot;,&quot;credit&quot;:&quot;&quot;,&quot;camera&quot;:&quot;&quot;,&quot;caption&quot;:&quot;&quot;,&quot;created_timestamp&quot;:&quot;0&quot;,&quot;copyright&quot;:&quot;&quot;,&quot;focal_length&quot;:&quot;0&quot;,&quot;iso&quot;:&quot;0&quot;,&quot;shutter_speed&quot;:&quot;0&quot;,&quot;title&quot;:&quot;&quot;,&quot;orientation&quot;:&quot;0&quot;}\" data-image-title=\"IMG-20211120-WA0029\" data-image-description=\"\" data-medium-file=\"https:\/\/i1.wp.com\/www.stiftsforum.ch\/blog\/wp-content\/uploads\/2021\/11\/IMG-20211120-WA0029.jpg?fit=225%2C300\" data-large-file=\"https:\/\/i1.wp.com\/www.stiftsforum.ch\/blog\/wp-content\/uploads\/2021\/11\/IMG-20211120-WA0029.jpg?fit=768%2C1024\" data-attachment-id=\"4804\" data-permalink=\"http:\/\/www.stiftsforum.ch\/blog\/?attachment_id=4804\" data-orig-file=\"https:\/\/i1.wp.com\/www.stiftsforum.ch\/blog\/wp-content\/uploads\/2021\/11\/IMG-20211120-WA0029.jpg?fit=1512%2C2016\" data-orig-size=\"1512,2016\" data-comments-opened=\"1\" data-image-meta=\"{&quot;aperture&quot;:&quot;0&quot;,&quot;credit&quot;:&quot;&quot;,&quot;camera&quot;:&quot;&quot;,&quot;caption&quot;:&quot;&quot;,&quot;created_timestamp&quot;:&quot;0&quot;,&quot;copyright&quot;:&quot;&quot;,&quot;focal_length&quot;:&quot;0&quot;,&quot;iso&quot;:&quot;0&quot;,&quot;shutter_speed&quot;:&quot;0&quot;,&quot;title&quot;:&quot;&quot;,&quot;orientation&quot;:&quot;0&quot;}\" data-image-title=\"IMG-20211120-WA0029\" data-image-description=\"\" data-medium-file=\"https:\/\/i1.wp.com\/www.stiftsforum.ch\/blog\/wp-content\/uploads\/2021\/11\/IMG-20211120-WA0029.jpg?fit=225%2C300\" data-large-file=\"https:\/\/i1.wp.com\/www.stiftsforum.ch\/blog\/wp-content\/uploads\/2021\/11\/IMG-20211120-WA0029.jpg?fit=768%2C1024\" srcset=\"https:\/\/i0.wp.com\/www.stiftsforum.ch\/blog\/wp-content\/uploads\/2021\/11\/IMG-20211120-WA0029.jpg?strip=info&#038;w=600 600w,https:\/\/i0.wp.com\/www.stiftsforum.ch\/blog\/wp-content\/uploads\/2021\/11\/IMG-20211120-WA0029.jpg?strip=info&#038;w=900 900w,https:\/\/i0.wp.com\/www.stiftsforum.ch\/blog\/wp-content\/uploads\/2021\/11\/IMG-20211120-WA0029.jpg?strip=info&#038;w=1200 1200w,https:\/\/i0.wp.com\/www.stiftsforum.ch\/blog\/wp-content\/uploads\/2021\/11\/IMG-20211120-WA0029.jpg?strip=info&#038;w=1500 1500w,https:\/\/i0.wp.com\/www.stiftsforum.ch\/blog\/wp-content\/uploads\/2021\/11\/IMG-20211120-WA0029.jpg?strip=info&#038;w=1800 1800w,https:\/\/i0.wp.com\/www.stiftsforum.ch\/blog\/wp-content\/uploads\/2021\/11\/IMG-20211120-WA0029.jpg?strip=info&#038;w=2000 2000w\" alt=\"\" data-height=\"2016\" data-id=\"4804\" data-link=\"http:\/\/www.stiftsforum.ch\/blog\/?attachment_id=4804\" data-url=\"http:\/\/www.stiftsforum.ch\/blog\/wp-content\/uploads\/2021\/11\/IMG-20211120-WA0029.jpg\" data-width=\"1512\" src=\"https:\/\/i0.wp.com\/www.stiftsforum.ch\/blog\/wp-content\/uploads\/2021\/11\/IMG-20211120-WA0029.jpg\" layout=\"responsive\"\/><\/figure><\/div><div data-carousel-extra='{\"blog_id\":1,\"permalink\":\"http:\\\/\\\/www.stiftsforum.ch\\\/blog\\\/?p=4780\"}' class=\"tiled-gallery__col\" style=\"flex-basis:25%\"><figure class=\"tiled-gallery__item\"><img data-attachment-id=\"4805\" data-permalink=\"http:\/\/www.stiftsforum.ch\/blog\/?attachment_id=4805\" data-orig-file=\"https:\/\/i1.wp.com\/www.stiftsforum.ch\/blog\/wp-content\/uploads\/2021\/11\/IMG-20211120-WA0030.jpg?fit=1512%2C2016\" data-orig-size=\"1512,2016\" data-comments-opened=\"1\" data-image-meta=\"{&quot;aperture&quot;:&quot;0&quot;,&quot;credit&quot;:&quot;&quot;,&quot;camera&quot;:&quot;&quot;,&quot;caption&quot;:&quot;&quot;,&quot;created_timestamp&quot;:&quot;0&quot;,&quot;copyright&quot;:&quot;&quot;,&quot;focal_length&quot;:&quot;0&quot;,&quot;iso&quot;:&quot;0&quot;,&quot;shutter_speed&quot;:&quot;0&quot;,&quot;title&quot;:&quot;&quot;,&quot;orientation&quot;:&quot;0&quot;}\" data-image-title=\"IMG-20211120-WA0030\" data-image-description=\"\" data-medium-file=\"https:\/\/i1.wp.com\/www.stiftsforum.ch\/blog\/wp-content\/uploads\/2021\/11\/IMG-20211120-WA0030.jpg?fit=225%2C300\" data-large-file=\"https:\/\/i1.wp.com\/www.stiftsforum.ch\/blog\/wp-content\/uploads\/2021\/11\/IMG-20211120-WA0030.jpg?fit=768%2C1024\" data-attachment-id=\"4805\" data-permalink=\"http:\/\/www.stiftsforum.ch\/blog\/?attachment_id=4805\" data-orig-file=\"https:\/\/i1.wp.com\/www.stiftsforum.ch\/blog\/wp-content\/uploads\/2021\/11\/IMG-20211120-WA0030.jpg?fit=1512%2C2016\" data-orig-size=\"1512,2016\" data-comments-opened=\"1\" data-image-meta=\"{&quot;aperture&quot;:&quot;0&quot;,&quot;credit&quot;:&quot;&quot;,&quot;camera&quot;:&quot;&quot;,&quot;caption&quot;:&quot;&quot;,&quot;created_timestamp&quot;:&quot;0&quot;,&quot;copyright&quot;:&quot;&quot;,&quot;focal_length&quot;:&quot;0&quot;,&quot;iso&quot;:&quot;0&quot;,&quot;shutter_speed&quot;:&quot;0&quot;,&quot;title&quot;:&quot;&quot;,&quot;orientation&quot;:&quot;0&quot;}\" data-image-title=\"IMG-20211120-WA0030\" data-image-description=\"\" data-medium-file=\"https:\/\/i1.wp.com\/www.stiftsforum.ch\/blog\/wp-content\/uploads\/2021\/11\/IMG-20211120-WA0030.jpg?fit=225%2C300\" data-large-file=\"https:\/\/i1.wp.com\/www.stiftsforum.ch\/blog\/wp-content\/uploads\/2021\/11\/IMG-20211120-WA0030.jpg?fit=768%2C1024\" srcset=\"https:\/\/i1.wp.com\/www.stiftsforum.ch\/blog\/wp-content\/uploads\/2021\/11\/IMG-20211120-WA0030.jpg?strip=info&#038;w=600 600w,https:\/\/i1.wp.com\/www.stiftsforum.ch\/blog\/wp-content\/uploads\/2021\/11\/IMG-20211120-WA0030.jpg?strip=info&#038;w=900 900w,https:\/\/i1.wp.com\/www.stiftsforum.ch\/blog\/wp-content\/uploads\/2021\/11\/IMG-20211120-WA0030.jpg?strip=info&#038;w=1200 1200w,https:\/\/i1.wp.com\/www.stiftsforum.ch\/blog\/wp-content\/uploads\/2021\/11\/IMG-20211120-WA0030.jpg?strip=info&#038;w=1500 1500w,https:\/\/i1.wp.com\/www.stiftsforum.ch\/blog\/wp-content\/uploads\/2021\/11\/IMG-20211120-WA0030.jpg?strip=info&#038;w=1800 1800w,https:\/\/i1.wp.com\/www.stiftsforum.ch\/blog\/wp-content\/uploads\/2021\/11\/IMG-20211120-WA0030.jpg?strip=info&#038;w=2000 2000w\" alt=\"\" data-height=\"2016\" data-id=\"4805\" data-link=\"http:\/\/www.stiftsforum.ch\/blog\/?attachment_id=4805\" data-url=\"http:\/\/www.stiftsforum.ch\/blog\/wp-content\/uploads\/2021\/11\/IMG-20211120-WA0030.jpg\" data-width=\"1512\" src=\"https:\/\/i1.wp.com\/www.stiftsforum.ch\/blog\/wp-content\/uploads\/2021\/11\/IMG-20211120-WA0030.jpg\" layout=\"responsive\"\/><\/figure><\/div><div data-carousel-extra='{\"blog_id\":1,\"permalink\":\"http:\\\/\\\/www.stiftsforum.ch\\\/blog\\\/?p=4780\"}' class=\"tiled-gallery__col\" style=\"flex-basis:25%\"><figure class=\"tiled-gallery__item\"><img data-attachment-id=\"4806\" data-permalink=\"http:\/\/www.stiftsforum.ch\/blog\/?attachment_id=4806\" data-orig-file=\"https:\/\/i0.wp.com\/www.stiftsforum.ch\/blog\/wp-content\/uploads\/2021\/11\/IMG-20211120-WA0031.jpg?fit=1512%2C2016\" data-orig-size=\"1512,2016\" data-comments-opened=\"1\" data-image-meta=\"{&quot;aperture&quot;:&quot;0&quot;,&quot;credit&quot;:&quot;&quot;,&quot;camera&quot;:&quot;&quot;,&quot;caption&quot;:&quot;&quot;,&quot;created_timestamp&quot;:&quot;0&quot;,&quot;copyright&quot;:&quot;&quot;,&quot;focal_length&quot;:&quot;0&quot;,&quot;iso&quot;:&quot;0&quot;,&quot;shutter_speed&quot;:&quot;0&quot;,&quot;title&quot;:&quot;&quot;,&quot;orientation&quot;:&quot;0&quot;}\" data-image-title=\"IMG-20211120-WA0031\" data-image-description=\"\" data-medium-file=\"https:\/\/i0.wp.com\/www.stiftsforum.ch\/blog\/wp-content\/uploads\/2021\/11\/IMG-20211120-WA0031.jpg?fit=225%2C300\" data-large-file=\"https:\/\/i0.wp.com\/www.stiftsforum.ch\/blog\/wp-content\/uploads\/2021\/11\/IMG-20211120-WA0031.jpg?fit=768%2C1024\" data-attachment-id=\"4806\" data-permalink=\"http:\/\/www.stiftsforum.ch\/blog\/?attachment_id=4806\" data-orig-file=\"https:\/\/i0.wp.com\/www.stiftsforum.ch\/blog\/wp-content\/uploads\/2021\/11\/IMG-20211120-WA0031.jpg?fit=1512%2C2016\" data-orig-size=\"1512,2016\" data-comments-opened=\"1\" data-image-meta=\"{&quot;aperture&quot;:&quot;0&quot;,&quot;credit&quot;:&quot;&quot;,&quot;camera&quot;:&quot;&quot;,&quot;caption&quot;:&quot;&quot;,&quot;created_timestamp&quot;:&quot;0&quot;,&quot;copyright&quot;:&quot;&quot;,&quot;focal_length&quot;:&quot;0&quot;,&quot;iso&quot;:&quot;0&quot;,&quot;shutter_speed&quot;:&quot;0&quot;,&quot;title&quot;:&quot;&quot;,&quot;orientation&quot;:&quot;0&quot;}\" data-image-title=\"IMG-20211120-WA0031\" data-image-description=\"\" data-medium-file=\"https:\/\/i0.wp.com\/www.stiftsforum.ch\/blog\/wp-content\/uploads\/2021\/11\/IMG-20211120-WA0031.jpg?fit=225%2C300\" data-large-file=\"https:\/\/i0.wp.com\/www.stiftsforum.ch\/blog\/wp-content\/uploads\/2021\/11\/IMG-20211120-WA0031.jpg?fit=768%2C1024\" srcset=\"https:\/\/i1.wp.com\/www.stiftsforum.ch\/blog\/wp-content\/uploads\/2021\/11\/IMG-20211120-WA0031.jpg?strip=info&#038;w=600 600w,https:\/\/i1.wp.com\/www.stiftsforum.ch\/blog\/wp-content\/uploads\/2021\/11\/IMG-20211120-WA0031.jpg?strip=info&#038;w=900 900w,https:\/\/i1.wp.com\/www.stiftsforum.ch\/blog\/wp-content\/uploads\/2021\/11\/IMG-20211120-WA0031.jpg?strip=info&#038;w=1200 1200w,https:\/\/i1.wp.com\/www.stiftsforum.ch\/blog\/wp-content\/uploads\/2021\/11\/IMG-20211120-WA0031.jpg?strip=info&#038;w=1500 1500w,https:\/\/i1.wp.com\/www.stiftsforum.ch\/blog\/wp-content\/uploads\/2021\/11\/IMG-20211120-WA0031.jpg?strip=info&#038;w=1800 1800w,https:\/\/i1.wp.com\/www.stiftsforum.ch\/blog\/wp-content\/uploads\/2021\/11\/IMG-20211120-WA0031.jpg?strip=info&#038;w=2000 2000w\" alt=\"\" data-height=\"2016\" data-id=\"4806\" data-link=\"http:\/\/www.stiftsforum.ch\/blog\/?attachment_id=4806\" data-url=\"http:\/\/www.stiftsforum.ch\/blog\/wp-content\/uploads\/2021\/11\/IMG-20211120-WA0031.jpg\" data-width=\"1512\" src=\"https:\/\/i1.wp.com\/www.stiftsforum.ch\/blog\/wp-content\/uploads\/2021\/11\/IMG-20211120-WA0031.jpg\" layout=\"responsive\"\/><\/figure><\/div><div data-carousel-extra='{\"blog_id\":1,\"permalink\":\"http:\\\/\\\/www.stiftsforum.ch\\\/blog\\\/?p=4780\"}' class=\"tiled-gallery__col\" style=\"flex-basis:25%\"><figure class=\"tiled-gallery__item\"><img data-attachment-id=\"4807\" data-permalink=\"http:\/\/www.stiftsforum.ch\/blog\/?attachment_id=4807\" data-orig-file=\"https:\/\/i0.wp.com\/www.stiftsforum.ch\/blog\/wp-content\/uploads\/2021\/11\/IMG-20211120-WA0032.jpg?fit=1512%2C2016\" data-orig-size=\"1512,2016\" data-comments-opened=\"1\" data-image-meta=\"{&quot;aperture&quot;:&quot;0&quot;,&quot;credit&quot;:&quot;&quot;,&quot;camera&quot;:&quot;&quot;,&quot;caption&quot;:&quot;&quot;,&quot;created_timestamp&quot;:&quot;0&quot;,&quot;copyright&quot;:&quot;&quot;,&quot;focal_length&quot;:&quot;0&quot;,&quot;iso&quot;:&quot;0&quot;,&quot;shutter_speed&quot;:&quot;0&quot;,&quot;title&quot;:&quot;&quot;,&quot;orientation&quot;:&quot;0&quot;}\" data-image-title=\"IMG-20211120-WA0032\" data-image-description=\"\" data-medium-file=\"https:\/\/i0.wp.com\/www.stiftsforum.ch\/blog\/wp-content\/uploads\/2021\/11\/IMG-20211120-WA0032.jpg?fit=225%2C300\" data-large-file=\"https:\/\/i0.wp.com\/www.stiftsforum.ch\/blog\/wp-content\/uploads\/2021\/11\/IMG-20211120-WA0032.jpg?fit=768%2C1024\" data-attachment-id=\"4807\" data-permalink=\"http:\/\/www.stiftsforum.ch\/blog\/?attachment_id=4807\" data-orig-file=\"https:\/\/i0.wp.com\/www.stiftsforum.ch\/blog\/wp-content\/uploads\/2021\/11\/IMG-20211120-WA0032.jpg?fit=1512%2C2016\" data-orig-size=\"1512,2016\" data-comments-opened=\"1\" data-image-meta=\"{&quot;aperture&quot;:&quot;0&quot;,&quot;credit&quot;:&quot;&quot;,&quot;camera&quot;:&quot;&quot;,&quot;caption&quot;:&quot;&quot;,&quot;created_timestamp&quot;:&quot;0&quot;,&quot;copyright&quot;:&quot;&quot;,&quot;focal_length&quot;:&quot;0&quot;,&quot;iso&quot;:&quot;0&quot;,&quot;shutter_speed&quot;:&quot;0&quot;,&quot;title&quot;:&quot;&quot;,&quot;orientation&quot;:&quot;0&quot;}\" data-image-title=\"IMG-20211120-WA0032\" data-image-description=\"\" data-medium-file=\"https:\/\/i0.wp.com\/www.stiftsforum.ch\/blog\/wp-content\/uploads\/2021\/11\/IMG-20211120-WA0032.jpg?fit=225%2C300\" data-large-file=\"https:\/\/i0.wp.com\/www.stiftsforum.ch\/blog\/wp-content\/uploads\/2021\/11\/IMG-20211120-WA0032.jpg?fit=768%2C1024\" srcset=\"https:\/\/i2.wp.com\/www.stiftsforum.ch\/blog\/wp-content\/uploads\/2021\/11\/IMG-20211120-WA0032.jpg?strip=info&#038;w=600 600w,https:\/\/i2.wp.com\/www.stiftsforum.ch\/blog\/wp-content\/uploads\/2021\/11\/IMG-20211120-WA0032.jpg?strip=info&#038;w=900 900w,https:\/\/i2.wp.com\/www.stiftsforum.ch\/blog\/wp-content\/uploads\/2021\/11\/IMG-20211120-WA0032.jpg?strip=info&#038;w=1200 1200w,https:\/\/i2.wp.com\/www.stiftsforum.ch\/blog\/wp-content\/uploads\/2021\/11\/IMG-20211120-WA0032.jpg?strip=info&#038;w=1500 1500w,https:\/\/i2.wp.com\/www.stiftsforum.ch\/blog\/wp-content\/uploads\/2021\/11\/IMG-20211120-WA0032.jpg?strip=info&#038;w=1800 1800w,https:\/\/i2.wp.com\/www.stiftsforum.ch\/blog\/wp-content\/uploads\/2021\/11\/IMG-20211120-WA0032.jpg?strip=info&#038;w=2000 2000w\" alt=\"\" data-height=\"2016\" data-id=\"4807\" data-link=\"http:\/\/www.stiftsforum.ch\/blog\/?attachment_id=4807\" data-url=\"http:\/\/www.stiftsforum.ch\/blog\/wp-content\/uploads\/2021\/11\/IMG-20211120-WA0032.jpg\" data-width=\"1512\" src=\"https:\/\/i2.wp.com\/www.stiftsforum.ch\/blog\/wp-content\/uploads\/2021\/11\/IMG-20211120-WA0032.jpg\" layout=\"responsive\"\/><\/figure><\/div><\/div><\/div><\/div>\n\n\n\n<p>Fotos: Silvia Brunner<\/p>\n\n\n\n<p>Weiterf\u00fchrender Link: <a href=\"https:\/\/www.mathenacht.de\/\">Lange Nacht der Mathematik 2021 | Startseite (mathenacht.de)<\/a><\/p>\n\n\n\n<p><a href=\"https:\/\/www.mathenacht.de\/\">https:\/\/www.mathenacht.de\/<\/a><\/p>\n","protected":false},"excerpt":{"rendered":"<p>Angeregt von den Mathematiklehrpersonen Silvia Brunner, Martin Spycher und Marc M\u00f6ckli traf man sich am 19.11.2021 zur Nacht der Mathematik<\/p>\n","protected":false},"author":1,"featured_media":4790,"comment_status":"open","ping_status":"closed","sticky":false,"template":"","format":"standard","meta":{"spay_email":"","jetpack_publicize_message":"","jetpack_is_tweetstorm":false},"categories":[10],"tags":[],"jetpack_featured_media_url":"https:\/\/i1.wp.com\/www.stiftsforum.ch\/blog\/wp-content\/uploads\/2021\/11\/IMG-20211120-WA0013.jpg?fit=1512%2C2016","jetpack_publicize_connections":[],"jetpack_sharing_enabled":true,"jetpack_shortlink":"https:\/\/wp.me\/p9nzRF-1f6","jetpack_likes_enabled":true,"jetpack-related-posts":[{"id":4225,"url":"http:\/\/www.stiftsforum.ch\/blog\/?p=4225","url_meta":{"origin":4780,"position":0},"title":"Eine Leidenschaft f\u00fcr die Mathematik","date":"Januar 31, 2021","format":false,"excerpt":"von Cecilia Selsas und Samira Kr\u00e4nzlin, 1d Wir haben Frau Marta Bento interviewt. Sie ist 43 Jahre alt und Mathe-Lehrerin hier an der Stiftschule. Sie hat zwei Kinder, einen Sohn und eine Tochter und eine Katze. Wie gef\u00e4llt es Ihnen an der Stiftschule? Ja, ich liebe diese Schule. Das ist\u2026","rel":"","context":"In &quot;Allgemein&quot;","img":{"alt_text":"","src":"https:\/\/i1.wp.com\/www.stiftsforum.ch\/blog\/wp-content\/uploads\/2021\/01\/Marta.jpg?fit=1200%2C800&resize=350%2C200","width":350,"height":200},"classes":[]},{"id":3232,"url":"http:\/\/www.stiftsforum.ch\/blog\/?p=3232","url_meta":{"origin":4780,"position":1},"title":"Go math! - Matheexkursion an die ETH","date":"April 10, 2019","format":false,"excerpt":"21.3. 2019 Z\u00fcrich: Das Symposium \"Go math\" an der ETH r\u00fcckte dieses Jahr Frauen in der Mathematik in den Mittelpunkt. Neben dem Besuch einer Ausstellung \u00fcber Mathematikerinnen konnten die 4ab in der Begleitung von Frau Brunner auch einen Einblick in die \"echte\" universit\u00e4re Mathematik gewinnen. Angeleitet von engagierten StudentInnen kam\u2026","rel":"","context":"In &quot;Allgemein&quot;","img":{"alt_text":"","src":"https:\/\/i2.wp.com\/www.stiftsforum.ch\/blog\/wp-content\/uploads\/2019\/03\/20190321_104608.jpg?fit=1200%2C900&resize=350%2C200","width":350,"height":200},"classes":[]},{"id":4449,"url":"http:\/\/www.stiftsforum.ch\/blog\/?p=4449","url_meta":{"origin":4780,"position":2},"title":"\"Die Integration der M\u00e4dchen vollzog sich sehr organisch und selbstverst\u00e4ndlich\"","date":"April 27, 2021","format":false,"excerpt":"50 Jahre M\u00e4dchen an der Stiftsschule H\u00e4tte P. Thomas F\u00e4ssler nicht darauf aufmerksam gemacht, w\u00e4re in diesem Schuljahr ein Jubil\u00e4um fast vergessen worden: Seit genau 50 Jahren wird an der Stiftsschule koedukativ unterrichtet. Im Schuljahr 1970\/71 kamen die ersten sieben M\u00e4dchen in die ersten Klassen und eine erstaunlich unscheinbare, aber\u2026","rel":"","context":"In &quot;Allgemein&quot;","img":{"alt_text":"","src":"https:\/\/i0.wp.com\/www.stiftsforum.ch\/blog\/wp-content\/uploads\/2021\/04\/IMG-20210428-WA0000-1.jpg?fit=1200%2C900&resize=350%2C200","width":350,"height":200},"classes":[]},{"id":5213,"url":"http:\/\/www.stiftsforum.ch\/blog\/?p=5213","url_meta":{"origin":4780,"position":3},"title":"Jeder im Gang hat eine Pers\u00f6nlichkeit","date":"Juni 29, 2022","format":false,"excerpt":"von Viviana Lindemann Alina Iten \u2013 Nachbarin und Sch\u00fclerin der 3a Alina, 3a, wohnt gegen\u00fcber. Ich kenne sie schon seit eh und je. Jedes Mal, wenn ich ihr Zimmer betrete, f\u00e4llt mir aber eins auf: Es ist organisiert chaotisch, alles hat seinen Platz, sogar die Kissen und B\u00fccher, die am\u2026","rel":"","context":"In &quot;Allgemein&quot;","img":{"alt_text":"","src":"https:\/\/i2.wp.com\/www.stiftsforum.ch\/blog\/wp-content\/uploads\/2022\/06\/crowd-g21577c359_1280.png?fit=1200%2C1001&resize=350%2C200","width":350,"height":200},"classes":[]},{"id":1766,"url":"http:\/\/www.stiftsforum.ch\/blog\/?p=1766","url_meta":{"origin":4780,"position":4},"title":"\"Es l\u00e4uft immer etwas!\"","date":"Januar 19, 2018","format":false,"excerpt":"Bernadette Boggia unterrichtet seit letztem Sommer Mathematik und Geografie an der Stiftsschule. Im Interview erz\u00e4hlt sie, warum sie an die Stiftsschule gekommen ist und was sie alles machen m\u00f6chte. Valentin M\u00fcller, 2a K\u00f6nnen Sie sich mit drei W\u00f6rtern beschreiben? (\u00dcberlegt\u2026) Offen gegen\u00fcber anderen, interessiert und organisiert. Sie gingen ja selbst\u2026","rel":"","context":"In &quot;Allgemein&quot;","img":{"alt_text":"","src":"https:\/\/i2.wp.com\/www.stiftsforum.ch\/blog\/wp-content\/uploads\/2018\/01\/IMG_9318-Kopie.jpg?fit=1200%2C800&resize=350%2C200","width":350,"height":200},"classes":[]},{"id":4735,"url":"http:\/\/www.stiftsforum.ch\/blog\/?p=4735","url_meta":{"origin":4780,"position":5},"title":"Elefanten, Raclette und Harry Potter","date":"November 9, 2021","format":false,"excerpt":"Interview mit Frau Niggli, einer neuen Geografielehrerin an der Stiftsschule von Viviana Lindemann (1a) Wie sind Sie auf Geografie gekommen? Ich war sehr fr\u00fch schon mit meinen Eltern viel in den Bergen in den Ferien, mein Vater ist selbst aus dem Kanton Graub\u00fcnden und deshalb habe ich dort auch sehr\u2026","rel":"","context":"In &quot;Interview&quot;","img":{"alt_text":"","src":"https:\/\/i1.wp.com\/www.stiftsforum.ch\/blog\/wp-content\/uploads\/2021\/11\/Schulredaktion_3-BildDNi-scaled.jpg?fit=960%2C1200&resize=350%2C200","width":350,"height":200},"classes":[]}],"_links":{"self":[{"href":"http:\/\/www.stiftsforum.ch\/blog\/index.php?rest_route=\/wp\/v2\/posts\/4780"}],"collection":[{"href":"http:\/\/www.stiftsforum.ch\/blog\/index.php?rest_route=\/wp\/v2\/posts"}],"about":[{"href":"http:\/\/www.stiftsforum.ch\/blog\/index.php?rest_route=\/wp\/v2\/types\/post"}],"author":[{"embeddable":true,"href":"http:\/\/www.stiftsforum.ch\/blog\/index.php?rest_route=\/wp\/v2\/users\/1"}],"replies":[{"embeddable":true,"href":"http:\/\/www.stiftsforum.ch\/blog\/index.php?rest_route=%2Fwp%2Fv2%2Fcomments&post=4780"}],"version-history":[{"count":3,"href":"http:\/\/www.stiftsforum.ch\/blog\/index.php?rest_route=\/wp\/v2\/posts\/4780\/revisions"}],"predecessor-version":[{"id":4810,"href":"http:\/\/www.stiftsforum.ch\/blog\/index.php?rest_route=\/wp\/v2\/posts\/4780\/revisions\/4810"}],"wp:featuredmedia":[{"embeddable":true,"href":"http:\/\/www.stiftsforum.ch\/blog\/index.php?rest_route=\/wp\/v2\/media\/4790"}],"wp:attachment":[{"href":"http:\/\/www.stiftsforum.ch\/blog\/index.php?rest_route=%2Fwp%2Fv2%2Fmedia&parent=4780"}],"wp:term":[{"taxonomy":"category","embeddable":true,"href":"http:\/\/www.stiftsforum.ch\/blog\/index.php?rest_route=%2Fwp%2Fv2%2Fcategories&post=4780"},{"taxonomy":"post_tag","embeddable":true,"href":"http:\/\/www.stiftsforum.ch\/blog\/index.php?rest_route=%2Fwp%2Fv2%2Ftags&post=4780"}],"curies":[{"name":"wp","href":"https:\/\/api.w.org\/{rel}","templated":true}]}}