{"id":4821,"date":"2021-11-23T10:28:57","date_gmt":"2021-11-23T09:28:57","guid":{"rendered":"http:\/\/www.stiftsforum.ch\/blog\/?p=4821"},"modified":"2021-11-23T11:01:37","modified_gmt":"2021-11-23T10:01:37","slug":"das-mittel-zum-erfolg-engagement","status":"publish","type":"post","link":"http:\/\/www.stiftsforum.ch\/blog\/?p=4821","title":{"rendered":"Das Mittel zum Erfolg: Engagement"},"content":{"rendered":"\n<p><em>von Nils M\u00fcller (6c)<\/em><\/p>\n\n\n\n<p><strong>Die Welt braucht mehr Engagement! Wir leben heute aber in einer passiven Welt: Wir sind solange in unseren digitalen Welten zuhause, wie wir k\u00f6nnen. Man handelt erst, wenn es n\u00f6tig ist oder wenn es uns pers\u00f6nlich betrifft. Unsere Welt wurde jedoch von einer aktiven Gesellschaft aufgebaut, von einer Gesellschaft, die nicht nur auf eine M\u00f6glichkeit gewartet hat, sondern zuerst selbst die Initiative ergriffen hat. Diese Gesellschaft zeigte pers\u00f6nliches, politisches und soziales Engagement. Wenn wir unsere modernen Probleme beseitigen wollen, dann m\u00fcssen auch wir mehr Engagement aufbringen.<\/strong><br><br>Der Duden definiert das Substantiv Engagement als &#8220;(pers\u00f6nlicher) Einsatz aus Verbundenheit; Gef\u00fchl des Verpflichtetseins zu etwas&#8221; oder im gesch\u00e4ftlichen Sinne als &#8221; Bindung, Verpflichtung&#8221;. In den Synonymen stellt man die Essenz des Engagements auch fest: &#8220;Aktivit\u00e4t, Anstrengung, Anteilnahme, Beteiligung&#8221;. Falls man sich f\u00fcr etwas engagiert, dann duldet man verschiedenste Anstrengungen und nimmt daran teil, ein Ziel umzusetzen, ob alleine oder in der Gemeinschaft.<br><br>Wir sprechen von einem pers\u00f6nlichen Engagement, wenn wir, als Menschen an etwas glauben und aus diesem Glauben heraus handeln. Ich engagiere mich zum Beispiel pers\u00f6nlich sehr daf\u00fcr, dass ich im Milit\u00e4r als einer der ersten Cybersoldaten ausgebildet werden kann. Ich investiere meine Freizeit in dieses Ziel, denn ich glaube, dass es mir in der Zukunft helfen wird. Somit f\u00fchle ich mich dazu &#8220;verpflichtet&#8221;, daf\u00fcr zu arbeiten.<\/p>\n\n\n\n<p>Eine weitere Art des Engagements ist \u00a0das politische Engagement. Dies ist eine Weiterf\u00fchrung des pers\u00f6nlichen Engagements. Man unternimmt Aktivit\u00e4ten, um ein politisches Ziel zu erreichen. F\u00fcr mich ist eine Art des politischen Engagements der Beitritt in einer Organisation wie dem Klimastreik Schweiz. Man opfert seine Freizeit, um politische \u00c4nderungen zu erreichen, an die man glaubt. Auch hier kann man es wieder mit der Definition veranschaulichen: Man zeigt Einsatz, da man eine Verbundenheit mit den Zielen des Klimastreiks f\u00fchlt. Dieses Engagement kann dann auch zu einer politischen Karriere weiterf\u00fchren.<\/p>\n\n\n\n<p>Als letzte Art von Engagement besteht das soziale Engagement. Hier setzt man sich f\u00fcr die Gesellschaft ein, weil man davon \u00fcberzeugt ist, der Gesellschaft helfen zu k\u00f6nnen. Diese Kategorie ist ebenfalls \u00e4usserst \u00e4hnlich zu dem pers\u00f6nlichen Engagement, da die eigene, pers\u00f6nliche \u00dcberzeugung ein Handeln bewirkt , das letztlich dem sozialen Umfeld helfen soll. <br><br>Was sind nun aber die Ergebnisse eines Engagements? Alle erfolgreiche Menschen haben etwas gemeinsam: Sie alle zeigen \u00e4usserstes Engagement f\u00fcr ihre Visionen. Sie alle handeln aus ihren eigenen \u00dcberzeugungen und arbeiten auch in ihrer Freizeit weiter, um ihre Ziele zu erreichen. Man kann also den Erfolg auch als Ergebnis f\u00fcr das Engagement ansehen: Denn ohne Engagement gibt es keinen Erfolg.<\/p>\n\n\n\n<p>Jeder Mensch hat gewisse Ziele, die er\/sie\/es erreichen will. Engagement bietet in diesem Fall oft das Mittel dazu. Wenn wir zu meinem obrigen Beispiel zur\u00fcckkommen, dann kann man hier ebenso einwandfrei erkennen, wie mein eigenes Engagement das Mittel zum Zweck ist. Mein Zweck ist es, im Milit\u00e4r Cybersoldat zu werden. Was ist mein Mittel dazu? Das pers\u00f6nliche Engagement.\u00a0 <br><br>Zu viel Engagement kann aber doch auch zu vielen psychischen als auch physischen Probleme f\u00fchren. Passend zum Synonym &#8220;Anstrengung&#8221; kann man den eigenen K\u00f6rper \u00fcberm\u00e4ssig belasten. Durch zu viel Arbeit kann man einen Burnout erzwingen oder einen ungesunden Lebensstil beginnen, der einem nur schadet. \u00a0Zudem kann durch einen Nichterfolg trotz Engagement ein Gef\u00fchl der Trauer entstehen, das mit einem Todesfall vergleichbar ist. Folgendermassen besteht die M\u00f6glichkeit, dass ein Mensch eine Furcht vor dem Engagement bildet und in der Passivit\u00e4t verharrt.<br><br>Dennoch gilt: Engagement kann ein wunderbares Rezept f\u00fcr Erfolg sein. Es gibt viele Beweggr\u00fcnde zum Engagement, ob pers\u00f6nlich, politisch oder auch sozial, wobei einen im Allgemeinen immer das gleiche Ziel antreibt: Man will seinen eigene Glauben, seine Ideen umsetzen. Wenn man dabei auch auf die eigene Balance achtet, kann jeder einzelne sehr viel umsetzen. Meiner Meinung nach fehlt dieser Generation, dieser Gesellschaft, aber oft die Bereitschaft, sich wieder zus\u00e4tzlich zu engagieren. Wenn wir die Probleme von heute aber  l\u00f6sen wollen, dann m\u00fcssen wir, als ganze Gesellschaft, wieder mehr Engagement zeigen. Mit gen\u00fcgend gesellschaftlichem Engagement ist f\u00fcr den Menschen nichts unm\u00f6glich.<\/p>\n\n\n\n<p><\/p>\n","protected":false},"excerpt":{"rendered":"<p>von Nils M\u00fcller (6c) Die Welt braucht mehr Engagement! Wir leben heute aber in einer passiven Welt: Wir sind solange<\/p>\n","protected":false},"author":1,"featured_media":4823,"comment_status":"open","ping_status":"closed","sticky":false,"template":"","format":"standard","meta":{"spay_email":"","jetpack_publicize_message":"","jetpack_is_tweetstorm":false},"categories":[3],"tags":[],"jetpack_featured_media_url":"https:\/\/i0.wp.com\/www.stiftsforum.ch\/blog\/wp-content\/uploads\/2021\/11\/pexels-snapwire-6945-scaled.jpg?fit=2560%2C1920","jetpack_publicize_connections":[],"jetpack_sharing_enabled":true,"jetpack_shortlink":"https:\/\/wp.me\/p9nzRF-1fL","jetpack_likes_enabled":true,"jetpack-related-posts":[{"id":6864,"url":"http:\/\/www.stiftsforum.ch\/blog\/?p=6864","url_meta":{"origin":4821,"position":0},"title":"Die 2.Klassen erstmals an der HSG und im Stiftsbezirk St.Gallen","date":"Juni 22, 2025","format":false,"excerpt":"20.6.2025 Zum ersten Mal gab es in diesem Schuljahr eine jahrgangs\u00fcbergreifende Exkursion der 2abc nach St. Gallen. Insgesamt 60 Sch\u00fclerinnen und Sch\u00fcler machten sich mit ihren Klassenlehrpersonen sowie Deutschlehrer Lukas Griethe und Klasseng\u00f6tti P.Mauritius auf den Weg, um alte und neue Orte des Wissens aufzusuchen. Am Programm stand die Klosterbibliothek\u2026","rel":"","context":"In &quot;Allgemein&quot;","img":{"alt_text":"","src":"https:\/\/i2.wp.com\/www.stiftsforum.ch\/blog\/wp-content\/uploads\/2025\/06\/1000090187.jpg?fit=1200%2C900&resize=350%2C200","width":350,"height":200},"classes":[]},{"id":2041,"url":"http:\/\/www.stiftsforum.ch\/blog\/?p=2041","url_meta":{"origin":4821,"position":1},"title":"Mit den SDGs nachhaltig ins 21. Jahrhundert","date":"Mai 13, 2018","format":false,"excerpt":"\u00a0 Wohlstand und Lebenserwartung haben in den letzten Jahrzehnten deutlich zugenommen, aber auf Kosten von wem? Eine Ausstellung zu den UNO-Entwicklungszielen, den SDGs (sustainable development goals), r\u00fcckt Zukunftsszenarien nun in unsere Gegenwart. Organisiert wurde die Ausstellung von Florentin Bucher gemeinsam mit dem Erg\u00e4nzungsfach Geografie. Montag, 16.4., 15h30: Drei Schulklassen, Schulleitung\u2026","rel":"","context":"In &quot;Schulanl\u00e4sse&quot;","img":{"alt_text":"","src":"https:\/\/i1.wp.com\/www.stiftsforum.ch\/blog\/wp-content\/uploads\/2018\/05\/ausstellung4.jpg?fit=1200%2C800&resize=350%2C200","width":350,"height":200},"classes":[]},{"id":1242,"url":"http:\/\/www.stiftsforum.ch\/blog\/?p=1242","url_meta":{"origin":4821,"position":2},"title":"Klaus-C\u00e4sar Zehrer: Das Genie","date":"September 26, 2017","format":false,"excerpt":"Eine Buchkritik von Benedikt Aegerter Romane \u00fcber real existierende Personen, besonders wenn es dann noch Genies sind, sind meistens eine schwierige Angelegenheit. Noch schwieriger, wenn ihre Lebensgeschichte tragisch ist. Klaus-C\u00e4sar Zehrer umschifft die T\u00fccken des Genres gekonnt und f\u00fchrt mit viel Sprachwitz und Ironie in die Welt einer ebenso genialen\u2026","rel":"","context":"In &quot;Buchkritik&quot;","img":{"alt_text":"","src":"https:\/\/i2.wp.com\/www.stiftsforum.ch\/blog\/wp-content\/uploads\/2017\/09\/2.jpg?fit=314%2C500&resize=350%2C200","width":350,"height":200},"classes":[]},{"id":4272,"url":"http:\/\/www.stiftsforum.ch\/blog\/?p=4272","url_meta":{"origin":4821,"position":3},"title":"Mann und Frau","date":"M\u00e4rz 2, 2021","format":false,"excerpt":"von Vanessa Sch\u00f6nb\u00e4chler (6a) Mann und Frau. Wenn man an diese beiden W\u00f6rter denkt, entstehen direkt Vorstellungen dar\u00fcber, wie eine Frau typischerweise aussieht und wie ein Mann. Doch werden diese Bilder \u00fcber das Aussehen der Geschlechter nicht auch beeinflusst? Sei es durch die Gesellschaft oder auch die Medien? Klar ist,\u2026","rel":"","context":"In &quot;Allgemein&quot;","img":{"alt_text":"","src":"https:\/\/i1.wp.com\/www.stiftsforum.ch\/blog\/wp-content\/uploads\/2021\/03\/man-2933984_1280.jpg?fit=1200%2C620&resize=350%2C200","width":350,"height":200},"classes":[]},{"id":4839,"url":"http:\/\/www.stiftsforum.ch\/blog\/?p=4839","url_meta":{"origin":4821,"position":4},"title":"Klassiker der Literaturgeschichte: \"Bahnw\u00e4rter Thiel\"","date":"November 27, 2021","format":false,"excerpt":"Was kann man aus einem Buch des sp\u00e4ten 19. Jahrhunderts mitnehmen? Worin besteht die subjektive, literarische oder historische Relevanz dieses Werks des Naturalismus? Die 6a machte sich auf die Suche nach Antworten. Das Bild des harmonischen Familienbilds wird zerst\u00f6rt. Die Augen zu verschliessen vor der Realit\u00e4t ist verh\u00e4ngnisvoll.Daniel Fischer F\u00fcr\u2026","rel":"","context":"In &quot;Buchkritik&quot;","img":{"alt_text":"","src":"https:\/\/i0.wp.com\/www.stiftsforum.ch\/blog\/wp-content\/uploads\/2021\/11\/Bahnwaerter-Thiel.jpg?fit=331%2C499&resize=350%2C200","width":350,"height":200},"classes":[]},{"id":4267,"url":"http:\/\/www.stiftsforum.ch\/blog\/?p=4267","url_meta":{"origin":4821,"position":5},"title":"50 Jahre Frauenstimmrecht - sind dies auch 50 Jahre Gleichberechtigung?","date":"M\u00e4rz 2, 2021","format":false,"excerpt":"von Samuel Tanner, 6a Im Jahr 1971 stimmten die Schweizer M\u00e4nner, mittels Volksabstimmung, ab, ob die Frauen ein Mitspracherecht in der Politik erhalten sollen. Die Abstimmung wurde knapp angenommen und die\u00a0 Schweiz erm\u00f6glichte es Frauen somit, als eines der letzten L\u00e4nder Europas, zum ersten Mal seit Gr\u00fcndung der Eidgenossenschaft im\u2026","rel":"","context":"In &quot;Allgemein&quot;","img":{"alt_text":"","src":"https:\/\/i2.wp.com\/www.stiftsforum.ch\/blog\/wp-content\/uploads\/2021\/03\/man-101001_1920.jpg?fit=1200%2C848&resize=350%2C200","width":350,"height":200},"classes":[]}],"_links":{"self":[{"href":"http:\/\/www.stiftsforum.ch\/blog\/index.php?rest_route=\/wp\/v2\/posts\/4821"}],"collection":[{"href":"http:\/\/www.stiftsforum.ch\/blog\/index.php?rest_route=\/wp\/v2\/posts"}],"about":[{"href":"http:\/\/www.stiftsforum.ch\/blog\/index.php?rest_route=\/wp\/v2\/types\/post"}],"author":[{"embeddable":true,"href":"http:\/\/www.stiftsforum.ch\/blog\/index.php?rest_route=\/wp\/v2\/users\/1"}],"replies":[{"embeddable":true,"href":"http:\/\/www.stiftsforum.ch\/blog\/index.php?rest_route=%2Fwp%2Fv2%2Fcomments&post=4821"}],"version-history":[{"count":3,"href":"http:\/\/www.stiftsforum.ch\/blog\/index.php?rest_route=\/wp\/v2\/posts\/4821\/revisions"}],"predecessor-version":[{"id":4826,"href":"http:\/\/www.stiftsforum.ch\/blog\/index.php?rest_route=\/wp\/v2\/posts\/4821\/revisions\/4826"}],"wp:featuredmedia":[{"embeddable":true,"href":"http:\/\/www.stiftsforum.ch\/blog\/index.php?rest_route=\/wp\/v2\/media\/4823"}],"wp:attachment":[{"href":"http:\/\/www.stiftsforum.ch\/blog\/index.php?rest_route=%2Fwp%2Fv2%2Fmedia&parent=4821"}],"wp:term":[{"taxonomy":"category","embeddable":true,"href":"http:\/\/www.stiftsforum.ch\/blog\/index.php?rest_route=%2Fwp%2Fv2%2Fcategories&post=4821"},{"taxonomy":"post_tag","embeddable":true,"href":"http:\/\/www.stiftsforum.ch\/blog\/index.php?rest_route=%2Fwp%2Fv2%2Ftags&post=4821"}],"curies":[{"name":"wp","href":"https:\/\/api.w.org\/{rel}","templated":true}]}}