{"id":4839,"date":"2021-11-27T19:57:35","date_gmt":"2021-11-27T18:57:35","guid":{"rendered":"http:\/\/www.stiftsforum.ch\/blog\/?p=4839"},"modified":"2021-11-27T19:57:40","modified_gmt":"2021-11-27T18:57:40","slug":"klassiker-der-literaturgeschichte-bahnwaerter-thiel","status":"publish","type":"post","link":"http:\/\/www.stiftsforum.ch\/blog\/?p=4839","title":{"rendered":"Klassiker der Literaturgeschichte: &#8220;Bahnw\u00e4rter Thiel&#8221;"},"content":{"rendered":"\n<p>Was kann man aus einem Buch des sp\u00e4ten 19. Jahrhunderts mitnehmen? Worin besteht die subjektive, literarische oder historische Relevanz dieses Werks des Naturalismus? Die 6a machte sich auf die Suche nach Antworten.<\/p>\n\n\n\n<blockquote class=\"wp-block-quote\"><p>Das Bild des harmonischen Familienbilds wird zerst\u00f6rt. Die Augen zu verschliessen vor der Realit\u00e4t ist verh\u00e4ngnisvoll.<\/p><cite>Daniel Fischer<\/cite><\/blockquote>\n\n\n\n<blockquote class=\"wp-block-quote\"><p>F\u00fcr mich liegt die Relevanz dieses Buches darin, dass es die Entwicklung eines passiven Menschen in einen aktiven Menschen erz\u00e4hlt. Zu Beginn lesen wir \u00fcber einen phlegmatischen, passiven Bahnw\u00e4rter, der zwei Kinder hat, diese jedoch fast nicht beachtet. Am Schluss des Buches durchbricht er sein Passiv-Sein, indem er seine Frau und sein Kind t\u00f6tet.\u00a0 Trotz des Durchbrechens seines passiven Charakters endet diese eigentlich erfreuliche Entwicklung nicht gut f\u00fcr ihn.<\/p><cite>Marie Somm<\/cite><\/blockquote>\n\n\n\n<blockquote class=\"wp-block-quote\"><p>Die Relevanz des Werkes \u00abBahnw\u00e4rter Thiel\u00bb liegt f\u00fcr mich darin, dass man die eigenen Gef\u00fchle nicht unterdr\u00fccken kann, denn irgendwann ist das Fass voll und es l\u00e4uft \u00fcber. Dies kann dann eine Katastrophe einleiten, daher w\u00e4re es besser, schon vorher seine Gef\u00fchle zuzulassen.<\/p><cite>Jil Belser<\/cite><\/blockquote>\n\n\n\n<blockquote class=\"wp-block-quote\"><p>Was ich aus dem Buch mitnehme:\u00a0Je kleiner das Buch, desto kompakter der Inhalt bzw. gr\u00f6sser die Symboltr\u00e4chtigkeit!<\/p><cite>Lars Elsener<\/cite><\/blockquote>\n\n\n\n<blockquote class=\"wp-block-quote\"><p>Die Relevanz des Buches?  Pers\u00f6nlich, dass viele wichtige Themen angesprochen werden (Kindesmisshandlung, Arbeitsleben, Work-Life-Balance), interessante Figuren (Thiel und die Unterdr\u00fcckung von Emotionen); Literarisch die grosse Symbolik in Natur und Technik; Gesellschaftlich die Darstellung einer Familienform, in der nicht der Vater das Oberhaupt ist und die Krise desM\u00e4nnerbildes vor dem Hintergrund der Industrialisierung<\/p><cite>Salome Brandenberg<\/cite><\/blockquote>\n\n\n\n<blockquote class=\"wp-block-quote\"><p>Die Einblicke in die damalige Gesellschaft geben Aufschluss \u00fcber die Lebensweise von einfachen Familien, die sonst keine Bedeutung h\u00e4tten.<\/p><cite>Marc F\u00fcchslin<\/cite><\/blockquote>\n\n\n\n<blockquote class=\"wp-block-quote\"><p>F\u00fcr mich ist der &#8220;explodierende&#8221; Aspekt von Thiel ein interessanter Punkt. Es ist sicherlich auch ein guter Einblick in die Welt einer Person, deren Hauptjob es ist, herumzusitzen und ab und zu eine Barriere zu senken und erheben. Zudem k\u00f6nnen Jugendliche dieses Werk nutzen, um sich Gedanken zu ihrer zuk\u00fcnftigen Arbeit zu machen. Auch den Aspekt des Kindermissbrauchs von einem einzelnen Elternteil  ist f\u00fcr die Gesellschaft sicherlich ein weckender Ruf.<\/p><cite>Brian Bartholet<\/cite><\/blockquote>\n\n\n\n<blockquote class=\"wp-block-quote\"><p>Dieses Werk legt dar, dass nicht immer alles so ist, wie es scheint. Unter der Oberfl\u00e4che des ruhigen\/ gepflegten Bahnw\u00e4rters brodelt es und er staut seine Gef\u00fchle auf, anstatt sie herauszulassen. Zudem zeigt es die Wichtigkeit von R\u00fcckzugsorten und die Verzweiflung, wenn einem diese genommen werden und man keine Freiheiten mehr hat.<\/p><cite>Pia Hartvigsen<\/cite><\/blockquote>\n\n\n\n<blockquote class=\"wp-block-quote\"><p>Die Relevanz f\u00fcr mich liegt darin, dass das Buch aufzeigt wie man Gef\u00fchle nicht einfach in sich hineinfressen kann\/soll, da dies fr\u00fcher oder sp\u00e4ter zu gr\u00f6sseren Problemen f\u00fchren wird.<\/p><cite>Anna Huber<\/cite><\/blockquote>\n\n\n\n<blockquote class=\"wp-block-quote\"><p>Thiel will der Gesellschaft gerecht werden und Standards erf\u00fcllen, ein perfektes Familienleben, eine Frau und Kindern. Dieses Ideal von der perfekten Familie ist nicht vorhanden.<\/p><cite>Michelle F\u00fcrst<\/cite><\/blockquote>\n\n\n\n<blockquote class=\"wp-block-quote\"><p>Bahnw\u00e4rter Thiel zeigt, wie ein \u00abnormaler\u00bb B\u00fcrger zum Mord verleitet werden kann.<\/p><cite>Marius Iten<\/cite><\/blockquote>\n\n\n\n<blockquote class=\"wp-block-quote\"><p>F\u00fcr mich liegt die Relevanz des Werkes \u00abBahnw\u00e4rter Thiel\u00bb von Gerhart Hauptmann darin, dass das Buch trotz seiner Einordnung in die naturalistische Epoche aktuelle Themen anspricht. \u00a0Dabei finde ich besonders den Aspekt der Wichtigkeit einer gesunden \u00abwork-life-balance\u00bb herausstechend. Das Buch zeigt anhand eines Negativbeispiels, dass Arbeit und Privatleben nicht nur neben- sondern auch miteinander funktionieren sollen. Man soll sowohl seinen Beruf lieben als auch seinen Partner\/seine Partnerin lieben.<\/p><cite>Julia Stahel<\/cite><\/blockquote>\n","protected":false},"excerpt":{"rendered":"<p>Was kann man aus einem Buch des sp\u00e4ten 19. Jahrhunderts mitnehmen? Worin besteht die subjektive, literarische oder historische Relevanz dieses<\/p>\n","protected":false},"author":1,"featured_media":4840,"comment_status":"open","ping_status":"closed","sticky":false,"template":"","format":"standard","meta":{"spay_email":"","jetpack_publicize_message":"","jetpack_is_tweetstorm":false},"categories":[5],"tags":[],"jetpack_featured_media_url":"https:\/\/i0.wp.com\/www.stiftsforum.ch\/blog\/wp-content\/uploads\/2021\/11\/Bahnwaerter-Thiel.jpg?fit=331%2C499","jetpack_publicize_connections":[],"jetpack_sharing_enabled":true,"jetpack_shortlink":"https:\/\/wp.me\/p9nzRF-1g3","jetpack_likes_enabled":true,"jetpack-related-posts":[{"id":6005,"url":"http:\/\/www.stiftsforum.ch\/blog\/?p=6005","url_meta":{"origin":4839,"position":0},"title":"Die Wichtigkeit der Vaterfigur","date":"Januar 9, 2023","format":false,"excerpt":"von Elisabeth Steuerwald, 6c Eine M\u00e4nnerfigur, mit der jeder mindestens einmal im Leben \"konfrontiert\" wurde, ist der eigene Vater. Jeder hat einen und jedem ist das Wort \"Vaters\" ein Begriff. Es ist jedoch zwischen dem biologischen und dem \"seelischen\" Begriff des Vaters zu unterscheiden, denn nicht f\u00fcr jeden ist der\u2026","rel":"","context":"In &quot;Allgemein&quot;","img":{"alt_text":"","src":"https:\/\/i1.wp.com\/www.stiftsforum.ch\/blog\/wp-content\/uploads\/2023\/01\/dad-g11e0cb3cd_1920.jpg?fit=1200%2C664&resize=350%2C200","width":350,"height":200},"classes":[]},{"id":2041,"url":"http:\/\/www.stiftsforum.ch\/blog\/?p=2041","url_meta":{"origin":4839,"position":1},"title":"Mit den SDGs nachhaltig ins 21. Jahrhundert","date":"Mai 13, 2018","format":false,"excerpt":"\u00a0 Wohlstand und Lebenserwartung haben in den letzten Jahrzehnten deutlich zugenommen, aber auf Kosten von wem? Eine Ausstellung zu den UNO-Entwicklungszielen, den SDGs (sustainable development goals), r\u00fcckt Zukunftsszenarien nun in unsere Gegenwart. Organisiert wurde die Ausstellung von Florentin Bucher gemeinsam mit dem Erg\u00e4nzungsfach Geografie. Montag, 16.4., 15h30: Drei Schulklassen, Schulleitung\u2026","rel":"","context":"In &quot;Schulanl\u00e4sse&quot;","img":{"alt_text":"","src":"https:\/\/i1.wp.com\/www.stiftsforum.ch\/blog\/wp-content\/uploads\/2018\/05\/ausstellung4.jpg?fit=1200%2C800&resize=350%2C200","width":350,"height":200},"classes":[]},{"id":6089,"url":"http:\/\/www.stiftsforum.ch\/blog\/?p=6089","url_meta":{"origin":4839,"position":2},"title":"\"Es ist ein schwieriges Fortkommen vom Pass\"","date":"Februar 15, 2023","format":false,"excerpt":"von Francesco De Vecchi Der Roman Momo wird als Ballett aufgef\u00fchrt (\u201aTIME\u2018, Origen Festival). Ja, aber wie stellt man klug dar, dass jemand zuh\u00f6rt? Wie tanzt man Zeit? \u2013 Solche und \u00e4hnliche Fragen stellen wir einander auf der Fahrt zu unserem aussergew\u00f6hnlichen Ballettbesuch. Wir sind f\u00fcnf Mitglieder der Stiftsschule auf\u2026","rel":"","context":"In &quot;Allgemein&quot;","img":{"alt_text":"","src":"https:\/\/i0.wp.com\/www.stiftsforum.ch\/blog\/wp-content\/uploads\/2023\/02\/foto-4.jpg?fit=900%2C1200&resize=350%2C200","width":350,"height":200},"classes":[]},{"id":4821,"url":"http:\/\/www.stiftsforum.ch\/blog\/?p=4821","url_meta":{"origin":4839,"position":3},"title":"Das Mittel zum Erfolg: Engagement","date":"November 23, 2021","format":false,"excerpt":"von Nils M\u00fcller (6c) Die Welt braucht mehr Engagement! Wir leben heute aber in einer passiven Welt: Wir sind solange in unseren digitalen Welten zuhause, wie wir k\u00f6nnen. Man handelt erst, wenn es n\u00f6tig ist oder wenn es uns pers\u00f6nlich betrifft. Unsere Welt wurde jedoch von einer aktiven Gesellschaft aufgebaut,\u2026","rel":"","context":"In &quot;Allgemein&quot;","img":{"alt_text":"","src":"https:\/\/i0.wp.com\/www.stiftsforum.ch\/blog\/wp-content\/uploads\/2021\/11\/pexels-snapwire-6945-scaled.jpg?fit=1200%2C900&resize=350%2C200","width":350,"height":200},"classes":[]},{"id":6053,"url":"http:\/\/www.stiftsforum.ch\/blog\/?p=6053","url_meta":{"origin":4839,"position":4},"title":"Von Diderot bis Wikipedia, oder: Was du \u00fcber Wikipedia (vielleicht) noch nicht wusstest","date":"Februar 5, 2023","format":false,"excerpt":"Sammlungen grosser Wissensbest\u00e4nde entstanden erstmals in der Epoche der Aufkl\u00e4rung. So verfasste etwa Diderot seine bekannte 29 B\u00e4nde umfassende Enzyklop\u00e4die \u2013 eine Meisterleistung seiner Zeit und ein Kulturdenkmal bis heute. Doch zumindest einen Nachteil brachte das umfassende Werk mit sich: Es war auch schon im 18. Jahrhundert unfassbar teuer. Adelige\u2026","rel":"","context":"In &quot;Digitalisierung&quot;","img":{"alt_text":"","src":"https:\/\/i1.wp.com\/www.stiftsforum.ch\/blog\/wp-content\/uploads\/2023\/02\/20230204_151803_resized.jpg?fit=1200%2C900&resize=350%2C200","width":350,"height":200},"classes":[]},{"id":788,"url":"http:\/\/www.stiftsforum.ch\/blog\/?p=788","url_meta":{"origin":4839,"position":5},"title":"Lukas B\u00e4rfuss: Hundert Tage","date":"Februar 11, 2017","format":false,"excerpt":"In seinem Deb\u00fctroman beschreibt Lukas B\u00e4rfuss auf eindr\u00fcckliche Weise den V\u00f6lkermord in Ruanda. 1994 wurden in Ruanda 800'000 Menschen auf brutalste Weise mit archaischen Waffen wie Macheten ermordet. Der aus akribischer Recherche erstanden Erstlingsroman beschr\u00e4nkt sich jedoch nicht auf einen Tatsachenbericht. Vielmehr m\u00f6chte der Autor uns die Verwicklung Europas in\u2026","rel":"","context":"In &quot;Buchkritik&quot;","img":{"alt_text":"","src":"https:\/\/i2.wp.com\/www.stiftsforum.ch\/blog\/wp-content\/uploads\/2017\/02\/9783442739035xxl.jpg?fit=409%2C648&resize=350%2C200","width":350,"height":200},"classes":[]}],"_links":{"self":[{"href":"http:\/\/www.stiftsforum.ch\/blog\/index.php?rest_route=\/wp\/v2\/posts\/4839"}],"collection":[{"href":"http:\/\/www.stiftsforum.ch\/blog\/index.php?rest_route=\/wp\/v2\/posts"}],"about":[{"href":"http:\/\/www.stiftsforum.ch\/blog\/index.php?rest_route=\/wp\/v2\/types\/post"}],"author":[{"embeddable":true,"href":"http:\/\/www.stiftsforum.ch\/blog\/index.php?rest_route=\/wp\/v2\/users\/1"}],"replies":[{"embeddable":true,"href":"http:\/\/www.stiftsforum.ch\/blog\/index.php?rest_route=%2Fwp%2Fv2%2Fcomments&post=4839"}],"version-history":[{"count":1,"href":"http:\/\/www.stiftsforum.ch\/blog\/index.php?rest_route=\/wp\/v2\/posts\/4839\/revisions"}],"predecessor-version":[{"id":4841,"href":"http:\/\/www.stiftsforum.ch\/blog\/index.php?rest_route=\/wp\/v2\/posts\/4839\/revisions\/4841"}],"wp:featuredmedia":[{"embeddable":true,"href":"http:\/\/www.stiftsforum.ch\/blog\/index.php?rest_route=\/wp\/v2\/media\/4840"}],"wp:attachment":[{"href":"http:\/\/www.stiftsforum.ch\/blog\/index.php?rest_route=%2Fwp%2Fv2%2Fmedia&parent=4839"}],"wp:term":[{"taxonomy":"category","embeddable":true,"href":"http:\/\/www.stiftsforum.ch\/blog\/index.php?rest_route=%2Fwp%2Fv2%2Fcategories&post=4839"},{"taxonomy":"post_tag","embeddable":true,"href":"http:\/\/www.stiftsforum.ch\/blog\/index.php?rest_route=%2Fwp%2Fv2%2Ftags&post=4839"}],"curies":[{"name":"wp","href":"https:\/\/api.w.org\/{rel}","templated":true}]}}