{"id":5461,"date":"2022-10-26T20:45:16","date_gmt":"2022-10-26T19:45:16","guid":{"rendered":"http:\/\/www.stiftsforum.ch\/blog\/?p=5461"},"modified":"2022-10-27T08:13:56","modified_gmt":"2022-10-27T07:13:56","slug":"streetball-volleyball-und-traktorenziehen","status":"publish","type":"post","link":"http:\/\/www.stiftsforum.ch\/blog\/?p=5461","title":{"rendered":"Streetball, Volleyball und Traktorenziehen"},"content":{"rendered":"\n<p><strong>Sportliches Treiben am Stiftssporttag<\/strong><\/p>\n\n\n\n<p><em>von Raya Fankhauser und Sophia Br\u00fcllmann<\/em><\/p>\n\n\n\n<p><strong>Dieses Jahr fand wieder der j\u00e4hrliche Sporttag der Stiftsschule Einsiedeln statt. Die ersten bis dritten Klassen mussten sich im Streetball beweisen, w\u00e4hrend die vierten bis sechsten Klassen ein Volleyballturnier bestritten.<\/strong><\/p>\n\n\n\n<p>Am Montag, 19. September konnte man um etwa Viertel vor neun Uhr einen lauten Knall auf dem Klosterplatz h\u00f6ren. Doch dies war nicht ein Versehen, sondern die Er\u00f6ffnung des Sporttages an der Stiftsschule Einsiedeln. Die Sch\u00fcler und Sch\u00fclerinnen wurden von Silvia Brunner und Fredi Tr\u00fctsch auf dem Sportplatz des Stiftsareals zum allj\u00e4hrlichen Sporttag begr\u00fcsst und in ihre Teams aufgeteilt. Das Tagesprogramm setzte sich aus Volleyballturnieren und Streetballwettk\u00e4mpfen zusammen. Dazwischen mussten die Teams, angef\u00fchrt von ihrem Teamcaptain, sechs Posten absolvieren, bei denen man teilweise auch seine Hirnzellen anstrengen musste. Darunter Schuhwerfen, Wassertransport und Metallstangenwerfen. \u00abAm besten gefallen hat mir der Posten mit dem Traktorenziehen\u00bb, meinte Viviana Lindemann aus der 2a dazu. Die verschiedenen Posten wurden von den Lehrpersonen der Stiftsschule Einsiedeln durchgef\u00fchrt und bewertet. So stellte sich eine Rangliste von allen Teams zusammen, in die die Resultate der Wettk\u00e4mpfe nat\u00fcrlich auch einbezogen wurden. Zu gewinnen gab es Schokolade, Gutscheine, um Sportkleidung auszuleihen, und Gratis-Eintritte f\u00fcr das Kino in Einsiedeln.<\/p>\n\n\n\n<p>Um 15:45 Uhr kam es schliesslich zu Rangverk\u00fcndigung. In der Kategorie 1.-3. Klasse konnte sich das Team B6 den Sieg holen, dicht gefolgt von B12 auf dem zweiten und B13 auf dem dritten Platz. Bei den 4.-6. Klassen teilten sich die Teams A7 und A14 den zweiten Rang und auf dem ersten Platz stand Team A2.<\/p>\n\n\n\n<p>Der Sporttag wird j\u00e4hrlich durchgef\u00fchrt, um den Zusammenhalt unter den Jugendlichen zu st\u00e4rken und ihnen eine M\u00f6glichkeit zu geben, \u00e4ltere und j\u00fcngere Sch\u00fcler und Sch\u00fclerinnen n\u00e4her kennenzulernen. Auch soll dieser Anlass dazu dienen, die Stiftssch\u00fcler*innen dazu ermuntern, sich \u00f6fters sportlich zu bet\u00e4tigen und Spass an Bewegung zu finden.<\/p>\n\n\n\n<figure class=\"wp-block-image size-large\"><a href=\"https:\/\/i0.wp.com\/www.stiftsforum.ch\/blog\/wp-content\/uploads\/2022\/10\/20220919_111027-1-1-scaled.jpg\"><img data-attachment-id=\"5468\" data-permalink=\"http:\/\/www.stiftsforum.ch\/blog\/?attachment_id=5468\" data-orig-file=\"https:\/\/i0.wp.com\/www.stiftsforum.ch\/blog\/wp-content\/uploads\/2022\/10\/20220919_111027-1-1-scaled.jpg?fit=2560%2C1920\" data-orig-size=\"2560,1920\" data-comments-opened=\"1\" data-image-meta=\"{&quot;aperture&quot;:&quot;1.8&quot;,&quot;credit&quot;:&quot;&quot;,&quot;camera&quot;:&quot;SM-A528B&quot;,&quot;caption&quot;:&quot;&quot;,&quot;created_timestamp&quot;:&quot;1663585827&quot;,&quot;copyright&quot;:&quot;&quot;,&quot;focal_length&quot;:&quot;5.23&quot;,&quot;iso&quot;:&quot;25&quot;,&quot;shutter_speed&quot;:&quot;0.0021008403361345&quot;,&quot;title&quot;:&quot;&quot;,&quot;orientation&quot;:&quot;1&quot;}\" data-image-title=\"20220919_111027-1-1\" data-image-description=\"\" data-medium-file=\"https:\/\/i0.wp.com\/www.stiftsforum.ch\/blog\/wp-content\/uploads\/2022\/10\/20220919_111027-1-1-scaled.jpg?fit=300%2C225\" data-large-file=\"https:\/\/i0.wp.com\/www.stiftsforum.ch\/blog\/wp-content\/uploads\/2022\/10\/20220919_111027-1-1-scaled.jpg?fit=800%2C600\" loading=\"lazy\" width=\"800\" height=\"600\" src=\"https:\/\/i0.wp.com\/www.stiftsforum.ch\/blog\/wp-content\/uploads\/2022\/10\/20220919_111027-1-1.jpg?resize=800%2C600\" alt=\"\" class=\"wp-image-5468\" srcset=\"https:\/\/i0.wp.com\/www.stiftsforum.ch\/blog\/wp-content\/uploads\/2022\/10\/20220919_111027-1-1-scaled.jpg?resize=1024%2C768 1024w, https:\/\/i0.wp.com\/www.stiftsforum.ch\/blog\/wp-content\/uploads\/2022\/10\/20220919_111027-1-1-scaled.jpg?resize=300%2C225 300w, https:\/\/i0.wp.com\/www.stiftsforum.ch\/blog\/wp-content\/uploads\/2022\/10\/20220919_111027-1-1-scaled.jpg?resize=768%2C576 768w, https:\/\/i0.wp.com\/www.stiftsforum.ch\/blog\/wp-content\/uploads\/2022\/10\/20220919_111027-1-1-scaled.jpg?resize=1536%2C1152 1536w, https:\/\/i0.wp.com\/www.stiftsforum.ch\/blog\/wp-content\/uploads\/2022\/10\/20220919_111027-1-1-scaled.jpg?resize=2048%2C1536 2048w, https:\/\/i0.wp.com\/www.stiftsforum.ch\/blog\/wp-content\/uploads\/2022\/10\/20220919_111027-1-1-scaled.jpg?w=1600 1600w, https:\/\/i0.wp.com\/www.stiftsforum.ch\/blog\/wp-content\/uploads\/2022\/10\/20220919_111027-1-1-scaled.jpg?w=2400 2400w\" sizes=\"(max-width: 800px) 100vw, 800px\" data-recalc-dims=\"1\" \/><\/a><\/figure>\n","protected":false},"excerpt":{"rendered":"<p>Sportliches Treiben am Stiftssporttag von Raya Fankhauser und Sophia Br\u00fcllmann Dieses Jahr fand wieder der j\u00e4hrliche Sporttag der Stiftsschule Einsiedeln<\/p>\n","protected":false},"author":1,"featured_media":5462,"comment_status":"open","ping_status":"closed","sticky":false,"template":"","format":"standard","meta":{"spay_email":"","jetpack_publicize_message":"","jetpack_is_tweetstorm":false},"categories":[3,10,34],"tags":[],"jetpack_featured_media_url":"https:\/\/i2.wp.com\/www.stiftsforum.ch\/blog\/wp-content\/uploads\/2022\/10\/20220919_114112-scaled.jpg?fit=2560%2C1920","jetpack_publicize_connections":[],"jetpack_sharing_enabled":true,"jetpack_shortlink":"https:\/\/wp.me\/p9nzRF-1q5","jetpack_likes_enabled":true,"jetpack-related-posts":[{"id":5028,"url":"http:\/\/www.stiftsforum.ch\/blog\/?p=5028","url_meta":{"origin":5461,"position":0},"title":"Et pervenies - das erste Semester ist geschafft!","date":"Januar 25, 2022","format":false,"excerpt":"von Sophia Br\u00fcllmann, 1c Sporttag, Herbstwandertag, die Einkehrtage im Melchtal f\u00fcr die Erstkl\u00e4ssler. In diesem ersten Semester des Schuljahres 21\/22 ist echt viel gelaufen. Und auch wir, die Schulredaktion, haben fleissig Berichte \u00fcber das Leben an der Stiftsschule geschrieben, Events dokumentiert und Podcasts aufgenommen. Doch bald geht dieses Halbjahr auch\u2026","rel":"","context":"In &quot;Allgemein&quot;","img":{"alt_text":"","src":"https:\/\/i0.wp.com\/www.stiftsforum.ch\/blog\/wp-content\/uploads\/2022\/01\/Titelbild_Et-pervenies-das-erste-Semester-ist-geschafft-scaled.jpg?fit=1200%2C900&resize=350%2C200","width":350,"height":200},"classes":[]},{"id":4539,"url":"http:\/\/www.stiftsforum.ch\/blog\/?p=4539","url_meta":{"origin":5461,"position":1},"title":"Sporttag - Das Programm","date":"Oktober 19, 2021","format":false,"excerpt":"Postenlauf: Posten 1: Megamemory Die ganze Klasse musste im Uhrzeigersinn immer zwei Memoryk\u00e4rtchen aufdecken. Auf dem Memory waren die Lehrer der Sch\u00fcler. Posten 2: Galeerentransport Pro Klasse gab es zwei Gruppen. Jede Gruppe musste auf einem Flos zur Boje und zur\u00fcckpaddeln. Die beiden Zeiten wurden dann zusammengez\u00e4hlt. Posten 3: Garettenrennen\u2026","rel":"","context":"In &quot;Schulanl\u00e4sse&quot;","img":{"alt_text":"","src":"https:\/\/i0.wp.com\/www.stiftsforum.ch\/blog\/wp-content\/uploads\/2021\/10\/IMG_7803.jpg?fit=1200%2C800&resize=350%2C200","width":350,"height":200},"classes":[]},{"id":3566,"url":"http:\/\/www.stiftsforum.ch\/blog\/?p=3566","url_meta":{"origin":5461,"position":2},"title":"Schulsporttag in Basel","date":"Mai 23, 2019","format":false,"excerpt":"Beim Schulsporttag in Basel am Mittwoch, den 22.05.2019 war die Stiftsschule mit 32 Sch\u00fcler\/innen am Start. Insgesamt konnte die Stiftsschule 4 Medaillen f\u00fcr den Kanton Schwyz nach Hause bringen. Corsin (1a)\u00a0 und Gian-Andri M\u00fcller (3b) konnten im OL im Team die Goldmedaille und in der Kantons-Staffel mit weiblicher Unterst\u00fctzung aus\u2026","rel":"","context":"In &quot;Schule unterwegs&quot;","img":{"alt_text":"","src":"https:\/\/i2.wp.com\/www.stiftsforum.ch\/blog\/wp-content\/uploads\/2019\/05\/20190522_082039.jpg?fit=1200%2C900&resize=350%2C200","width":350,"height":200},"classes":[]},{"id":3817,"url":"http:\/\/www.stiftsforum.ch\/blog\/?p=3817","url_meta":{"origin":5461,"position":3},"title":"Der neue Internatsleiter der Stiftsschule Einsiedeln: Herr Joachim Stahl","date":"November 14, 2019","format":false,"excerpt":"Er versucht, dass im Internat Ordnung und Disziplin herrscht, so wie es sein Nachname beschreibt. Sein Lieblingshilfsmittel sind die Regeln, denen man ohne Widerspruch zu folgen hat. Laut Herrn Eichrodt ist er auch ,,vielf\u00e4ltig wie ein Taschenmesser\u2019\u2019, was seine F\u00fchrerausweise betrifft. Immerhin f\u00e4hrt und lenkt Herr Stahl Strassenbahn, Car, Motorrad,\u2026","rel":"","context":"In &quot;Allgemein&quot;","img":{"alt_text":"","src":"https:\/\/i2.wp.com\/www.stiftsforum.ch\/blog\/wp-content\/uploads\/2019\/11\/Stahl-Ski.jpg?fit=552%2C829&resize=350%2C200","width":350,"height":200},"classes":[]},{"id":2426,"url":"http:\/\/www.stiftsforum.ch\/blog\/?p=2426","url_meta":{"origin":5461,"position":4},"title":"Sporttag","date":"September 12, 2018","format":false,"excerpt":"Der Sporttag im Bildern:","rel":"","context":"In &quot;Schulanl\u00e4sse&quot;","img":{"alt_text":"","src":"https:\/\/i0.wp.com\/www.stiftsforum.ch\/blog\/wp-content\/uploads\/2018\/09\/IMG_7176.jpg?fit=1200%2C800&resize=350%2C200","width":350,"height":200},"classes":[]},{"id":2184,"url":"http:\/\/www.stiftsforum.ch\/blog\/?p=2184","url_meta":{"origin":5461,"position":5},"title":"Sporttag 2018","date":"Juni 6, 2018","format":false,"excerpt":"","rel":"","context":"In &quot;Fotostory&quot;","img":{"alt_text":"","src":"https:\/\/i0.wp.com\/www.stiftsforum.ch\/blog\/wp-content\/uploads\/2018\/06\/IMG_4769.jpg?fit=1200%2C800&resize=350%2C200","width":350,"height":200},"classes":[]}],"_links":{"self":[{"href":"http:\/\/www.stiftsforum.ch\/blog\/index.php?rest_route=\/wp\/v2\/posts\/5461"}],"collection":[{"href":"http:\/\/www.stiftsforum.ch\/blog\/index.php?rest_route=\/wp\/v2\/posts"}],"about":[{"href":"http:\/\/www.stiftsforum.ch\/blog\/index.php?rest_route=\/wp\/v2\/types\/post"}],"author":[{"embeddable":true,"href":"http:\/\/www.stiftsforum.ch\/blog\/index.php?rest_route=\/wp\/v2\/users\/1"}],"replies":[{"embeddable":true,"href":"http:\/\/www.stiftsforum.ch\/blog\/index.php?rest_route=%2Fwp%2Fv2%2Fcomments&post=5461"}],"version-history":[{"count":4,"href":"http:\/\/www.stiftsforum.ch\/blog\/index.php?rest_route=\/wp\/v2\/posts\/5461\/revisions"}],"predecessor-version":[{"id":5472,"href":"http:\/\/www.stiftsforum.ch\/blog\/index.php?rest_route=\/wp\/v2\/posts\/5461\/revisions\/5472"}],"wp:featuredmedia":[{"embeddable":true,"href":"http:\/\/www.stiftsforum.ch\/blog\/index.php?rest_route=\/wp\/v2\/media\/5462"}],"wp:attachment":[{"href":"http:\/\/www.stiftsforum.ch\/blog\/index.php?rest_route=%2Fwp%2Fv2%2Fmedia&parent=5461"}],"wp:term":[{"taxonomy":"category","embeddable":true,"href":"http:\/\/www.stiftsforum.ch\/blog\/index.php?rest_route=%2Fwp%2Fv2%2Fcategories&post=5461"},{"taxonomy":"post_tag","embeddable":true,"href":"http:\/\/www.stiftsforum.ch\/blog\/index.php?rest_route=%2Fwp%2Fv2%2Ftags&post=5461"}],"curies":[{"name":"wp","href":"https:\/\/api.w.org\/{rel}","templated":true}]}}