{"id":5476,"date":"2022-10-27T16:57:29","date_gmt":"2022-10-27T15:57:29","guid":{"rendered":"http:\/\/www.stiftsforum.ch\/blog\/?p=5476"},"modified":"2022-10-27T18:33:06","modified_gmt":"2022-10-27T17:33:06","slug":"monumente-der-gegenwart-herr-de-vecchi-ueber-die-konstantinsbasilika-in-trier","status":"publish","type":"post","link":"http:\/\/www.stiftsforum.ch\/blog\/?p=5476","title":{"rendered":"Monumente der Gegenwart: Herr De Vecchi \u00fcber die Konstantinsbasilika in Trier"},"content":{"rendered":"\n<p>In sp\u00e4tantiker Megalomanie inszenierte sich Constantin in einer imposanten Kaiser-Aula, die man oft auch als Constantins-Basilika bezeichnet, als Sonnengott. Auffallend ist der gewaltige freie Raum, den ein solcher Sonnengott einnimmt: Der gigantische Bau von 70x30x30 Metern ist so ohne jedes Mass, dass man sich darin verliert, das Auge schweift umher und h\u00e4lt sich an beliebigen Gegenst\u00e4nden fest, nicht gewohnt, solche Dimensionen als Innenraum zu bew\u00e4ltigen. Die grossen Fenster waren bereits in der Antike verglast, wie Reste davon im Landesmuseum belegen, und\u00a0lassen bl\u00e4uliches Licht eindringen. Diese Fenster sind in der Apsis, wo sich der Kaiser zeigt, um die zwei Meter kleiner, um die er dadurch gr\u00f6sser erscheint. Wie verhext merkt man das als Beobachter im Innenraum nicht, w\u00e4hrend es von aussen sofort ersichtlich war. <\/p>\n\n\n\n<figure class=\"wp-block-image size-large\"><a href=\"https:\/\/i2.wp.com\/www.stiftsforum.ch\/blog\/wp-content\/uploads\/2022\/10\/20221013_172614-scaled.jpg\"><img data-attachment-id=\"5481\" data-permalink=\"http:\/\/www.stiftsforum.ch\/blog\/?attachment_id=5481\" data-orig-file=\"https:\/\/i2.wp.com\/www.stiftsforum.ch\/blog\/wp-content\/uploads\/2022\/10\/20221013_172614-scaled.jpg?fit=2560%2C1920\" data-orig-size=\"2560,1920\" data-comments-opened=\"1\" data-image-meta=\"{&quot;aperture&quot;:&quot;1.8&quot;,&quot;credit&quot;:&quot;&quot;,&quot;camera&quot;:&quot;SM-A528B&quot;,&quot;caption&quot;:&quot;&quot;,&quot;created_timestamp&quot;:&quot;1665681974&quot;,&quot;copyright&quot;:&quot;&quot;,&quot;focal_length&quot;:&quot;5.23&quot;,&quot;iso&quot;:&quot;400&quot;,&quot;shutter_speed&quot;:&quot;0.03030303030303&quot;,&quot;title&quot;:&quot;&quot;,&quot;orientation&quot;:&quot;1&quot;}\" data-image-title=\"20221013_172614\" data-image-description=\"\" data-medium-file=\"https:\/\/i2.wp.com\/www.stiftsforum.ch\/blog\/wp-content\/uploads\/2022\/10\/20221013_172614-scaled.jpg?fit=300%2C225\" data-large-file=\"https:\/\/i2.wp.com\/www.stiftsforum.ch\/blog\/wp-content\/uploads\/2022\/10\/20221013_172614-scaled.jpg?fit=800%2C600\" loading=\"lazy\" width=\"800\" height=\"600\" src=\"https:\/\/i0.wp.com\/www.stiftsforum.ch\/blog\/wp-content\/uploads\/2022\/10\/20221013_172614.jpg?resize=800%2C600\" alt=\"\" class=\"wp-image-5481\" srcset=\"https:\/\/i2.wp.com\/www.stiftsforum.ch\/blog\/wp-content\/uploads\/2022\/10\/20221013_172614-scaled.jpg?resize=1024%2C768 1024w, https:\/\/i2.wp.com\/www.stiftsforum.ch\/blog\/wp-content\/uploads\/2022\/10\/20221013_172614-scaled.jpg?resize=300%2C225 300w, https:\/\/i2.wp.com\/www.stiftsforum.ch\/blog\/wp-content\/uploads\/2022\/10\/20221013_172614-scaled.jpg?resize=768%2C576 768w, https:\/\/i2.wp.com\/www.stiftsforum.ch\/blog\/wp-content\/uploads\/2022\/10\/20221013_172614-scaled.jpg?resize=1536%2C1152 1536w, https:\/\/i2.wp.com\/www.stiftsforum.ch\/blog\/wp-content\/uploads\/2022\/10\/20221013_172614-scaled.jpg?resize=2048%2C1536 2048w, https:\/\/i2.wp.com\/www.stiftsforum.ch\/blog\/wp-content\/uploads\/2022\/10\/20221013_172614-scaled.jpg?w=1600 1600w, https:\/\/i2.wp.com\/www.stiftsforum.ch\/blog\/wp-content\/uploads\/2022\/10\/20221013_172614-scaled.jpg?w=2400 2400w\" sizes=\"(max-width: 800px) 100vw, 800px\" data-recalc-dims=\"1\" \/><\/a><\/figure>\n\n\n\n<p>Das Beste aber ist, dass wie in den Thermen insgesamt f\u00fcnf Heiz\u00f6fen (praefurnia) in der N\u00e4he der Apsis eingebaut waren, und die \u2013 je mehr ein Besucher dem Kaiser nahte, desto mehr f\u00fchlte er die W\u00e4rme \u2013 den Eindruck einer Sonnengottheit thermisch unterstrichen. Dieser Kniff ist wahrscheinlich der perfideste, sind wir es uns doch nicht gewohnt, in der Einsch\u00e4tzung von Menschen thermische Sinnesdaten mit einzubeziehen. So wirkte die Hitze wahrscheinlich, ohne dass der Mensch sich richtig Rechenschaft dar\u00fcber ablegen konnte.<\/p>\n\n\n\n<figure class=\"wp-block-image size-large\"><a href=\"https:\/\/i2.wp.com\/www.stiftsforum.ch\/blog\/wp-content\/uploads\/2022\/10\/20221013_172456_resized.jpg\"><img data-attachment-id=\"5479\" data-permalink=\"http:\/\/www.stiftsforum.ch\/blog\/?attachment_id=5479\" data-orig-file=\"https:\/\/i2.wp.com\/www.stiftsforum.ch\/blog\/wp-content\/uploads\/2022\/10\/20221013_172456_resized.jpg?fit=1156%2C867\" data-orig-size=\"1156,867\" data-comments-opened=\"1\" data-image-meta=\"{&quot;aperture&quot;:&quot;0&quot;,&quot;credit&quot;:&quot;&quot;,&quot;camera&quot;:&quot;&quot;,&quot;caption&quot;:&quot;&quot;,&quot;created_timestamp&quot;:&quot;0&quot;,&quot;copyright&quot;:&quot;&quot;,&quot;focal_length&quot;:&quot;0&quot;,&quot;iso&quot;:&quot;0&quot;,&quot;shutter_speed&quot;:&quot;0&quot;,&quot;title&quot;:&quot;&quot;,&quot;orientation&quot;:&quot;0&quot;}\" data-image-title=\"20221013_172456_resized\" data-image-description=\"\" data-medium-file=\"https:\/\/i2.wp.com\/www.stiftsforum.ch\/blog\/wp-content\/uploads\/2022\/10\/20221013_172456_resized.jpg?fit=300%2C225\" data-large-file=\"https:\/\/i2.wp.com\/www.stiftsforum.ch\/blog\/wp-content\/uploads\/2022\/10\/20221013_172456_resized.jpg?fit=800%2C600\" loading=\"lazy\" width=\"800\" height=\"600\" src=\"https:\/\/i2.wp.com\/www.stiftsforum.ch\/blog\/wp-content\/uploads\/2022\/10\/20221013_172456_resized.jpg?resize=800%2C600\" alt=\"\" class=\"wp-image-5479\" srcset=\"https:\/\/i2.wp.com\/www.stiftsforum.ch\/blog\/wp-content\/uploads\/2022\/10\/20221013_172456_resized.jpg?resize=1024%2C768 1024w, https:\/\/i2.wp.com\/www.stiftsforum.ch\/blog\/wp-content\/uploads\/2022\/10\/20221013_172456_resized.jpg?resize=300%2C225 300w, https:\/\/i2.wp.com\/www.stiftsforum.ch\/blog\/wp-content\/uploads\/2022\/10\/20221013_172456_resized.jpg?resize=768%2C576 768w, https:\/\/i2.wp.com\/www.stiftsforum.ch\/blog\/wp-content\/uploads\/2022\/10\/20221013_172456_resized.jpg?w=1156 1156w\" sizes=\"(max-width: 800px) 100vw, 800px\" data-recalc-dims=\"1\" \/><\/a><\/figure>\n\n\n\n<p><strong>Die Konstantinsbasilika wurde im Rahmen der Lateinexkursion nach Trier (13.-15.Oktober, organisiert von P. Mauritius ) von einer Sch\u00fclergruppe der Stiftsschule besichtigt.<\/strong><\/p>\n\n\n\n<p><\/p>\n","protected":false},"excerpt":{"rendered":"<p>In sp\u00e4tantiker Megalomanie inszenierte sich Constantin in einer imposanten Kaiser-Aula, die man oft auch als Constantins-Basilika bezeichnet, als Sonnengott. Auffallend<\/p>\n","protected":false},"author":1,"featured_media":5477,"comment_status":"open","ping_status":"closed","sticky":false,"template":"","format":"standard","meta":{"spay_email":"","jetpack_publicize_message":"","jetpack_is_tweetstorm":false},"categories":[3,8,35,4],"tags":[],"jetpack_featured_media_url":"https:\/\/i0.wp.com\/www.stiftsforum.ch\/blog\/wp-content\/uploads\/2022\/10\/20221013_172322-scaled.jpg?fit=2560%2C1920","jetpack_publicize_connections":[],"jetpack_sharing_enabled":true,"jetpack_shortlink":"https:\/\/wp.me\/p9nzRF-1qk","jetpack_likes_enabled":true,"jetpack-related-posts":[{"id":5484,"url":"http:\/\/www.stiftsforum.ch\/blog\/?p=5484","url_meta":{"origin":5476,"position":0},"title":"Eine dreit\u00e4gige Lateinexkursion nach Trier","date":"Oktober 28, 2022","format":false,"excerpt":"Die Herbstferien nutzte eine gemischte Gruppe aus Lehrern und Stiftssch\u00fclern unter der Leitung von P. Mauritius, um die einstige Residenzstadt des r\u00f6mischen Reiches, Trier (lateinisch: Augusta Treverorum), zu erkunden. Anlass war die diesj\u00e4hrige Landesausstellung mit dem Titel \u00abDer Untergang des r\u00f6mischen Reiches.\u00bb Neben dem Besuch dreier Museen und der Verkostung\u2026","rel":"","context":"In &quot;Schule unterwegs&quot;","img":{"alt_text":"","src":"https:\/\/i2.wp.com\/www.stiftsforum.ch\/blog\/wp-content\/uploads\/2022\/10\/20221013_163009-scaled.jpg?fit=1200%2C900&resize=350%2C200","width":350,"height":200},"classes":[]},{"id":6354,"url":"http:\/\/www.stiftsforum.ch\/blog\/?p=6354","url_meta":{"origin":5476,"position":1},"title":"Als das Muotathal Weltgeschichte schrieb","date":"Juni 14, 2023","format":false,"excerpt":"Projektwoche \u00abSuworow\u00bb 22.-26. Mai 2023 Gastbeitrag von P. Mauritius Honegger Die Gegenwart wirft kein gutes Licht auf Russland: Im Ukraine-Krieg steht es als Aggressor am Pranger und in der internationalen Gemeinschaft ist es zunehmend isoliert. Im Jahr 1799 sah das noch ganz anders aus: Das Zarenreich war mit England und\u2026","rel":"","context":"In &quot;Allgemein&quot;","img":{"alt_text":"","src":"https:\/\/i2.wp.com\/www.stiftsforum.ch\/blog\/wp-content\/uploads\/2023\/06\/Schoellenen-23.5.23-c-1-scaled.jpg?fit=900%2C1200&resize=350%2C200","width":350,"height":200},"classes":[]},{"id":6575,"url":"http:\/\/www.stiftsforum.ch\/blog\/?p=6575","url_meta":{"origin":5476,"position":2},"title":"Heizen heute - Besichtigung der Altholz- und Hackschnitzelverbrennungsanlage der Energie Einsiedeln AG","date":"Dezember 12, 2023","format":false,"excerpt":"von Maria Egartner Wir treffen uns auf dem Areal des Holzhofs des Klosters Einsiedeln. Wir, das sind Facility Manager Marco Dettling und vier interessierte Lehrpersonen, die an diesem Tag das Modul \u201eHeizen heute\u201c im Rahmen des Nachhaltigkeitshalbtags der Stiftsschule gew\u00e4hlt haben. Das geschnittene Holz ist in ordentlichen Lagen gestapelt, daneben\u2026","rel":"","context":"In &quot;Allgemein&quot;","img":{"alt_text":"","src":"https:\/\/i0.wp.com\/www.stiftsforum.ch\/blog\/wp-content\/uploads\/2023\/12\/20231207_134740_resized.jpg?fit=1156%2C867&resize=350%2C200","width":350,"height":200},"classes":[]},{"id":5200,"url":"http:\/\/www.stiftsforum.ch\/blog\/?p=5200","url_meta":{"origin":5476,"position":3},"title":"Die Region Lausanne-Gruy\u00e8res- Wir entdecken die Westschweiz","date":"Juni 21, 2022","format":false,"excerpt":"Eine Reportage \u00fcber die Lagerwoche in der Westschweiz. Alle Erlebnisse und Geschehnisse der Klasse 2d in der Region Lausanne-Gruy\u00e8res. Ein Beitrag von Erin Schuler Ich begebe mich mit meiner Klasse auf eine Reise. Wir treffen am Bahnhof ein. \u00abAussteigen\u00bb, schallt die Stimme unserer Lehrperson durch den Wagon. Es bereitet mir\u2026","rel":"","context":"In &quot;Allgemein&quot;","img":{"alt_text":"","src":"https:\/\/i1.wp.com\/www.stiftsforum.ch\/blog\/wp-content\/uploads\/2022\/06\/lausanne-ll.jpg?fit=1200%2C900&resize=350%2C200","width":350,"height":200},"classes":[]},{"id":6842,"url":"http:\/\/www.stiftsforum.ch\/blog\/?p=6842","url_meta":{"origin":5476,"position":4},"title":"Das EF Musik besucht die Oper \"Der Kaiser von Atlantis\" in St. Gallen","date":"Mai 25, 2025","format":false,"excerpt":"Eine Oper, die im Konzentrationslager Theresienstadt entstanden ist und die Mechanismen von totalit\u00e4ren Regimen zeigt - das ist das aktuelle Projekt von \u201eYouth for Opera\u201c, dem Zusammenschluss engagierter Luzerner Musikstudierenden. Die aktuelle Projektleitung haben Simon Haldemann und Samantha Herzog inne. Das Originalwerk \u201eDer Kaiser von Atlantis\u201c stammt von Viktor Ullmann\u2026","rel":"","context":"In &quot;Allgemein&quot;","img":{"alt_text":"","src":"https:\/\/i2.wp.com\/www.stiftsforum.ch\/blog\/wp-content\/uploads\/2025\/05\/1000088074.jpg?fit=1200%2C900&resize=350%2C200","width":350,"height":200},"classes":[]},{"id":4514,"url":"http:\/\/www.stiftsforum.ch\/blog\/?p=4514","url_meta":{"origin":5476,"position":5},"title":"L\u00f6wen, Hirschgeweihe und Gold - In der Naturaliensammlung mit P. Oswald","date":"September 20, 2021","format":false,"excerpt":"von Ben Elias Pfenninger, Gian Leandro Ebner und Julian Edward Ziltener, 2a Am 16.09 durfte die katholische Religionsklasse von Frau Brigitte Bl\u00f6chinger mit Pater Oswald das Naturalienmuseum besuchen. Es war ein toller Einblick in die Vergangenheit des Klosters. Pater Oswald erz\u00e4hlte uns, dass die Tiere haupts\u00e4chlich Schenkungen aus der ganzen\u2026","rel":"","context":"In &quot;Allgemein&quot;","img":{"alt_text":"","src":"https:\/\/i1.wp.com\/www.stiftsforum.ch\/blog\/wp-content\/uploads\/2021\/09\/Foto-Loewe.jpg?fit=1200%2C900&resize=350%2C200","width":350,"height":200},"classes":[]}],"_links":{"self":[{"href":"http:\/\/www.stiftsforum.ch\/blog\/index.php?rest_route=\/wp\/v2\/posts\/5476"}],"collection":[{"href":"http:\/\/www.stiftsforum.ch\/blog\/index.php?rest_route=\/wp\/v2\/posts"}],"about":[{"href":"http:\/\/www.stiftsforum.ch\/blog\/index.php?rest_route=\/wp\/v2\/types\/post"}],"author":[{"embeddable":true,"href":"http:\/\/www.stiftsforum.ch\/blog\/index.php?rest_route=\/wp\/v2\/users\/1"}],"replies":[{"embeddable":true,"href":"http:\/\/www.stiftsforum.ch\/blog\/index.php?rest_route=%2Fwp%2Fv2%2Fcomments&post=5476"}],"version-history":[{"count":2,"href":"http:\/\/www.stiftsforum.ch\/blog\/index.php?rest_route=\/wp\/v2\/posts\/5476\/revisions"}],"predecessor-version":[{"id":5482,"href":"http:\/\/www.stiftsforum.ch\/blog\/index.php?rest_route=\/wp\/v2\/posts\/5476\/revisions\/5482"}],"wp:featuredmedia":[{"embeddable":true,"href":"http:\/\/www.stiftsforum.ch\/blog\/index.php?rest_route=\/wp\/v2\/media\/5477"}],"wp:attachment":[{"href":"http:\/\/www.stiftsforum.ch\/blog\/index.php?rest_route=%2Fwp%2Fv2%2Fmedia&parent=5476"}],"wp:term":[{"taxonomy":"category","embeddable":true,"href":"http:\/\/www.stiftsforum.ch\/blog\/index.php?rest_route=%2Fwp%2Fv2%2Fcategories&post=5476"},{"taxonomy":"post_tag","embeddable":true,"href":"http:\/\/www.stiftsforum.ch\/blog\/index.php?rest_route=%2Fwp%2Fv2%2Ftags&post=5476"}],"curies":[{"name":"wp","href":"https:\/\/api.w.org\/{rel}","templated":true}]}}