{"id":5811,"date":"2022-12-13T15:34:23","date_gmt":"2022-12-13T14:34:23","guid":{"rendered":"http:\/\/www.stiftsforum.ch\/blog\/?p=5811"},"modified":"2022-12-13T15:34:26","modified_gmt":"2022-12-13T14:34:26","slug":"philosophieolympiade-2022-cosima-hoppe-4a-im-halbfinale","status":"publish","type":"post","link":"http:\/\/www.stiftsforum.ch\/blog\/?p=5811","title":{"rendered":"Philosophieolympiade 2022 &#8211; Cosima Hoppe (4a) im Halbfinale"},"content":{"rendered":"\n<p><strong>Es ist legitim anzunehmen, dass ein [politischer] Kandidat, der unsere Identit\u00e4t teilt, die soziale Position versteht, die wir einnehmen, den Widerstand, auf den wir stossen, und wie hartn\u00e4ckig dieser Widerstand ist.&#8221; &#8211; Linda Alcoff, Why Do Social Identities Matter?<\/strong><\/p>\n\n\n\n<p><strong>Das Verst\u00e4ndnis zweier \u00e4hnlicher Identit\u00e4ten\u00a0<\/strong>\u00a0<\/p>\n\n\n\n<p><em>von Cosima Hoppe<\/em><\/p>\n\n\n\n<p>Was ist Identit\u00e4t? Der Duden beschreibt die Identit\u00e4t als \u00ab<em>Echtheit einer Person oder Sache; v\u00f6llige \u00dcbereinstimmung mit dem, was sie ist oder als was sie bezeichnet wird.<\/em>\u00bb Das heisst, dass die Identit\u00e4t eines Menschen vollkommen vielseitig sein muss, da der Mensch an sich vielseitig ist und somit muss auch die v\u00f6llige \u00dcbereinstimmung der jeweiligen Person vielschichtig sein. Sei es die Herkunft, die Pers\u00f6nlichkeit, der Glaube oder die Erfahrungen, welche eine Person erlebt hat. Die Identit\u00e4t macht einen Menschen aus und der Mensch macht die Identit\u00e4t aus, welche er oder sie besitzt. W\u00e4hrend des Lebens widerf\u00e4hrt jeder Mensch neue und einzigartige Sachen, welche weiter die Identit\u00e4t jedes einzelnen pr\u00e4gen. Der Glaube kann sich \u00e4ndern, er kann intensiver werden, aber die Person k\u00f6nnte auch abfallen. Durch die neuen Erfahrungen wird die Pers\u00f6nlichkeit sich \u00e4ndern, ob bewusst oder unterbewusst. Die Identit\u00e4t ist eine sehr komplexe Sache, eine in sich ver\u00e4ndernde Sache.&nbsp;&nbsp;<\/p>\n\n\n\n<p>Kann man aber eine Identit\u00e4t teilen? Durch die vielen Aspekte, welche die Identit\u00e4t, die Pers\u00f6nlichkeit, eines Menschen ausmachen, kann man keine v\u00f6llige \u00dcbereinstimmung erzielen. Zwei Individuen k\u00f6nnen aber verschiedene Fragmente zweier Identit\u00e4ten teilen, zum Beispiel die Herkunft, das Geschlecht oder die sexuelle Orientierung. Da durch, dass aber die die Identit\u00e4t so vielschichtig ist und sie so viele Aspekte ausmacht, kann nie eine \u00dcbereinstimmung zweier Personen sein. Zum Beispiel eineiige Zwillinge, welche zusammen aufgewachsen sind, haben die gleiche Herkunft, das gleiche Geschlecht, meist die gleiche Bildung, jedoch haben sie immer noch zwei verschiedene Pers\u00f6nlichkeiten, zwei verschiedene sexuelle Orientierungen, verschiedene Erlebnisse, welche sie gepr\u00e4gt haben. Zwei Menschen, die nicht \u00e4hnlicher sein k\u00f6nnten, haben beide verschiedene Identit\u00e4ten. Nicht nur durch die Komplexit\u00e4t, sondern auch durch die andauernde Ver\u00e4nderung des Selbst, kann keine \u00dcbereinstimmung erzielt werden, da immer neue Sachen dazu kommen, so zum Beispiel Erfahrungen, welche das Selbst \u00e4ndern.&nbsp;&nbsp;<\/p>\n\n\n\n<p>Verstehen politische Kandidaten aber anhand der \u00dcbereinstimmung einzelner Aspekte der Identit\u00e4ten die soziale Position, die man einnimmt, beziehungsweise den Widerstand auf denen man st\u00f6sst? Zwei verschiedene Aspekte einer gleichen Identit\u00e4t schliessen einander nicht aus, jedoch k\u00f6nnen beide die politische Meinung oder die soziale Position und somit die soziale Stellung beeinflussen. Eine Frau zum Beispiel wird auf Widerstand stossen, wenn sie aber reich ist und keine Kinder hat, wird die Auflehnung geringer sein als eine arme Frau, welche drei Kinder allein erziehen muss. Die kinderlose Frau wird nicht durch das gleiche Geschlecht, die andere Frau verstehen k\u00f6nnen und ihren Widerstand. In dieser Situation erleben beide Frauen Widerstand aufgrund ihres Geschlechts, sei es im Beruf oder im sozialen Umfeld, aber eine erziehende Mutter wird aufgrund der Kinder, sei es wegen der Kinderbetreuung oder dem Haushalt, mehr Diskriminierung beziehungsweise Widerstand erleben als eine kinderlose Frau. Beide Frauen werden auf Grund ihres Geschlechts mehr als M\u00e4nner benachteiligt, jedoch wird die eine Frau mehr und vor allem diskriminiert als die andere. Summa summarum werden versteht die kinderlose Frau den Widerstand der Mutter nicht, trotz des gleichen Aspekts der Identit\u00e4t, n\u00e4mlich das weibliche Geschlecht.&nbsp;&nbsp;<\/p>\n\n\n\n<p>Nicht nur die Vielschichtigkeit eines einzelnen Selbst k\u00f6nnen zwei Identit\u00e4ten nie geteilt werden, sondern auch durch die andauernde Ver\u00e4nderung. Aber selbst, wenn man Fragmente einer gleichen Identit\u00e4t teilt, werden die anderen Aspekte immer Einfluss auf das Selbst haben und somit das Verst\u00e4ndnis auf Frund des geteilten Fragments mit der anderen Person beeintr\u00e4chtigt werden. Nur, weil man zum Beispiel die gleiche Ethnie, das gleiche Geschlecht oder die gleiche Bildung wie ein politischer Kandidat hat, kann man nicht davon ausgehen, dass dieser Kandidat einen auf Grund dieser Gemeinsamkeit die soziale Position oder den Widerstand, den man erlebt, verstehen kann.&nbsp;&nbsp;<\/p>\n","protected":false},"excerpt":{"rendered":"<p>Es ist legitim anzunehmen, dass ein [politischer] Kandidat, der unsere Identit\u00e4t teilt, die soziale Position versteht, die wir einnehmen, den<\/p>\n","protected":false},"author":1,"featured_media":5812,"comment_status":"open","ping_status":"closed","sticky":false,"template":"","format":"standard","meta":{"spay_email":"","jetpack_publicize_message":"","jetpack_is_tweetstorm":false},"categories":[3,35],"tags":[],"jetpack_featured_media_url":"https:\/\/i1.wp.com\/www.stiftsforum.ch\/blog\/wp-content\/uploads\/2022\/12\/Philosophieolympiade.png?fit=318%2C158","jetpack_publicize_connections":[],"jetpack_sharing_enabled":true,"jetpack_shortlink":"https:\/\/wp.me\/p9nzRF-1vJ","jetpack_likes_enabled":true,"jetpack-related-posts":[{"id":6295,"url":"http:\/\/www.stiftsforum.ch\/blog\/?p=6295","url_meta":{"origin":5811,"position":0},"title":"\u00abDer Picasso des 21. Jahrhunderts\u00bb - Banksy","date":"April 23, 2023","format":false,"excerpt":"von Jasmine Gerschwiler, 2b Am Freitag, dem 21. April, besuchte die Klasse 2b im Rahmen des BG-Unterrichts die Banksy Ausstellung in Z\u00fcrich. Diese pr\u00e4sentiert zahlreiche bedeutende Werke des ber\u00fchmten K\u00fcnstlers Banksy. Der Name Banksy ist das Pseudonym des britischen Streetart-K\u00fcnstlers, denn dieser bem\u00fcht sich erfolgreich darum, seine wahre Identit\u00e4t verborgen\u2026","rel":"","context":"In &quot;Allgemein&quot;","img":{"alt_text":"","src":"https:\/\/i1.wp.com\/www.stiftsforum.ch\/blog\/wp-content\/uploads\/2023\/04\/IMG-20230421-WA0017.jpg?fit=900%2C1200&resize=350%2C200","width":350,"height":200},"classes":[]},{"id":3703,"url":"http:\/\/www.stiftsforum.ch\/blog\/?p=3703","url_meta":{"origin":5811,"position":1},"title":"Es hat keinen Sinn, Sorgen in Alkohol ertr\u00e4nken zu wollen, denn Sorgen sind gute Schwimmer.","date":"Juni 12, 2019","format":false,"excerpt":"Alkohol ist ein traditioneller, fest verankerter Bestandteil der hiesigen Kultur. Gem\u00e4ss Bev\u00f6lkerungsbefragung1 trinken fast neun von zehn Personen ab 15 Jahren zumindest gelegentlich Alkohol (85.8%), etwa eine von zehn Personen trinkt t\u00e4glich Alkohol (9.5%). Der Alkoholkonsum in der Schweizer Gesellschaft hat sich seit 2011 kaum ver\u00e4ndert. Bei dem \u00fcber Verkaufsdaten\u2026","rel":"","context":"In &quot;Allgemein&quot;","img":{"alt_text":"","src":"https:\/\/i2.wp.com\/www.stiftsforum.ch\/blog\/wp-content\/uploads\/2019\/06\/f8a30131-bf74-449f-966f-574a48615937.jpg?fit=675%2C1200&resize=350%2C200","width":350,"height":200},"classes":[]},{"id":4498,"url":"http:\/\/www.stiftsforum.ch\/blog\/?p=4498","url_meta":{"origin":5811,"position":2},"title":"\"Die Mohrin\" von Lukas Hartmann","date":"Juni 22, 2021","format":false,"excerpt":"Ein Roman, der in Zusammenhang mit der aktuellen Rassismus-Debatte vielleicht wieder neu entdeckt werden k\u00f6nnte, ist Lukas Hartmanns \"Die Mohrin\". Eine Interpretation hinsichtlich der Figur des Vikars von Emilia Langenauer (2a) Der Vikar Der Vikar ist eine der wichtigsten Figuren in Lukas Hartmanns Roman \u201eDie Mohrin\u201c. Nicht nur hilft er\u2026","rel":"","context":"In &quot;Allgemein&quot;","img":{"alt_text":"","src":"https:\/\/i0.wp.com\/www.stiftsforum.ch\/blog\/wp-content\/uploads\/2021\/06\/1.jpeg?fit=378%2C600&resize=350%2C200","width":350,"height":200},"classes":[]},{"id":2976,"url":"http:\/\/www.stiftsforum.ch\/blog\/?p=2976","url_meta":{"origin":5811,"position":3},"title":"#Hashtag","date":"Januar 18, 2019","format":false,"excerpt":"von Tara Zehnder (6a) F\u00fcr die meisten Digital-Natives ein Begriff, f\u00fcr alle anderen oft ein Fremdwort. Die Rede ist von den blauen Worten, die jeweils in sozialen Medien an ein Nummer Zeichen angeh\u00e4ngt sind. #zumBeispielso. Eigentlich sind sie eine Art von Einordnung. Allerdings alle ein bisschen unseri\u00f6s. Hashtags sind manchmal\u2026","rel":"","context":"In &quot;Kommentar&quot;","img":{"alt_text":"","src":"https:\/\/i2.wp.com\/www.stiftsforum.ch\/blog\/wp-content\/uploads\/2019\/01\/hashtag.jpg?fit=1200%2C801&resize=350%2C200","width":350,"height":200},"classes":[]},{"id":6005,"url":"http:\/\/www.stiftsforum.ch\/blog\/?p=6005","url_meta":{"origin":5811,"position":4},"title":"Die Wichtigkeit der Vaterfigur","date":"Januar 9, 2023","format":false,"excerpt":"von Elisabeth Steuerwald, 6c Eine M\u00e4nnerfigur, mit der jeder mindestens einmal im Leben \"konfrontiert\" wurde, ist der eigene Vater. Jeder hat einen und jedem ist das Wort \"Vaters\" ein Begriff. Es ist jedoch zwischen dem biologischen und dem \"seelischen\" Begriff des Vaters zu unterscheiden, denn nicht f\u00fcr jeden ist der\u2026","rel":"","context":"In &quot;Allgemein&quot;","img":{"alt_text":"","src":"https:\/\/i1.wp.com\/www.stiftsforum.ch\/blog\/wp-content\/uploads\/2023\/01\/dad-g11e0cb3cd_1920.jpg?fit=1200%2C664&resize=350%2C200","width":350,"height":200},"classes":[]},{"id":4272,"url":"http:\/\/www.stiftsforum.ch\/blog\/?p=4272","url_meta":{"origin":5811,"position":5},"title":"Mann und Frau","date":"M\u00e4rz 2, 2021","format":false,"excerpt":"von Vanessa Sch\u00f6nb\u00e4chler (6a) Mann und Frau. Wenn man an diese beiden W\u00f6rter denkt, entstehen direkt Vorstellungen dar\u00fcber, wie eine Frau typischerweise aussieht und wie ein Mann. Doch werden diese Bilder \u00fcber das Aussehen der Geschlechter nicht auch beeinflusst? Sei es durch die Gesellschaft oder auch die Medien? Klar ist,\u2026","rel":"","context":"In &quot;Allgemein&quot;","img":{"alt_text":"","src":"https:\/\/i1.wp.com\/www.stiftsforum.ch\/blog\/wp-content\/uploads\/2021\/03\/man-2933984_1280.jpg?fit=1200%2C620&resize=350%2C200","width":350,"height":200},"classes":[]}],"_links":{"self":[{"href":"http:\/\/www.stiftsforum.ch\/blog\/index.php?rest_route=\/wp\/v2\/posts\/5811"}],"collection":[{"href":"http:\/\/www.stiftsforum.ch\/blog\/index.php?rest_route=\/wp\/v2\/posts"}],"about":[{"href":"http:\/\/www.stiftsforum.ch\/blog\/index.php?rest_route=\/wp\/v2\/types\/post"}],"author":[{"embeddable":true,"href":"http:\/\/www.stiftsforum.ch\/blog\/index.php?rest_route=\/wp\/v2\/users\/1"}],"replies":[{"embeddable":true,"href":"http:\/\/www.stiftsforum.ch\/blog\/index.php?rest_route=%2Fwp%2Fv2%2Fcomments&post=5811"}],"version-history":[{"count":1,"href":"http:\/\/www.stiftsforum.ch\/blog\/index.php?rest_route=\/wp\/v2\/posts\/5811\/revisions"}],"predecessor-version":[{"id":5813,"href":"http:\/\/www.stiftsforum.ch\/blog\/index.php?rest_route=\/wp\/v2\/posts\/5811\/revisions\/5813"}],"wp:featuredmedia":[{"embeddable":true,"href":"http:\/\/www.stiftsforum.ch\/blog\/index.php?rest_route=\/wp\/v2\/media\/5812"}],"wp:attachment":[{"href":"http:\/\/www.stiftsforum.ch\/blog\/index.php?rest_route=%2Fwp%2Fv2%2Fmedia&parent=5811"}],"wp:term":[{"taxonomy":"category","embeddable":true,"href":"http:\/\/www.stiftsforum.ch\/blog\/index.php?rest_route=%2Fwp%2Fv2%2Fcategories&post=5811"},{"taxonomy":"post_tag","embeddable":true,"href":"http:\/\/www.stiftsforum.ch\/blog\/index.php?rest_route=%2Fwp%2Fv2%2Ftags&post=5811"}],"curies":[{"name":"wp","href":"https:\/\/api.w.org\/{rel}","templated":true}]}}