{"id":5962,"date":"2022-12-19T20:32:53","date_gmt":"2022-12-19T19:32:53","guid":{"rendered":"http:\/\/www.stiftsforum.ch\/blog\/?p=5962"},"modified":"2023-01-16T16:55:37","modified_gmt":"2023-01-16T15:55:37","slug":"was-taugen-bio-snacks","status":"publish","type":"post","link":"http:\/\/www.stiftsforum.ch\/blog\/?p=5962","title":{"rendered":"Was taugen Bio-Snacks?"},"content":{"rendered":"\n<p>Die Nachmittage sind in kulinarischer Hinsicht manchmal lang. Zu Schokolade oder Limonade greifen oder doch zu einer gesunden Alternative? Wir haben Bio-Snacks f\u00fcr Euch getestet. <\/p>\n\n\n\n<figure class=\"wp-block-gallery columns-3 is-cropped\"><ul data-carousel-extra='{\"blog_id\":1,\"permalink\":\"http:\\\/\\\/www.stiftsforum.ch\\\/blog\\\/?p=5962\"}' class=\"blocks-gallery-grid\"><li class=\"blocks-gallery-item\"><figure><a href=\"https:\/\/i0.wp.com\/www.stiftsforum.ch\/blog\/wp-content\/uploads\/2022\/12\/20221219_163755-1-768x1024.jpg\"><img data-attachment-id=\"5964\" data-permalink=\"http:\/\/www.stiftsforum.ch\/blog\/?attachment_id=5964\" data-orig-file=\"https:\/\/i1.wp.com\/www.stiftsforum.ch\/blog\/wp-content\/uploads\/2022\/12\/20221219_163755-1-scaled.jpg?fit=1920%2C2560\" data-orig-size=\"1920,2560\" data-comments-opened=\"1\" data-image-meta=\"{&quot;aperture&quot;:&quot;1.8&quot;,&quot;credit&quot;:&quot;&quot;,&quot;camera&quot;:&quot;SM-A528B&quot;,&quot;caption&quot;:&quot;&quot;,&quot;created_timestamp&quot;:&quot;1671467875&quot;,&quot;copyright&quot;:&quot;&quot;,&quot;focal_length&quot;:&quot;5.23&quot;,&quot;iso&quot;:&quot;50&quot;,&quot;shutter_speed&quot;:&quot;0.01&quot;,&quot;title&quot;:&quot;&quot;,&quot;orientation&quot;:&quot;1&quot;}\" data-image-title=\"20221219_163755-1\" data-image-description=\"\" data-medium-file=\"https:\/\/i1.wp.com\/www.stiftsforum.ch\/blog\/wp-content\/uploads\/2022\/12\/20221219_163755-1-scaled.jpg?fit=225%2C300\" data-large-file=\"https:\/\/i1.wp.com\/www.stiftsforum.ch\/blog\/wp-content\/uploads\/2022\/12\/20221219_163755-1-scaled.jpg?fit=768%2C1024\" loading=\"lazy\" width=\"768\" height=\"1024\" src=\"https:\/\/i2.wp.com\/www.stiftsforum.ch\/blog\/wp-content\/uploads\/2022\/12\/20221219_163755-1.jpg?resize=768%2C1024\" alt=\"\" data-id=\"5964\" data-link=\"http:\/\/www.stiftsforum.ch\/blog\/?attachment_id=5964\" class=\"wp-image-5964\" srcset=\"https:\/\/i1.wp.com\/www.stiftsforum.ch\/blog\/wp-content\/uploads\/2022\/12\/20221219_163755-1-scaled.jpg?resize=768%2C1024 768w, https:\/\/i1.wp.com\/www.stiftsforum.ch\/blog\/wp-content\/uploads\/2022\/12\/20221219_163755-1-scaled.jpg?resize=225%2C300 225w, https:\/\/i1.wp.com\/www.stiftsforum.ch\/blog\/wp-content\/uploads\/2022\/12\/20221219_163755-1-scaled.jpg?resize=1152%2C1536 1152w, https:\/\/i1.wp.com\/www.stiftsforum.ch\/blog\/wp-content\/uploads\/2022\/12\/20221219_163755-1-scaled.jpg?resize=1536%2C2048 1536w, https:\/\/i1.wp.com\/www.stiftsforum.ch\/blog\/wp-content\/uploads\/2022\/12\/20221219_163755-1-scaled.jpg?w=1920 1920w, https:\/\/i1.wp.com\/www.stiftsforum.ch\/blog\/wp-content\/uploads\/2022\/12\/20221219_163755-1-scaled.jpg?w=1600 1600w\" sizes=\"(max-width: 768px) 100vw, 768px\" data-recalc-dims=\"1\" \/><\/a><\/figure><\/li><li class=\"blocks-gallery-item\"><figure><a href=\"https:\/\/i1.wp.com\/www.stiftsforum.ch\/blog\/wp-content\/uploads\/2022\/12\/20221219_163804-768x1024.jpg\"><img data-attachment-id=\"5965\" data-permalink=\"http:\/\/www.stiftsforum.ch\/blog\/?attachment_id=5965\" data-orig-file=\"https:\/\/i0.wp.com\/www.stiftsforum.ch\/blog\/wp-content\/uploads\/2022\/12\/20221219_163804-scaled.jpg?fit=1920%2C2560\" data-orig-size=\"1920,2560\" data-comments-opened=\"1\" data-image-meta=\"{&quot;aperture&quot;:&quot;1.8&quot;,&quot;credit&quot;:&quot;&quot;,&quot;camera&quot;:&quot;SM-A528B&quot;,&quot;caption&quot;:&quot;&quot;,&quot;created_timestamp&quot;:&quot;1671467884&quot;,&quot;copyright&quot;:&quot;&quot;,&quot;focal_length&quot;:&quot;5.23&quot;,&quot;iso&quot;:&quot;50&quot;,&quot;shutter_speed&quot;:&quot;0.01&quot;,&quot;title&quot;:&quot;&quot;,&quot;orientation&quot;:&quot;1&quot;}\" data-image-title=\"20221219_163804\" data-image-description=\"\" data-medium-file=\"https:\/\/i0.wp.com\/www.stiftsforum.ch\/blog\/wp-content\/uploads\/2022\/12\/20221219_163804-scaled.jpg?fit=225%2C300\" data-large-file=\"https:\/\/i0.wp.com\/www.stiftsforum.ch\/blog\/wp-content\/uploads\/2022\/12\/20221219_163804-scaled.jpg?fit=768%2C1024\" loading=\"lazy\" width=\"768\" height=\"1024\" src=\"https:\/\/i0.wp.com\/www.stiftsforum.ch\/blog\/wp-content\/uploads\/2022\/12\/20221219_163804.jpg?resize=768%2C1024\" alt=\"\" data-id=\"5965\" data-link=\"http:\/\/www.stiftsforum.ch\/blog\/?attachment_id=5965\" class=\"wp-image-5965\" srcset=\"https:\/\/i0.wp.com\/www.stiftsforum.ch\/blog\/wp-content\/uploads\/2022\/12\/20221219_163804-scaled.jpg?resize=768%2C1024 768w, https:\/\/i0.wp.com\/www.stiftsforum.ch\/blog\/wp-content\/uploads\/2022\/12\/20221219_163804-scaled.jpg?resize=225%2C300 225w, https:\/\/i0.wp.com\/www.stiftsforum.ch\/blog\/wp-content\/uploads\/2022\/12\/20221219_163804-scaled.jpg?resize=1152%2C1536 1152w, https:\/\/i0.wp.com\/www.stiftsforum.ch\/blog\/wp-content\/uploads\/2022\/12\/20221219_163804-scaled.jpg?resize=1536%2C2048 1536w, https:\/\/i0.wp.com\/www.stiftsforum.ch\/blog\/wp-content\/uploads\/2022\/12\/20221219_163804-scaled.jpg?w=1920 1920w, https:\/\/i0.wp.com\/www.stiftsforum.ch\/blog\/wp-content\/uploads\/2022\/12\/20221219_163804-scaled.jpg?w=1600 1600w\" sizes=\"(max-width: 768px) 100vw, 768px\" data-recalc-dims=\"1\" \/><\/a><\/figure><\/li><li class=\"blocks-gallery-item\"><figure><a href=\"https:\/\/i2.wp.com\/www.stiftsforum.ch\/blog\/wp-content\/uploads\/2022\/12\/20221219_165035-1024x806.jpg\"><img data-attachment-id=\"5966\" data-permalink=\"http:\/\/www.stiftsforum.ch\/blog\/?attachment_id=5966\" data-orig-file=\"https:\/\/i2.wp.com\/www.stiftsforum.ch\/blog\/wp-content\/uploads\/2022\/12\/20221219_165035-scaled.jpg?fit=2560%2C2016\" data-orig-size=\"2560,2016\" data-comments-opened=\"1\" data-image-meta=\"{&quot;aperture&quot;:&quot;1.8&quot;,&quot;credit&quot;:&quot;&quot;,&quot;camera&quot;:&quot;SM-A528B&quot;,&quot;caption&quot;:&quot;&quot;,&quot;created_timestamp&quot;:&quot;1671468635&quot;,&quot;copyright&quot;:&quot;&quot;,&quot;focal_length&quot;:&quot;5.23&quot;,&quot;iso&quot;:&quot;50&quot;,&quot;shutter_speed&quot;:&quot;0.02&quot;,&quot;title&quot;:&quot;&quot;,&quot;orientation&quot;:&quot;1&quot;}\" data-image-title=\"20221219_165035\" data-image-description=\"\" data-medium-file=\"https:\/\/i2.wp.com\/www.stiftsforum.ch\/blog\/wp-content\/uploads\/2022\/12\/20221219_165035-scaled.jpg?fit=300%2C236\" data-large-file=\"https:\/\/i2.wp.com\/www.stiftsforum.ch\/blog\/wp-content\/uploads\/2022\/12\/20221219_165035-scaled.jpg?fit=800%2C630\" loading=\"lazy\" width=\"800\" height=\"630\" src=\"https:\/\/i0.wp.com\/www.stiftsforum.ch\/blog\/wp-content\/uploads\/2022\/12\/20221219_165035.jpg?resize=800%2C630\" alt=\"\" data-id=\"5966\" data-link=\"http:\/\/www.stiftsforum.ch\/blog\/?attachment_id=5966\" class=\"wp-image-5966\" srcset=\"https:\/\/i2.wp.com\/www.stiftsforum.ch\/blog\/wp-content\/uploads\/2022\/12\/20221219_165035-scaled.jpg?resize=1024%2C806 1024w, https:\/\/i2.wp.com\/www.stiftsforum.ch\/blog\/wp-content\/uploads\/2022\/12\/20221219_165035-scaled.jpg?resize=300%2C236 300w, https:\/\/i2.wp.com\/www.stiftsforum.ch\/blog\/wp-content\/uploads\/2022\/12\/20221219_165035-scaled.jpg?resize=768%2C605 768w, https:\/\/i2.wp.com\/www.stiftsforum.ch\/blog\/wp-content\/uploads\/2022\/12\/20221219_165035-scaled.jpg?resize=1536%2C1209 1536w, https:\/\/i2.wp.com\/www.stiftsforum.ch\/blog\/wp-content\/uploads\/2022\/12\/20221219_165035-scaled.jpg?resize=2048%2C1613 2048w, https:\/\/i2.wp.com\/www.stiftsforum.ch\/blog\/wp-content\/uploads\/2022\/12\/20221219_165035-scaled.jpg?w=1600 1600w, https:\/\/i2.wp.com\/www.stiftsforum.ch\/blog\/wp-content\/uploads\/2022\/12\/20221219_165035-scaled.jpg?w=2400 2400w\" sizes=\"(max-width: 800px) 100vw, 800px\" data-recalc-dims=\"1\" \/><\/a><\/figure><\/li><li class=\"blocks-gallery-item\"><figure><a href=\"https:\/\/i0.wp.com\/www.stiftsforum.ch\/blog\/wp-content\/uploads\/2022\/12\/20221219_165039-1024x718.jpg\"><img data-attachment-id=\"5967\" data-permalink=\"http:\/\/www.stiftsforum.ch\/blog\/?attachment_id=5967\" data-orig-file=\"https:\/\/i1.wp.com\/www.stiftsforum.ch\/blog\/wp-content\/uploads\/2022\/12\/20221219_165039-scaled.jpg?fit=2560%2C1794\" data-orig-size=\"2560,1794\" data-comments-opened=\"1\" data-image-meta=\"{&quot;aperture&quot;:&quot;1.8&quot;,&quot;credit&quot;:&quot;&quot;,&quot;camera&quot;:&quot;SM-A528B&quot;,&quot;caption&quot;:&quot;&quot;,&quot;created_timestamp&quot;:&quot;1671468639&quot;,&quot;copyright&quot;:&quot;&quot;,&quot;focal_length&quot;:&quot;5.23&quot;,&quot;iso&quot;:&quot;100&quot;,&quot;shutter_speed&quot;:&quot;0.01&quot;,&quot;title&quot;:&quot;&quot;,&quot;orientation&quot;:&quot;1&quot;}\" data-image-title=\"20221219_165039\" data-image-description=\"\" data-medium-file=\"https:\/\/i1.wp.com\/www.stiftsforum.ch\/blog\/wp-content\/uploads\/2022\/12\/20221219_165039-scaled.jpg?fit=300%2C210\" data-large-file=\"https:\/\/i1.wp.com\/www.stiftsforum.ch\/blog\/wp-content\/uploads\/2022\/12\/20221219_165039-scaled.jpg?fit=800%2C561\" loading=\"lazy\" width=\"800\" height=\"561\" src=\"https:\/\/i1.wp.com\/www.stiftsforum.ch\/blog\/wp-content\/uploads\/2022\/12\/20221219_165039.jpg?resize=800%2C561\" alt=\"\" data-id=\"5967\" data-link=\"http:\/\/www.stiftsforum.ch\/blog\/?attachment_id=5967\" class=\"wp-image-5967\" srcset=\"https:\/\/i1.wp.com\/www.stiftsforum.ch\/blog\/wp-content\/uploads\/2022\/12\/20221219_165039-scaled.jpg?resize=1024%2C718 1024w, https:\/\/i1.wp.com\/www.stiftsforum.ch\/blog\/wp-content\/uploads\/2022\/12\/20221219_165039-scaled.jpg?resize=300%2C210 300w, https:\/\/i1.wp.com\/www.stiftsforum.ch\/blog\/wp-content\/uploads\/2022\/12\/20221219_165039-scaled.jpg?resize=768%2C538 768w, https:\/\/i1.wp.com\/www.stiftsforum.ch\/blog\/wp-content\/uploads\/2022\/12\/20221219_165039-scaled.jpg?resize=1536%2C1077 1536w, https:\/\/i1.wp.com\/www.stiftsforum.ch\/blog\/wp-content\/uploads\/2022\/12\/20221219_165039-scaled.jpg?resize=2048%2C1435 2048w, https:\/\/i1.wp.com\/www.stiftsforum.ch\/blog\/wp-content\/uploads\/2022\/12\/20221219_165039-scaled.jpg?resize=130%2C90 130w, https:\/\/i1.wp.com\/www.stiftsforum.ch\/blog\/wp-content\/uploads\/2022\/12\/20221219_165039-scaled.jpg?w=1600 1600w, https:\/\/i1.wp.com\/www.stiftsforum.ch\/blog\/wp-content\/uploads\/2022\/12\/20221219_165039-scaled.jpg?w=2400 2400w\" sizes=\"(max-width: 800px) 100vw, 800px\" data-recalc-dims=\"1\" \/><\/a><\/figure><\/li><li class=\"blocks-gallery-item\"><figure><a href=\"https:\/\/i2.wp.com\/www.stiftsforum.ch\/blog\/wp-content\/uploads\/2022\/12\/20221219_165043-1024x684.jpg\"><img data-attachment-id=\"5968\" data-permalink=\"http:\/\/www.stiftsforum.ch\/blog\/?attachment_id=5968\" data-orig-file=\"https:\/\/i1.wp.com\/www.stiftsforum.ch\/blog\/wp-content\/uploads\/2022\/12\/20221219_165043-scaled.jpg?fit=2560%2C1709\" data-orig-size=\"2560,1709\" data-comments-opened=\"1\" data-image-meta=\"{&quot;aperture&quot;:&quot;1.8&quot;,&quot;credit&quot;:&quot;&quot;,&quot;camera&quot;:&quot;SM-A528B&quot;,&quot;caption&quot;:&quot;&quot;,&quot;created_timestamp&quot;:&quot;1671468643&quot;,&quot;copyright&quot;:&quot;&quot;,&quot;focal_length&quot;:&quot;5.23&quot;,&quot;iso&quot;:&quot;50&quot;,&quot;shutter_speed&quot;:&quot;0.02&quot;,&quot;title&quot;:&quot;&quot;,&quot;orientation&quot;:&quot;1&quot;}\" data-image-title=\"20221219_165043\" data-image-description=\"\" data-medium-file=\"https:\/\/i1.wp.com\/www.stiftsforum.ch\/blog\/wp-content\/uploads\/2022\/12\/20221219_165043-scaled.jpg?fit=300%2C200\" data-large-file=\"https:\/\/i1.wp.com\/www.stiftsforum.ch\/blog\/wp-content\/uploads\/2022\/12\/20221219_165043-scaled.jpg?fit=800%2C534\" loading=\"lazy\" width=\"800\" height=\"534\" src=\"https:\/\/i2.wp.com\/www.stiftsforum.ch\/blog\/wp-content\/uploads\/2022\/12\/20221219_165043.jpg?resize=800%2C534\" alt=\"\" data-id=\"5968\" data-link=\"http:\/\/www.stiftsforum.ch\/blog\/?attachment_id=5968\" class=\"wp-image-5968\" srcset=\"https:\/\/i1.wp.com\/www.stiftsforum.ch\/blog\/wp-content\/uploads\/2022\/12\/20221219_165043-scaled.jpg?resize=1024%2C684 1024w, https:\/\/i1.wp.com\/www.stiftsforum.ch\/blog\/wp-content\/uploads\/2022\/12\/20221219_165043-scaled.jpg?resize=300%2C200 300w, https:\/\/i1.wp.com\/www.stiftsforum.ch\/blog\/wp-content\/uploads\/2022\/12\/20221219_165043-scaled.jpg?resize=768%2C513 768w, https:\/\/i1.wp.com\/www.stiftsforum.ch\/blog\/wp-content\/uploads\/2022\/12\/20221219_165043-scaled.jpg?resize=1536%2C1026 1536w, https:\/\/i1.wp.com\/www.stiftsforum.ch\/blog\/wp-content\/uploads\/2022\/12\/20221219_165043-scaled.jpg?resize=2048%2C1368 2048w, https:\/\/i1.wp.com\/www.stiftsforum.ch\/blog\/wp-content\/uploads\/2022\/12\/20221219_165043-scaled.jpg?w=1600 1600w, https:\/\/i1.wp.com\/www.stiftsforum.ch\/blog\/wp-content\/uploads\/2022\/12\/20221219_165043-scaled.jpg?w=2400 2400w\" sizes=\"(max-width: 800px) 100vw, 800px\" data-recalc-dims=\"1\" \/><\/a><\/figure><\/li><li class=\"blocks-gallery-item\"><figure><a href=\"https:\/\/i1.wp.com\/www.stiftsforum.ch\/blog\/wp-content\/uploads\/2022\/12\/20221219_165124-1-1024x768.jpg\"><img data-attachment-id=\"5971\" data-permalink=\"http:\/\/www.stiftsforum.ch\/blog\/?attachment_id=5971\" data-orig-file=\"https:\/\/i2.wp.com\/www.stiftsforum.ch\/blog\/wp-content\/uploads\/2022\/12\/20221219_165124-1-scaled.jpg?fit=2560%2C1920\" data-orig-size=\"2560,1920\" data-comments-opened=\"1\" data-image-meta=\"{&quot;aperture&quot;:&quot;1.8&quot;,&quot;credit&quot;:&quot;&quot;,&quot;camera&quot;:&quot;SM-A528B&quot;,&quot;caption&quot;:&quot;&quot;,&quot;created_timestamp&quot;:&quot;1671468684&quot;,&quot;copyright&quot;:&quot;&quot;,&quot;focal_length&quot;:&quot;5.23&quot;,&quot;iso&quot;:&quot;50&quot;,&quot;shutter_speed&quot;:&quot;0.01&quot;,&quot;title&quot;:&quot;&quot;,&quot;orientation&quot;:&quot;1&quot;}\" data-image-title=\"20221219_165124-1\" data-image-description=\"\" data-medium-file=\"https:\/\/i2.wp.com\/www.stiftsforum.ch\/blog\/wp-content\/uploads\/2022\/12\/20221219_165124-1-scaled.jpg?fit=300%2C225\" data-large-file=\"https:\/\/i2.wp.com\/www.stiftsforum.ch\/blog\/wp-content\/uploads\/2022\/12\/20221219_165124-1-scaled.jpg?fit=800%2C600\" loading=\"lazy\" width=\"800\" height=\"600\" src=\"https:\/\/i1.wp.com\/www.stiftsforum.ch\/blog\/wp-content\/uploads\/2022\/12\/20221219_165124-1.jpg?resize=800%2C600\" alt=\"\" data-id=\"5971\" data-link=\"http:\/\/www.stiftsforum.ch\/blog\/?attachment_id=5971\" class=\"wp-image-5971\" srcset=\"https:\/\/i2.wp.com\/www.stiftsforum.ch\/blog\/wp-content\/uploads\/2022\/12\/20221219_165124-1-scaled.jpg?resize=1024%2C768 1024w, https:\/\/i2.wp.com\/www.stiftsforum.ch\/blog\/wp-content\/uploads\/2022\/12\/20221219_165124-1-scaled.jpg?resize=300%2C225 300w, https:\/\/i2.wp.com\/www.stiftsforum.ch\/blog\/wp-content\/uploads\/2022\/12\/20221219_165124-1-scaled.jpg?resize=768%2C576 768w, https:\/\/i2.wp.com\/www.stiftsforum.ch\/blog\/wp-content\/uploads\/2022\/12\/20221219_165124-1-scaled.jpg?resize=1536%2C1152 1536w, https:\/\/i2.wp.com\/www.stiftsforum.ch\/blog\/wp-content\/uploads\/2022\/12\/20221219_165124-1-scaled.jpg?resize=2048%2C1536 2048w, https:\/\/i2.wp.com\/www.stiftsforum.ch\/blog\/wp-content\/uploads\/2022\/12\/20221219_165124-1-scaled.jpg?w=1600 1600w, https:\/\/i2.wp.com\/www.stiftsforum.ch\/blog\/wp-content\/uploads\/2022\/12\/20221219_165124-1-scaled.jpg?w=2400 2400w\" sizes=\"(max-width: 800px) 100vw, 800px\" data-recalc-dims=\"1\" \/><\/a><\/figure><\/li><li class=\"blocks-gallery-item\"><figure><a href=\"https:\/\/i1.wp.com\/www.stiftsforum.ch\/blog\/wp-content\/uploads\/2022\/12\/20221219_165929-scaled.jpg\"><img data-attachment-id=\"5973\" data-permalink=\"http:\/\/www.stiftsforum.ch\/blog\/?attachment_id=5973\" data-orig-file=\"https:\/\/i1.wp.com\/www.stiftsforum.ch\/blog\/wp-content\/uploads\/2022\/12\/20221219_165929-scaled.jpg?fit=2560%2C2261\" data-orig-size=\"2560,2261\" data-comments-opened=\"1\" data-image-meta=\"{&quot;aperture&quot;:&quot;1.8&quot;,&quot;credit&quot;:&quot;&quot;,&quot;camera&quot;:&quot;SM-A528B&quot;,&quot;caption&quot;:&quot;&quot;,&quot;created_timestamp&quot;:&quot;1671469169&quot;,&quot;copyright&quot;:&quot;&quot;,&quot;focal_length&quot;:&quot;5.23&quot;,&quot;iso&quot;:&quot;160&quot;,&quot;shutter_speed&quot;:&quot;0.01&quot;,&quot;title&quot;:&quot;&quot;,&quot;orientation&quot;:&quot;1&quot;}\" data-image-title=\"20221219_165929\" data-image-description=\"\" data-medium-file=\"https:\/\/i1.wp.com\/www.stiftsforum.ch\/blog\/wp-content\/uploads\/2022\/12\/20221219_165929-scaled.jpg?fit=300%2C265\" data-large-file=\"https:\/\/i1.wp.com\/www.stiftsforum.ch\/blog\/wp-content\/uploads\/2022\/12\/20221219_165929-scaled.jpg?fit=800%2C706\" loading=\"lazy\" width=\"800\" height=\"706\" src=\"https:\/\/i2.wp.com\/www.stiftsforum.ch\/blog\/wp-content\/uploads\/2022\/12\/20221219_165929.jpg?resize=800%2C706\" alt=\"\" data-id=\"5973\" data-full-url=\"http:\/\/www.stiftsforum.ch\/blog\/wp-content\/uploads\/2022\/12\/20221219_165929-scaled.jpg\" data-link=\"http:\/\/www.stiftsforum.ch\/blog\/?attachment_id=5973\" class=\"wp-image-5973\" srcset=\"https:\/\/i1.wp.com\/www.stiftsforum.ch\/blog\/wp-content\/uploads\/2022\/12\/20221219_165929-scaled.jpg?resize=1024%2C904 1024w, https:\/\/i1.wp.com\/www.stiftsforum.ch\/blog\/wp-content\/uploads\/2022\/12\/20221219_165929-scaled.jpg?resize=300%2C265 300w, https:\/\/i1.wp.com\/www.stiftsforum.ch\/blog\/wp-content\/uploads\/2022\/12\/20221219_165929-scaled.jpg?resize=768%2C678 768w, https:\/\/i1.wp.com\/www.stiftsforum.ch\/blog\/wp-content\/uploads\/2022\/12\/20221219_165929-scaled.jpg?resize=1536%2C1356 1536w, https:\/\/i1.wp.com\/www.stiftsforum.ch\/blog\/wp-content\/uploads\/2022\/12\/20221219_165929-scaled.jpg?resize=2048%2C1808 2048w, https:\/\/i1.wp.com\/www.stiftsforum.ch\/blog\/wp-content\/uploads\/2022\/12\/20221219_165929-scaled.jpg?w=1600 1600w, https:\/\/i1.wp.com\/www.stiftsforum.ch\/blog\/wp-content\/uploads\/2022\/12\/20221219_165929-scaled.jpg?w=2400 2400w\" sizes=\"(max-width: 800px) 100vw, 800px\" data-recalc-dims=\"1\" \/><\/a><\/figure><\/li><\/ul><\/figure>\n\n\n\n<p>Unsere Ergebnisse der Verkostung:<\/p>\n\n\n\n<figure class=\"wp-block-table\"><table><tbody><tr><td>&nbsp;<\/td><td>Geschmacks- erlebnis<\/td><td>\u00d6kofaktor<\/td><td>Packaging<\/td><td>Konsistenz<\/td><td>Geruchs- erlebnis<\/td><td>S\u00e4ttigungs- faktor<\/td><td>Exotik- faktor<\/td><td>Gesundheits- faktor<\/td><td>Gesamt<\/td><\/tr><tr><td>Vegane Lindtschokolade<\/td><td>4<\/td><td>3.5<\/td><td>4.5<\/td><td>3.5<\/td><td>4.5<\/td><td>3.5<\/td><td>2.5<\/td><td>2<\/td><td><strong>28<\/strong><\/td><\/tr><tr><td>Mango-Streifen<\/td><td>4<\/td><td>3<\/td><td>4<\/td><td>1<\/td><td>3<\/td><td>3<\/td><td>4<\/td><td>4<\/td><td><strong>26<\/strong><\/td><\/tr><tr><td>M\u00fcsliriegel<\/td><td>3.5<\/td><td>5<\/td><td>3<\/td><td>3<\/td><td>4<\/td><td>4<\/td><td>2<\/td><td>3<\/td><td><strong>27.5<\/strong><\/td><\/tr><tr><td>Zimt-Apfel-Banane-Quetschi<\/td><td>5<\/td><td>4<\/td><td>4<\/td><td>4<\/td><td>3.5<\/td><td>3<\/td><td>3<\/td><td>4<\/td><td><strong>30.5<\/strong><\/td><\/tr><tr><td>Fruchtgummi-Streifen<\/td><td>5<\/td><td>3<\/td><td>4<\/td><td>5<\/td><td>3<\/td><td>5<\/td><td>4<\/td><td>4.5<\/td><td><strong>33.5<\/strong><\/td><\/tr><tr><td>Kokoswaffeln<\/td><td>5<\/td><td>2<\/td><td>2<\/td><td>5<\/td><td>5<\/td><td>4.5<\/td><td>5<\/td><td>3<\/td><td><strong>31.5<\/strong><\/td><\/tr><tr><td>Mandelriegel<\/td><td>5<\/td><td>2<\/td><td>4<\/td><td>5<\/td><td>3<\/td><td>5<\/td><td>4<\/td><td>2<\/td><td><strong>30<\/strong><\/td><\/tr><\/tbody><\/table><\/figure>\n\n\n\n<blockquote class=\"wp-block-quote\"><p>Die Mangostreifen waren \u00fcberraschend lecker. Die Konsistenz war allerdings unerwartet gummig und etwas hart zu kauen.<\/p><\/blockquote>\n\n\n\n<blockquote class=\"wp-block-quote\"><p>Die Schokolade war lecker. Die Verpackung war sehr ansprechend, aber schlicht gestaltet.<\/p><\/blockquote>\n\n\n\n<figure class=\"wp-block-table\"><table><tbody><tr><td>Kokos-Kekse<\/td><td>2<\/td><td>4<\/td><td>3.5<\/td><td>4<\/td><td>1<\/td><td>5<\/td><td>4<\/td><td>3<\/td><td><strong>26.5<\/strong><\/td><\/tr><tr><td>Erdbeer-Apfel-Banane-Quetschi<\/td><td>2<\/td><td>4<\/td><td>4.5<\/td><td>1<\/td><td>2<\/td><td>2<\/td><td>4<\/td><td>3.5<\/td><td><strong>23<\/strong><\/td><\/tr><tr><td>Kakao-Kekse<\/td><td>4<\/td><td>4<\/td><td>2.5<\/td><td>1<\/td><td>1<\/td><td>4<\/td><td>2<\/td><td>3<\/td><td><strong>21.5<\/strong><\/td><\/tr><\/tbody><\/table><\/figure>\n\n\n\n<p>Insgesamt haben also die Fruchtgummi-Streifen am besten abgeschnitten. Doch wie teuer sind die Produkte eigentlich? Und sind sie ihren Preis wert?<\/p>\n\n\n\n<p> <\/p>\n\n\n\n<figure class=\"wp-block-table\"><table><tbody><tr><td><strong>Produkt<\/strong><\/td><td><strong>Preis<\/strong><\/td><\/tr><tr><td>Vegane Lindtschokolade<\/td><td><strong>3.20<\/strong><\/td><\/tr><tr><td>Mangostreifen<\/td><td>3.00<\/td><\/tr><tr><td>M\u00fcsliriegel<\/td><td>1.30<\/td><\/tr><tr><td>Zimt-Apfel-Banane-Quetschi<\/td><td>2.25<\/td><\/tr><tr><td>Fruchtgummistreifen<\/td><td><strong>3.20<\/strong><\/td><\/tr><tr><td>Kokoswaffeln<\/td><td>1.00<\/td><\/tr><tr><td>Mandelriegel<\/td><td>1.25<\/td><\/tr><tr><td>Kakao-Kekse<\/td><td>1.95<\/td><\/tr><tr><td>Erdbeer-Apfel-Banane-Quetschi<\/td><td>2.25<\/td><\/tr><\/tbody><\/table><\/figure>\n\n\n\n<p>Wie man sieht, sind die Lindt-Schokolade und die Fruchtgummi-Streifen am teuersten. Die Fruchtgummi-Streifen sind ihren Preis also definitiv wert, wie man anhand unserer Bewertung sehen kann. <\/p>\n","protected":false},"excerpt":{"rendered":"<p>Die Nachmittage sind in kulinarischer Hinsicht manchmal lang. Zu Schokolade oder Limonade greifen oder doch zu einer gesunden Alternative? Wir<\/p>\n","protected":false},"author":1,"featured_media":5963,"comment_status":"open","ping_status":"closed","sticky":false,"template":"","format":"standard","meta":{"spay_email":"","jetpack_publicize_message":"","jetpack_is_tweetstorm":false},"categories":[18,35],"tags":[],"jetpack_featured_media_url":"https:\/\/i0.wp.com\/www.stiftsforum.ch\/blog\/wp-content\/uploads\/2022\/12\/20221219_163838-1-scaled.jpg?fit=2560%2C1920","jetpack_publicize_connections":[],"jetpack_sharing_enabled":true,"jetpack_shortlink":"https:\/\/wp.me\/p9nzRF-1ya","jetpack_likes_enabled":true,"jetpack-related-posts":[{"id":5153,"url":"http:\/\/www.stiftsforum.ch\/blog\/?p=5153","url_meta":{"origin":5962,"position":0},"title":"K\u00e4gi Fret gewinnt das Snackautomaten-Testing!","date":"Mai 24, 2022","format":false,"excerpt":"\u201cSnickers, Mars, Chips, Eistee, Twix, Coca Cola, KitKat\u2026.\u201d. Wenn ich meine Kolleginnen danach frage, was ihnen einf\u00e4llt, wenn ich Snackautomat sage, wird mir gleich eine Liste an diversen Zwischenverpflegungen runtergerattert. Kein Wunder, ich meine, mal ehrlich: Wer liebt Essen nicht? Der Snackautomat. Gleich wenn man durch die Eingangst\u00fcr an der\u2026","rel":"","context":"In &quot;Allgemein&quot;","img":{"alt_text":"","src":"https:\/\/i1.wp.com\/www.stiftsforum.ch\/blog\/wp-content\/uploads\/2022\/05\/IMG_4072-scaled.jpg?fit=651%2C1200&resize=350%2C200","width":350,"height":200},"classes":[]},{"id":6623,"url":"http:\/\/www.stiftsforum.ch\/blog\/?p=6623","url_meta":{"origin":5962,"position":1},"title":"Schulentwicklungstag \u2013 Nachhaltigkeit: Kleider. Mit ZRCL-Gr\u00fcnder Kilian Wiget","date":"Dezember 21, 2023","format":false,"excerpt":"Von Silvan Wirthensohn Kilian Wiget stellt sich und seine Kleidermarke ZRCL vor. F\u00fcr ihn ist die Transparenz der Produktions- und Lieferketten ein zentraler Bestandteil nachhaltiger Kleider. Sichergestellt wird das mit Codes, welche auf jedem Kleidungsst\u00fcck aufgedruckt sind. Damit l\u00e4sst sich auf der firmeneigenen Homepage der gesamte Weg jedes Kleidungsst\u00fcckes nachverfolgen.\u2026","rel":"","context":"In &quot;Allgemein&quot;","img":{"alt_text":"","src":"https:\/\/i0.wp.com\/www.stiftsforum.ch\/blog\/wp-content\/uploads\/2023\/12\/ai-generated-8394496_1280.jpg?fit=1200%2C900&resize=350%2C200","width":350,"height":200},"classes":[]},{"id":4128,"url":"http:\/\/www.stiftsforum.ch\/blog\/?p=4128","url_meta":{"origin":5962,"position":2},"title":"Nutzung des Laptops in der 1. Klasse \u2013 eine Bilanz","date":"Januar 25, 2021","format":false,"excerpt":"Die neuhinzugekommen Erstkl\u00e4ssler bekamen zum ersten Mal in dieser Schule einen Laptop. Die Nutzung des Laptops bringt Nach- und Vorteile. Text und Bilder von Mark Attalah & Merlin von Bernuth Das Positive des Rechners ist, dass man mehrere Seiten gleichzeitig \u00f6ffnen kann, was sehr hilfreich ist, wenn man gerade Franz\u00f6sisch\u2026","rel":"","context":"In &quot;Allgemein&quot;","img":{"alt_text":"","src":"https:\/\/i2.wp.com\/www.stiftsforum.ch\/blog\/wp-content\/uploads\/2021\/01\/Bild-Computer-2.jpg?fit=870%2C617&resize=350%2C200","width":350,"height":200},"classes":[]}],"_links":{"self":[{"href":"http:\/\/www.stiftsforum.ch\/blog\/index.php?rest_route=\/wp\/v2\/posts\/5962"}],"collection":[{"href":"http:\/\/www.stiftsforum.ch\/blog\/index.php?rest_route=\/wp\/v2\/posts"}],"about":[{"href":"http:\/\/www.stiftsforum.ch\/blog\/index.php?rest_route=\/wp\/v2\/types\/post"}],"author":[{"embeddable":true,"href":"http:\/\/www.stiftsforum.ch\/blog\/index.php?rest_route=\/wp\/v2\/users\/1"}],"replies":[{"embeddable":true,"href":"http:\/\/www.stiftsforum.ch\/blog\/index.php?rest_route=%2Fwp%2Fv2%2Fcomments&post=5962"}],"version-history":[{"count":4,"href":"http:\/\/www.stiftsforum.ch\/blog\/index.php?rest_route=\/wp\/v2\/posts\/5962\/revisions"}],"predecessor-version":[{"id":6015,"href":"http:\/\/www.stiftsforum.ch\/blog\/index.php?rest_route=\/wp\/v2\/posts\/5962\/revisions\/6015"}],"wp:featuredmedia":[{"embeddable":true,"href":"http:\/\/www.stiftsforum.ch\/blog\/index.php?rest_route=\/wp\/v2\/media\/5963"}],"wp:attachment":[{"href":"http:\/\/www.stiftsforum.ch\/blog\/index.php?rest_route=%2Fwp%2Fv2%2Fmedia&parent=5962"}],"wp:term":[{"taxonomy":"category","embeddable":true,"href":"http:\/\/www.stiftsforum.ch\/blog\/index.php?rest_route=%2Fwp%2Fv2%2Fcategories&post=5962"},{"taxonomy":"post_tag","embeddable":true,"href":"http:\/\/www.stiftsforum.ch\/blog\/index.php?rest_route=%2Fwp%2Fv2%2Ftags&post=5962"}],"curies":[{"name":"wp","href":"https:\/\/api.w.org\/{rel}","templated":true}]}}