{"id":1550,"date":"2017-11-21T17:36:02","date_gmt":"2017-11-21T17:36:02","guid":{"rendered":"http:\/\/www.stiftsforum.ch\/blog\/?p=1550"},"modified":"2017-12-09T19:27:32","modified_gmt":"2017-12-09T19:27:32","slug":"plastik-dein-feind-und-helfer","status":"publish","type":"post","link":"https:\/\/www.stiftsforum.ch\/blog\/?p=1550","title":{"rendered":"Plastik, dein Feind und Helfer"},"content":{"rendered":"<p style=\"text-align: left;\"><strong>Plastik \u2013 Ein Wundermaterial. Es gibt wohl nichts, was man aus Plastik nicht herstellen k\u00f6nnte. Jahrzehntelang wurde es bedenkenlos hergestellt, jetzt w\u00e4chst der Zweifel am Kunststoff. Eine Suche nach Alternativen.<\/strong><\/p>\n<p>&nbsp;<\/p>\n<p>Es gab eine Zeit, da lebten Dinosaurier auf unserer Welt.<\/p>\n<p>Es gab eine Zeit, da bekriegten sich Deutschland und Frankreich.<\/p>\n<p>Es gab eine Zeit, da wurde Zahnpasta mit radioaktiver Strahlung als \u201eWunderheilmittel\u201c angepriesen.<\/p>\n<p>Es gab eine Zeit, da griff man im Supermarkt ohne Bedenken zur Plastikt\u00fcte.<\/p>\n<p>&nbsp;<\/p>\n<p>Sie sehen: Die Zeiten, in denen man in Plastik nur Freund und Helfer sah, sind, auch wenn noch nicht lange, definitiv vorbei. Ein Besuch in Coop oder Migros reicht schon. Die neuen Plastiks\u00e4cklein (auch wenn sie nur f\u00fcnf Rappen kosten), regen zum \u00dcberdenken des masslosen Plastikkonsums an; wenn alles gut l\u00e4uft, sind sie sogar der Anfang des Endes.<\/p>\n<p>Ein Ende w\u00e4re wahrhaftig n\u00f6tig; auf den Weltmeeren bilden sich ganze Inseln aus M\u00fcll, jeden Tag sterben durchschnittlich fast 3000 V\u00f6gel wegen Plastik. Da sagt man sich nat\u00fcrlich \u201eIch werf\u2019 doch keinen M\u00fcll ins Meer!\u201c, was zwar auch stimmen mag, doch \u00fcber Fl\u00fcsse und den Wind kann auch die Snickers-Verpackung, die einem vorher bewusst unbewusst aus der Tasche gefallen ist unter Umst\u00e4nden irgendwann im Magen eines Delfins landen. Ausserdem gelangen bei jedem Waschgang bis zu 2000 Kunstfasern von Kleidungsst\u00fccken ins Abwasser und schlussendlich ins Meer, denn die Fasern sind so klein, dass sie von der Kl\u00e4ranlage nicht aufgehalten werden. Schon heute treiben im Meer Inseln aus Plastik, sogenannte \u201ePlastic-Islands\u201c, die gr\u00f6sser sind als ganz Europa. Ausserdem kann man die Kunststoff-Herstellung aus Roh\u00f6l auch nicht gerade als umweltfreundlich bezeichnen.<\/p>\n<p>Ob da f\u00fcnf Rappen f\u00fcr ein Plastiks\u00e4cklein reichen? Schlaumeier nehmen sich die S\u00e4cklein nun einfach schon bei der Gem\u00fcseabteilung und f\u00fcllen ihren Einkauf bei der Kasse darin ab. Und auch wenn Coop &amp; Co. die Plastiks\u00e4cklein ganz verbannen w\u00fcrden, w\u00e4ren da noch all die anderen Produkte, die meistens zwei- bis dreimal verpackt sind.<\/p>\n<p>Ein Besuch an der Schiffbaustrasse 9b in Z\u00fcrich nahe der Hardbr\u00fccke reicht, um zu zeigen, dass es auch anders geht.\u00a0Man wird dort erwartet von einem Gesch\u00e4ft mit violetter Fassade und frischen Kr\u00e4utern vor der T\u00fcr &#8211; und das mitten im gr\u00f6sstenteils zubetonierten Z\u00fcrich. Auch im Gesch\u00e4ft selber stauntman nicht schlecht: Die W\u00e4nde sind pink und schwarz, selbstgemachte Holzm\u00f6bel machen den Eindruck eines innovativen neuen Gesch\u00e4ftes perfekt. Mehrere Tische sind vollgestellt mit grossen Glasbeh\u00e4ltern, in denen man fast alles \u2013 von Gew\u00fcrzen \u00fcber Schokolade und Gummib\u00e4rchen bis hin zu getrockneten Beeren \u2013 findet. An einer Wand sind unz\u00e4hlige Beh\u00e4lter befestigt, die mit Teigwaren, Linsen und Getreide gef\u00fcllt sind. Das einzige, was das \u201eFoifi\u201c, wie sich das Gesch\u00e4ft nennt, von anderen Superm\u00e4rkten unterscheidet ist nicht, <em>was <\/em>verkauft wird, sondern <em>wie <\/em>die Waren verkauft werden \u2013 unverpackt n\u00e4mlich.<\/p>\n<p>\u201eVor zwei, drei Jahren ist mir dann wirklich aufgefallen, wie viele Verpackungen es eigentlich gibt, wie alles ganz, ganz schlimm verpackt ist. Und dann habe ich eben gedacht: Ah, das muss doch irgendwie anders gehen, sagt Tara Welschinger, die Gesch\u00e4ftsf\u00fchrerin und Gr\u00fcnderin des \u201eFoifi\u201c. Also stellte sie ihr gesamtes Leben auf ZeroWaste um und gr\u00fcndete kurzerhand ein eigenes Gesch\u00e4ft.<\/p>\n<p>Die ZeroWaste-Bewegung kommt aus Amerika und hat zum Ziel, m\u00f6glichst keine Verpackungen mehr zu verbrauchen. Einfach ist das, zumindest in herk\u00f6mmlichen Superm\u00e4rkten, nicht. Eine Alternative sind regionale B\u00e4ckereien, Molkereien oder Metzgereien. Da kann man die Ware oft in selber mitgebrachte Beh\u00e4lter abf\u00fcllen. Auch beim \u201eFoifi\u201c funktioniert es gleich. Man nimmt Gl\u00e4ser, Stoffbeutel oder Tupperwares (auch Plastiks\u00e4cklein sind \u00fcbrigens nicht verboten) mit und f\u00fcllt die Produkte darin ab. Wer keine \u201aAusr\u00fcstung\u2019 hat, kann diese auch direkt im Laden kaufen.<\/p>\n<p>Es gibt aber auch eine andere Richtung: Plastik-Recycling. Das Richtige f\u00fcr all die, die sich einfach nicht von diesem superpraktischen Begleiter trennen k\u00f6nnen. In Einsiedeln gibt es laut sammelsack.ch gleich sechs Annahme-, respektive Verkaufsstellen von sogenannten \u201eAll-In-One\u201c-Sammels\u00e4cken. Zum Vergleich: In der Stadt Z\u00fcrich gibt es keine einzige. Das Prinzip hinter diesen Sammels\u00e4cken ist ziemlich einfach: Anstatt in den Kehrichtabfall werden alle Kunststoffe in einem separaten Sack, eben dem \u201eAll-In-One\u201c, gesammelt. Diesen kann man dann an einer Annahmestelle zur\u00fcckgeben. Der Plastik wird recycelt und bildet die Grundlage f\u00fcr neue Produkte. Mit einem Kilogramm Recycling-Plastik werden so bis zu drei Liter Roh\u00f6l und mit einem gef\u00fcllten 60-Liter-Sammelsack f\u00fcnf Kilogramm CO<sub>2<\/sub> gespart.<\/p>\n<p>So perfekt das ganze klingt: Es ist nur eine Linderung des Problems. Wer das Problem gar nicht erst entstehen lassen will, hat wohl keinen anderen Ausweg, als auf vollkommen verpackungslose L\u00e4den umzusteigen. Diese werden immer mehr. Nebst Z\u00fcrich sind auch schon Luzern und einige Orte der Romandie mit ZeroWaste-Gesch\u00e4ften bedient. Der Umstieg auf ZeroWaste muss aber nicht ausschliesslich ethische und umwelttechnische Gr\u00fcnde haben: ZeroWaste hat auch andere Vorteile. Unverpackte Produkte schmecken vielmals frischer und feiner als Eingeschweisste, oder, wie es Tara Welschinger, die Gr\u00fcnderin des \u201eFoifi\u201c sagt: \u201eDu wirst den Unterschied wahrscheinlich schmecken, wenn du zum Beispiel K\u00e4se aus einer Plastikverpackung hast oder wenn du frischen K\u00e4se bei der Molkerei geholt hast, das ist ein riiiiiiiiesen Unterschied, oder, riiiiiiiiiiiiiiiesig!\u201c. Und vor allem kann man in Zerowaste-Gesch\u00e4ften wirklich so viel kaufen, wie man auch braucht. 375 Gramm Mehl oder 70 Gramm Schokolade sind also endlich m\u00f6glich.<\/p>\n<p>Gut denkbar, dass man sich in 50 Jahren sagen wird: \u201eEs gab eine Zeit, da wurden alle m\u00f6glichen Produkte zwei- oder dreifach eingepackt. Es gab eine Zeit, da musste man 500 Gramm Mehl kaufen, auch wenn man nur 100 brauchte.\u201c Man wird das so erz\u00e4hlen, wie wir heute von radioaktiver Zahnpasta erz\u00e4hlen. Ist also nicht langsam die Zeit gekommen, <em>wirklich <\/em>etwas zu \u00e4ndern?<\/p>\n<p style=\"text-align: right;\"><b>Valentin M\u00fcller, 2a (Illustration: Lorena M\u00fcller)<\/b><\/p>\n<p>&nbsp;<\/p>\n<p><img data-attachment-id=\"1591\" data-permalink=\"https:\/\/www.stiftsforum.ch\/blog\/?attachment_id=1591\" data-orig-file=\"https:\/\/i2.wp.com\/www.stiftsforum.ch\/blog\/wp-content\/uploads\/2017\/11\/DSC_0970-1.jpg?fit=4928%2C3264&amp;ssl=1\" data-orig-size=\"4928,3264\" data-comments-opened=\"1\" data-image-meta=\"{&quot;aperture&quot;:&quot;5.3&quot;,&quot;credit&quot;:&quot;&quot;,&quot;camera&quot;:&quot;NIKON D5100&quot;,&quot;caption&quot;:&quot;&quot;,&quot;created_timestamp&quot;:&quot;1510506474&quot;,&quot;copyright&quot;:&quot;&quot;,&quot;focal_length&quot;:&quot;44&quot;,&quot;iso&quot;:&quot;1800&quot;,&quot;shutter_speed&quot;:&quot;0.033333333333333&quot;,&quot;title&quot;:&quot;&quot;,&quot;orientation&quot;:&quot;1&quot;}\" data-image-title=\"DSC_0970\" data-image-description=\"\" data-medium-file=\"https:\/\/i2.wp.com\/www.stiftsforum.ch\/blog\/wp-content\/uploads\/2017\/11\/DSC_0970-1.jpg?fit=300%2C199&amp;ssl=1\" data-large-file=\"https:\/\/i2.wp.com\/www.stiftsforum.ch\/blog\/wp-content\/uploads\/2017\/11\/DSC_0970-1.jpg?fit=800%2C530&amp;ssl=1\" loading=\"lazy\" class=\"size-medium wp-image-1591 alignleft\" src=\"https:\/\/i2.wp.com\/www.stiftsforum.ch\/blog\/wp-content\/uploads\/2017\/11\/DSC_0970-1.jpg?resize=300%2C199\" alt=\"\" width=\"300\" height=\"199\" srcset=\"https:\/\/i2.wp.com\/www.stiftsforum.ch\/blog\/wp-content\/uploads\/2017\/11\/DSC_0970-1.jpg?resize=300%2C199&amp;ssl=1 300w, https:\/\/i2.wp.com\/www.stiftsforum.ch\/blog\/wp-content\/uploads\/2017\/11\/DSC_0970-1.jpg?resize=768%2C509&amp;ssl=1 768w, https:\/\/i2.wp.com\/www.stiftsforum.ch\/blog\/wp-content\/uploads\/2017\/11\/DSC_0970-1.jpg?resize=1024%2C678&amp;ssl=1 1024w, https:\/\/i2.wp.com\/www.stiftsforum.ch\/blog\/wp-content\/uploads\/2017\/11\/DSC_0970-1.jpg?w=1600 1600w, https:\/\/i2.wp.com\/www.stiftsforum.ch\/blog\/wp-content\/uploads\/2017\/11\/DSC_0970-1.jpg?w=2400 2400w\" sizes=\"(max-width: 300px) 100vw, 300px\" data-recalc-dims=\"1\" \/><\/p>\n<p><img data-attachment-id=\"1552\" data-permalink=\"https:\/\/www.stiftsforum.ch\/blog\/?attachment_id=1552\" data-orig-file=\"https:\/\/i0.wp.com\/www.stiftsforum.ch\/blog\/wp-content\/uploads\/2017\/11\/DSC_0982.jpg?fit=4928%2C3264&amp;ssl=1\" data-orig-size=\"4928,3264\" data-comments-opened=\"1\" data-image-meta=\"{&quot;aperture&quot;:&quot;3.5&quot;,&quot;credit&quot;:&quot;&quot;,&quot;camera&quot;:&quot;NIKON D5100&quot;,&quot;caption&quot;:&quot;&quot;,&quot;created_timestamp&quot;:&quot;1510506751&quot;,&quot;copyright&quot;:&quot;&quot;,&quot;focal_length&quot;:&quot;18&quot;,&quot;iso&quot;:&quot;800&quot;,&quot;shutter_speed&quot;:&quot;0.022222222222222&quot;,&quot;title&quot;:&quot;&quot;,&quot;orientation&quot;:&quot;1&quot;}\" data-image-title=\"DSC_0982\" data-image-description=\"\" data-medium-file=\"https:\/\/i0.wp.com\/www.stiftsforum.ch\/blog\/wp-content\/uploads\/2017\/11\/DSC_0982.jpg?fit=300%2C199&amp;ssl=1\" data-large-file=\"https:\/\/i0.wp.com\/www.stiftsforum.ch\/blog\/wp-content\/uploads\/2017\/11\/DSC_0982.jpg?fit=800%2C530&amp;ssl=1\" loading=\"lazy\" class=\"wp-image-1552 alignnone\" src=\"https:\/\/i0.wp.com\/www.stiftsforum.ch\/blog\/wp-content\/uploads\/2017\/11\/DSC_0982.jpg?resize=309%2C205\" alt=\"\" width=\"309\" height=\"205\" srcset=\"https:\/\/i0.wp.com\/www.stiftsforum.ch\/blog\/wp-content\/uploads\/2017\/11\/DSC_0982.jpg?resize=300%2C199&amp;ssl=1 300w, https:\/\/i0.wp.com\/www.stiftsforum.ch\/blog\/wp-content\/uploads\/2017\/11\/DSC_0982.jpg?resize=768%2C509&amp;ssl=1 768w, https:\/\/i0.wp.com\/www.stiftsforum.ch\/blog\/wp-content\/uploads\/2017\/11\/DSC_0982.jpg?resize=1024%2C678&amp;ssl=1 1024w, https:\/\/i0.wp.com\/www.stiftsforum.ch\/blog\/wp-content\/uploads\/2017\/11\/DSC_0982.jpg?w=1600 1600w, https:\/\/i0.wp.com\/www.stiftsforum.ch\/blog\/wp-content\/uploads\/2017\/11\/DSC_0982.jpg?w=2400 2400w\" sizes=\"(max-width: 309px) 100vw, 309px\" data-recalc-dims=\"1\" \/><\/p>\n<p><em>Bilder: Aus dem &#8220;Foifi&#8221; in Z\u00fcrich<\/em><\/p>\n<p style=\"text-align: right;\"><strong>\u00a0<\/strong><\/p>\n<ul>\n<li>Website \u201eFoifi\u201c: <a href=\"https:\/\/foifi.ch\">https:\/\/foifi.ch<\/a><\/li>\n<li>Standorte von &#8220;Sammelsack&#8221; Verkaufs-, bzw. Annahmestellen: <a href=\"http:\/\/www.sammelsack.ch\/verkaufs-und-annahmestellen\">www.sammelsack.ch\/verkaufs-und-annahmestellen<\/a><\/li>\n<\/ul>\n<p>&nbsp;<\/p>\n<p>&nbsp;<\/p>\n<p>&nbsp;<\/p>\n<p>&nbsp;<\/p>\n<p>&nbsp;<\/p>\n<p>&nbsp;<\/p>\n<p>&nbsp;<\/p>\n<p>&nbsp;<\/p>\n<p>&nbsp;<\/p>\n<p>&nbsp;<\/p>\n<p>&nbsp;<\/p>\n<p>&nbsp;<\/p>\n","protected":false},"excerpt":{"rendered":"<p>Plastik \u2013 Ein Wundermaterial. Es gibt wohl nichts, was man aus Plastik nicht herstellen k\u00f6nnte. Jahrzehntelang wurde es bedenkenlos hergestellt,<\/p>\n","protected":false},"author":1,"featured_media":1600,"comment_status":"open","ping_status":"closed","sticky":false,"template":"","format":"standard","meta":{"spay_email":"","jetpack_publicize_message":"","jetpack_is_tweetstorm":false},"categories":[3],"tags":[],"jetpack_featured_media_url":"https:\/\/i0.wp.com\/www.stiftsforum.ch\/blog\/wp-content\/uploads\/2017\/11\/AC62852D-3F8E-499C-9ABC-F43245D0CB38.jpeg?fit=2048%2C1015&ssl=1","jetpack_publicize_connections":[],"jetpack_sharing_enabled":true,"jetpack_shortlink":"https:\/\/wp.me\/p9nzRF-p0","jetpack_likes_enabled":true,"jetpack-related-posts":[{"id":3436,"url":"https:\/\/www.stiftsforum.ch\/blog\/?p=3436","url_meta":{"origin":1550,"position":0},"title":"Einkaufen ohne Verpackungen?","date":"April 25, 2019","format":false,"excerpt":"Von Philipp Rall, 1c , Fotos: Philipp Rall und Loa Birrer, 1c Einkaufen ohne Verpackungen, das ist wohl der Traum aller Umweltpolitiker. Eigentlich h\u00e4tten wir schon l\u00e4ngst aufh\u00f6ren sollen, Plastik zu produzieren. Laut Wissenschaftlern der Australian National University ist unsere Erde so gef\u00e4hrdet, dass wir bereits in 100 Jahren aussterben\u2026","rel":"","context":"In &quot;Schulseelsorge&quot;","img":{"alt_text":"","src":"https:\/\/i0.wp.com\/www.stiftsforum.ch\/blog\/wp-content\/uploads\/2019\/04\/IMG_1903.jpg?fit=1200%2C900&ssl=1&resize=350%2C200","width":350,"height":200},"classes":[]},{"id":4887,"url":"https:\/\/www.stiftsforum.ch\/blog\/?p=4887","url_meta":{"origin":1550,"position":1},"title":"Wir haben die RabenRiegel verkostet...","date":"Dezember 9, 2021","format":false,"excerpt":"...und sind zu folgendem Ergebnis gekommen: Die sieben Testpersonen bewerteten v.a. den Geschmack des Riegels mit 20 von m\u00f6glichen 21 Sternen. Einzig der S\u00e4ttigungsfaktor nach 1 Riegel war weniger zufriedenstellend; nach einem Riegel wollte man gleich einen zweiten:) Produktbewertung-RabenRiegel-1Herunterladen Der Riegel sieht sehr vielversprechend aus. Die Schokolade sieht lecker aus,\u2026","rel":"","context":"In &quot;Allgemein&quot;","img":{"alt_text":"","src":"https:\/\/i0.wp.com\/www.stiftsforum.ch\/blog\/wp-content\/uploads\/2021\/12\/20211206_113054-scaled.jpg?fit=900%2C1200&ssl=1&resize=350%2C200","width":350,"height":200},"classes":[]},{"id":6891,"url":"https:\/\/www.stiftsforum.ch\/blog\/?p=6891","url_meta":{"origin":1550,"position":2},"title":"Die ersten Klassen im Recycling-Center Steinauer","date":"Juni 22, 2025","format":false,"excerpt":"Auf der informativen Tour durch das Recycling-Center Steinauer in Einsiedeln lernten die 1.Kl\u00e4sslerInnen, wie Materialien wie Beton, Ziegel, Plastik, Eisen, Metall, Karton, Papier, Holz und Kork recyclet werden. Zudem gewannen sie eindrucksvolle Einblicke in die wertvolle Arbeit f\u00fcr die Wiederverwertung dieser Rohstoffe. Ein sch\u00f6ner gemeinschaftlicher und lehrreicher Abschluss des ersten\u2026","rel":"","context":"In &quot;Allgemein&quot;","img":{"alt_text":"","src":"https:\/\/i0.wp.com\/www.stiftsforum.ch\/blog\/wp-content\/uploads\/2025\/06\/IMG-20250622-WA0003.jpg?fit=1200%2C904&ssl=1&resize=350%2C200","width":350,"height":200},"classes":[]},{"id":4967,"url":"https:\/\/www.stiftsforum.ch\/blog\/?p=4967","url_meta":{"origin":1550,"position":3},"title":"Die Odyssee im Opernhaus Z\u00fcrich und wir sind dabei","date":"Dezember 18, 2021","format":false,"excerpt":"Von Cosima Hoppe, Alina Iten und Emilia Langenauer (3a) Die Oper erz\u00e4hlt die Geschichte der Heimreise des K\u00f6nigs von Ithaka nach dem Trojanischen Krieg, die \u00abOdyssee\u00bb. Die Inszenierung beginnt mit dem Auftritt seiner Frau, Penelope und ihrem Wunsch, dass Odysseus bald wieder heimkehrt. Ihr Sohn Telemach teilt diesen Wunsch. Die\u2026","rel":"","context":"In &quot;Allgemein&quot;","img":{"alt_text":"","src":"https:\/\/i2.wp.com\/www.stiftsforum.ch\/blog\/wp-content\/uploads\/2021\/12\/20211211_120930-scaled.jpg?fit=1200%2C900&ssl=1&resize=350%2C200","width":350,"height":200},"classes":[]},{"id":5221,"url":"https:\/\/www.stiftsforum.ch\/blog\/?p=5221","url_meta":{"origin":1550,"position":4},"title":"Eine unvergessliche Reise nach Werl","date":"Juni 28, 2022","format":false,"excerpt":"Die lange Anreise von 14 Stunden im Nachtzug hat sich beim Anblick der Ruine definitiv gelohnt; wir stehen in einem dunklen Raum. Wir k\u00f6nnen seine Pracht, welche er einst im Mittelalter gehabt hatte, nur erahnen, w\u00e4hrend wir eine Geschichte vorgelesen bekommen. Wir d\u00fcrfen uns frei, nat\u00fcrlich mit Taschenlampe, in den\u2026","rel":"","context":"In &quot;Allgemein&quot;","img":{"alt_text":"","src":"https:\/\/i2.wp.com\/www.stiftsforum.ch\/blog\/wp-content\/uploads\/2022\/06\/6CAC7B3D-2843-4A5C-B08C-EE753A3B2211.jpeg?fit=1200%2C900&ssl=1&resize=350%2C200","width":350,"height":200},"classes":[]},{"id":1800,"url":"https:\/\/www.stiftsforum.ch\/blog\/?p=1800","url_meta":{"origin":1550,"position":5},"title":"Stell Dir vor...","date":"Februar 14, 2018","format":false,"excerpt":"Valentin M\u00fcller Die Menschheit hat schon viele Probleme gel\u00f6st und Herausforderungen gemeistert \u2013 Kriege gibt es aber immer noch. Kann man den Krieg \u201ebek\u00e4mpfen\u201c? Auf die Frage \u201eWas w\u00fcnschst du dir?\u201c antworten viele mit der Floskel \u201edass es keinen Krieg mehr gibt.\u201c Es klingt nach einem nicht realisierbaren Wunsch und\u2026","rel":"","context":"In &quot;Kommentar&quot;","img":{"alt_text":"","src":"https:\/\/i1.wp.com\/www.stiftsforum.ch\/blog\/wp-content\/uploads\/2018\/02\/Valentin-5.jpg?fit=396%2C351&ssl=1&resize=350%2C200","width":350,"height":200},"classes":[]}],"_links":{"self":[{"href":"https:\/\/www.stiftsforum.ch\/blog\/index.php?rest_route=\/wp\/v2\/posts\/1550"}],"collection":[{"href":"https:\/\/www.stiftsforum.ch\/blog\/index.php?rest_route=\/wp\/v2\/posts"}],"about":[{"href":"https:\/\/www.stiftsforum.ch\/blog\/index.php?rest_route=\/wp\/v2\/types\/post"}],"author":[{"embeddable":true,"href":"https:\/\/www.stiftsforum.ch\/blog\/index.php?rest_route=\/wp\/v2\/users\/1"}],"replies":[{"embeddable":true,"href":"https:\/\/www.stiftsforum.ch\/blog\/index.php?rest_route=%2Fwp%2Fv2%2Fcomments&post=1550"}],"version-history":[{"count":13,"href":"https:\/\/www.stiftsforum.ch\/blog\/index.php?rest_route=\/wp\/v2\/posts\/1550\/revisions"}],"predecessor-version":[{"id":1662,"href":"https:\/\/www.stiftsforum.ch\/blog\/index.php?rest_route=\/wp\/v2\/posts\/1550\/revisions\/1662"}],"wp:featuredmedia":[{"embeddable":true,"href":"https:\/\/www.stiftsforum.ch\/blog\/index.php?rest_route=\/wp\/v2\/media\/1600"}],"wp:attachment":[{"href":"https:\/\/www.stiftsforum.ch\/blog\/index.php?rest_route=%2Fwp%2Fv2%2Fmedia&parent=1550"}],"wp:term":[{"taxonomy":"category","embeddable":true,"href":"https:\/\/www.stiftsforum.ch\/blog\/index.php?rest_route=%2Fwp%2Fv2%2Fcategories&post=1550"},{"taxonomy":"post_tag","embeddable":true,"href":"https:\/\/www.stiftsforum.ch\/blog\/index.php?rest_route=%2Fwp%2Fv2%2Ftags&post=1550"}],"curies":[{"name":"wp","href":"https:\/\/api.w.org\/{rel}","templated":true}]}}