{"id":1621,"date":"2017-11-30T19:27:40","date_gmt":"2017-11-30T19:27:40","guid":{"rendered":"http:\/\/www.stiftsforum.ch\/blog\/?p=1621"},"modified":"2017-12-09T19:30:46","modified_gmt":"2017-12-09T19:30:46","slug":"pilgern-seit-1000-jahren-das-kloster-einsiedeln-im-landesmuseum-zuerich","status":"publish","type":"post","link":"https:\/\/www.stiftsforum.ch\/blog\/?p=1621","title":{"rendered":"Pilgern seit 1000 Jahren: Das Kloster Einsiedeln im Landesmuseum Z\u00fcrich"},"content":{"rendered":"<p><strong> Seit dem 16. September und noch bis zum 21. Januar gib es eine Austellung \u00fcber das Klostern Einsiedeln im Landesmusem Z\u00fcrich. Die Ausstellung beleuchtet die Geschichte des Klosters und der Pilger, die seit 1000 Jahren nach Einsiedeln kommen.<\/strong><\/p>\n<p>Die Austellung beginnt mit\u00a0dem Video ,, Im Schatten der Madonna\u201d. Es zeigt die Geschichte der Pilgerschaft von der Geschichte bis zur Gegenwart. Weiter geht es schliesslich mit insgesamt 300 Objekten, die grossteils aus dem Kloster Einsiedeln selbst stamen, darunter kostbare Gew\u00e4nder der Madonna, eine K\u00f6nigskrone und ein osmanischer Teppich. Auch ein Modell des Stifts gibt es zu sehen.<\/p>\n<p>Die Ausstellung ist sehr gut gemacht, auch ein interaktiver Guide, den man auf das pers\u00f6nliche Natel laden kann, steht den Besuchern zur Verf\u00fcgung.<\/p>\n<p><strong>Riccardo Khoyi<\/strong><\/p>\n<p><em>Weiterf\u00fchrende Links: <\/em><\/p>\n<p>https:\/\/www.nationalmuseum.ch\/d\/microsites\/2017\/Zuerich\/Einsiedeln.php<\/p>\n<p>https:\/\/youtube\/LT0OxgGui7I.<\/p>\n<p><a href=\"https:\/\/i0.wp.com\/www.stiftsforum.ch\/blog\/wp-content\/uploads\/2017\/11\/IMG_2684.jpg\"><img data-attachment-id=\"1635\" data-permalink=\"https:\/\/www.stiftsforum.ch\/blog\/?attachment_id=1635\" data-orig-file=\"https:\/\/i0.wp.com\/www.stiftsforum.ch\/blog\/wp-content\/uploads\/2017\/11\/IMG_2684.jpg?fit=3456%2C5184&amp;ssl=1\" data-orig-size=\"3456,5184\" data-comments-opened=\"1\" data-image-meta=\"{&quot;aperture&quot;:&quot;3.5&quot;,&quot;credit&quot;:&quot;&quot;,&quot;camera&quot;:&quot;Canon EOS 1300D&quot;,&quot;caption&quot;:&quot;&quot;,&quot;created_timestamp&quot;:&quot;1509546269&quot;,&quot;copyright&quot;:&quot;&quot;,&quot;focal_length&quot;:&quot;21&quot;,&quot;iso&quot;:&quot;400&quot;,&quot;shutter_speed&quot;:&quot;0.25&quot;,&quot;title&quot;:&quot;&quot;,&quot;orientation&quot;:&quot;1&quot;}\" data-image-title=\"IMG_2684\" data-image-description=\"\" data-medium-file=\"https:\/\/i0.wp.com\/www.stiftsforum.ch\/blog\/wp-content\/uploads\/2017\/11\/IMG_2684.jpg?fit=200%2C300&amp;ssl=1\" data-large-file=\"https:\/\/i0.wp.com\/www.stiftsforum.ch\/blog\/wp-content\/uploads\/2017\/11\/IMG_2684.jpg?fit=683%2C1024&amp;ssl=1\" loading=\"lazy\" class=\"alignnone size-medium wp-image-1635\" src=\"https:\/\/i0.wp.com\/www.stiftsforum.ch\/blog\/wp-content\/uploads\/2017\/11\/IMG_2684.jpg?resize=200%2C300\" alt=\"\" width=\"200\" height=\"300\" srcset=\"https:\/\/i0.wp.com\/www.stiftsforum.ch\/blog\/wp-content\/uploads\/2017\/11\/IMG_2684.jpg?resize=200%2C300&amp;ssl=1 200w, https:\/\/i0.wp.com\/www.stiftsforum.ch\/blog\/wp-content\/uploads\/2017\/11\/IMG_2684.jpg?resize=768%2C1152&amp;ssl=1 768w, https:\/\/i0.wp.com\/www.stiftsforum.ch\/blog\/wp-content\/uploads\/2017\/11\/IMG_2684.jpg?resize=683%2C1024&amp;ssl=1 683w, https:\/\/i0.wp.com\/www.stiftsforum.ch\/blog\/wp-content\/uploads\/2017\/11\/IMG_2684.jpg?w=1600 1600w, https:\/\/i0.wp.com\/www.stiftsforum.ch\/blog\/wp-content\/uploads\/2017\/11\/IMG_2684.jpg?w=2400 2400w\" sizes=\"(max-width: 200px) 100vw, 200px\" data-recalc-dims=\"1\" \/><\/a> <img data-attachment-id=\"1640\" data-permalink=\"https:\/\/www.stiftsforum.ch\/blog\/?attachment_id=1640\" data-orig-file=\"https:\/\/i0.wp.com\/www.stiftsforum.ch\/blog\/wp-content\/uploads\/2017\/11\/IMG_2695.jpg?fit=3870%2C3282&amp;ssl=1\" data-orig-size=\"3870,3282\" data-comments-opened=\"1\" data-image-meta=\"{&quot;aperture&quot;:&quot;5.6&quot;,&quot;credit&quot;:&quot;&quot;,&quot;camera&quot;:&quot;Canon EOS 1300D&quot;,&quot;caption&quot;:&quot;&quot;,&quot;created_timestamp&quot;:&quot;1509547176&quot;,&quot;copyright&quot;:&quot;&quot;,&quot;focal_length&quot;:&quot;21&quot;,&quot;iso&quot;:&quot;100&quot;,&quot;shutter_speed&quot;:&quot;0.5&quot;,&quot;title&quot;:&quot;&quot;,&quot;orientation&quot;:&quot;1&quot;}\" data-image-title=\"IMG_2695\" data-image-description=\"\" data-medium-file=\"https:\/\/i0.wp.com\/www.stiftsforum.ch\/blog\/wp-content\/uploads\/2017\/11\/IMG_2695.jpg?fit=300%2C254&amp;ssl=1\" data-large-file=\"https:\/\/i0.wp.com\/www.stiftsforum.ch\/blog\/wp-content\/uploads\/2017\/11\/IMG_2695.jpg?fit=800%2C678&amp;ssl=1\" loading=\"lazy\" class=\"alignnone  wp-image-1640\" src=\"https:\/\/i0.wp.com\/www.stiftsforum.ch\/blog\/wp-content\/uploads\/2017\/11\/IMG_2695.jpg?resize=356%2C301\" alt=\"\" width=\"356\" height=\"301\" srcset=\"https:\/\/i0.wp.com\/www.stiftsforum.ch\/blog\/wp-content\/uploads\/2017\/11\/IMG_2695.jpg?resize=300%2C254&amp;ssl=1 300w, https:\/\/i0.wp.com\/www.stiftsforum.ch\/blog\/wp-content\/uploads\/2017\/11\/IMG_2695.jpg?resize=768%2C651&amp;ssl=1 768w, https:\/\/i0.wp.com\/www.stiftsforum.ch\/blog\/wp-content\/uploads\/2017\/11\/IMG_2695.jpg?resize=1024%2C868&amp;ssl=1 1024w, https:\/\/i0.wp.com\/www.stiftsforum.ch\/blog\/wp-content\/uploads\/2017\/11\/IMG_2695.jpg?w=1600 1600w, https:\/\/i0.wp.com\/www.stiftsforum.ch\/blog\/wp-content\/uploads\/2017\/11\/IMG_2695.jpg?w=2400 2400w\" sizes=\"(max-width: 356px) 100vw, 356px\" data-recalc-dims=\"1\" \/><a href=\"https:\/\/i1.wp.com\/www.stiftsforum.ch\/blog\/wp-content\/uploads\/2017\/11\/IMG_2707.jpg\"><img data-attachment-id=\"1637\" data-permalink=\"https:\/\/www.stiftsforum.ch\/blog\/?attachment_id=1637\" data-orig-file=\"https:\/\/i1.wp.com\/www.stiftsforum.ch\/blog\/wp-content\/uploads\/2017\/11\/IMG_2707.jpg?fit=4957%2C3383&amp;ssl=1\" data-orig-size=\"4957,3383\" data-comments-opened=\"1\" data-image-meta=\"{&quot;aperture&quot;:&quot;5&quot;,&quot;credit&quot;:&quot;&quot;,&quot;camera&quot;:&quot;Canon EOS 1300D&quot;,&quot;caption&quot;:&quot;&quot;,&quot;created_timestamp&quot;:&quot;1509548183&quot;,&quot;copyright&quot;:&quot;&quot;,&quot;focal_length&quot;:&quot;28&quot;,&quot;iso&quot;:&quot;100&quot;,&quot;shutter_speed&quot;:&quot;0.2&quot;,&quot;title&quot;:&quot;&quot;,&quot;orientation&quot;:&quot;1&quot;}\" data-image-title=\"IMG_2707\" data-image-description=\"\" data-medium-file=\"https:\/\/i1.wp.com\/www.stiftsforum.ch\/blog\/wp-content\/uploads\/2017\/11\/IMG_2707.jpg?fit=300%2C205&amp;ssl=1\" data-large-file=\"https:\/\/i1.wp.com\/www.stiftsforum.ch\/blog\/wp-content\/uploads\/2017\/11\/IMG_2707.jpg?fit=800%2C546&amp;ssl=1\" loading=\"lazy\" class=\"alignnone  wp-image-1637\" src=\"https:\/\/i1.wp.com\/www.stiftsforum.ch\/blog\/wp-content\/uploads\/2017\/11\/IMG_2707.jpg?resize=432%2C295\" alt=\"\" width=\"432\" height=\"295\" srcset=\"https:\/\/i1.wp.com\/www.stiftsforum.ch\/blog\/wp-content\/uploads\/2017\/11\/IMG_2707.jpg?resize=300%2C205&amp;ssl=1 300w, https:\/\/i1.wp.com\/www.stiftsforum.ch\/blog\/wp-content\/uploads\/2017\/11\/IMG_2707.jpg?resize=768%2C524&amp;ssl=1 768w, https:\/\/i1.wp.com\/www.stiftsforum.ch\/blog\/wp-content\/uploads\/2017\/11\/IMG_2707.jpg?resize=1024%2C699&amp;ssl=1 1024w, https:\/\/i1.wp.com\/www.stiftsforum.ch\/blog\/wp-content\/uploads\/2017\/11\/IMG_2707.jpg?w=1600 1600w, https:\/\/i1.wp.com\/www.stiftsforum.ch\/blog\/wp-content\/uploads\/2017\/11\/IMG_2707.jpg?w=2400 2400w\" sizes=\"(max-width: 432px) 100vw, 432px\" data-recalc-dims=\"1\" \/><\/a> <a href=\"https:\/\/i2.wp.com\/www.stiftsforum.ch\/blog\/wp-content\/uploads\/2017\/11\/IMG_2706.jpg\"><img data-attachment-id=\"1638\" data-permalink=\"https:\/\/www.stiftsforum.ch\/blog\/?attachment_id=1638\" data-orig-file=\"https:\/\/i2.wp.com\/www.stiftsforum.ch\/blog\/wp-content\/uploads\/2017\/11\/IMG_2706.jpg?fit=2736%2C2700&amp;ssl=1\" data-orig-size=\"2736,2700\" data-comments-opened=\"1\" data-image-meta=\"{&quot;aperture&quot;:&quot;5&quot;,&quot;credit&quot;:&quot;&quot;,&quot;camera&quot;:&quot;Canon EOS 1300D&quot;,&quot;caption&quot;:&quot;&quot;,&quot;created_timestamp&quot;:&quot;1509548161&quot;,&quot;copyright&quot;:&quot;&quot;,&quot;focal_length&quot;:&quot;40&quot;,&quot;iso&quot;:&quot;100&quot;,&quot;shutter_speed&quot;:&quot;0.2&quot;,&quot;title&quot;:&quot;&quot;,&quot;orientation&quot;:&quot;1&quot;}\" data-image-title=\"IMG_2706\" data-image-description=\"\" data-medium-file=\"https:\/\/i2.wp.com\/www.stiftsforum.ch\/blog\/wp-content\/uploads\/2017\/11\/IMG_2706.jpg?fit=300%2C296&amp;ssl=1\" data-large-file=\"https:\/\/i2.wp.com\/www.stiftsforum.ch\/blog\/wp-content\/uploads\/2017\/11\/IMG_2706.jpg?fit=800%2C790&amp;ssl=1\" loading=\"lazy\" class=\"alignnone size-medium wp-image-1638\" src=\"https:\/\/i2.wp.com\/www.stiftsforum.ch\/blog\/wp-content\/uploads\/2017\/11\/IMG_2706.jpg?resize=300%2C296\" alt=\"\" width=\"300\" height=\"296\" srcset=\"https:\/\/i2.wp.com\/www.stiftsforum.ch\/blog\/wp-content\/uploads\/2017\/11\/IMG_2706.jpg?resize=300%2C296&amp;ssl=1 300w, https:\/\/i2.wp.com\/www.stiftsforum.ch\/blog\/wp-content\/uploads\/2017\/11\/IMG_2706.jpg?resize=768%2C758&amp;ssl=1 768w, https:\/\/i2.wp.com\/www.stiftsforum.ch\/blog\/wp-content\/uploads\/2017\/11\/IMG_2706.jpg?resize=1024%2C1011&amp;ssl=1 1024w, https:\/\/i2.wp.com\/www.stiftsforum.ch\/blog\/wp-content\/uploads\/2017\/11\/IMG_2706.jpg?w=1600 1600w, https:\/\/i2.wp.com\/www.stiftsforum.ch\/blog\/wp-content\/uploads\/2017\/11\/IMG_2706.jpg?w=2400 2400w\" sizes=\"(max-width: 300px) 100vw, 300px\" data-recalc-dims=\"1\" \/><\/a><a href=\"https:\/\/i0.wp.com\/www.stiftsforum.ch\/blog\/wp-content\/uploads\/2017\/11\/IMG_2709.jpg\"><img data-attachment-id=\"1636\" data-permalink=\"https:\/\/www.stiftsforum.ch\/blog\/?attachment_id=1636\" data-orig-file=\"https:\/\/i0.wp.com\/www.stiftsforum.ch\/blog\/wp-content\/uploads\/2017\/11\/IMG_2709.jpg?fit=5184%2C3456&amp;ssl=1\" data-orig-size=\"5184,3456\" data-comments-opened=\"1\" data-image-meta=\"{&quot;aperture&quot;:&quot;5&quot;,&quot;credit&quot;:&quot;&quot;,&quot;camera&quot;:&quot;Canon EOS 1300D&quot;,&quot;caption&quot;:&quot;&quot;,&quot;created_timestamp&quot;:&quot;1509548371&quot;,&quot;copyright&quot;:&quot;&quot;,&quot;focal_length&quot;:&quot;18&quot;,&quot;iso&quot;:&quot;100&quot;,&quot;shutter_speed&quot;:&quot;0.25&quot;,&quot;title&quot;:&quot;&quot;,&quot;orientation&quot;:&quot;1&quot;}\" data-image-title=\"IMG_2709\" data-image-description=\"\" data-medium-file=\"https:\/\/i0.wp.com\/www.stiftsforum.ch\/blog\/wp-content\/uploads\/2017\/11\/IMG_2709.jpg?fit=300%2C200&amp;ssl=1\" data-large-file=\"https:\/\/i0.wp.com\/www.stiftsforum.ch\/blog\/wp-content\/uploads\/2017\/11\/IMG_2709.jpg?fit=800%2C534&amp;ssl=1\" loading=\"lazy\" class=\"alignnone  wp-image-1636\" src=\"https:\/\/i0.wp.com\/www.stiftsforum.ch\/blog\/wp-content\/uploads\/2017\/11\/IMG_2709.jpg?resize=458%2C305\" alt=\"\" width=\"458\" height=\"305\" srcset=\"https:\/\/i0.wp.com\/www.stiftsforum.ch\/blog\/wp-content\/uploads\/2017\/11\/IMG_2709.jpg?resize=300%2C200&amp;ssl=1 300w, https:\/\/i0.wp.com\/www.stiftsforum.ch\/blog\/wp-content\/uploads\/2017\/11\/IMG_2709.jpg?resize=768%2C512&amp;ssl=1 768w, https:\/\/i0.wp.com\/www.stiftsforum.ch\/blog\/wp-content\/uploads\/2017\/11\/IMG_2709.jpg?resize=1024%2C683&amp;ssl=1 1024w, https:\/\/i0.wp.com\/www.stiftsforum.ch\/blog\/wp-content\/uploads\/2017\/11\/IMG_2709.jpg?w=1600 1600w, https:\/\/i0.wp.com\/www.stiftsforum.ch\/blog\/wp-content\/uploads\/2017\/11\/IMG_2709.jpg?w=2400 2400w\" sizes=\"(max-width: 458px) 100vw, 458px\" data-recalc-dims=\"1\" \/><\/a><img data-attachment-id=\"1642\" data-permalink=\"https:\/\/www.stiftsforum.ch\/blog\/?attachment_id=1642\" data-orig-file=\"https:\/\/i2.wp.com\/www.stiftsforum.ch\/blog\/wp-content\/uploads\/2017\/11\/Plakat_Einsiedeln-e1512075045890.jpg?fit=457%2C640&amp;ssl=1\" data-orig-size=\"457,640\" data-comments-opened=\"1\" data-image-meta=\"{&quot;aperture&quot;:&quot;0&quot;,&quot;credit&quot;:&quot;&quot;,&quot;camera&quot;:&quot;&quot;,&quot;caption&quot;:&quot;&quot;,&quot;created_timestamp&quot;:&quot;0&quot;,&quot;copyright&quot;:&quot;&quot;,&quot;focal_length&quot;:&quot;0&quot;,&quot;iso&quot;:&quot;0&quot;,&quot;shutter_speed&quot;:&quot;0&quot;,&quot;title&quot;:&quot;&quot;,&quot;orientation&quot;:&quot;0&quot;}\" data-image-title=\"Plakat_Einsiedeln\" data-image-description=\"\" data-medium-file=\"https:\/\/i2.wp.com\/www.stiftsforum.ch\/blog\/wp-content\/uploads\/2017\/11\/Plakat_Einsiedeln-e1512075045890.jpg?fit=214%2C300&amp;ssl=1\" data-large-file=\"https:\/\/i2.wp.com\/www.stiftsforum.ch\/blog\/wp-content\/uploads\/2017\/11\/Plakat_Einsiedeln-e1512075045890.jpg?fit=731%2C1024&amp;ssl=1\" loading=\"lazy\" class=\"alignnone  wp-image-1642\" src=\"https:\/\/i1.wp.com\/www.stiftsforum.ch\/blog\/wp-content\/uploads\/2017\/11\/Plakat_Einsiedeln.jpg?resize=217%2C304\" alt=\"\" width=\"217\" height=\"304\" data-recalc-dims=\"1\" \/><\/p>\n","protected":false},"excerpt":{"rendered":"<p>Seit dem 16. September und noch bis zum 21. Januar gib es eine Austellung \u00fcber das Klostern Einsiedeln im Landesmusem<\/p>\n","protected":false},"author":9,"featured_media":1642,"comment_status":"open","ping_status":"closed","sticky":false,"template":"","format":"standard","meta":{"spay_email":"","jetpack_publicize_message":"","jetpack_is_tweetstorm":false},"categories":[3],"tags":[],"jetpack_featured_media_url":"https:\/\/i2.wp.com\/www.stiftsforum.ch\/blog\/wp-content\/uploads\/2017\/11\/Plakat_Einsiedeln-e1512075045890.jpg?fit=457%2C640&ssl=1","jetpack_publicize_connections":[],"jetpack_sharing_enabled":true,"jetpack_shortlink":"https:\/\/wp.me\/p9nzRF-q9","jetpack_likes_enabled":true,"jetpack-related-posts":[{"id":6658,"url":"https:\/\/www.stiftsforum.ch\/blog\/?p=6658","url_meta":{"origin":1621,"position":0},"title":"Der Heilige Meinrad - Ein Hohenzoller?","date":"M\u00e4rz 17, 2024","format":false,"excerpt":"13.M\u00e4rz 2024\/Stiftsschule Einsiedeln: In einem Vortrag informierte P. Thomas interessierte Lehrpersonen \u00fcber seine vor kurzem abgeschlossene historische Forschung zu den Beziehungen des Hauses Hohenzollern zum Kloster Einsiedeln. Doch wie kam es dazu, dass das hohenzollersche Geschlecht in Kontakt mit Einsiedeln trat, eine jahrhundertelange Beziehung in Form von Briefen, Geschenken und\u2026","rel":"","context":"In &quot;Allgemein&quot;","img":{"alt_text":"","src":"https:\/\/i1.wp.com\/www.stiftsforum.ch\/blog\/wp-content\/uploads\/2024\/03\/Kaiser_Wilhelm_II_of_Germany_-_1902.jpg?fit=330%2C476&ssl=1&resize=350%2C200","width":350,"height":200},"classes":[]},{"id":6406,"url":"https:\/\/www.stiftsforum.ch\/blog\/?p=6406","url_meta":{"origin":1621,"position":1},"title":"Die zwei Raben","date":"September 20, 2023","format":false,"excerpt":"eine Legende aus Einsiedeln, nacherz\u00e4hlt von Katharina Vogelgesang, 1a Vor 1000 Jahren, im weit entfernten Mittelalter, lebte ein M\u00f6nch, dem etwas fehlte. Er hatte eine Sehnsucht nach Gott, der Einsamkeit und dem Frieden. Doch zun\u00e4chst besuchte er eine Klosterschule auf der Insel Reichenau, schon bald lie\u00df er sich aber auf\u2026","rel":"","context":"In &quot;Allgemein&quot;","img":{"alt_text":"","src":"https:\/\/i1.wp.com\/www.stiftsforum.ch\/blog\/wp-content\/uploads\/2023\/09\/landscape-670958_1280.jpg?fit=1200%2C800&ssl=1&resize=350%2C200","width":350,"height":200},"classes":[]},{"id":4130,"url":"https:\/\/www.stiftsforum.ch\/blog\/?p=4130","url_meta":{"origin":1621,"position":2},"title":"Niedergang und Neuanfang des 1000j\u00e4hrigen Klosters Einsiedeln","date":"Januar 25, 2021","format":false,"excerpt":"von Nooa Barman u. Kaemon Hasic Die Geschichte des Klosters reicht bis \u00fcber 1000 Jahren zur\u00fcck. Alles fing im Jahre 835 an, als der heilige Meinrad an der heutigen Stelle des Klosters eine Kapelle errichtete. Grausam ermordeten zwei R\u00e4uber den heiligen Meinrad am 21. Januar 861. Raben flogen den R\u00e4ubern\u2026","rel":"","context":"In &quot;Allgemein&quot;","img":{"alt_text":"","src":"https:\/\/i1.wp.com\/www.stiftsforum.ch\/blog\/wp-content\/uploads\/2021\/01\/Kloster.jpg?fit=1200%2C600&ssl=1&resize=350%2C200","width":350,"height":200},"classes":[]},{"id":6575,"url":"https:\/\/www.stiftsforum.ch\/blog\/?p=6575","url_meta":{"origin":1621,"position":3},"title":"Heizen heute - Besichtigung der Altholz- und Hackschnitzelverbrennungsanlage der Energie Einsiedeln AG","date":"Dezember 12, 2023","format":false,"excerpt":"von Maria Egartner Wir treffen uns auf dem Areal des Holzhofs des Klosters Einsiedeln. Wir, das sind Facility Manager Marco Dettling und vier interessierte Lehrpersonen, die an diesem Tag das Modul \u201eHeizen heute\u201c im Rahmen des Nachhaltigkeitshalbtags der Stiftsschule gew\u00e4hlt haben. Das geschnittene Holz ist in ordentlichen Lagen gestapelt, daneben\u2026","rel":"","context":"In &quot;Allgemein&quot;","img":{"alt_text":"","src":"https:\/\/i0.wp.com\/www.stiftsforum.ch\/blog\/wp-content\/uploads\/2023\/12\/20231207_134740_resized.jpg?fit=1156%2C867&ssl=1&resize=350%2C200","width":350,"height":200},"classes":[]},{"id":6514,"url":"https:\/\/www.stiftsforum.ch\/blog\/?p=6514","url_meta":{"origin":1621,"position":4},"title":"Junge Journalisten. Die Ringier-Journalistenschule zu Gast in Kloster und Stiftsschule Einsiedeln","date":"November 1, 2023","format":false,"excerpt":"-Von Penthesilea Glamheden, Scarlet V\u00f6gele, Rita Moser und Celine L\u00fcscher, 1b Am 25. Oktober 2023 besuchten 11 Studenten sowie Schulleiter Peter Hossli der Ringier Journalistenschule das Kloster und zwei Klassen der Stiftsschule Einsiedeln. \u00a0Die G\u00e4ste erz\u00e4hlten den Sch\u00fclern von ihrer Karriere als Journalisten und gaben ihnen Tipps mit auf den\u2026","rel":"","context":"In &quot;Allgemein&quot;","img":{"alt_text":"","src":"https:\/\/i0.wp.com\/www.stiftsforum.ch\/blog\/wp-content\/uploads\/2023\/11\/20231025_151031_resized.jpg?fit=1156%2C867&ssl=1&resize=350%2C200","width":350,"height":200},"classes":[]},{"id":4517,"url":"https:\/\/www.stiftsforum.ch\/blog\/?p=4517","url_meta":{"origin":1621,"position":5},"title":"Was verbirgt sich unter den Pflastersteinen?","date":"September 23, 2021","format":false,"excerpt":"Ein Vortrag im Internat zur Klosterplatz-Arch\u00e4ologie. von Francesco De Vecchi \u00abWarum w\u00e4chst das Erdniveau eigentlich stetig?\u00bb Diese Frage des Internatssch\u00fclers Melchior am Ende des Vortrages von Frau Marty im Internat hat es in sich. Es ist nicht leicht f\u00fcr uns heute nachzuvollziehen, weshalb sich unter dem aktuell entstehenden Klosterplatz noch\u2026","rel":"","context":"In &quot;Allgemein&quot;","img":{"alt_text":"","src":"https:\/\/i2.wp.com\/www.stiftsforum.ch\/blog\/wp-content\/uploads\/2021\/09\/thumbnail_IMG_9880.jpg?fit=1200%2C900&ssl=1&resize=350%2C200","width":350,"height":200},"classes":[]}],"_links":{"self":[{"href":"https:\/\/www.stiftsforum.ch\/blog\/index.php?rest_route=\/wp\/v2\/posts\/1621"}],"collection":[{"href":"https:\/\/www.stiftsforum.ch\/blog\/index.php?rest_route=\/wp\/v2\/posts"}],"about":[{"href":"https:\/\/www.stiftsforum.ch\/blog\/index.php?rest_route=\/wp\/v2\/types\/post"}],"author":[{"embeddable":true,"href":"https:\/\/www.stiftsforum.ch\/blog\/index.php?rest_route=\/wp\/v2\/users\/9"}],"replies":[{"embeddable":true,"href":"https:\/\/www.stiftsforum.ch\/blog\/index.php?rest_route=%2Fwp%2Fv2%2Fcomments&post=1621"}],"version-history":[{"count":7,"href":"https:\/\/www.stiftsforum.ch\/blog\/index.php?rest_route=\/wp\/v2\/posts\/1621\/revisions"}],"predecessor-version":[{"id":1664,"href":"https:\/\/www.stiftsforum.ch\/blog\/index.php?rest_route=\/wp\/v2\/posts\/1621\/revisions\/1664"}],"wp:featuredmedia":[{"embeddable":true,"href":"https:\/\/www.stiftsforum.ch\/blog\/index.php?rest_route=\/wp\/v2\/media\/1642"}],"wp:attachment":[{"href":"https:\/\/www.stiftsforum.ch\/blog\/index.php?rest_route=%2Fwp%2Fv2%2Fmedia&parent=1621"}],"wp:term":[{"taxonomy":"category","embeddable":true,"href":"https:\/\/www.stiftsforum.ch\/blog\/index.php?rest_route=%2Fwp%2Fv2%2Fcategories&post=1621"},{"taxonomy":"post_tag","embeddable":true,"href":"https:\/\/www.stiftsforum.ch\/blog\/index.php?rest_route=%2Fwp%2Fv2%2Ftags&post=1621"}],"curies":[{"name":"wp","href":"https:\/\/api.w.org\/{rel}","templated":true}]}}