{"id":3041,"date":"2019-02-11T13:33:20","date_gmt":"2019-02-11T12:33:20","guid":{"rendered":"http:\/\/www.stiftsforum.ch\/blog\/?p=3041"},"modified":"2019-04-17T22:32:31","modified_gmt":"2019-04-17T21:32:31","slug":"wie-wir-dem-planeten-mit-unseren-smartphones-schaden-ein-lego-film","status":"publish","type":"post","link":"https:\/\/www.stiftsforum.ch\/blog\/?p=3041","title":{"rendered":"Wie wir dem Planeten mit unseren Smartphones schaden &#8211; Ein Lego-Film"},"content":{"rendered":"\n<figure class=\"wp-block-embed-youtube wp-block-embed is-type-video is-provider-youtube wp-embed-aspect-16-9 wp-has-aspect-ratio\"><div class=\"wp-block-embed__wrapper\">\n<span class=\"embed-youtube\" style=\"text-align:center; display: block;\"><iframe class='youtube-player' width='800' height='450' src='https:\/\/www.youtube.com\/embed\/ESwLKG8cehw?version=3&#038;rel=1&#038;showsearch=0&#038;showinfo=1&#038;iv_load_policy=1&#038;fs=1&#038;hl=de-DE&#038;autohide=2&#038;wmode=transparent' allowfullscreen='true' style='border:0;' sandbox='allow-scripts allow-same-origin allow-popups allow-presentation'><\/iframe><\/span>\n<\/div><\/figure>\n\n\n\n<p>Beinahe jeder hat heute ein Handy. Im Durchschnitt brauchen wir es pro Tag 88-mal . Und alle paar Jahre gibt es wieder ein neues Handy &#8211; auch wenn das alte eigentlich oft noch funktioniert. Dies ist, wenn man sich bewusst ist, wie Smartphones hergestellt werden, ein massloser Konsum, mit welchem wir nicht nur Arbeiter in Entwicklungsl\u00e4ndern, sondern auch unsere Umwelt belasten.<\/p>\n\n\n\n<p style=\"text-align:right\"><em>Valentin M\u00fcller, 3b<\/em><\/p>\n","protected":false},"excerpt":{"rendered":"<p>Beinahe jeder hat heute ein Handy. Im Durchschnitt brauchen wir es pro Tag 88-mal . Und alle paar Jahre gibt<\/p>\n","protected":false},"author":1,"featured_media":3054,"comment_status":"open","ping_status":"closed","sticky":false,"template":"","format":"video","meta":{"spay_email":"","jetpack_publicize_message":"","jetpack_is_tweetstorm":false},"categories":[35,54],"tags":[],"jetpack_featured_media_url":"https:\/\/i1.wp.com\/www.stiftsforum.ch\/blog\/wp-content\/uploads\/2019\/02\/thumbnail_-_Kopie-jpeg.jpg?fit=2547%2C1475&ssl=1","jetpack_publicize_connections":[],"jetpack_sharing_enabled":true,"jetpack_shortlink":"https:\/\/wp.me\/p9nzRF-N3","jetpack_likes_enabled":true,"jetpack-related-posts":[{"id":2959,"url":"https:\/\/www.stiftsforum.ch\/blog\/?p=2959","url_meta":{"origin":3041,"position":0},"title":"World Wide Prison","date":"Januar 10, 2019","format":false,"excerpt":"Vom erfolglosen Versuch, f\u00fcr zwei Wochen dem Internet zu entfliehen Das Internet ist aus unserem Alltag nicht mehr wegzudenken. Viele gehen nicht mehr ohne ihr Smartphone aus dem Haus. Und auch ich brauche das Internet und meinen Computer eher h\u00e4ufig. Manchmal auch mit schlechtem Gewissen. Statt auf Wikipedia Artikel \u00fcber\u2026","rel":"","context":"In &quot;Digitalisierung&quot;","img":{"alt_text":"","src":"https:\/\/i2.wp.com\/www.stiftsforum.ch\/blog\/wp-content\/uploads\/2019\/01\/Gefangen-im-Smartphone-4.jpg?fit=1200%2C784&ssl=1&resize=350%2C200","width":350,"height":200},"classes":[]},{"id":4959,"url":"https:\/\/www.stiftsforum.ch\/blog\/?p=4959","url_meta":{"origin":3041,"position":1},"title":"Rasende Reporter der Redaktion","date":"Dezember 16, 2021","format":false,"excerpt":"Viviana Lindemann: Wie es ist, in der Schulredaktion zu sein Es ist 16:09 an einem gew\u00f6hnlichem Dienstag. In einer Minute ist Pause und dann habe ich Schulredaktion. W\u00e4hrend der Lehrer uns noch schnell die Hausaufgaben sagt, bin ich mit dem Kopf schon bei meinem neusten Bericht. Endlich, der Zeiger hat\u2026","rel":"","context":"In &quot;Das Team&quot;","img":{"alt_text":"","src":"https:\/\/i2.wp.com\/www.stiftsforum.ch\/blog\/wp-content\/uploads\/2021\/12\/20211123_162210_resized-2.jpg?fit=867%2C1156&ssl=1&resize=350%2C200","width":350,"height":200},"classes":[]},{"id":6691,"url":"https:\/\/www.stiftsforum.ch\/blog\/?p=6691","url_meta":{"origin":3041,"position":2},"title":"Was ist das: Griechischunterricht?","date":"September 12, 2024","format":false,"excerpt":"Seit letzter Woche findet auch der Griechischunterricht an der Stiftsschule wieder statt. Ich bitte eine Sch\u00fclerin, jede Woche von ihren Eindr\u00fccken zu erz\u00e4hlen. Was ist bemerkenswert an der vergangenen Stunde? Man diktiert mir Beobachtungen und ich schreibe mit. Damit hoffen wir, einem weiteren interessierten Publikum Einblicke zu gew\u00e4hren in einen\u2026","rel":"","context":"In &quot;Anthologie aus dem Griechischunterricht&quot;","img":{"alt_text":"","src":"https:\/\/i0.wp.com\/www.stiftsforum.ch\/blog\/wp-content\/uploads\/2024\/09\/IMG_0041-scaled.jpg?resize=350%2C200&ssl=1","width":350,"height":200},"classes":[]},{"id":4141,"url":"https:\/\/www.stiftsforum.ch\/blog\/?p=4141","url_meta":{"origin":3041,"position":3},"title":"\u00abErebos ist zur\u00fcck\u2026 und es hat dazu gelernt\u00bb","date":"Januar 25, 2021","format":false,"excerpt":"von Dominick Lothenbach, 1d \u00abSeit ich bescheid weiss, habe ich keine Nacht mehr l\u00e4nger als drei Stunden geschlafen.\u00bb Mit diesen Worten beginnt der Jugendroman Erebos 2. Die erste Hauptfigur ist der 26-j\u00e4hrige Student Nick Dunmore. Er versucht sein Studium als Hochzeitsfotograf zu finanzieren. Als Nick gerade von einem Auftrag zur\u00fcck\u2026","rel":"","context":"In &quot;Buchkritik&quot;","img":{"alt_text":"","src":"https:\/\/i2.wp.com\/www.stiftsforum.ch\/blog\/wp-content\/uploads\/2021\/01\/erebos-bild-journalism-scaled.jpg?fit=786%2C1200&ssl=1&resize=350%2C200","width":350,"height":200},"classes":[]},{"id":1525,"url":"https:\/\/www.stiftsforum.ch\/blog\/?p=1525","url_meta":{"origin":3041,"position":4},"title":"Einweihung des neuen Internatstraktes der Stiftsschule und 10 Jahre Internat \u00e0 la carte","date":"November 17, 2017","format":false,"excerpt":"R\u00fcckblick, Einblick und Ausblick Vergangen Donnerstag wurde der neue Internatstrakt der Stiftsschule Einsiedeln feierlich er\u00f6ffnet. Zu den bestehenden 45 Zimmer kommen durch den Umbau 8 zus\u00e4tzliche Zimmer hinzu. Die r\u00e4umliche Endgr\u00f6sse ist nun nach 10 Jahren erreicht. Abt Urban weihte die neuen R\u00e4umlichkeiten feierlich ein, beim anschliessenden Ap\u00e9ro konnten die\u2026","rel":"","context":"In &quot;Allgemein&quot;","img":{"alt_text":"","src":"https:\/\/i2.wp.com\/www.stiftsforum.ch\/blog\/wp-content\/uploads\/2017\/11\/bild-1.jpg?fit=659%2C600&ssl=1&resize=350%2C200","width":350,"height":200},"classes":[]},{"id":2976,"url":"https:\/\/www.stiftsforum.ch\/blog\/?p=2976","url_meta":{"origin":3041,"position":5},"title":"#Hashtag","date":"Januar 18, 2019","format":false,"excerpt":"von Tara Zehnder (6a) F\u00fcr die meisten Digital-Natives ein Begriff, f\u00fcr alle anderen oft ein Fremdwort. Die Rede ist von den blauen Worten, die jeweils in sozialen Medien an ein Nummer Zeichen angeh\u00e4ngt sind. #zumBeispielso. Eigentlich sind sie eine Art von Einordnung. Allerdings alle ein bisschen unseri\u00f6s. Hashtags sind manchmal\u2026","rel":"","context":"In &quot;Kommentar&quot;","img":{"alt_text":"","src":"https:\/\/i2.wp.com\/www.stiftsforum.ch\/blog\/wp-content\/uploads\/2019\/01\/hashtag.jpg?fit=1200%2C801&ssl=1&resize=350%2C200","width":350,"height":200},"classes":[]}],"_links":{"self":[{"href":"https:\/\/www.stiftsforum.ch\/blog\/index.php?rest_route=\/wp\/v2\/posts\/3041"}],"collection":[{"href":"https:\/\/www.stiftsforum.ch\/blog\/index.php?rest_route=\/wp\/v2\/posts"}],"about":[{"href":"https:\/\/www.stiftsforum.ch\/blog\/index.php?rest_route=\/wp\/v2\/types\/post"}],"author":[{"embeddable":true,"href":"https:\/\/www.stiftsforum.ch\/blog\/index.php?rest_route=\/wp\/v2\/users\/1"}],"replies":[{"embeddable":true,"href":"https:\/\/www.stiftsforum.ch\/blog\/index.php?rest_route=%2Fwp%2Fv2%2Fcomments&post=3041"}],"version-history":[{"count":2,"href":"https:\/\/www.stiftsforum.ch\/blog\/index.php?rest_route=\/wp\/v2\/posts\/3041\/revisions"}],"predecessor-version":[{"id":3063,"href":"https:\/\/www.stiftsforum.ch\/blog\/index.php?rest_route=\/wp\/v2\/posts\/3041\/revisions\/3063"}],"wp:featuredmedia":[{"embeddable":true,"href":"https:\/\/www.stiftsforum.ch\/blog\/index.php?rest_route=\/wp\/v2\/media\/3054"}],"wp:attachment":[{"href":"https:\/\/www.stiftsforum.ch\/blog\/index.php?rest_route=%2Fwp%2Fv2%2Fmedia&parent=3041"}],"wp:term":[{"taxonomy":"category","embeddable":true,"href":"https:\/\/www.stiftsforum.ch\/blog\/index.php?rest_route=%2Fwp%2Fv2%2Fcategories&post=3041"},{"taxonomy":"post_tag","embeddable":true,"href":"https:\/\/www.stiftsforum.ch\/blog\/index.php?rest_route=%2Fwp%2Fv2%2Ftags&post=3041"}],"curies":[{"name":"wp","href":"https:\/\/api.w.org\/{rel}","templated":true}]}}