{"id":3232,"date":"2019-04-10T21:30:08","date_gmt":"2019-04-10T20:30:08","guid":{"rendered":"http:\/\/www.stiftsforum.ch\/blog\/?p=3232"},"modified":"2019-04-17T23:01:12","modified_gmt":"2019-04-17T22:01:12","slug":"go-math-matheexkursion-an-die-eth","status":"publish","type":"post","link":"https:\/\/www.stiftsforum.ch\/blog\/?p=3232","title":{"rendered":"Go math! &#8211; Matheexkursion an die ETH"},"content":{"rendered":"\n<p>21.3. 2019 Z\u00fcrich: Das Symposium &#8220;Go math&#8221; an der ETH r\u00fcckte dieses Jahr Frauen in der Mathematik in den Mittelpunkt. Neben dem Besuch einer Ausstellung \u00fcber Mathematikerinnen konnten die 4ab in der Begleitung von Frau Brunner auch einen Einblick in die &#8220;echte&#8221; universit\u00e4re Mathematik gewinnen. Angeleitet von engagierten StudentInnen kam auch das praktische Selber Ausprobieren nicht zu kurz. <\/p>\n\n\n\n<ul data-carousel-extra='{\"blog_id\":1,\"permalink\":\"https:\\\/\\\/www.stiftsforum.ch\\\/blog\\\/?p=3232\"}' class=\"wp-block-gallery columns-3 is-cropped\"><li class=\"blocks-gallery-item\"><figure><img data-attachment-id=\"3234\" data-permalink=\"https:\/\/www.stiftsforum.ch\/blog\/?attachment_id=3234\" data-orig-file=\"https:\/\/i1.wp.com\/www.stiftsforum.ch\/blog\/wp-content\/uploads\/2019\/03\/20190321_101130.jpg?fit=4032%2C3024&amp;ssl=1\" data-orig-size=\"4032,3024\" data-comments-opened=\"1\" data-image-meta=\"{&quot;aperture&quot;:&quot;1.7&quot;,&quot;credit&quot;:&quot;&quot;,&quot;camera&quot;:&quot;SM-G930F&quot;,&quot;caption&quot;:&quot;&quot;,&quot;created_timestamp&quot;:&quot;1553163090&quot;,&quot;copyright&quot;:&quot;&quot;,&quot;focal_length&quot;:&quot;4.2&quot;,&quot;iso&quot;:&quot;200&quot;,&quot;shutter_speed&quot;:&quot;0.03030303030303&quot;,&quot;title&quot;:&quot;&quot;,&quot;orientation&quot;:&quot;1&quot;}\" data-image-title=\"20190321_101130\" data-image-description=\"\" data-medium-file=\"https:\/\/i1.wp.com\/www.stiftsforum.ch\/blog\/wp-content\/uploads\/2019\/03\/20190321_101130.jpg?fit=300%2C225&amp;ssl=1\" data-large-file=\"https:\/\/i1.wp.com\/www.stiftsforum.ch\/blog\/wp-content\/uploads\/2019\/03\/20190321_101130.jpg?fit=800%2C600&amp;ssl=1\" loading=\"lazy\" width=\"4032\" height=\"3024\" src=\"https:\/\/i1.wp.com\/www.stiftsforum.ch\/blog\/wp-content\/uploads\/2019\/03\/20190321_101130.jpg?fit=800%2C600\" alt=\"\" data-id=\"3234\" data-link=\"http:\/\/www.stiftsforum.ch\/blog\/?attachment_id=3234\" class=\"wp-image-3234\" srcset=\"https:\/\/i1.wp.com\/www.stiftsforum.ch\/blog\/wp-content\/uploads\/2019\/03\/20190321_101130.jpg?w=4032&amp;ssl=1 4032w, https:\/\/i1.wp.com\/www.stiftsforum.ch\/blog\/wp-content\/uploads\/2019\/03\/20190321_101130.jpg?resize=300%2C225&amp;ssl=1 300w, https:\/\/i1.wp.com\/www.stiftsforum.ch\/blog\/wp-content\/uploads\/2019\/03\/20190321_101130.jpg?resize=768%2C576&amp;ssl=1 768w, https:\/\/i1.wp.com\/www.stiftsforum.ch\/blog\/wp-content\/uploads\/2019\/03\/20190321_101130.jpg?resize=1024%2C768&amp;ssl=1 1024w, https:\/\/i1.wp.com\/www.stiftsforum.ch\/blog\/wp-content\/uploads\/2019\/03\/20190321_101130.jpg?w=1600 1600w, https:\/\/i1.wp.com\/www.stiftsforum.ch\/blog\/wp-content\/uploads\/2019\/03\/20190321_101130.jpg?w=2400 2400w\" sizes=\"(max-width: 800px) 100vw, 800px\" \/><\/figure><\/li><li class=\"blocks-gallery-item\"><figure><img data-attachment-id=\"3235\" data-permalink=\"https:\/\/www.stiftsforum.ch\/blog\/?attachment_id=3235\" data-orig-file=\"https:\/\/i0.wp.com\/www.stiftsforum.ch\/blog\/wp-content\/uploads\/2019\/03\/20190321_101149.jpg?fit=4032%2C3024&amp;ssl=1\" data-orig-size=\"4032,3024\" data-comments-opened=\"1\" data-image-meta=\"{&quot;aperture&quot;:&quot;1.7&quot;,&quot;credit&quot;:&quot;&quot;,&quot;camera&quot;:&quot;SM-G930F&quot;,&quot;caption&quot;:&quot;&quot;,&quot;created_timestamp&quot;:&quot;1553163108&quot;,&quot;copyright&quot;:&quot;&quot;,&quot;focal_length&quot;:&quot;4.2&quot;,&quot;iso&quot;:&quot;200&quot;,&quot;shutter_speed&quot;:&quot;0.03030303030303&quot;,&quot;title&quot;:&quot;&quot;,&quot;orientation&quot;:&quot;6&quot;}\" data-image-title=\"20190321_101149\" data-image-description=\"\" data-medium-file=\"https:\/\/i0.wp.com\/www.stiftsforum.ch\/blog\/wp-content\/uploads\/2019\/03\/20190321_101149.jpg?fit=300%2C225&amp;ssl=1\" data-large-file=\"https:\/\/i0.wp.com\/www.stiftsforum.ch\/blog\/wp-content\/uploads\/2019\/03\/20190321_101149.jpg?fit=800%2C600&amp;ssl=1\" loading=\"lazy\" width=\"4032\" height=\"3024\" src=\"https:\/\/i0.wp.com\/www.stiftsforum.ch\/blog\/wp-content\/uploads\/2019\/03\/20190321_101149.jpg?fit=800%2C600\" alt=\"\" data-id=\"3235\" data-link=\"http:\/\/www.stiftsforum.ch\/blog\/?attachment_id=3235\" class=\"wp-image-3235\" srcset=\"https:\/\/i0.wp.com\/www.stiftsforum.ch\/blog\/wp-content\/uploads\/2019\/03\/20190321_101149.jpg?w=4032&amp;ssl=1 4032w, https:\/\/i0.wp.com\/www.stiftsforum.ch\/blog\/wp-content\/uploads\/2019\/03\/20190321_101149.jpg?resize=300%2C225&amp;ssl=1 300w, https:\/\/i0.wp.com\/www.stiftsforum.ch\/blog\/wp-content\/uploads\/2019\/03\/20190321_101149.jpg?resize=768%2C576&amp;ssl=1 768w, https:\/\/i0.wp.com\/www.stiftsforum.ch\/blog\/wp-content\/uploads\/2019\/03\/20190321_101149.jpg?resize=1024%2C768&amp;ssl=1 1024w, https:\/\/i0.wp.com\/www.stiftsforum.ch\/blog\/wp-content\/uploads\/2019\/03\/20190321_101149.jpg?w=1600 1600w, https:\/\/i0.wp.com\/www.stiftsforum.ch\/blog\/wp-content\/uploads\/2019\/03\/20190321_101149.jpg?w=2400 2400w\" sizes=\"(max-width: 800px) 100vw, 800px\" \/><\/figure><\/li><li class=\"blocks-gallery-item\"><figure><img data-attachment-id=\"3236\" data-permalink=\"https:\/\/www.stiftsforum.ch\/blog\/?attachment_id=3236\" data-orig-file=\"https:\/\/i2.wp.com\/www.stiftsforum.ch\/blog\/wp-content\/uploads\/2019\/03\/20190321_104536.jpg?fit=4032%2C3024&amp;ssl=1\" data-orig-size=\"4032,3024\" data-comments-opened=\"1\" data-image-meta=\"{&quot;aperture&quot;:&quot;1.7&quot;,&quot;credit&quot;:&quot;&quot;,&quot;camera&quot;:&quot;SM-G930F&quot;,&quot;caption&quot;:&quot;&quot;,&quot;created_timestamp&quot;:&quot;1553165135&quot;,&quot;copyright&quot;:&quot;&quot;,&quot;focal_length&quot;:&quot;4.2&quot;,&quot;iso&quot;:&quot;50&quot;,&quot;shutter_speed&quot;:&quot;0.02&quot;,&quot;title&quot;:&quot;&quot;,&quot;orientation&quot;:&quot;1&quot;}\" data-image-title=\"20190321_104536\" data-image-description=\"\" data-medium-file=\"https:\/\/i2.wp.com\/www.stiftsforum.ch\/blog\/wp-content\/uploads\/2019\/03\/20190321_104536.jpg?fit=300%2C225&amp;ssl=1\" data-large-file=\"https:\/\/i2.wp.com\/www.stiftsforum.ch\/blog\/wp-content\/uploads\/2019\/03\/20190321_104536.jpg?fit=800%2C600&amp;ssl=1\" loading=\"lazy\" width=\"4032\" height=\"3024\" src=\"https:\/\/i0.wp.com\/www.stiftsforum.ch\/blog\/wp-content\/uploads\/2019\/03\/20190321_104536.jpg?fit=800%2C600\" alt=\"\" data-id=\"3236\" data-link=\"http:\/\/www.stiftsforum.ch\/blog\/?attachment_id=3236\" class=\"wp-image-3236\" srcset=\"https:\/\/i2.wp.com\/www.stiftsforum.ch\/blog\/wp-content\/uploads\/2019\/03\/20190321_104536.jpg?w=4032&amp;ssl=1 4032w, https:\/\/i2.wp.com\/www.stiftsforum.ch\/blog\/wp-content\/uploads\/2019\/03\/20190321_104536.jpg?resize=300%2C225&amp;ssl=1 300w, https:\/\/i2.wp.com\/www.stiftsforum.ch\/blog\/wp-content\/uploads\/2019\/03\/20190321_104536.jpg?resize=768%2C576&amp;ssl=1 768w, https:\/\/i2.wp.com\/www.stiftsforum.ch\/blog\/wp-content\/uploads\/2019\/03\/20190321_104536.jpg?resize=1024%2C768&amp;ssl=1 1024w, https:\/\/i2.wp.com\/www.stiftsforum.ch\/blog\/wp-content\/uploads\/2019\/03\/20190321_104536.jpg?w=1600 1600w, https:\/\/i2.wp.com\/www.stiftsforum.ch\/blog\/wp-content\/uploads\/2019\/03\/20190321_104536.jpg?w=2400 2400w\" sizes=\"(max-width: 800px) 100vw, 800px\" \/><\/figure><\/li><li class=\"blocks-gallery-item\"><figure><img data-attachment-id=\"3237\" data-permalink=\"https:\/\/www.stiftsforum.ch\/blog\/?attachment_id=3237\" data-orig-file=\"https:\/\/i2.wp.com\/www.stiftsforum.ch\/blog\/wp-content\/uploads\/2019\/03\/20190321_104608.jpg?fit=4032%2C3024&amp;ssl=1\" data-orig-size=\"4032,3024\" data-comments-opened=\"1\" data-image-meta=\"{&quot;aperture&quot;:&quot;1.7&quot;,&quot;credit&quot;:&quot;&quot;,&quot;camera&quot;:&quot;SM-G930F&quot;,&quot;caption&quot;:&quot;&quot;,&quot;created_timestamp&quot;:&quot;1553165168&quot;,&quot;copyright&quot;:&quot;&quot;,&quot;focal_length&quot;:&quot;4.2&quot;,&quot;iso&quot;:&quot;80&quot;,&quot;shutter_speed&quot;:&quot;0.02&quot;,&quot;title&quot;:&quot;&quot;,&quot;orientation&quot;:&quot;1&quot;}\" data-image-title=\"20190321_104608\" data-image-description=\"\" data-medium-file=\"https:\/\/i2.wp.com\/www.stiftsforum.ch\/blog\/wp-content\/uploads\/2019\/03\/20190321_104608.jpg?fit=300%2C225&amp;ssl=1\" data-large-file=\"https:\/\/i2.wp.com\/www.stiftsforum.ch\/blog\/wp-content\/uploads\/2019\/03\/20190321_104608.jpg?fit=800%2C600&amp;ssl=1\" loading=\"lazy\" width=\"4032\" height=\"3024\" src=\"https:\/\/i1.wp.com\/www.stiftsforum.ch\/blog\/wp-content\/uploads\/2019\/03\/20190321_104608.jpg?fit=800%2C600\" alt=\"\" data-id=\"3237\" data-link=\"http:\/\/www.stiftsforum.ch\/blog\/?attachment_id=3237\" class=\"wp-image-3237\" srcset=\"https:\/\/i2.wp.com\/www.stiftsforum.ch\/blog\/wp-content\/uploads\/2019\/03\/20190321_104608.jpg?w=4032&amp;ssl=1 4032w, https:\/\/i2.wp.com\/www.stiftsforum.ch\/blog\/wp-content\/uploads\/2019\/03\/20190321_104608.jpg?resize=300%2C225&amp;ssl=1 300w, https:\/\/i2.wp.com\/www.stiftsforum.ch\/blog\/wp-content\/uploads\/2019\/03\/20190321_104608.jpg?resize=768%2C576&amp;ssl=1 768w, https:\/\/i2.wp.com\/www.stiftsforum.ch\/blog\/wp-content\/uploads\/2019\/03\/20190321_104608.jpg?resize=1024%2C768&amp;ssl=1 1024w, https:\/\/i2.wp.com\/www.stiftsforum.ch\/blog\/wp-content\/uploads\/2019\/03\/20190321_104608.jpg?w=1600 1600w, https:\/\/i2.wp.com\/www.stiftsforum.ch\/blog\/wp-content\/uploads\/2019\/03\/20190321_104608.jpg?w=2400 2400w\" sizes=\"(max-width: 800px) 100vw, 800px\" \/><\/figure><\/li><li class=\"blocks-gallery-item\"><figure><img data-attachment-id=\"3238\" data-permalink=\"https:\/\/www.stiftsforum.ch\/blog\/?attachment_id=3238\" data-orig-file=\"https:\/\/i0.wp.com\/www.stiftsforum.ch\/blog\/wp-content\/uploads\/2019\/03\/20190321_110034.jpg?fit=4032%2C3024&amp;ssl=1\" data-orig-size=\"4032,3024\" data-comments-opened=\"1\" data-image-meta=\"{&quot;aperture&quot;:&quot;1.7&quot;,&quot;credit&quot;:&quot;&quot;,&quot;camera&quot;:&quot;SM-G930F&quot;,&quot;caption&quot;:&quot;&quot;,&quot;created_timestamp&quot;:&quot;1553166034&quot;,&quot;copyright&quot;:&quot;&quot;,&quot;focal_length&quot;:&quot;4.2&quot;,&quot;iso&quot;:&quot;160&quot;,&quot;shutter_speed&quot;:&quot;0.03030303030303&quot;,&quot;title&quot;:&quot;&quot;,&quot;orientation&quot;:&quot;6&quot;}\" data-image-title=\"20190321_110034\" data-image-description=\"\" data-medium-file=\"https:\/\/i0.wp.com\/www.stiftsforum.ch\/blog\/wp-content\/uploads\/2019\/03\/20190321_110034.jpg?fit=300%2C225&amp;ssl=1\" data-large-file=\"https:\/\/i0.wp.com\/www.stiftsforum.ch\/blog\/wp-content\/uploads\/2019\/03\/20190321_110034.jpg?fit=800%2C600&amp;ssl=1\" loading=\"lazy\" width=\"4032\" height=\"3024\" src=\"https:\/\/i2.wp.com\/www.stiftsforum.ch\/blog\/wp-content\/uploads\/2019\/03\/20190321_110034.jpg?fit=800%2C600\" alt=\"\" data-id=\"3238\" data-link=\"http:\/\/www.stiftsforum.ch\/blog\/?attachment_id=3238\" class=\"wp-image-3238\" srcset=\"https:\/\/i0.wp.com\/www.stiftsforum.ch\/blog\/wp-content\/uploads\/2019\/03\/20190321_110034.jpg?w=4032&amp;ssl=1 4032w, https:\/\/i0.wp.com\/www.stiftsforum.ch\/blog\/wp-content\/uploads\/2019\/03\/20190321_110034.jpg?resize=300%2C225&amp;ssl=1 300w, https:\/\/i0.wp.com\/www.stiftsforum.ch\/blog\/wp-content\/uploads\/2019\/03\/20190321_110034.jpg?resize=768%2C576&amp;ssl=1 768w, https:\/\/i0.wp.com\/www.stiftsforum.ch\/blog\/wp-content\/uploads\/2019\/03\/20190321_110034.jpg?resize=1024%2C768&amp;ssl=1 1024w, https:\/\/i0.wp.com\/www.stiftsforum.ch\/blog\/wp-content\/uploads\/2019\/03\/20190321_110034.jpg?w=1600 1600w, https:\/\/i0.wp.com\/www.stiftsforum.ch\/blog\/wp-content\/uploads\/2019\/03\/20190321_110034.jpg?w=2400 2400w\" sizes=\"(max-width: 800px) 100vw, 800px\" \/><\/figure><\/li><li class=\"blocks-gallery-item\"><figure><img data-attachment-id=\"3239\" data-permalink=\"https:\/\/www.stiftsforum.ch\/blog\/?attachment_id=3239\" data-orig-file=\"https:\/\/i2.wp.com\/www.stiftsforum.ch\/blog\/wp-content\/uploads\/2019\/03\/20190321_110423.jpg?fit=4032%2C3024&amp;ssl=1\" data-orig-size=\"4032,3024\" data-comments-opened=\"1\" data-image-meta=\"{&quot;aperture&quot;:&quot;1.7&quot;,&quot;credit&quot;:&quot;&quot;,&quot;camera&quot;:&quot;SM-G930F&quot;,&quot;caption&quot;:&quot;&quot;,&quot;created_timestamp&quot;:&quot;1553166263&quot;,&quot;copyright&quot;:&quot;&quot;,&quot;focal_length&quot;:&quot;4.2&quot;,&quot;iso&quot;:&quot;200&quot;,&quot;shutter_speed&quot;:&quot;0.02&quot;,&quot;title&quot;:&quot;&quot;,&quot;orientation&quot;:&quot;1&quot;}\" data-image-title=\"20190321_110423\" data-image-description=\"\" data-medium-file=\"https:\/\/i2.wp.com\/www.stiftsforum.ch\/blog\/wp-content\/uploads\/2019\/03\/20190321_110423.jpg?fit=300%2C225&amp;ssl=1\" data-large-file=\"https:\/\/i2.wp.com\/www.stiftsforum.ch\/blog\/wp-content\/uploads\/2019\/03\/20190321_110423.jpg?fit=800%2C600&amp;ssl=1\" loading=\"lazy\" width=\"4032\" height=\"3024\" src=\"https:\/\/i0.wp.com\/www.stiftsforum.ch\/blog\/wp-content\/uploads\/2019\/03\/20190321_110423.jpg?fit=800%2C600\" alt=\"\" data-id=\"3239\" data-link=\"http:\/\/www.stiftsforum.ch\/blog\/?attachment_id=3239\" class=\"wp-image-3239\" srcset=\"https:\/\/i2.wp.com\/www.stiftsforum.ch\/blog\/wp-content\/uploads\/2019\/03\/20190321_110423.jpg?w=4032&amp;ssl=1 4032w, https:\/\/i2.wp.com\/www.stiftsforum.ch\/blog\/wp-content\/uploads\/2019\/03\/20190321_110423.jpg?resize=300%2C225&amp;ssl=1 300w, https:\/\/i2.wp.com\/www.stiftsforum.ch\/blog\/wp-content\/uploads\/2019\/03\/20190321_110423.jpg?resize=768%2C576&amp;ssl=1 768w, https:\/\/i2.wp.com\/www.stiftsforum.ch\/blog\/wp-content\/uploads\/2019\/03\/20190321_110423.jpg?resize=1024%2C768&amp;ssl=1 1024w, https:\/\/i2.wp.com\/www.stiftsforum.ch\/blog\/wp-content\/uploads\/2019\/03\/20190321_110423.jpg?w=1600 1600w, https:\/\/i2.wp.com\/www.stiftsforum.ch\/blog\/wp-content\/uploads\/2019\/03\/20190321_110423.jpg?w=2400 2400w\" sizes=\"(max-width: 800px) 100vw, 800px\" \/><\/figure><\/li><\/ul>\n","protected":false},"excerpt":{"rendered":"<p>21.3. 2019 Z\u00fcrich: Das Symposium &#8220;Go math&#8221; an der ETH r\u00fcckte dieses Jahr Frauen in der Mathematik in den Mittelpunkt.<\/p>\n","protected":false},"author":9,"featured_media":3237,"comment_status":"open","ping_status":"closed","sticky":false,"template":"","format":"standard","meta":{"spay_email":"","jetpack_publicize_message":"","jetpack_is_tweetstorm":false},"categories":[3,4],"tags":[],"jetpack_featured_media_url":"https:\/\/i2.wp.com\/www.stiftsforum.ch\/blog\/wp-content\/uploads\/2019\/03\/20190321_104608.jpg?fit=4032%2C3024&ssl=1","jetpack_publicize_connections":[],"jetpack_sharing_enabled":true,"jetpack_shortlink":"https:\/\/wp.me\/p9nzRF-Q8","jetpack_likes_enabled":true,"jetpack-related-posts":[{"id":4225,"url":"https:\/\/www.stiftsforum.ch\/blog\/?p=4225","url_meta":{"origin":3232,"position":0},"title":"Eine Leidenschaft f\u00fcr die Mathematik","date":"Januar 31, 2021","format":false,"excerpt":"von Cecilia Selsas und Samira Kr\u00e4nzlin, 1d Wir haben Frau Marta Bento interviewt. Sie ist 43 Jahre alt und Mathe-Lehrerin hier an der Stiftschule. Sie hat zwei Kinder, einen Sohn und eine Tochter und eine Katze. Wie gef\u00e4llt es Ihnen an der Stiftschule? Ja, ich liebe diese Schule. Das ist\u2026","rel":"","context":"In &quot;Allgemein&quot;","img":{"alt_text":"","src":"https:\/\/i1.wp.com\/www.stiftsforum.ch\/blog\/wp-content\/uploads\/2021\/01\/Marta.jpg?fit=1200%2C800&ssl=1&resize=350%2C200","width":350,"height":200},"classes":[]},{"id":4780,"url":"https:\/\/www.stiftsforum.ch\/blog\/?p=4780","url_meta":{"origin":3232,"position":1},"title":"In der Schule \u00fcbernachten und Mather\u00e4tsel l\u00f6sen","date":"November 21, 2021","format":false,"excerpt":"Angeregt von den Mathematiklehrpersonen Silvia Brunner, Martin Spycher und Marc M\u00f6ckli traf man sich am 19.11.2021 zur Nacht der Mathematik an der Stiftsschule... Fotos: Silvia Brunner Weiterf\u00fchrender Link: Lange Nacht der Mathematik 2021 | Startseite (mathenacht.de) https:\/\/www.mathenacht.de\/","rel":"","context":"In &quot;Schulanl\u00e4sse&quot;","img":{"alt_text":"","src":"https:\/\/i1.wp.com\/www.stiftsforum.ch\/blog\/wp-content\/uploads\/2021\/11\/IMG-20211120-WA0013.jpg?fit=900%2C1200&ssl=1&resize=350%2C200","width":350,"height":200},"classes":[]},{"id":6634,"url":"https:\/\/www.stiftsforum.ch\/blog\/?p=6634","url_meta":{"origin":3232,"position":2},"title":"Ethik an der ETH - Eine Exkursion der 5a","date":"M\u00e4rz 13, 2024","format":false,"excerpt":"Die Lekt\u00fcre von Heinar Kippharts \"In der Sache J. Robert Oppenheimer\" f\u00fchrte zu Diskussionen \u00fcber die Frage nach der Vereinbarkeit von Wissenschaft und Ethik auch an heutigen Bildungsinstitutionen, wie etwa der ETH Z\u00fcrich. Philipp Emch, Gesch\u00e4ftsf\u00fchrer der Ethikkommission, zeigte in seinem Vortrag heutige Kriterien und Pr\u00e4missen auf, die gerade auch\u2026","rel":"","context":"In &quot;Allgemein&quot;","img":{"alt_text":"","src":"https:\/\/i0.wp.com\/www.stiftsforum.ch\/blog\/wp-content\/uploads\/2024\/03\/20240311_102742_resized.jpg?fit=1200%2C900&ssl=1&resize=350%2C200","width":350,"height":200},"classes":[]},{"id":1766,"url":"https:\/\/www.stiftsforum.ch\/blog\/?p=1766","url_meta":{"origin":3232,"position":3},"title":"\"Es l\u00e4uft immer etwas!\"","date":"Januar 19, 2018","format":false,"excerpt":"Bernadette Boggia unterrichtet seit letztem Sommer Mathematik und Geografie an der Stiftsschule. Im Interview erz\u00e4hlt sie, warum sie an die Stiftsschule gekommen ist und was sie alles machen m\u00f6chte. Valentin M\u00fcller, 2a K\u00f6nnen Sie sich mit drei W\u00f6rtern beschreiben? (\u00dcberlegt\u2026) Offen gegen\u00fcber anderen, interessiert und organisiert. Sie gingen ja selbst\u2026","rel":"","context":"In &quot;Allgemein&quot;","img":{"alt_text":"","src":"https:\/\/i2.wp.com\/www.stiftsforum.ch\/blog\/wp-content\/uploads\/2018\/01\/IMG_9318-Kopie.jpg?fit=1200%2C800&ssl=1&resize=350%2C200","width":350,"height":200},"classes":[]},{"id":5213,"url":"https:\/\/www.stiftsforum.ch\/blog\/?p=5213","url_meta":{"origin":3232,"position":4},"title":"Jeder im Gang hat eine Pers\u00f6nlichkeit","date":"Juni 29, 2022","format":false,"excerpt":"von Viviana Lindemann Alina Iten \u2013 Nachbarin und Sch\u00fclerin der 3a Alina, 3a, wohnt gegen\u00fcber. Ich kenne sie schon seit eh und je. Jedes Mal, wenn ich ihr Zimmer betrete, f\u00e4llt mir aber eins auf: Es ist organisiert chaotisch, alles hat seinen Platz, sogar die Kissen und B\u00fccher, die am\u2026","rel":"","context":"In &quot;Allgemein&quot;","img":{"alt_text":"","src":"https:\/\/i2.wp.com\/www.stiftsforum.ch\/blog\/wp-content\/uploads\/2022\/06\/crowd-g21577c359_1280.png?fit=1200%2C1001&ssl=1&resize=350%2C200","width":350,"height":200},"classes":[]},{"id":4449,"url":"https:\/\/www.stiftsforum.ch\/blog\/?p=4449","url_meta":{"origin":3232,"position":5},"title":"\"Die Integration der M\u00e4dchen vollzog sich sehr organisch und selbstverst\u00e4ndlich\"","date":"April 27, 2021","format":false,"excerpt":"50 Jahre M\u00e4dchen an der Stiftsschule H\u00e4tte P. Thomas F\u00e4ssler nicht darauf aufmerksam gemacht, w\u00e4re in diesem Schuljahr ein Jubil\u00e4um fast vergessen worden: Seit genau 50 Jahren wird an der Stiftsschule koedukativ unterrichtet. Im Schuljahr 1970\/71 kamen die ersten sieben M\u00e4dchen in die ersten Klassen und eine erstaunlich unscheinbare, aber\u2026","rel":"","context":"In &quot;Allgemein&quot;","img":{"alt_text":"","src":"https:\/\/i0.wp.com\/www.stiftsforum.ch\/blog\/wp-content\/uploads\/2021\/04\/IMG-20210428-WA0000-1.jpg?fit=1200%2C900&ssl=1&resize=350%2C200","width":350,"height":200},"classes":[]}],"_links":{"self":[{"href":"https:\/\/www.stiftsforum.ch\/blog\/index.php?rest_route=\/wp\/v2\/posts\/3232"}],"collection":[{"href":"https:\/\/www.stiftsforum.ch\/blog\/index.php?rest_route=\/wp\/v2\/posts"}],"about":[{"href":"https:\/\/www.stiftsforum.ch\/blog\/index.php?rest_route=\/wp\/v2\/types\/post"}],"author":[{"embeddable":true,"href":"https:\/\/www.stiftsforum.ch\/blog\/index.php?rest_route=\/wp\/v2\/users\/9"}],"replies":[{"embeddable":true,"href":"https:\/\/www.stiftsforum.ch\/blog\/index.php?rest_route=%2Fwp%2Fv2%2Fcomments&post=3232"}],"version-history":[{"count":5,"href":"https:\/\/www.stiftsforum.ch\/blog\/index.php?rest_route=\/wp\/v2\/posts\/3232\/revisions"}],"predecessor-version":[{"id":3358,"href":"https:\/\/www.stiftsforum.ch\/blog\/index.php?rest_route=\/wp\/v2\/posts\/3232\/revisions\/3358"}],"wp:featuredmedia":[{"embeddable":true,"href":"https:\/\/www.stiftsforum.ch\/blog\/index.php?rest_route=\/wp\/v2\/media\/3237"}],"wp:attachment":[{"href":"https:\/\/www.stiftsforum.ch\/blog\/index.php?rest_route=%2Fwp%2Fv2%2Fmedia&parent=3232"}],"wp:term":[{"taxonomy":"category","embeddable":true,"href":"https:\/\/www.stiftsforum.ch\/blog\/index.php?rest_route=%2Fwp%2Fv2%2Fcategories&post=3232"},{"taxonomy":"post_tag","embeddable":true,"href":"https:\/\/www.stiftsforum.ch\/blog\/index.php?rest_route=%2Fwp%2Fv2%2Ftags&post=3232"}],"curies":[{"name":"wp","href":"https:\/\/api.w.org\/{rel}","templated":true}]}}