{"id":3265,"date":"2019-04-10T21:08:55","date_gmt":"2019-04-10T20:08:55","guid":{"rendered":"http:\/\/www.stiftsforum.ch\/blog\/?p=3265"},"modified":"2019-04-22T13:30:43","modified_gmt":"2019-04-22T12:30:43","slug":"klimademo-2019-wir-waren-mit-dabei","status":"publish","type":"post","link":"https:\/\/www.stiftsforum.ch\/blog\/?p=3265","title":{"rendered":"Klimademo 2019 &#8211; Wir waren mit dabei"},"content":{"rendered":"\n<div data-carousel-extra='{\"blog_id\":1,\"permalink\":\"https:\\\/\\\/www.stiftsforum.ch\\\/blog\\\/?p=3265\"}' class=\"wp-block-jetpack-tiled-gallery aligncenter is-style-rectangular\"><div data-carousel-extra='{\"blog_id\":1,\"permalink\":\"https:\\\/\\\/www.stiftsforum.ch\\\/blog\\\/?p=3265\"}' class=\"tiled-gallery__gallery\"><div data-carousel-extra='{\"blog_id\":1,\"permalink\":\"https:\\\/\\\/www.stiftsforum.ch\\\/blog\\\/?p=3265\"}' class=\"tiled-gallery__row\"><div data-carousel-extra='{\"blog_id\":1,\"permalink\":\"https:\\\/\\\/www.stiftsforum.ch\\\/blog\\\/?p=3265\"}' class=\"tiled-gallery__col\"><figure class=\"tiled-gallery__item\"><img data-attachment-id=\"3266\" data-permalink=\"https:\/\/www.stiftsforum.ch\/blog\/?attachment_id=3266\" data-orig-file=\"https:\/\/i1.wp.com\/www.stiftsforum.ch\/blog\/wp-content\/uploads\/2019\/03\/IMG-20190315-WA0019.jpg?fit=1600%2C1202&amp;ssl=1\" data-orig-size=\"1600,1202\" data-comments-opened=\"1\" data-image-meta=\"{&quot;aperture&quot;:&quot;0&quot;,&quot;credit&quot;:&quot;&quot;,&quot;camera&quot;:&quot;&quot;,&quot;caption&quot;:&quot;&quot;,&quot;created_timestamp&quot;:&quot;0&quot;,&quot;copyright&quot;:&quot;&quot;,&quot;focal_length&quot;:&quot;0&quot;,&quot;iso&quot;:&quot;0&quot;,&quot;shutter_speed&quot;:&quot;0&quot;,&quot;title&quot;:&quot;&quot;,&quot;orientation&quot;:&quot;0&quot;}\" data-image-title=\"IMG-20190315-WA0019\" data-image-description=\"\" data-medium-file=\"https:\/\/i1.wp.com\/www.stiftsforum.ch\/blog\/wp-content\/uploads\/2019\/03\/IMG-20190315-WA0019.jpg?fit=300%2C225&amp;ssl=1\" data-large-file=\"https:\/\/i1.wp.com\/www.stiftsforum.ch\/blog\/wp-content\/uploads\/2019\/03\/IMG-20190315-WA0019.jpg?fit=800%2C601&amp;ssl=1\" data-attachment-id=\"3266\" data-permalink=\"https:\/\/www.stiftsforum.ch\/blog\/?attachment_id=3266\" data-orig-file=\"https:\/\/i1.wp.com\/www.stiftsforum.ch\/blog\/wp-content\/uploads\/2019\/03\/IMG-20190315-WA0019.jpg?fit=1600%2C1202&amp;ssl=1\" data-orig-size=\"1600,1202\" data-comments-opened=\"1\" data-image-meta=\"{&quot;aperture&quot;:&quot;0&quot;,&quot;credit&quot;:&quot;&quot;,&quot;camera&quot;:&quot;&quot;,&quot;caption&quot;:&quot;&quot;,&quot;created_timestamp&quot;:&quot;0&quot;,&quot;copyright&quot;:&quot;&quot;,&quot;focal_length&quot;:&quot;0&quot;,&quot;iso&quot;:&quot;0&quot;,&quot;shutter_speed&quot;:&quot;0&quot;,&quot;title&quot;:&quot;&quot;,&quot;orientation&quot;:&quot;0&quot;}\" data-image-title=\"IMG-20190315-WA0019\" data-image-description=\"\" data-medium-file=\"https:\/\/i1.wp.com\/www.stiftsforum.ch\/blog\/wp-content\/uploads\/2019\/03\/IMG-20190315-WA0019.jpg?fit=300%2C225&amp;ssl=1\" data-large-file=\"https:\/\/i1.wp.com\/www.stiftsforum.ch\/blog\/wp-content\/uploads\/2019\/03\/IMG-20190315-WA0019.jpg?fit=800%2C601&amp;ssl=1\" srcset=\"https:\/\/i2.wp.com\/www.stiftsforum.ch\/blog\/wp-content\/uploads\/2019\/03\/IMG-20190315-WA0019.jpg?strip=info&#038;w=600 600w,https:\/\/i2.wp.com\/www.stiftsforum.ch\/blog\/wp-content\/uploads\/2019\/03\/IMG-20190315-WA0019.jpg?strip=info&#038;w=900 900w,https:\/\/i2.wp.com\/www.stiftsforum.ch\/blog\/wp-content\/uploads\/2019\/03\/IMG-20190315-WA0019.jpg?strip=info&#038;w=1200 1200w,https:\/\/i2.wp.com\/www.stiftsforum.ch\/blog\/wp-content\/uploads\/2019\/03\/IMG-20190315-WA0019.jpg?strip=info&#038;w=1202 1202w\" alt=\"\" data-height=\"1202\" data-id=\"3266\" data-link=\"http:\/\/www.stiftsforum.ch\/blog\/?attachment_id=3266\" data-url=\"https:\/\/i2.wp.com\/www.stiftsforum.ch\/blog\/wp-content\/uploads\/2019\/03\/IMG-20190315-WA0019.jpg?fit=800%2C601\" data-width=\"1600\" src=\"https:\/\/i2.wp.com\/www.stiftsforum.ch\/blog\/wp-content\/uploads\/2019\/03\/IMG-20190315-WA0019.jpg\"\/><\/figure><figure class=\"tiled-gallery__item\"><img data-attachment-id=\"3267\" data-permalink=\"https:\/\/www.stiftsforum.ch\/blog\/?attachment_id=3267\" data-orig-file=\"https:\/\/i2.wp.com\/www.stiftsforum.ch\/blog\/wp-content\/uploads\/2019\/03\/20190315_140320_HDR.jpg?fit=4656%2C3492&amp;ssl=1\" data-orig-size=\"4656,3492\" data-comments-opened=\"1\" data-image-meta=\"{&quot;aperture&quot;:&quot;1.6&quot;,&quot;credit&quot;:&quot;&quot;,&quot;camera&quot;:&quot;LG-H930&quot;,&quot;caption&quot;:&quot;&quot;,&quot;created_timestamp&quot;:&quot;1552658600&quot;,&quot;copyright&quot;:&quot;&quot;,&quot;focal_length&quot;:&quot;4.03&quot;,&quot;iso&quot;:&quot;50&quot;,&quot;shutter_speed&quot;:&quot;0.0019723865877712&quot;,&quot;title&quot;:&quot;&quot;,&quot;orientation&quot;:&quot;6&quot;}\" data-image-title=\"20190315_140320_HDR\" data-image-description=\"\" data-medium-file=\"https:\/\/i2.wp.com\/www.stiftsforum.ch\/blog\/wp-content\/uploads\/2019\/03\/20190315_140320_HDR.jpg?fit=300%2C225&amp;ssl=1\" data-large-file=\"https:\/\/i2.wp.com\/www.stiftsforum.ch\/blog\/wp-content\/uploads\/2019\/03\/20190315_140320_HDR.jpg?fit=800%2C600&amp;ssl=1\" data-attachment-id=\"3267\" data-permalink=\"https:\/\/www.stiftsforum.ch\/blog\/?attachment_id=3267\" data-orig-file=\"https:\/\/i2.wp.com\/www.stiftsforum.ch\/blog\/wp-content\/uploads\/2019\/03\/20190315_140320_HDR.jpg?fit=4656%2C3492&amp;ssl=1\" data-orig-size=\"4656,3492\" data-comments-opened=\"1\" data-image-meta=\"{&quot;aperture&quot;:&quot;1.6&quot;,&quot;credit&quot;:&quot;&quot;,&quot;camera&quot;:&quot;LG-H930&quot;,&quot;caption&quot;:&quot;&quot;,&quot;created_timestamp&quot;:&quot;1552658600&quot;,&quot;copyright&quot;:&quot;&quot;,&quot;focal_length&quot;:&quot;4.03&quot;,&quot;iso&quot;:&quot;50&quot;,&quot;shutter_speed&quot;:&quot;0.0019723865877712&quot;,&quot;title&quot;:&quot;&quot;,&quot;orientation&quot;:&quot;6&quot;}\" data-image-title=\"20190315_140320_HDR\" data-image-description=\"\" data-medium-file=\"https:\/\/i2.wp.com\/www.stiftsforum.ch\/blog\/wp-content\/uploads\/2019\/03\/20190315_140320_HDR.jpg?fit=300%2C225&amp;ssl=1\" data-large-file=\"https:\/\/i2.wp.com\/www.stiftsforum.ch\/blog\/wp-content\/uploads\/2019\/03\/20190315_140320_HDR.jpg?fit=800%2C600&amp;ssl=1\" srcset=\"https:\/\/i1.wp.com\/www.stiftsforum.ch\/blog\/wp-content\/uploads\/2019\/03\/20190315_140320_HDR.jpg?strip=info&#038;w=600 600w,https:\/\/i1.wp.com\/www.stiftsforum.ch\/blog\/wp-content\/uploads\/2019\/03\/20190315_140320_HDR.jpg?strip=info&#038;w=900 900w,https:\/\/i1.wp.com\/www.stiftsforum.ch\/blog\/wp-content\/uploads\/2019\/03\/20190315_140320_HDR.jpg?strip=info&#038;w=1200 1200w,https:\/\/i1.wp.com\/www.stiftsforum.ch\/blog\/wp-content\/uploads\/2019\/03\/20190315_140320_HDR.jpg?strip=info&#038;w=1500 1500w,https:\/\/i1.wp.com\/www.stiftsforum.ch\/blog\/wp-content\/uploads\/2019\/03\/20190315_140320_HDR.jpg?strip=info&#038;w=1800 1800w,https:\/\/i1.wp.com\/www.stiftsforum.ch\/blog\/wp-content\/uploads\/2019\/03\/20190315_140320_HDR.jpg?strip=info&#038;w=2000 2000w\" alt=\"\" data-height=\"3492\" data-id=\"3267\" data-link=\"http:\/\/www.stiftsforum.ch\/blog\/?attachment_id=3267\" data-url=\"https:\/\/i1.wp.com\/www.stiftsforum.ch\/blog\/wp-content\/uploads\/2019\/03\/20190315_140320_HDR.jpg?fit=800%2C600\" data-width=\"4656\" src=\"https:\/\/i1.wp.com\/www.stiftsforum.ch\/blog\/wp-content\/uploads\/2019\/03\/20190315_140320_HDR.jpg\"\/><\/figure><\/div><div data-carousel-extra='{\"blog_id\":1,\"permalink\":\"https:\\\/\\\/www.stiftsforum.ch\\\/blog\\\/?p=3265\"}' class=\"tiled-gallery__col\"><figure class=\"tiled-gallery__item\"><img data-attachment-id=\"3268\" data-permalink=\"https:\/\/www.stiftsforum.ch\/blog\/?attachment_id=3268\" data-orig-file=\"https:\/\/i1.wp.com\/www.stiftsforum.ch\/blog\/wp-content\/uploads\/2019\/03\/IMG-20190315-WA0005.jpeg?fit=2340%2C4160&amp;ssl=1\" data-orig-size=\"2340,4160\" data-comments-opened=\"1\" data-image-meta=\"{&quot;aperture&quot;:&quot;0&quot;,&quot;credit&quot;:&quot;&quot;,&quot;camera&quot;:&quot;&quot;,&quot;caption&quot;:&quot;&quot;,&quot;created_timestamp&quot;:&quot;0&quot;,&quot;copyright&quot;:&quot;&quot;,&quot;focal_length&quot;:&quot;0&quot;,&quot;iso&quot;:&quot;0&quot;,&quot;shutter_speed&quot;:&quot;0&quot;,&quot;title&quot;:&quot;&quot;,&quot;orientation&quot;:&quot;0&quot;}\" data-image-title=\"IMG-20190315-WA0005\" data-image-description=\"\" data-medium-file=\"https:\/\/i1.wp.com\/www.stiftsforum.ch\/blog\/wp-content\/uploads\/2019\/03\/IMG-20190315-WA0005.jpeg?fit=169%2C300&amp;ssl=1\" data-large-file=\"https:\/\/i1.wp.com\/www.stiftsforum.ch\/blog\/wp-content\/uploads\/2019\/03\/IMG-20190315-WA0005.jpeg?fit=576%2C1024&amp;ssl=1\" data-attachment-id=\"3268\" data-permalink=\"https:\/\/www.stiftsforum.ch\/blog\/?attachment_id=3268\" data-orig-file=\"https:\/\/i1.wp.com\/www.stiftsforum.ch\/blog\/wp-content\/uploads\/2019\/03\/IMG-20190315-WA0005.jpeg?fit=2340%2C4160&amp;ssl=1\" data-orig-size=\"2340,4160\" data-comments-opened=\"1\" data-image-meta=\"{&quot;aperture&quot;:&quot;0&quot;,&quot;credit&quot;:&quot;&quot;,&quot;camera&quot;:&quot;&quot;,&quot;caption&quot;:&quot;&quot;,&quot;created_timestamp&quot;:&quot;0&quot;,&quot;copyright&quot;:&quot;&quot;,&quot;focal_length&quot;:&quot;0&quot;,&quot;iso&quot;:&quot;0&quot;,&quot;shutter_speed&quot;:&quot;0&quot;,&quot;title&quot;:&quot;&quot;,&quot;orientation&quot;:&quot;0&quot;}\" data-image-title=\"IMG-20190315-WA0005\" data-image-description=\"\" data-medium-file=\"https:\/\/i1.wp.com\/www.stiftsforum.ch\/blog\/wp-content\/uploads\/2019\/03\/IMG-20190315-WA0005.jpeg?fit=169%2C300&amp;ssl=1\" data-large-file=\"https:\/\/i1.wp.com\/www.stiftsforum.ch\/blog\/wp-content\/uploads\/2019\/03\/IMG-20190315-WA0005.jpeg?fit=576%2C1024&amp;ssl=1\" srcset=\"https:\/\/i0.wp.com\/www.stiftsforum.ch\/blog\/wp-content\/uploads\/2019\/03\/IMG-20190315-WA0005.jpeg?strip=info&#038;w=600 600w,https:\/\/i0.wp.com\/www.stiftsforum.ch\/blog\/wp-content\/uploads\/2019\/03\/IMG-20190315-WA0005.jpeg?strip=info&#038;w=900 900w,https:\/\/i0.wp.com\/www.stiftsforum.ch\/blog\/wp-content\/uploads\/2019\/03\/IMG-20190315-WA0005.jpeg?strip=info&#038;w=1200 1200w,https:\/\/i0.wp.com\/www.stiftsforum.ch\/blog\/wp-content\/uploads\/2019\/03\/IMG-20190315-WA0005.jpeg?strip=info&#038;w=1500 1500w,https:\/\/i0.wp.com\/www.stiftsforum.ch\/blog\/wp-content\/uploads\/2019\/03\/IMG-20190315-WA0005.jpeg?strip=info&#038;w=1800 1800w,https:\/\/i0.wp.com\/www.stiftsforum.ch\/blog\/wp-content\/uploads\/2019\/03\/IMG-20190315-WA0005.jpeg?strip=info&#038;w=2000 2000w\" alt=\"\" data-height=\"4160\" data-id=\"3268\" data-link=\"http:\/\/www.stiftsforum.ch\/blog\/?attachment_id=3268\" data-url=\"https:\/\/i0.wp.com\/www.stiftsforum.ch\/blog\/wp-content\/uploads\/2019\/03\/IMG-20190315-WA0005.jpeg?fit=576%2C1024\" data-width=\"2340\" src=\"https:\/\/i0.wp.com\/www.stiftsforum.ch\/blog\/wp-content\/uploads\/2019\/03\/IMG-20190315-WA0005.jpeg\"\/><\/figure><\/div><\/div><div data-carousel-extra='{\"blog_id\":1,\"permalink\":\"https:\\\/\\\/www.stiftsforum.ch\\\/blog\\\/?p=3265\"}' class=\"tiled-gallery__row\"><div data-carousel-extra='{\"blog_id\":1,\"permalink\":\"https:\\\/\\\/www.stiftsforum.ch\\\/blog\\\/?p=3265\"}' class=\"tiled-gallery__col\"><figure class=\"tiled-gallery__item\"><img data-attachment-id=\"3270\" data-permalink=\"https:\/\/www.stiftsforum.ch\/blog\/?attachment_id=3270\" data-orig-file=\"https:\/\/i2.wp.com\/www.stiftsforum.ch\/blog\/wp-content\/uploads\/2019\/03\/IMG-20190315-WA0020.jpg?fit=1200%2C1600&amp;ssl=1\" data-orig-size=\"1200,1600\" data-comments-opened=\"1\" data-image-meta=\"{&quot;aperture&quot;:&quot;0&quot;,&quot;credit&quot;:&quot;&quot;,&quot;camera&quot;:&quot;&quot;,&quot;caption&quot;:&quot;&quot;,&quot;created_timestamp&quot;:&quot;0&quot;,&quot;copyright&quot;:&quot;&quot;,&quot;focal_length&quot;:&quot;0&quot;,&quot;iso&quot;:&quot;0&quot;,&quot;shutter_speed&quot;:&quot;0&quot;,&quot;title&quot;:&quot;&quot;,&quot;orientation&quot;:&quot;0&quot;}\" data-image-title=\"IMG-20190315-WA0020\" data-image-description=\"\" data-medium-file=\"https:\/\/i2.wp.com\/www.stiftsforum.ch\/blog\/wp-content\/uploads\/2019\/03\/IMG-20190315-WA0020.jpg?fit=225%2C300&amp;ssl=1\" data-large-file=\"https:\/\/i2.wp.com\/www.stiftsforum.ch\/blog\/wp-content\/uploads\/2019\/03\/IMG-20190315-WA0020.jpg?fit=768%2C1024&amp;ssl=1\" data-attachment-id=\"3270\" data-permalink=\"https:\/\/www.stiftsforum.ch\/blog\/?attachment_id=3270\" data-orig-file=\"https:\/\/i2.wp.com\/www.stiftsforum.ch\/blog\/wp-content\/uploads\/2019\/03\/IMG-20190315-WA0020.jpg?fit=1200%2C1600&amp;ssl=1\" data-orig-size=\"1200,1600\" data-comments-opened=\"1\" data-image-meta=\"{&quot;aperture&quot;:&quot;0&quot;,&quot;credit&quot;:&quot;&quot;,&quot;camera&quot;:&quot;&quot;,&quot;caption&quot;:&quot;&quot;,&quot;created_timestamp&quot;:&quot;0&quot;,&quot;copyright&quot;:&quot;&quot;,&quot;focal_length&quot;:&quot;0&quot;,&quot;iso&quot;:&quot;0&quot;,&quot;shutter_speed&quot;:&quot;0&quot;,&quot;title&quot;:&quot;&quot;,&quot;orientation&quot;:&quot;0&quot;}\" data-image-title=\"IMG-20190315-WA0020\" data-image-description=\"\" data-medium-file=\"https:\/\/i2.wp.com\/www.stiftsforum.ch\/blog\/wp-content\/uploads\/2019\/03\/IMG-20190315-WA0020.jpg?fit=225%2C300&amp;ssl=1\" data-large-file=\"https:\/\/i2.wp.com\/www.stiftsforum.ch\/blog\/wp-content\/uploads\/2019\/03\/IMG-20190315-WA0020.jpg?fit=768%2C1024&amp;ssl=1\" srcset=\"https:\/\/i1.wp.com\/www.stiftsforum.ch\/blog\/wp-content\/uploads\/2019\/03\/IMG-20190315-WA0020.jpg?strip=info&#038;w=600 600w,https:\/\/i1.wp.com\/www.stiftsforum.ch\/blog\/wp-content\/uploads\/2019\/03\/IMG-20190315-WA0020.jpg?strip=info&#038;w=900 900w,https:\/\/i1.wp.com\/www.stiftsforum.ch\/blog\/wp-content\/uploads\/2019\/03\/IMG-20190315-WA0020.jpg?strip=info&#038;w=1200 1200w,https:\/\/i1.wp.com\/www.stiftsforum.ch\/blog\/wp-content\/uploads\/2019\/03\/IMG-20190315-WA0020.jpg?strip=info&#038;w=1500 1500w,https:\/\/i1.wp.com\/www.stiftsforum.ch\/blog\/wp-content\/uploads\/2019\/03\/IMG-20190315-WA0020.jpg?strip=info&#038;w=1600 1600w\" alt=\"\" data-height=\"1600\" data-id=\"3270\" data-link=\"http:\/\/www.stiftsforum.ch\/blog\/?attachment_id=3270\" data-url=\"https:\/\/i1.wp.com\/www.stiftsforum.ch\/blog\/wp-content\/uploads\/2019\/03\/IMG-20190315-WA0020.jpg?fit=768%2C1024\" data-width=\"1200\" src=\"https:\/\/i1.wp.com\/www.stiftsforum.ch\/blog\/wp-content\/uploads\/2019\/03\/IMG-20190315-WA0020.jpg\"\/><\/figure><\/div><div data-carousel-extra='{\"blog_id\":1,\"permalink\":\"https:\\\/\\\/www.stiftsforum.ch\\\/blog\\\/?p=3265\"}' class=\"tiled-gallery__col\"><figure class=\"tiled-gallery__item\"><img data-attachment-id=\"3271\" data-permalink=\"https:\/\/www.stiftsforum.ch\/blog\/?attachment_id=3271\" data-orig-file=\"https:\/\/i2.wp.com\/www.stiftsforum.ch\/blog\/wp-content\/uploads\/2019\/03\/IMG-20190315-WA0021.jpg?fit=1200%2C1600&amp;ssl=1\" data-orig-size=\"1200,1600\" data-comments-opened=\"1\" data-image-meta=\"{&quot;aperture&quot;:&quot;0&quot;,&quot;credit&quot;:&quot;&quot;,&quot;camera&quot;:&quot;&quot;,&quot;caption&quot;:&quot;&quot;,&quot;created_timestamp&quot;:&quot;0&quot;,&quot;copyright&quot;:&quot;&quot;,&quot;focal_length&quot;:&quot;0&quot;,&quot;iso&quot;:&quot;0&quot;,&quot;shutter_speed&quot;:&quot;0&quot;,&quot;title&quot;:&quot;&quot;,&quot;orientation&quot;:&quot;0&quot;}\" data-image-title=\"IMG-20190315-WA0021\" data-image-description=\"\" data-medium-file=\"https:\/\/i2.wp.com\/www.stiftsforum.ch\/blog\/wp-content\/uploads\/2019\/03\/IMG-20190315-WA0021.jpg?fit=225%2C300&amp;ssl=1\" data-large-file=\"https:\/\/i2.wp.com\/www.stiftsforum.ch\/blog\/wp-content\/uploads\/2019\/03\/IMG-20190315-WA0021.jpg?fit=768%2C1024&amp;ssl=1\" data-attachment-id=\"3271\" data-permalink=\"https:\/\/www.stiftsforum.ch\/blog\/?attachment_id=3271\" data-orig-file=\"https:\/\/i2.wp.com\/www.stiftsforum.ch\/blog\/wp-content\/uploads\/2019\/03\/IMG-20190315-WA0021.jpg?fit=1200%2C1600&amp;ssl=1\" data-orig-size=\"1200,1600\" data-comments-opened=\"1\" data-image-meta=\"{&quot;aperture&quot;:&quot;0&quot;,&quot;credit&quot;:&quot;&quot;,&quot;camera&quot;:&quot;&quot;,&quot;caption&quot;:&quot;&quot;,&quot;created_timestamp&quot;:&quot;0&quot;,&quot;copyright&quot;:&quot;&quot;,&quot;focal_length&quot;:&quot;0&quot;,&quot;iso&quot;:&quot;0&quot;,&quot;shutter_speed&quot;:&quot;0&quot;,&quot;title&quot;:&quot;&quot;,&quot;orientation&quot;:&quot;0&quot;}\" data-image-title=\"IMG-20190315-WA0021\" data-image-description=\"\" data-medium-file=\"https:\/\/i2.wp.com\/www.stiftsforum.ch\/blog\/wp-content\/uploads\/2019\/03\/IMG-20190315-WA0021.jpg?fit=225%2C300&amp;ssl=1\" data-large-file=\"https:\/\/i2.wp.com\/www.stiftsforum.ch\/blog\/wp-content\/uploads\/2019\/03\/IMG-20190315-WA0021.jpg?fit=768%2C1024&amp;ssl=1\" srcset=\"https:\/\/i0.wp.com\/www.stiftsforum.ch\/blog\/wp-content\/uploads\/2019\/03\/IMG-20190315-WA0021.jpg?strip=info&#038;w=600 600w,https:\/\/i0.wp.com\/www.stiftsforum.ch\/blog\/wp-content\/uploads\/2019\/03\/IMG-20190315-WA0021.jpg?strip=info&#038;w=900 900w,https:\/\/i0.wp.com\/www.stiftsforum.ch\/blog\/wp-content\/uploads\/2019\/03\/IMG-20190315-WA0021.jpg?strip=info&#038;w=1200 1200w,https:\/\/i0.wp.com\/www.stiftsforum.ch\/blog\/wp-content\/uploads\/2019\/03\/IMG-20190315-WA0021.jpg?strip=info&#038;w=1500 1500w,https:\/\/i0.wp.com\/www.stiftsforum.ch\/blog\/wp-content\/uploads\/2019\/03\/IMG-20190315-WA0021.jpg?strip=info&#038;w=1600 1600w\" alt=\"\" data-height=\"1600\" data-id=\"3271\" data-link=\"http:\/\/www.stiftsforum.ch\/blog\/?attachment_id=3271\" data-url=\"https:\/\/i0.wp.com\/www.stiftsforum.ch\/blog\/wp-content\/uploads\/2019\/03\/IMG-20190315-WA0021.jpg?fit=768%2C1024\" data-width=\"1200\" src=\"https:\/\/i0.wp.com\/www.stiftsforum.ch\/blog\/wp-content\/uploads\/2019\/03\/IMG-20190315-WA0021.jpg\"\/><\/figure><\/div><div data-carousel-extra='{\"blog_id\":1,\"permalink\":\"https:\\\/\\\/www.stiftsforum.ch\\\/blog\\\/?p=3265\"}' class=\"tiled-gallery__col\"><figure class=\"tiled-gallery__item\"><img data-attachment-id=\"3272\" data-permalink=\"https:\/\/www.stiftsforum.ch\/blog\/?attachment_id=3272\" data-orig-file=\"https:\/\/i1.wp.com\/www.stiftsforum.ch\/blog\/wp-content\/uploads\/2019\/03\/IMG-20190315-WA0022.jpg?fit=1200%2C1600&amp;ssl=1\" data-orig-size=\"1200,1600\" data-comments-opened=\"1\" data-image-meta=\"{&quot;aperture&quot;:&quot;0&quot;,&quot;credit&quot;:&quot;&quot;,&quot;camera&quot;:&quot;&quot;,&quot;caption&quot;:&quot;&quot;,&quot;created_timestamp&quot;:&quot;0&quot;,&quot;copyright&quot;:&quot;&quot;,&quot;focal_length&quot;:&quot;0&quot;,&quot;iso&quot;:&quot;0&quot;,&quot;shutter_speed&quot;:&quot;0&quot;,&quot;title&quot;:&quot;&quot;,&quot;orientation&quot;:&quot;0&quot;}\" data-image-title=\"IMG-20190315-WA0022\" data-image-description=\"\" data-medium-file=\"https:\/\/i1.wp.com\/www.stiftsforum.ch\/blog\/wp-content\/uploads\/2019\/03\/IMG-20190315-WA0022.jpg?fit=225%2C300&amp;ssl=1\" data-large-file=\"https:\/\/i1.wp.com\/www.stiftsforum.ch\/blog\/wp-content\/uploads\/2019\/03\/IMG-20190315-WA0022.jpg?fit=768%2C1024&amp;ssl=1\" data-attachment-id=\"3272\" data-permalink=\"https:\/\/www.stiftsforum.ch\/blog\/?attachment_id=3272\" data-orig-file=\"https:\/\/i1.wp.com\/www.stiftsforum.ch\/blog\/wp-content\/uploads\/2019\/03\/IMG-20190315-WA0022.jpg?fit=1200%2C1600&amp;ssl=1\" data-orig-size=\"1200,1600\" data-comments-opened=\"1\" data-image-meta=\"{&quot;aperture&quot;:&quot;0&quot;,&quot;credit&quot;:&quot;&quot;,&quot;camera&quot;:&quot;&quot;,&quot;caption&quot;:&quot;&quot;,&quot;created_timestamp&quot;:&quot;0&quot;,&quot;copyright&quot;:&quot;&quot;,&quot;focal_length&quot;:&quot;0&quot;,&quot;iso&quot;:&quot;0&quot;,&quot;shutter_speed&quot;:&quot;0&quot;,&quot;title&quot;:&quot;&quot;,&quot;orientation&quot;:&quot;0&quot;}\" data-image-title=\"IMG-20190315-WA0022\" data-image-description=\"\" data-medium-file=\"https:\/\/i1.wp.com\/www.stiftsforum.ch\/blog\/wp-content\/uploads\/2019\/03\/IMG-20190315-WA0022.jpg?fit=225%2C300&amp;ssl=1\" data-large-file=\"https:\/\/i1.wp.com\/www.stiftsforum.ch\/blog\/wp-content\/uploads\/2019\/03\/IMG-20190315-WA0022.jpg?fit=768%2C1024&amp;ssl=1\" srcset=\"https:\/\/i0.wp.com\/www.stiftsforum.ch\/blog\/wp-content\/uploads\/2019\/03\/IMG-20190315-WA0022.jpg?strip=info&#038;w=600 600w,https:\/\/i0.wp.com\/www.stiftsforum.ch\/blog\/wp-content\/uploads\/2019\/03\/IMG-20190315-WA0022.jpg?strip=info&#038;w=900 900w,https:\/\/i0.wp.com\/www.stiftsforum.ch\/blog\/wp-content\/uploads\/2019\/03\/IMG-20190315-WA0022.jpg?strip=info&#038;w=1200 1200w,https:\/\/i0.wp.com\/www.stiftsforum.ch\/blog\/wp-content\/uploads\/2019\/03\/IMG-20190315-WA0022.jpg?strip=info&#038;w=1500 1500w,https:\/\/i0.wp.com\/www.stiftsforum.ch\/blog\/wp-content\/uploads\/2019\/03\/IMG-20190315-WA0022.jpg?strip=info&#038;w=1600 1600w\" alt=\"\" data-height=\"1600\" data-id=\"3272\" data-link=\"http:\/\/www.stiftsforum.ch\/blog\/?attachment_id=3272\" data-url=\"https:\/\/i0.wp.com\/www.stiftsforum.ch\/blog\/wp-content\/uploads\/2019\/03\/IMG-20190315-WA0022.jpg?fit=768%2C1024\" data-width=\"1200\" src=\"https:\/\/i0.wp.com\/www.stiftsforum.ch\/blog\/wp-content\/uploads\/2019\/03\/IMG-20190315-WA0022.jpg\"\/><\/figure><\/div><div data-carousel-extra='{\"blog_id\":1,\"permalink\":\"https:\\\/\\\/www.stiftsforum.ch\\\/blog\\\/?p=3265\"}' class=\"tiled-gallery__col\"><figure class=\"tiled-gallery__item\"><img data-attachment-id=\"3273\" data-permalink=\"https:\/\/www.stiftsforum.ch\/blog\/?attachment_id=3273\" data-orig-file=\"https:\/\/i2.wp.com\/www.stiftsforum.ch\/blog\/wp-content\/uploads\/2019\/03\/IMG-20190315-WA0023.jpg?fit=1200%2C1600&amp;ssl=1\" data-orig-size=\"1200,1600\" data-comments-opened=\"1\" data-image-meta=\"{&quot;aperture&quot;:&quot;0&quot;,&quot;credit&quot;:&quot;&quot;,&quot;camera&quot;:&quot;&quot;,&quot;caption&quot;:&quot;&quot;,&quot;created_timestamp&quot;:&quot;0&quot;,&quot;copyright&quot;:&quot;&quot;,&quot;focal_length&quot;:&quot;0&quot;,&quot;iso&quot;:&quot;0&quot;,&quot;shutter_speed&quot;:&quot;0&quot;,&quot;title&quot;:&quot;&quot;,&quot;orientation&quot;:&quot;0&quot;}\" data-image-title=\"IMG-20190315-WA0023\" data-image-description=\"\" data-medium-file=\"https:\/\/i2.wp.com\/www.stiftsforum.ch\/blog\/wp-content\/uploads\/2019\/03\/IMG-20190315-WA0023.jpg?fit=225%2C300&amp;ssl=1\" data-large-file=\"https:\/\/i2.wp.com\/www.stiftsforum.ch\/blog\/wp-content\/uploads\/2019\/03\/IMG-20190315-WA0023.jpg?fit=768%2C1024&amp;ssl=1\" data-attachment-id=\"3273\" data-permalink=\"https:\/\/www.stiftsforum.ch\/blog\/?attachment_id=3273\" data-orig-file=\"https:\/\/i2.wp.com\/www.stiftsforum.ch\/blog\/wp-content\/uploads\/2019\/03\/IMG-20190315-WA0023.jpg?fit=1200%2C1600&amp;ssl=1\" data-orig-size=\"1200,1600\" data-comments-opened=\"1\" data-image-meta=\"{&quot;aperture&quot;:&quot;0&quot;,&quot;credit&quot;:&quot;&quot;,&quot;camera&quot;:&quot;&quot;,&quot;caption&quot;:&quot;&quot;,&quot;created_timestamp&quot;:&quot;0&quot;,&quot;copyright&quot;:&quot;&quot;,&quot;focal_length&quot;:&quot;0&quot;,&quot;iso&quot;:&quot;0&quot;,&quot;shutter_speed&quot;:&quot;0&quot;,&quot;title&quot;:&quot;&quot;,&quot;orientation&quot;:&quot;0&quot;}\" data-image-title=\"IMG-20190315-WA0023\" data-image-description=\"\" data-medium-file=\"https:\/\/i2.wp.com\/www.stiftsforum.ch\/blog\/wp-content\/uploads\/2019\/03\/IMG-20190315-WA0023.jpg?fit=225%2C300&amp;ssl=1\" data-large-file=\"https:\/\/i2.wp.com\/www.stiftsforum.ch\/blog\/wp-content\/uploads\/2019\/03\/IMG-20190315-WA0023.jpg?fit=768%2C1024&amp;ssl=1\" srcset=\"https:\/\/i0.wp.com\/www.stiftsforum.ch\/blog\/wp-content\/uploads\/2019\/03\/IMG-20190315-WA0023.jpg?strip=info&#038;w=600 600w,https:\/\/i0.wp.com\/www.stiftsforum.ch\/blog\/wp-content\/uploads\/2019\/03\/IMG-20190315-WA0023.jpg?strip=info&#038;w=900 900w,https:\/\/i0.wp.com\/www.stiftsforum.ch\/blog\/wp-content\/uploads\/2019\/03\/IMG-20190315-WA0023.jpg?strip=info&#038;w=1200 1200w,https:\/\/i0.wp.com\/www.stiftsforum.ch\/blog\/wp-content\/uploads\/2019\/03\/IMG-20190315-WA0023.jpg?strip=info&#038;w=1500 1500w,https:\/\/i0.wp.com\/www.stiftsforum.ch\/blog\/wp-content\/uploads\/2019\/03\/IMG-20190315-WA0023.jpg?strip=info&#038;w=1600 1600w\" alt=\"\" data-height=\"1600\" data-id=\"3273\" data-link=\"http:\/\/www.stiftsforum.ch\/blog\/?attachment_id=3273\" data-url=\"https:\/\/i0.wp.com\/www.stiftsforum.ch\/blog\/wp-content\/uploads\/2019\/03\/IMG-20190315-WA0023.jpg?fit=768%2C1024\" data-width=\"1200\" src=\"https:\/\/i0.wp.com\/www.stiftsforum.ch\/blog\/wp-content\/uploads\/2019\/03\/IMG-20190315-WA0023.jpg\"\/><\/figure><\/div><\/div><div data-carousel-extra='{\"blog_id\":1,\"permalink\":\"https:\\\/\\\/www.stiftsforum.ch\\\/blog\\\/?p=3265\"}' class=\"tiled-gallery__row\"><div data-carousel-extra='{\"blog_id\":1,\"permalink\":\"https:\\\/\\\/www.stiftsforum.ch\\\/blog\\\/?p=3265\"}' class=\"tiled-gallery__col\"><figure class=\"tiled-gallery__item\"><img data-attachment-id=\"3274\" data-permalink=\"https:\/\/www.stiftsforum.ch\/blog\/?attachment_id=3274\" data-orig-file=\"https:\/\/i0.wp.com\/www.stiftsforum.ch\/blog\/wp-content\/uploads\/2019\/03\/IMG-20190315-WA0025.jpg?fit=812%2C1600&amp;ssl=1\" data-orig-size=\"812,1600\" data-comments-opened=\"1\" data-image-meta=\"{&quot;aperture&quot;:&quot;0&quot;,&quot;credit&quot;:&quot;&quot;,&quot;camera&quot;:&quot;&quot;,&quot;caption&quot;:&quot;&quot;,&quot;created_timestamp&quot;:&quot;0&quot;,&quot;copyright&quot;:&quot;&quot;,&quot;focal_length&quot;:&quot;0&quot;,&quot;iso&quot;:&quot;0&quot;,&quot;shutter_speed&quot;:&quot;0&quot;,&quot;title&quot;:&quot;&quot;,&quot;orientation&quot;:&quot;0&quot;}\" data-image-title=\"IMG-20190315-WA0025\" data-image-description=\"\" data-medium-file=\"https:\/\/i0.wp.com\/www.stiftsforum.ch\/blog\/wp-content\/uploads\/2019\/03\/IMG-20190315-WA0025.jpg?fit=152%2C300&amp;ssl=1\" data-large-file=\"https:\/\/i0.wp.com\/www.stiftsforum.ch\/blog\/wp-content\/uploads\/2019\/03\/IMG-20190315-WA0025.jpg?fit=520%2C1024&amp;ssl=1\" data-attachment-id=\"3274\" data-permalink=\"https:\/\/www.stiftsforum.ch\/blog\/?attachment_id=3274\" data-orig-file=\"https:\/\/i0.wp.com\/www.stiftsforum.ch\/blog\/wp-content\/uploads\/2019\/03\/IMG-20190315-WA0025.jpg?fit=812%2C1600&amp;ssl=1\" data-orig-size=\"812,1600\" data-comments-opened=\"1\" data-image-meta=\"{&quot;aperture&quot;:&quot;0&quot;,&quot;credit&quot;:&quot;&quot;,&quot;camera&quot;:&quot;&quot;,&quot;caption&quot;:&quot;&quot;,&quot;created_timestamp&quot;:&quot;0&quot;,&quot;copyright&quot;:&quot;&quot;,&quot;focal_length&quot;:&quot;0&quot;,&quot;iso&quot;:&quot;0&quot;,&quot;shutter_speed&quot;:&quot;0&quot;,&quot;title&quot;:&quot;&quot;,&quot;orientation&quot;:&quot;0&quot;}\" data-image-title=\"IMG-20190315-WA0025\" data-image-description=\"\" data-medium-file=\"https:\/\/i0.wp.com\/www.stiftsforum.ch\/blog\/wp-content\/uploads\/2019\/03\/IMG-20190315-WA0025.jpg?fit=152%2C300&amp;ssl=1\" data-large-file=\"https:\/\/i0.wp.com\/www.stiftsforum.ch\/blog\/wp-content\/uploads\/2019\/03\/IMG-20190315-WA0025.jpg?fit=520%2C1024&amp;ssl=1\" srcset=\"https:\/\/i0.wp.com\/www.stiftsforum.ch\/blog\/wp-content\/uploads\/2019\/03\/IMG-20190315-WA0025.jpg?strip=info&#038;w=600 600w,https:\/\/i0.wp.com\/www.stiftsforum.ch\/blog\/wp-content\/uploads\/2019\/03\/IMG-20190315-WA0025.jpg?strip=info&#038;w=900 900w,https:\/\/i0.wp.com\/www.stiftsforum.ch\/blog\/wp-content\/uploads\/2019\/03\/IMG-20190315-WA0025.jpg?strip=info&#038;w=1200 1200w,https:\/\/i0.wp.com\/www.stiftsforum.ch\/blog\/wp-content\/uploads\/2019\/03\/IMG-20190315-WA0025.jpg?strip=info&#038;w=1500 1500w,https:\/\/i0.wp.com\/www.stiftsforum.ch\/blog\/wp-content\/uploads\/2019\/03\/IMG-20190315-WA0025.jpg?strip=info&#038;w=1600 1600w\" alt=\"\" data-height=\"1600\" data-id=\"3274\" data-link=\"http:\/\/www.stiftsforum.ch\/blog\/?attachment_id=3274\" data-url=\"https:\/\/i0.wp.com\/www.stiftsforum.ch\/blog\/wp-content\/uploads\/2019\/03\/IMG-20190315-WA0025.jpg?fit=520%2C1024\" data-width=\"812\" src=\"https:\/\/i0.wp.com\/www.stiftsforum.ch\/blog\/wp-content\/uploads\/2019\/03\/IMG-20190315-WA0025.jpg\"\/><\/figure><\/div><div data-carousel-extra='{\"blog_id\":1,\"permalink\":\"https:\\\/\\\/www.stiftsforum.ch\\\/blog\\\/?p=3265\"}' class=\"tiled-gallery__col\"><figure class=\"tiled-gallery__item\"><img data-attachment-id=\"3275\" data-permalink=\"https:\/\/www.stiftsforum.ch\/blog\/?attachment_id=3275\" data-orig-file=\"https:\/\/i2.wp.com\/www.stiftsforum.ch\/blog\/wp-content\/uploads\/2019\/03\/IMG-20190315-WA0026.jpg?fit=812%2C1600&amp;ssl=1\" data-orig-size=\"812,1600\" data-comments-opened=\"1\" data-image-meta=\"{&quot;aperture&quot;:&quot;0&quot;,&quot;credit&quot;:&quot;&quot;,&quot;camera&quot;:&quot;&quot;,&quot;caption&quot;:&quot;&quot;,&quot;created_timestamp&quot;:&quot;0&quot;,&quot;copyright&quot;:&quot;&quot;,&quot;focal_length&quot;:&quot;0&quot;,&quot;iso&quot;:&quot;0&quot;,&quot;shutter_speed&quot;:&quot;0&quot;,&quot;title&quot;:&quot;&quot;,&quot;orientation&quot;:&quot;0&quot;}\" data-image-title=\"IMG-20190315-WA0026\" data-image-description=\"\" data-medium-file=\"https:\/\/i2.wp.com\/www.stiftsforum.ch\/blog\/wp-content\/uploads\/2019\/03\/IMG-20190315-WA0026.jpg?fit=152%2C300&amp;ssl=1\" data-large-file=\"https:\/\/i2.wp.com\/www.stiftsforum.ch\/blog\/wp-content\/uploads\/2019\/03\/IMG-20190315-WA0026.jpg?fit=520%2C1024&amp;ssl=1\" data-attachment-id=\"3275\" data-permalink=\"https:\/\/www.stiftsforum.ch\/blog\/?attachment_id=3275\" data-orig-file=\"https:\/\/i2.wp.com\/www.stiftsforum.ch\/blog\/wp-content\/uploads\/2019\/03\/IMG-20190315-WA0026.jpg?fit=812%2C1600&amp;ssl=1\" data-orig-size=\"812,1600\" data-comments-opened=\"1\" data-image-meta=\"{&quot;aperture&quot;:&quot;0&quot;,&quot;credit&quot;:&quot;&quot;,&quot;camera&quot;:&quot;&quot;,&quot;caption&quot;:&quot;&quot;,&quot;created_timestamp&quot;:&quot;0&quot;,&quot;copyright&quot;:&quot;&quot;,&quot;focal_length&quot;:&quot;0&quot;,&quot;iso&quot;:&quot;0&quot;,&quot;shutter_speed&quot;:&quot;0&quot;,&quot;title&quot;:&quot;&quot;,&quot;orientation&quot;:&quot;0&quot;}\" data-image-title=\"IMG-20190315-WA0026\" data-image-description=\"\" data-medium-file=\"https:\/\/i2.wp.com\/www.stiftsforum.ch\/blog\/wp-content\/uploads\/2019\/03\/IMG-20190315-WA0026.jpg?fit=152%2C300&amp;ssl=1\" data-large-file=\"https:\/\/i2.wp.com\/www.stiftsforum.ch\/blog\/wp-content\/uploads\/2019\/03\/IMG-20190315-WA0026.jpg?fit=520%2C1024&amp;ssl=1\" srcset=\"https:\/\/i0.wp.com\/www.stiftsforum.ch\/blog\/wp-content\/uploads\/2019\/03\/IMG-20190315-WA0026.jpg?strip=info&#038;w=600 600w,https:\/\/i0.wp.com\/www.stiftsforum.ch\/blog\/wp-content\/uploads\/2019\/03\/IMG-20190315-WA0026.jpg?strip=info&#038;w=900 900w,https:\/\/i0.wp.com\/www.stiftsforum.ch\/blog\/wp-content\/uploads\/2019\/03\/IMG-20190315-WA0026.jpg?strip=info&#038;w=1200 1200w,https:\/\/i0.wp.com\/www.stiftsforum.ch\/blog\/wp-content\/uploads\/2019\/03\/IMG-20190315-WA0026.jpg?strip=info&#038;w=1500 1500w,https:\/\/i0.wp.com\/www.stiftsforum.ch\/blog\/wp-content\/uploads\/2019\/03\/IMG-20190315-WA0026.jpg?strip=info&#038;w=1600 1600w\" alt=\"\" data-height=\"1600\" data-id=\"3275\" data-link=\"http:\/\/www.stiftsforum.ch\/blog\/?attachment_id=3275\" data-url=\"https:\/\/i0.wp.com\/www.stiftsforum.ch\/blog\/wp-content\/uploads\/2019\/03\/IMG-20190315-WA0026.jpg?fit=520%2C1024\" data-width=\"812\" src=\"https:\/\/i0.wp.com\/www.stiftsforum.ch\/blog\/wp-content\/uploads\/2019\/03\/IMG-20190315-WA0026.jpg\"\/><\/figure><\/div><div data-carousel-extra='{\"blog_id\":1,\"permalink\":\"https:\\\/\\\/www.stiftsforum.ch\\\/blog\\\/?p=3265\"}' class=\"tiled-gallery__col\"><figure class=\"tiled-gallery__item\"><img data-attachment-id=\"3276\" data-permalink=\"https:\/\/www.stiftsforum.ch\/blog\/?attachment_id=3276\" data-orig-file=\"https:\/\/i1.wp.com\/www.stiftsforum.ch\/blog\/wp-content\/uploads\/2019\/03\/IMG-20190315-WA0027.jpg?fit=1200%2C1600&amp;ssl=1\" data-orig-size=\"1200,1600\" data-comments-opened=\"1\" data-image-meta=\"{&quot;aperture&quot;:&quot;0&quot;,&quot;credit&quot;:&quot;&quot;,&quot;camera&quot;:&quot;&quot;,&quot;caption&quot;:&quot;&quot;,&quot;created_timestamp&quot;:&quot;0&quot;,&quot;copyright&quot;:&quot;&quot;,&quot;focal_length&quot;:&quot;0&quot;,&quot;iso&quot;:&quot;0&quot;,&quot;shutter_speed&quot;:&quot;0&quot;,&quot;title&quot;:&quot;&quot;,&quot;orientation&quot;:&quot;0&quot;}\" data-image-title=\"IMG-20190315-WA0027\" data-image-description=\"\" data-medium-file=\"https:\/\/i1.wp.com\/www.stiftsforum.ch\/blog\/wp-content\/uploads\/2019\/03\/IMG-20190315-WA0027.jpg?fit=225%2C300&amp;ssl=1\" data-large-file=\"https:\/\/i1.wp.com\/www.stiftsforum.ch\/blog\/wp-content\/uploads\/2019\/03\/IMG-20190315-WA0027.jpg?fit=768%2C1024&amp;ssl=1\" data-attachment-id=\"3276\" data-permalink=\"https:\/\/www.stiftsforum.ch\/blog\/?attachment_id=3276\" data-orig-file=\"https:\/\/i1.wp.com\/www.stiftsforum.ch\/blog\/wp-content\/uploads\/2019\/03\/IMG-20190315-WA0027.jpg?fit=1200%2C1600&amp;ssl=1\" data-orig-size=\"1200,1600\" data-comments-opened=\"1\" data-image-meta=\"{&quot;aperture&quot;:&quot;0&quot;,&quot;credit&quot;:&quot;&quot;,&quot;camera&quot;:&quot;&quot;,&quot;caption&quot;:&quot;&quot;,&quot;created_timestamp&quot;:&quot;0&quot;,&quot;copyright&quot;:&quot;&quot;,&quot;focal_length&quot;:&quot;0&quot;,&quot;iso&quot;:&quot;0&quot;,&quot;shutter_speed&quot;:&quot;0&quot;,&quot;title&quot;:&quot;&quot;,&quot;orientation&quot;:&quot;0&quot;}\" data-image-title=\"IMG-20190315-WA0027\" data-image-description=\"\" data-medium-file=\"https:\/\/i1.wp.com\/www.stiftsforum.ch\/blog\/wp-content\/uploads\/2019\/03\/IMG-20190315-WA0027.jpg?fit=225%2C300&amp;ssl=1\" data-large-file=\"https:\/\/i1.wp.com\/www.stiftsforum.ch\/blog\/wp-content\/uploads\/2019\/03\/IMG-20190315-WA0027.jpg?fit=768%2C1024&amp;ssl=1\" srcset=\"https:\/\/i0.wp.com\/www.stiftsforum.ch\/blog\/wp-content\/uploads\/2019\/03\/IMG-20190315-WA0027.jpg?strip=info&#038;w=600 600w,https:\/\/i0.wp.com\/www.stiftsforum.ch\/blog\/wp-content\/uploads\/2019\/03\/IMG-20190315-WA0027.jpg?strip=info&#038;w=900 900w,https:\/\/i0.wp.com\/www.stiftsforum.ch\/blog\/wp-content\/uploads\/2019\/03\/IMG-20190315-WA0027.jpg?strip=info&#038;w=1200 1200w,https:\/\/i0.wp.com\/www.stiftsforum.ch\/blog\/wp-content\/uploads\/2019\/03\/IMG-20190315-WA0027.jpg?strip=info&#038;w=1500 1500w,https:\/\/i0.wp.com\/www.stiftsforum.ch\/blog\/wp-content\/uploads\/2019\/03\/IMG-20190315-WA0027.jpg?strip=info&#038;w=1600 1600w\" alt=\"\" data-height=\"1600\" data-id=\"3276\" data-link=\"http:\/\/www.stiftsforum.ch\/blog\/?attachment_id=3276\" data-url=\"https:\/\/i0.wp.com\/www.stiftsforum.ch\/blog\/wp-content\/uploads\/2019\/03\/IMG-20190315-WA0027.jpg?fit=768%2C1024\" data-width=\"1200\" src=\"https:\/\/i0.wp.com\/www.stiftsforum.ch\/blog\/wp-content\/uploads\/2019\/03\/IMG-20190315-WA0027.jpg\"\/><\/figure><\/div><\/div><\/div><\/div>\n","protected":false},"excerpt":{"rendered":"","protected":false},"author":1,"featured_media":3271,"comment_status":"open","ping_status":"closed","sticky":false,"template":"","format":"standard","meta":{"spay_email":"","jetpack_publicize_message":"","jetpack_is_tweetstorm":false},"categories":[3,29,35],"tags":[],"jetpack_featured_media_url":"https:\/\/i2.wp.com\/www.stiftsforum.ch\/blog\/wp-content\/uploads\/2019\/03\/IMG-20190315-WA0021.jpg?fit=1200%2C1600&ssl=1","jetpack_publicize_connections":[],"jetpack_sharing_enabled":true,"jetpack_shortlink":"https:\/\/wp.me\/p9nzRF-QF","jetpack_likes_enabled":true,"jetpack-related-posts":[{"id":1741,"url":"https:\/\/www.stiftsforum.ch\/blog\/?p=1741","url_meta":{"origin":3265,"position":0},"title":"No pain, no gain - Der Homo athleticus","date":"Januar 11, 2018","format":false,"excerpt":"Kolumne von Jael Inauen Heute, werte Leser, werden wir uns die sich stetig vermehrende Spezies der Athleten vornehmen. Diese zeichnen sich im Gegensatz zu den Pedanten n\u00e4mlich nicht durch ihre vielen Leiden, sondern durch ihre fast noch zahlreicheren Pflichten aus. Diese m\u00fcssen, um die (meist m\u00e4nnliche) Attraktivit\u00e4t zu beweisen, stets\u2026","rel":"","context":"In &quot;Allgemein&quot;","img":{"alt_text":"","src":"https:\/\/i0.wp.com\/www.stiftsforum.ch\/blog\/wp-content\/uploads\/2018\/01\/biceps-159681_960_720-1.png?fit=331%2C454&ssl=1&resize=350%2C200","width":350,"height":200},"classes":[]},{"id":3593,"url":"https:\/\/www.stiftsforum.ch\/blog\/?p=3593","url_meta":{"origin":3265,"position":1},"title":"Ein Nachmittag im Kontrollzentrum der Raumstation ISS","date":"Mai 24, 2019","format":false,"excerpt":"Von Alexandra Walser (2c) Die Astro-Pi Challenge (www.astro-pi.org) ist ein Wettbewerb, bei dem man einen Roboter programmiert. Es handelt sich dabei um einen Raspberry Pi-Roboter, der auf der Internationalen Raumstation (ISS) installiert ist. Es gibt zwei Stufen: Mission Zero und Mission Space Lab. Ich habe bei Mission Zero mitgemacht. Das\u2026","rel":"","context":"In &quot;Allgemein&quot;","img":{"alt_text":"","src":"https:\/\/i1.wp.com\/www.stiftsforum.ch\/blog\/wp-content\/uploads\/2019\/05\/ISS.jpg?fit=617%2C340&ssl=1&resize=350%2C200","width":350,"height":200},"classes":[]},{"id":5434,"url":"https:\/\/www.stiftsforum.ch\/blog\/?p=5434","url_meta":{"origin":3265,"position":2},"title":"Ferien im Berner Oberland - Fotostory","date":"Oktober 17, 2022","format":false,"excerpt":"Beitrag von Lilly Hetmank und Raya Fankhauser","rel":"","context":"In &quot;Allgemein&quot;","img":{"alt_text":"","src":"https:\/\/i1.wp.com\/www.stiftsforum.ch\/blog\/wp-content\/uploads\/2022\/10\/processed-12b2e11a-6297-4bdd-b074-6e06a9e80b3b_jmrnVZ7m.jpeg?fit=768%2C1024&ssl=1&resize=350%2C200","width":350,"height":200},"classes":[]},{"id":5511,"url":"https:\/\/www.stiftsforum.ch\/blog\/?p=5511","url_meta":{"origin":3265,"position":3},"title":"Die neuen B\u00fccher sind da","date":"Oktober 28, 2022","format":false,"excerpt":"Auch dieses Jahr wurden f\u00fcr die Schulbibliothek neue Sachb\u00fccher aus verschiedensten Themenbereichen angeschafft. Die Cover sind in der Galerie einsehbar. Eine weitere Lieferung ist noch ausstehend. Ein sch\u00f6nes Lesejahr!","rel":"","context":"In &quot;Allgemein&quot;","img":{"alt_text":"","src":"https:\/\/i1.wp.com\/www.stiftsforum.ch\/blog\/wp-content\/uploads\/2022\/10\/20221027_114852_resized-1-rotated.jpg?fit=1156%2C867&ssl=1&resize=350%2C200","width":350,"height":200},"classes":[]},{"id":6243,"url":"https:\/\/www.stiftsforum.ch\/blog\/?p=6243","url_meta":{"origin":3265,"position":4},"title":"Die 4c im Anna-G\u00f6ldi-Museum in Glarus","date":"April 23, 2023","format":false,"excerpt":"Erstmals besuchte eine Stiftsschulklasse das Anna-G\u00f6ldi-Museum in Glarus. Der Besuch lohnt sich, v.a. wenn man vorher Eveline Haslers Roman \"Anna G\u00f6ldi - letzte Hexe\" aufmerksam gelesen hat. Ein Bericht in Bildern. Fotos: Olivia Huber; Maria Egartner","rel":"","context":"In &quot;Allgemein&quot;","img":{"alt_text":"","src":"https:\/\/i2.wp.com\/www.stiftsforum.ch\/blog\/wp-content\/uploads\/2023\/04\/IMG-20230420-WA0019.jpg?fit=1200%2C900&ssl=1&resize=350%2C200","width":350,"height":200},"classes":[]},{"id":5993,"url":"https:\/\/www.stiftsforum.ch\/blog\/?p=5993","url_meta":{"origin":3265,"position":5},"title":"Macht mit bei der Foto Challenge!","date":"Januar 9, 2023","format":false,"excerpt":"Raya und Lilly Die Stiftsschule Einsiedeln organisiert wie bereits erw\u00e4hnt eine Fotochallenge, bei der alle Sch\u00fcler*innen eingeladen sind. Also schnappt euch eure Kamera und begebt euch ins Schneegest\u00f6ber! Egal ob spielende Tiere im Schnee oder tolle Winterlandschaften \u2013 alles ist erlaubt. Hauptsache, das Thema \u00abWinter\u00bb ist im Bild deutlich wiederzuerkennen.\u2026","rel":"","context":"In &quot;Allgemein&quot;","img":{"alt_text":"","src":"https:\/\/i1.wp.com\/www.stiftsforum.ch\/blog\/wp-content\/uploads\/2023\/01\/Image-1.jpeg?fit=1200%2C1012&ssl=1&resize=350%2C200","width":350,"height":200},"classes":[]}],"_links":{"self":[{"href":"https:\/\/www.stiftsforum.ch\/blog\/index.php?rest_route=\/wp\/v2\/posts\/3265"}],"collection":[{"href":"https:\/\/www.stiftsforum.ch\/blog\/index.php?rest_route=\/wp\/v2\/posts"}],"about":[{"href":"https:\/\/www.stiftsforum.ch\/blog\/index.php?rest_route=\/wp\/v2\/types\/post"}],"author":[{"embeddable":true,"href":"https:\/\/www.stiftsforum.ch\/blog\/index.php?rest_route=\/wp\/v2\/users\/1"}],"replies":[{"embeddable":true,"href":"https:\/\/www.stiftsforum.ch\/blog\/index.php?rest_route=%2Fwp%2Fv2%2Fcomments&post=3265"}],"version-history":[{"count":4,"href":"https:\/\/www.stiftsforum.ch\/blog\/index.php?rest_route=\/wp\/v2\/posts\/3265\/revisions"}],"predecessor-version":[{"id":3423,"href":"https:\/\/www.stiftsforum.ch\/blog\/index.php?rest_route=\/wp\/v2\/posts\/3265\/revisions\/3423"}],"wp:featuredmedia":[{"embeddable":true,"href":"https:\/\/www.stiftsforum.ch\/blog\/index.php?rest_route=\/wp\/v2\/media\/3271"}],"wp:attachment":[{"href":"https:\/\/www.stiftsforum.ch\/blog\/index.php?rest_route=%2Fwp%2Fv2%2Fmedia&parent=3265"}],"wp:term":[{"taxonomy":"category","embeddable":true,"href":"https:\/\/www.stiftsforum.ch\/blog\/index.php?rest_route=%2Fwp%2Fv2%2Fcategories&post=3265"},{"taxonomy":"post_tag","embeddable":true,"href":"https:\/\/www.stiftsforum.ch\/blog\/index.php?rest_route=%2Fwp%2Fv2%2Ftags&post=3265"}],"curies":[{"name":"wp","href":"https:\/\/api.w.org\/{rel}","templated":true}]}}