{"id":3338,"date":"2019-04-10T15:54:42","date_gmt":"2019-04-10T14:54:42","guid":{"rendered":"http:\/\/www.stiftsforum.ch\/blog\/?p=3338"},"modified":"2019-04-10T20:58:48","modified_gmt":"2019-04-10T19:58:48","slug":"aquarien-in-hundert-jahren-eine-karikatur","status":"publish","type":"post","link":"https:\/\/www.stiftsforum.ch\/blog\/?p=3338","title":{"rendered":"Aquarien in hundert Jahren &#8211; Eine Karikatur"},"content":{"rendered":"\n<p style=\"text-align:left\">Eine Karikatur von Valentin M\u00fcller<\/p>\n","protected":false},"excerpt":{"rendered":"<p>Eine Karikatur von Valentin M\u00fcller<\/p>\n","protected":false},"author":1,"featured_media":3350,"comment_status":"open","ping_status":"closed","sticky":false,"template":"","format":"standard","meta":{"spay_email":"","jetpack_publicize_message":"","jetpack_is_tweetstorm":false},"categories":[3,35],"tags":[],"jetpack_featured_media_url":"https:\/\/i1.wp.com\/www.stiftsforum.ch\/blog\/wp-content\/uploads\/2019\/04\/SharedScreenshot-e1554926011973.jpg?fit=1700%2C1216&ssl=1","jetpack_publicize_connections":[],"jetpack_sharing_enabled":true,"jetpack_shortlink":"https:\/\/wp.me\/p9nzRF-RQ","jetpack_likes_enabled":true,"jetpack-related-posts":[{"id":3041,"url":"https:\/\/www.stiftsforum.ch\/blog\/?p=3041","url_meta":{"origin":3338,"position":0},"title":"Wie wir dem Planeten mit unseren Smartphones schaden - Ein Lego-Film","date":"Februar 11, 2019","format":"video","excerpt":"https:\/\/youtu.be\/ESwLKG8cehw Beinahe jeder hat heute ein Handy. Im Durchschnitt brauchen wir es pro Tag 88-mal . Und alle paar Jahre gibt es wieder ein neues Handy - auch wenn das alte eigentlich oft noch funktioniert. Dies ist, wenn man sich bewusst ist, wie Smartphones hergestellt werden, ein massloser Konsum, mit\u2026","rel":"","context":"In &quot;Kommentar&quot;","img":{"alt_text":"","src":"https:\/\/i1.wp.com\/www.stiftsforum.ch\/blog\/wp-content\/uploads\/2019\/02\/thumbnail_-_Kopie-jpeg.jpg?fit=1200%2C695&ssl=1&resize=350%2C200","width":350,"height":200},"classes":[]},{"id":1982,"url":"https:\/\/www.stiftsforum.ch\/blog\/?p=1982","url_meta":{"origin":3338,"position":1},"title":"Treffen sich zwei Verr\u00fcckte\u2026","date":"M\u00e4rz 20, 2018","format":false,"excerpt":"Der nordkoreanische Diktator Kim Jong Un will sich mit Donald Trump treffen. Was kommt heraus, wenn sich zwei Verr\u00fcckte treffen? \u00a0 Der Politkommentar von Valentin M\u00fcller, 2a (Illustration: Lorena M\u00fcller) \u00a0 Es ist nicht lange her, da befanden sich Donald Trump und Kim Jong Un im Krieg \u2013 jedenfalls in\u2026","rel":"","context":"In &quot;Kommentar&quot;","img":{"alt_text":"","src":"https:\/\/i1.wp.com\/www.stiftsforum.ch\/blog\/wp-content\/uploads\/2018\/03\/Trump-Kim-Jong-Un-1.jpg?fit=1200%2C704&ssl=1&resize=350%2C200","width":350,"height":200},"classes":[]},{"id":3134,"url":"https:\/\/www.stiftsforum.ch\/blog\/?p=3134","url_meta":{"origin":3338,"position":2},"title":"Valentinsgottesdienst : Wof\u00fcr bin ich dankbar?","date":"Februar 21, 2019","format":false,"excerpt":"Der Heilige Valentin starb als M\u00e4rtyrer 273 n. Chr. in der N\u00e4he von Rom. Kurz vor seinem Tod verheiratete er ein Paar: Die Frau war christlich, der Mann ein r\u00f6mischer Legion\u00e4r. Valentin ist seit damals Besch\u00fctzer der Verliebten, der Paare und der Freundschaft. F\u00fcr den diesj\u00e4hrigen Valentinstagsgottesdienst organisierten Adriana, Emily,\u2026","rel":"","context":"In &quot;Kommentar&quot;","img":{"alt_text":"","src":"https:\/\/i1.wp.com\/www.stiftsforum.ch\/blog\/wp-content\/uploads\/2019\/02\/Valentinstag.jpg?fit=1116%2C744&ssl=1&resize=350%2C200","width":350,"height":200},"classes":[]},{"id":2511,"url":"https:\/\/www.stiftsforum.ch\/blog\/?p=2511","url_meta":{"origin":3338,"position":3},"title":"Foodwaste: Wie wir unsere M\u00fclleimer ern\u00e4hren - Ein Podcast","date":"September 12, 2018","format":"audio","excerpt":"\u00a0 Jedes Jahr landen in der Schweiz zwei Millionen Tonnen Lebensmittel im Abfall, w\u00e4hrend in anderen L\u00e4ndern hunderte Millionen Menschen hungern. Allein mit den Lebensmitteln, welche in Europa im Abfall landen, k\u00f6nnte man alle Hungernden auf der Welt doppelt ern\u00e4hren. Grassrooted, ein junger Verein aus Z\u00fcrich, hat sich zum Ziel\u2026","rel":"","context":"In &quot;Interview&quot;","img":{"alt_text":"","src":"https:\/\/i2.wp.com\/www.stiftsforum.ch\/blog\/wp-content\/uploads\/2018\/09\/Bildschirmfoto-2018-09-12-um-19.51.53.png?fit=1085%2C656&ssl=1&resize=350%2C200","width":350,"height":200},"classes":[]},{"id":2265,"url":"https:\/\/www.stiftsforum.ch\/blog\/?p=2265","url_meta":{"origin":3338,"position":4},"title":"166789","date":"Juni 19, 2018","format":false,"excerpt":"So viele Leute haben \u00abThe Flat Earth Society\u00bb auf Facebook abonniert (Stand: 10.6.2018). Die \u00abFlat Earth Society\u00bb ist der festen \u00dcberzeugung, dass die Erde eine Scheibe ist. Dabei berufen sie sich auf die Bibel, die ihrer Meinung nach ganz klar von der Erde als Scheibe spricht. Auch auf YouTube betreiben\u2026","rel":"","context":"In &quot;Die Welt in Zahlen&quot;","img":{"alt_text":"","src":"https:\/\/i1.wp.com\/www.stiftsforum.ch\/blog\/wp-content\/uploads\/2018\/06\/Bildschirmfoto-2018-06-19-um-18.11.07.png?fit=1200%2C701&ssl=1&resize=350%2C200","width":350,"height":200},"classes":[]},{"id":1550,"url":"https:\/\/www.stiftsforum.ch\/blog\/?p=1550","url_meta":{"origin":3338,"position":5},"title":"Plastik, dein Feind und Helfer","date":"November 21, 2017","format":false,"excerpt":"Plastik \u2013 Ein Wundermaterial. Es gibt wohl nichts, was man aus Plastik nicht herstellen k\u00f6nnte. Jahrzehntelang wurde es bedenkenlos hergestellt, jetzt w\u00e4chst der Zweifel am Kunststoff. Eine Suche nach Alternativen. \u00a0 Es gab eine Zeit, da lebten Dinosaurier auf unserer Welt. Es gab eine Zeit, da bekriegten sich Deutschland und\u2026","rel":"","context":"In &quot;Allgemein&quot;","img":{"alt_text":"","src":"https:\/\/i0.wp.com\/www.stiftsforum.ch\/blog\/wp-content\/uploads\/2017\/11\/AC62852D-3F8E-499C-9ABC-F43245D0CB38.jpeg?fit=1200%2C595&ssl=1&resize=350%2C200","width":350,"height":200},"classes":[]}],"_links":{"self":[{"href":"https:\/\/www.stiftsforum.ch\/blog\/index.php?rest_route=\/wp\/v2\/posts\/3338"}],"collection":[{"href":"https:\/\/www.stiftsforum.ch\/blog\/index.php?rest_route=\/wp\/v2\/posts"}],"about":[{"href":"https:\/\/www.stiftsforum.ch\/blog\/index.php?rest_route=\/wp\/v2\/types\/post"}],"author":[{"embeddable":true,"href":"https:\/\/www.stiftsforum.ch\/blog\/index.php?rest_route=\/wp\/v2\/users\/1"}],"replies":[{"embeddable":true,"href":"https:\/\/www.stiftsforum.ch\/blog\/index.php?rest_route=%2Fwp%2Fv2%2Fcomments&post=3338"}],"version-history":[{"count":2,"href":"https:\/\/www.stiftsforum.ch\/blog\/index.php?rest_route=\/wp\/v2\/posts\/3338\/revisions"}],"predecessor-version":[{"id":3351,"href":"https:\/\/www.stiftsforum.ch\/blog\/index.php?rest_route=\/wp\/v2\/posts\/3338\/revisions\/3351"}],"wp:featuredmedia":[{"embeddable":true,"href":"https:\/\/www.stiftsforum.ch\/blog\/index.php?rest_route=\/wp\/v2\/media\/3350"}],"wp:attachment":[{"href":"https:\/\/www.stiftsforum.ch\/blog\/index.php?rest_route=%2Fwp%2Fv2%2Fmedia&parent=3338"}],"wp:term":[{"taxonomy":"category","embeddable":true,"href":"https:\/\/www.stiftsforum.ch\/blog\/index.php?rest_route=%2Fwp%2Fv2%2Fcategories&post=3338"},{"taxonomy":"post_tag","embeddable":true,"href":"https:\/\/www.stiftsforum.ch\/blog\/index.php?rest_route=%2Fwp%2Fv2%2Ftags&post=3338"}],"curies":[{"name":"wp","href":"https:\/\/api.w.org\/{rel}","templated":true}]}}