{"id":3368,"date":"2019-04-22T13:27:33","date_gmt":"2019-04-22T12:27:33","guid":{"rendered":"http:\/\/www.stiftsforum.ch\/blog\/?p=3368"},"modified":"2019-04-22T14:15:03","modified_gmt":"2019-04-22T13:15:03","slug":"ein-chor-mit-niveau","status":"publish","type":"post","link":"https:\/\/www.stiftsforum.ch\/blog\/?p=3368","title":{"rendered":"Ein Chor mit Niveau"},"content":{"rendered":"\n<p><strong> Der Boston College High School Choir zu Gast an der Stiftsschule<\/strong><\/p>\n\n\n\n<figure class=\"wp-block-audio\"><audio controls src=\"http:\/\/www.stiftsforum.ch\/blog\/wp-content\/uploads\/2019\/04\/Tonaufnahme1-online-audio-converter.com_-1.mp3\"><\/audio><figcaption>Live-Mitschnitt aus dem Konzert<\/figcaption><\/figure>\n\n\n\n<figure class=\"wp-block-audio\"><audio controls src=\"http:\/\/www.stiftsforum.ch\/blog\/wp-content\/uploads\/2019\/04\/Live-Mitschnitt-2-online-audio-converter.com_.mp3\"><\/audio><figcaption>Live-Mitschnitt 2: Transilvania Mania<\/figcaption><\/figure>\n\n\n\n<p>Carnegie Hall, ein landesweites Mekka f\u00fcr sowohl klassische als auch Jazz und Pop-Musiker, das White House und die Petersbasilika im Vatikan: An diesen prestigetr\u00e4chtigen Orten trat bereits der Boston College High School auf, wie auch am vergangenen Montag an der Stiftsschule. An internationalen Musikveranstaltungen geniesst der Chamber Choir, die Selektion jener ungef\u00e4hr 40 S\u00e4nger, die an landes- und weltweiten Darbietungen teilnehmen, einen grossen Ruf. Er besuchte unter anderem als erster amerikanischer Chor das Musikfest der Staatlichen Universit\u00e4t Kasan (Russland) und sang an einer der renommiertesten Kirchen Irlands, der St. Patrick\u2019s Church. Eine Ehre also, dass die Stiftsschule die S\u00e4nger unter der F\u00fchrung Marina Rozenbergs, der Dirigentin, miterleben durfte. <\/p>\n\n\n\n<p><a href=\"http:\/\/stiftsschule-einsiedeln.ch\/de\/content\/konzert-des-boston-coll#naviMain\">http:\/\/stiftsschule-einsiedeln.ch\/de\/content\/konzert-des-boston-coll#naviMain<\/a><\/p>\n\n\n\n<p>Link zur Boston College High School: &nbsp; <a href=\"https:\/\/www.bchigh.edu\/faith-and-service\/overview\">https:\/\/www.bchigh.edu\/faith-and-service\/overview<\/a><\/p>\n","protected":false},"excerpt":{"rendered":"<p>Der Boston College High School Choir zu Gast an der Stiftsschule Carnegie Hall, ein landesweites Mekka f\u00fcr sowohl klassische als<\/p>\n","protected":false},"author":1,"featured_media":3386,"comment_status":"open","ping_status":"closed","sticky":false,"template":"","format":"standard","meta":{"spay_email":"","jetpack_publicize_message":"","jetpack_is_tweetstorm":false},"categories":[10],"tags":[],"jetpack_featured_media_url":"https:\/\/i2.wp.com\/www.stiftsforum.ch\/blog\/wp-content\/uploads\/2019\/04\/IMG_5491.jpg?fit=5184%2C3456&ssl=1","jetpack_publicize_connections":[],"jetpack_sharing_enabled":true,"jetpack_shortlink":"https:\/\/wp.me\/p9nzRF-Sk","jetpack_likes_enabled":true,"jetpack-related-posts":[{"id":3394,"url":"https:\/\/www.stiftsforum.ch\/blog\/?p=3394","url_meta":{"origin":3368,"position":0},"title":"Der Boston College Highschool Chor - Ein Konzert in Bildern","date":"April 17, 2019","format":false,"excerpt":"","rel":"","context":"In &quot;Schulanl\u00e4sse&quot;","img":{"alt_text":"","src":"https:\/\/i0.wp.com\/www.stiftsforum.ch\/blog\/wp-content\/uploads\/2019\/04\/IMG_5500.jpg?fit=1200%2C800&ssl=1&resize=350%2C200","width":350,"height":200},"classes":[]},{"id":2175,"url":"https:\/\/www.stiftsforum.ch\/blog\/?p=2175","url_meta":{"origin":3368,"position":1},"title":"Nachtrag: MusiKUSS 2018","date":"Juni 5, 2018","format":false,"excerpt":"Raphael auf der Maur Am Freitag, der 30 M\u00e4rz, um 10.30, begr\u00fcsste Rektor Johannes Eichrodt die Sch\u00fclerinnen und Sch\u00fcler der Stiftsschule Einsiedeln beim MusiKuss, dem dritte KUSS-Anlass dieses Jahres. Musiklehrer Lukas Meister erkl\u00e4rt, es sei ein Querschnitt aller Musikarten, die momentan in den verschiedenen Klassen ge\u00fcbt werden. Zu viel versprochen\u2026","rel":"","context":"In &quot;Schulanl\u00e4sse&quot;","img":{"alt_text":"","src":"https:\/\/i1.wp.com\/www.stiftsforum.ch\/blog\/wp-content\/uploads\/2018\/04\/mu6.jpg?fit=800%2C533&ssl=1&resize=350%2C200","width":350,"height":200},"classes":[]},{"id":2576,"url":"https:\/\/www.stiftsforum.ch\/blog\/?p=2576","url_meta":{"origin":3368,"position":2},"title":"Von Bloch bis Schostakowitsch. Die Young Israel Philharmonic Strings an der Stiftsschule Einsiedeln","date":"September 27, 2018","format":false,"excerpt":"\u00a0 Stiftsschule Einsiedeln, Theatersaal: 25 junge Streicherinnen und Streicher mit ihren Geigen, Violen und Celli nehmen auf der B\u00fchne Platz, setzen ihre B\u00f6gen an und versetzen das Publikum zun\u00e4chst einmal ins Staunen. Was hier geboten wird, scheint von erstaunlicher Qualit\u00e4t zu sein. Wer sind diese jungen Musikerinnen und Musiker, die\u2026","rel":"","context":"In &quot;Schulanl\u00e4sse&quot;","img":{"alt_text":"","src":"https:\/\/i2.wp.com\/www.stiftsforum.ch\/blog\/wp-content\/uploads\/2018\/09\/IMG_7393.jpg?fit=1200%2C800&ssl=1&resize=350%2C200","width":350,"height":200},"classes":[]},{"id":6606,"url":"https:\/\/www.stiftsforum.ch\/blog\/?p=6606","url_meta":{"origin":3368,"position":3},"title":"Weihnachts-Spendenaktion an der Stiftsschule","date":"Dezember 21, 2023","format":false,"excerpt":"Durch die Idee von Jasmine Quanbrough und die gemeinsame Planung und Umsetzung mit P. Thomas von der Schulseelsorge konnten dieses Jahr 21 Weihnachtsw\u00fcnsche sozial bed\u00fcrftiger Familien erf\u00fcllt und 20 Semester-Stipendien f\u00fcr unsere Partnerschule in Namwala (Sambia) mit einem Gesamtwert von 1500 CHF vergeben werden. Frohe Weihnachten an alle Schenkenden und\u2026","rel":"","context":"In &quot;Allgemein&quot;","img":{"alt_text":"","src":"https:\/\/i0.wp.com\/www.stiftsforum.ch\/blog\/wp-content\/uploads\/2023\/12\/20231220_130919_resized-1.jpg?fit=1200%2C900&ssl=1&resize=350%2C200","width":350,"height":200},"classes":[]},{"id":2041,"url":"https:\/\/www.stiftsforum.ch\/blog\/?p=2041","url_meta":{"origin":3368,"position":4},"title":"Mit den SDGs nachhaltig ins 21. Jahrhundert","date":"Mai 13, 2018","format":false,"excerpt":"\u00a0 Wohlstand und Lebenserwartung haben in den letzten Jahrzehnten deutlich zugenommen, aber auf Kosten von wem? Eine Ausstellung zu den UNO-Entwicklungszielen, den SDGs (sustainable development goals), r\u00fcckt Zukunftsszenarien nun in unsere Gegenwart. Organisiert wurde die Ausstellung von Florentin Bucher gemeinsam mit dem Erg\u00e4nzungsfach Geografie. Montag, 16.4., 15h30: Drei Schulklassen, Schulleitung\u2026","rel":"","context":"In &quot;Schulanl\u00e4sse&quot;","img":{"alt_text":"","src":"https:\/\/i1.wp.com\/www.stiftsforum.ch\/blog\/wp-content\/uploads\/2018\/05\/ausstellung4.jpg?fit=1200%2C800&ssl=1&resize=350%2C200","width":350,"height":200},"classes":[]},{"id":2018,"url":"https:\/\/www.stiftsforum.ch\/blog\/?p=2018","url_meta":{"origin":3368,"position":5},"title":"MusiKUSS - Musik wird an der Stiftsschule gross geschrieben","date":"April 17, 2018","format":"gallery","excerpt":"","rel":"","context":"In &quot;Schulanl\u00e4sse&quot;","img":{"alt_text":"","src":"https:\/\/i2.wp.com\/www.stiftsforum.ch\/blog\/wp-content\/uploads\/2018\/04\/mu8.jpg?fit=800%2C533&ssl=1&resize=350%2C200","width":350,"height":200},"classes":[]}],"_links":{"self":[{"href":"https:\/\/www.stiftsforum.ch\/blog\/index.php?rest_route=\/wp\/v2\/posts\/3368"}],"collection":[{"href":"https:\/\/www.stiftsforum.ch\/blog\/index.php?rest_route=\/wp\/v2\/posts"}],"about":[{"href":"https:\/\/www.stiftsforum.ch\/blog\/index.php?rest_route=\/wp\/v2\/types\/post"}],"author":[{"embeddable":true,"href":"https:\/\/www.stiftsforum.ch\/blog\/index.php?rest_route=\/wp\/v2\/users\/1"}],"replies":[{"embeddable":true,"href":"https:\/\/www.stiftsforum.ch\/blog\/index.php?rest_route=%2Fwp%2Fv2%2Fcomments&post=3368"}],"version-history":[{"count":8,"href":"https:\/\/www.stiftsforum.ch\/blog\/index.php?rest_route=\/wp\/v2\/posts\/3368\/revisions"}],"predecessor-version":[{"id":3430,"href":"https:\/\/www.stiftsforum.ch\/blog\/index.php?rest_route=\/wp\/v2\/posts\/3368\/revisions\/3430"}],"wp:featuredmedia":[{"embeddable":true,"href":"https:\/\/www.stiftsforum.ch\/blog\/index.php?rest_route=\/wp\/v2\/media\/3386"}],"wp:attachment":[{"href":"https:\/\/www.stiftsforum.ch\/blog\/index.php?rest_route=%2Fwp%2Fv2%2Fmedia&parent=3368"}],"wp:term":[{"taxonomy":"category","embeddable":true,"href":"https:\/\/www.stiftsforum.ch\/blog\/index.php?rest_route=%2Fwp%2Fv2%2Fcategories&post=3368"},{"taxonomy":"post_tag","embeddable":true,"href":"https:\/\/www.stiftsforum.ch\/blog\/index.php?rest_route=%2Fwp%2Fv2%2Ftags&post=3368"}],"curies":[{"name":"wp","href":"https:\/\/api.w.org\/{rel}","templated":true}]}}