{"id":3501,"date":"2019-04-28T15:41:54","date_gmt":"2019-04-28T14:41:54","guid":{"rendered":"http:\/\/www.stiftsforum.ch\/blog\/?p=3501"},"modified":"2019-04-28T15:41:59","modified_gmt":"2019-04-28T14:41:59","slug":"die-feldmusik-in-wien-bratislava-und-budapest","status":"publish","type":"post","link":"https:\/\/www.stiftsforum.ch\/blog\/?p=3501","title":{"rendered":"Die Feldmusik in Wien, Bratislava und Budapest"},"content":{"rendered":"","protected":false},"excerpt":{"rendered":"","protected":false},"author":9,"featured_media":3502,"comment_status":"open","ping_status":"closed","sticky":false,"template":"","format":"standard","meta":{"spay_email":"","jetpack_publicize_message":"","jetpack_is_tweetstorm":false},"categories":[4],"tags":[],"jetpack_featured_media_url":"https:\/\/i0.wp.com\/www.stiftsforum.ch\/blog\/wp-content\/uploads\/2019\/04\/xFIEux1ZlL5CqyGGyiBK.jpg?fit=800%2C600&ssl=1","jetpack_publicize_connections":[],"jetpack_sharing_enabled":true,"jetpack_shortlink":"https:\/\/wp.me\/p9nzRF-Ut","jetpack_likes_enabled":true,"jetpack-related-posts":[{"id":6726,"url":"https:\/\/www.stiftsforum.ch\/blog\/?p=6726","url_meta":{"origin":3501,"position":0},"title":"\u201eIch will euch eine Zukunft und Hoffnung geben\u201c \u2013 Die Stiftsschule Einsiedeln nahm am Benediktinischen Jugendkongress 2024 in M\u00fcnsterschwarzach teil","date":"Oktober 9, 2024","format":false,"excerpt":"Das Motto aus Jeremia 29,11 \u00abIch will euch eine Zukunft und Hoffnung geben\u00bb stand im Zentrum des viert\u00e4gigen Kongresses der benediktinischen Jugend der deutschsprachigen Benediktinergymnasien (DeBeJu), die sich vom 26.9.-29.9.2024 im fr\u00e4nkischen M\u00fcnsterschwarzach einfand. Die Stiftsschule Einsiedeln nahm mit Schulseelsorger P.Cyrill, zwei Lehrpersonen und f\u00fcnf Lernenden ebenso wie die zwei\u2026","rel":"","context":"In &quot;Schule unterwegs&quot;","img":{"alt_text":"","src":"https:\/\/i1.wp.com\/www.stiftsforum.ch\/blog\/wp-content\/uploads\/2024\/10\/240927_DeBe_Ju-16-scaled.jpg?fit=1200%2C800&ssl=1&resize=350%2C200","width":350,"height":200},"classes":[]},{"id":5652,"url":"https:\/\/www.stiftsforum.ch\/blog\/?p=5652","url_meta":{"origin":3501,"position":1},"title":"Arch\u00e4ologie Schweiz - Sch\u00e4tze aus alter Zeit","date":"November 14, 2022","format":false,"excerpt":"Die Klassen 1b & 1c der Stiftsschule Einsiedeln besuchten das Landesmuseum in Z\u00fcrich. J\u00fcrg Rohner organisierte die Exkursion im Rahmen des Geschichtsunterrichts. \u2022\u00a0\u00a0\u00a0\u00a0\u00a0 Was war der Anlass, um ins Landesmuseum zu fahren? Im Unterricht behandeln wir die Vorgeschichte, also die Zeit, von der es keine schriftlichen Quellen gibt. Ferner haben\u2026","rel":"","context":"In &quot;Exkursionen&quot;","img":{"alt_text":"","src":"https:\/\/i1.wp.com\/www.stiftsforum.ch\/blog\/wp-content\/uploads\/2022\/11\/20221107_110058-1-scaled.jpg?fit=1200%2C900&ssl=1&resize=350%2C200","width":350,"height":200},"classes":[]},{"id":4537,"url":"https:\/\/www.stiftsforum.ch\/blog\/?p=4537","url_meta":{"origin":3501,"position":2},"title":"\u00abAm sch\u00f6nsten war, dass wir alle gemeinsam unterwegs waren\u00bb","date":"Oktober 19, 2021","format":false,"excerpt":"Besinnungstage im Melchtal Die Erstkl\u00e4ssler*innen der Stiftsschule Einsiedeln fuhren ins Melchtal (OW) f\u00fcr drei turbulente Tage voller Spass und Zusammensein von Viviana Lindemann und Sophia Br\u00fcllmann (1a und 1c) Mittwoch, 29.9.2021 Fr\u00fchmorgens, um 8:20, versammelten wir uns am Biberbrugger Bahnhof. Wir, das waren die Klassen 1 a, b und c,\u2026","rel":"","context":"In &quot;Schulanl\u00e4sse&quot;","img":{"alt_text":"","src":"https:\/\/i1.wp.com\/www.stiftsforum.ch\/blog\/wp-content\/uploads\/2021\/10\/DSCN0394-scaled.jpg?fit=1200%2C900&ssl=1&resize=350%2C200","width":350,"height":200},"classes":[]},{"id":4552,"url":"https:\/\/www.stiftsforum.ch\/blog\/?p=4552","url_meta":{"origin":3501,"position":3},"title":"Fotostory: Herbstwandertag 2021","date":"Oktober 20, 2021","format":false,"excerpt":"Fotos: Sch\u00fclerinnen und Sch\u00fcler der 1b","rel":"","context":"In &quot;Schule unterwegs&quot;","img":{"alt_text":"","src":"https:\/\/i0.wp.com\/www.stiftsforum.ch\/blog\/wp-content\/uploads\/2021\/10\/IMG-20211020-WA0025.jpg?fit=1200%2C900&ssl=1&resize=350%2C200","width":350,"height":200},"classes":[]},{"id":5107,"url":"https:\/\/www.stiftsforum.ch\/blog\/?p=5107","url_meta":{"origin":3501,"position":4},"title":"Von Uptown Funk bis No Time To Die","date":"April 5, 2022","format":false,"excerpt":"Am 2.4.2022 lud die Feldmusik zum Laetaren-Konzert ein. Die 29 Sch\u00fcler*innen f\u00fcllten den Theatersaal mit frecher Pop-Musik, gel\u00e4ufigen Chartbreakern sowie bekannter Rockmusik. Unter der Leitung von Herrn Meister performten die jungen Musikanten einwandfrei. -Ein Beitrag von Erin Schuler Das Laetare-Konzert der Feldmusik ist schon lange eine Tradition an der Stiftschule.\u2026","rel":"","context":"In &quot;Allgemein&quot;","img":{"alt_text":"","src":"https:\/\/i2.wp.com\/www.stiftsforum.ch\/blog\/wp-content\/uploads\/2022\/04\/MicrosoftTeams-image.jpg?fit=1200%2C675&ssl=1&resize=350%2C200","width":350,"height":200},"classes":[]},{"id":4980,"url":"https:\/\/www.stiftsforum.ch\/blog\/?p=4980","url_meta":{"origin":3501,"position":5},"title":"Stiftssch\u00fcler und Ehemalige in der Tonhalle","date":"Dezember 20, 2021","format":false,"excerpt":"19.12.2021: Tonhalle Z\u00fcrich: Zum Konzert des Akademischen Orchesters Z\u00fcrich, das von Lukas Meister geleitet wird, erschienen mehr als 20 Stiftssch\u00fclerinnen und Stiftssch\u00fcler und auch so manche Ehemalige....","rel":"","context":"In &quot;Schule unterwegs&quot;","img":{"alt_text":"","src":"https:\/\/i0.wp.com\/www.stiftsforum.ch\/blog\/wp-content\/uploads\/2021\/12\/IMG-20211219-WA0009.jpg?fit=1200%2C798&ssl=1&resize=350%2C200","width":350,"height":200},"classes":[]}],"_links":{"self":[{"href":"https:\/\/www.stiftsforum.ch\/blog\/index.php?rest_route=\/wp\/v2\/posts\/3501"}],"collection":[{"href":"https:\/\/www.stiftsforum.ch\/blog\/index.php?rest_route=\/wp\/v2\/posts"}],"about":[{"href":"https:\/\/www.stiftsforum.ch\/blog\/index.php?rest_route=\/wp\/v2\/types\/post"}],"author":[{"embeddable":true,"href":"https:\/\/www.stiftsforum.ch\/blog\/index.php?rest_route=\/wp\/v2\/users\/9"}],"replies":[{"embeddable":true,"href":"https:\/\/www.stiftsforum.ch\/blog\/index.php?rest_route=%2Fwp%2Fv2%2Fcomments&post=3501"}],"version-history":[{"count":1,"href":"https:\/\/www.stiftsforum.ch\/blog\/index.php?rest_route=\/wp\/v2\/posts\/3501\/revisions"}],"predecessor-version":[{"id":3503,"href":"https:\/\/www.stiftsforum.ch\/blog\/index.php?rest_route=\/wp\/v2\/posts\/3501\/revisions\/3503"}],"wp:featuredmedia":[{"embeddable":true,"href":"https:\/\/www.stiftsforum.ch\/blog\/index.php?rest_route=\/wp\/v2\/media\/3502"}],"wp:attachment":[{"href":"https:\/\/www.stiftsforum.ch\/blog\/index.php?rest_route=%2Fwp%2Fv2%2Fmedia&parent=3501"}],"wp:term":[{"taxonomy":"category","embeddable":true,"href":"https:\/\/www.stiftsforum.ch\/blog\/index.php?rest_route=%2Fwp%2Fv2%2Fcategories&post=3501"},{"taxonomy":"post_tag","embeddable":true,"href":"https:\/\/www.stiftsforum.ch\/blog\/index.php?rest_route=%2Fwp%2Fv2%2Ftags&post=3501"}],"curies":[{"name":"wp","href":"https:\/\/api.w.org\/{rel}","templated":true}]}}