{"id":3703,"date":"2019-06-12T15:36:32","date_gmt":"2019-06-12T14:36:32","guid":{"rendered":"http:\/\/www.stiftsforum.ch\/blog\/?p=3703"},"modified":"2019-06-12T15:38:45","modified_gmt":"2019-06-12T14:38:45","slug":"es-hat-keinen-sinn-sorgen-in-alkohol-ertraenken-zu-wollen-denn-sorgen-sind-gute-schwimmer","status":"publish","type":"post","link":"https:\/\/www.stiftsforum.ch\/blog\/?p=3703","title":{"rendered":"Es hat keinen Sinn, Sorgen in Alkohol ertr\u00e4nken zu wollen, denn Sorgen sind gute Schwimmer."},"content":{"rendered":"\n<p>Alkohol ist ein traditioneller, fest verankerter Bestandteil der hiesigen Kultur. Gem\u00e4ss Bev\u00f6lkerungsbefragung1 trinken fast neun von zehn Personen ab 15 Jahren zumindest gelegentlich Alkohol (85.8%), etwa eine von zehn Personen trinkt t\u00e4glich Alkohol (9.5%). Der Alkoholkonsum in der Schweizer Gesellschaft hat sich seit 2011 kaum ver\u00e4ndert. Bei dem \u00fcber Verkaufsdaten ermittelten Pro-Kopf-Konsum hingegen, zeigt sich in den letzten 20 Jahren eine stetige Abnahme. Dieser betrug 1992 10.1 Liter und ging bis 2016 auf 7.9 Liter zur\u00fcck. <\/p>\n\n\n\n<p>Bei n\u00e4herer Betrachtung f\u00e4llt auf das der Anteil der M\u00e4nner (12.5%) beim t\u00e4glichen Konsum etwa doppelt so hoch ist wie derjenige der Frauen (6.5%). Auch eine deutliche Zunahme mit dem Alter, von 0.3% bei den 15- bis 19-J\u00e4hrigen auf 26.2% ab 75 Jahren ist erkennbar.  Der w\u00f6chentliche Konsum kommt bereits auch bei 11-J\u00e4hrigen vor, auch wenn es sich dabei um weniger als 1% handelt. Obwohl die Anteile bis zu einem Alter von 15 Jahren deutlich ansteigen, haben sie aber zwischen 2002 und 2018 deutlich abgenommen. <\/p>\n\n\n\n<p>Obschon der Grossteil der Schweizer Bev\u00f6lkerung einen unproblematischen Alkoholkonsum aufweist, gibt es trotzdem Menschen, die zu viel, zu h\u00e4ufig oder in ungeeigneten Situationen trinken. Somit wird anhand von einer Sch\u00e4tzung ausgegangen, dass etwa 250\u2019000 Personen in der Schweiz alkoholabh\u00e4ngig sind. <br>\n21.6% der Schweizer Wohnbev\u00f6lkerung ab 15 Jahren geben einen risikoreichen Alkoholkonsum an. Ein verst\u00e4rktes Rauschtrinken ist deutlich in den jungen Jahren und ein zunehmend chronischer Risikokonsum mit ansteigendem Alter zu sehen. <br>\nDoch weshalb trinken Jugendliche Alkohol?<br>\nIm Allgemeinen wird angegeben, dass sie das tun, um Spass zu haben. Jedoch kommt es auch vor, dass einige Jugendliche mit Alkohol versuchen, mit ihren Gef\u00fchlen besser umzugehen und ihre Probleme zu vergessen. Die Wenigsten geben an, Alkohol zu trinken, um zu einer Gruppe zu geh\u00f6ren oder um von anderen gemocht zu werden.  Trotzdem gibt es F\u00e4lle, in denen Personen Alkohol trinken um Stress abzubauen und ihre Probleme zu vergessen. <\/p>\n\n\n\n<p>Dadurch dass die Jugendlichen sich noch im Wachstum befinden, reagiert ihr K\u00f6rper empfindlicher auf Alkohol als derjenige von Erwachsenen, weshalb die Jugend riskiert schneller angetrunken zu sein. Oftmals verliert man den \u00dcberblick seines eigenen Konsums, da man den Alkohol(oft gemischt mit S\u00fcssgetr\u00e4nken) direkt aus der Flasche trinkt. <br>\nEin Alkoholrausch birgt das Risiko, Dinge zu tun, die man sp\u00e4ter bereuen k\u00f6nnte oder wegen eines Unfalls oder eine Alkoholvergiftung im Spital zu landen. Weitere Folgen sind Verletzungen und Intoxikationen sowie ein erh\u00f6htes Risiko f\u00fcr Gewalt- und riskante sexuelle Erfahrungen. L\u00e4ngerfristig k\u00f6nnen ebenfalls Ged\u00e4chtnis und Lernprozesse beeintr\u00e4chtigt werden. Ein hoher Konsum von Alkohol im Jugendalter geht zudem mit einem erh\u00f6hten Risiko f\u00fcr die sp\u00e4tere Entwicklung alkoholbezogener St\u00f6rungen einher. <\/p>\n\n\n\n<p>Das \u201eBinge-drinking\u201c und \u201eKomasaufen\u201c sind zwei Begriffe, die oft erw\u00e4hnt werden im Zusammenhang mit dem Alkoholkonsum der heutigen Jugend. Als \u201eBinge-drinking\u201c wird ein Konsum von f\u00fcnf oder mehr alkoholischen Getr\u00e4nken pro Tag bezeichnet. Das \u201eKomasaufen\u201c ist eine extrem Form des \u201eBinge-drinking\u201c. Dabei wird in m\u00f6glichst kurzer Zeit so viel Alkohol getrunken wie es nur geht. Beides beginnt mit dem Einsetzen der Pubert\u00e4t. Dies l\u00e4sst darauf schliessen, dass der Alkoholkonsum einen Anteil bei der Bew\u00e4ltigung von Entwicklungsaufgaben hat, die Jungen und M\u00e4dchen in dieser Phase vollziehen m\u00fcssen(z.B. Abgrenzung von der Kindheit, Abl\u00f6sung von den Eltern, Identit\u00e4t, erwachsenes Verhalten annehmen, Liebesbeziehungen aufbauen). <\/p>\n\n\n\n<p>Somit erkennt man, dass der Alkoholkonsum stetig abnimmt und nicht zunimmt, wie man oft meint. Ausserdem trinkt nur ein kleiner Prozentsatz der heutigen Jugend. Jedoch kommt das \u201eBinge-drinking\u201c sowie das \u201eKomasaufen\u201c immer \u00f6fters vor. Eine Entwicklung, die zu denken gibt.<\/p>\n\n\n\n<p class=\"has-small-font-size\">1: Suchpr\u00e4ventionsberatung Schwyz<\/p>\n","protected":false},"excerpt":{"rendered":"<p>Alkohol ist ein traditioneller, fest verankerter Bestandteil der hiesigen Kultur. Gem\u00e4ss Bev\u00f6lkerungsbefragung1 trinken fast neun von zehn Personen ab 15<\/p>\n","protected":false},"author":1,"featured_media":3704,"comment_status":"open","ping_status":"closed","sticky":false,"template":"","format":"standard","meta":{"spay_email":"","jetpack_publicize_message":"","jetpack_is_tweetstorm":false},"categories":[3],"tags":[],"jetpack_featured_media_url":"https:\/\/i2.wp.com\/www.stiftsforum.ch\/blog\/wp-content\/uploads\/2019\/06\/f8a30131-bf74-449f-966f-574a48615937.jpg?fit=750%2C1334&ssl=1","jetpack_publicize_connections":[],"jetpack_sharing_enabled":true,"jetpack_shortlink":"https:\/\/wp.me\/p9nzRF-XJ","jetpack_likes_enabled":true,"jetpack-related-posts":[{"id":3436,"url":"https:\/\/www.stiftsforum.ch\/blog\/?p=3436","url_meta":{"origin":3703,"position":0},"title":"Einkaufen ohne Verpackungen?","date":"April 25, 2019","format":false,"excerpt":"Von Philipp Rall, 1c , Fotos: Philipp Rall und Loa Birrer, 1c Einkaufen ohne Verpackungen, das ist wohl der Traum aller Umweltpolitiker. Eigentlich h\u00e4tten wir schon l\u00e4ngst aufh\u00f6ren sollen, Plastik zu produzieren. Laut Wissenschaftlern der Australian National University ist unsere Erde so gef\u00e4hrdet, dass wir bereits in 100 Jahren aussterben\u2026","rel":"","context":"In &quot;Schulseelsorge&quot;","img":{"alt_text":"","src":"https:\/\/i0.wp.com\/www.stiftsforum.ch\/blog\/wp-content\/uploads\/2019\/04\/IMG_1903.jpg?fit=1200%2C900&ssl=1&resize=350%2C200","width":350,"height":200},"classes":[]},{"id":5715,"url":"https:\/\/www.stiftsforum.ch\/blog\/?p=5715","url_meta":{"origin":3703,"position":1},"title":"Wo kommt eigentlich unser Zn\u00fcni her?","date":"November 24, 2022","format":false,"excerpt":"Wir machen uns auf den Weg in die Kornhausstrasse, \u00fcber den Klosterplatz und die Hauptstrasse hinunter und links ab in ein etwas weniger dicht besiedeltes Quartier von Einsiedeln. Hinter einigen mehrgeschossigen Wohnbauten und vorbei an einer kleinen Kapelle sind einige Geb\u00e4ude eines Gewerbegebietes zu erkennen. Mittendrin: die B\u00e4ckerei Schefer. Das\u2026","rel":"","context":"In &quot;Allgemein&quot;","img":{"alt_text":"","src":"https:\/\/i0.wp.com\/www.stiftsforum.ch\/blog\/wp-content\/uploads\/2022\/11\/20221110_174347_resized.jpg?fit=1156%2C867&ssl=1&resize=350%2C200","width":350,"height":200},"classes":[]},{"id":6575,"url":"https:\/\/www.stiftsforum.ch\/blog\/?p=6575","url_meta":{"origin":3703,"position":2},"title":"Heizen heute - Besichtigung der Altholz- und Hackschnitzelverbrennungsanlage der Energie Einsiedeln AG","date":"Dezember 12, 2023","format":false,"excerpt":"von Maria Egartner Wir treffen uns auf dem Areal des Holzhofs des Klosters Einsiedeln. Wir, das sind Facility Manager Marco Dettling und vier interessierte Lehrpersonen, die an diesem Tag das Modul \u201eHeizen heute\u201c im Rahmen des Nachhaltigkeitshalbtags der Stiftsschule gew\u00e4hlt haben. Das geschnittene Holz ist in ordentlichen Lagen gestapelt, daneben\u2026","rel":"","context":"In &quot;Allgemein&quot;","img":{"alt_text":"","src":"https:\/\/i0.wp.com\/www.stiftsforum.ch\/blog\/wp-content\/uploads\/2023\/12\/20231207_134740_resized.jpg?fit=1156%2C867&ssl=1&resize=350%2C200","width":350,"height":200},"classes":[]},{"id":6331,"url":"https:\/\/www.stiftsforum.ch\/blog\/?p=6331","url_meta":{"origin":3703,"position":3},"title":"Der Recycling-Report","date":"Juni 6, 2023","format":false,"excerpt":"von Francesco De Vecchi In der Schweiz recycelt man angeblich viel, heisst es. Stimmt das \u00fcberhaupt im konkreten Alltag? Im Rahmen meiner Teilhabe an der \u00abNachhaltigkeitsgruppe\u00bb will ich wissen, was mit dem Abfall passiert, den ich t\u00e4glich an der lieben Stiftsschule \u201aproduziere\u2018, wie man sagt. Also habe ich ein paar\u2026","rel":"","context":"In &quot;Allgemein&quot;","img":{"alt_text":"","src":"https:\/\/i0.wp.com\/www.stiftsforum.ch\/blog\/wp-content\/uploads\/2023\/06\/image-1.jpeg?fit=1200%2C900&ssl=1&resize=350%2C200","width":350,"height":200},"classes":[]},{"id":1550,"url":"https:\/\/www.stiftsforum.ch\/blog\/?p=1550","url_meta":{"origin":3703,"position":4},"title":"Plastik, dein Feind und Helfer","date":"November 21, 2017","format":false,"excerpt":"Plastik \u2013 Ein Wundermaterial. Es gibt wohl nichts, was man aus Plastik nicht herstellen k\u00f6nnte. Jahrzehntelang wurde es bedenkenlos hergestellt, jetzt w\u00e4chst der Zweifel am Kunststoff. Eine Suche nach Alternativen. \u00a0 Es gab eine Zeit, da lebten Dinosaurier auf unserer Welt. Es gab eine Zeit, da bekriegten sich Deutschland und\u2026","rel":"","context":"In &quot;Allgemein&quot;","img":{"alt_text":"","src":"https:\/\/i0.wp.com\/www.stiftsforum.ch\/blog\/wp-content\/uploads\/2017\/11\/AC62852D-3F8E-499C-9ABC-F43245D0CB38.jpeg?fit=1200%2C595&ssl=1&resize=350%2C200","width":350,"height":200},"classes":[]},{"id":4272,"url":"https:\/\/www.stiftsforum.ch\/blog\/?p=4272","url_meta":{"origin":3703,"position":5},"title":"Mann und Frau","date":"M\u00e4rz 2, 2021","format":false,"excerpt":"von Vanessa Sch\u00f6nb\u00e4chler (6a) Mann und Frau. Wenn man an diese beiden W\u00f6rter denkt, entstehen direkt Vorstellungen dar\u00fcber, wie eine Frau typischerweise aussieht und wie ein Mann. Doch werden diese Bilder \u00fcber das Aussehen der Geschlechter nicht auch beeinflusst? Sei es durch die Gesellschaft oder auch die Medien? Klar ist,\u2026","rel":"","context":"In &quot;Allgemein&quot;","img":{"alt_text":"","src":"https:\/\/i1.wp.com\/www.stiftsforum.ch\/blog\/wp-content\/uploads\/2021\/03\/man-2933984_1280.jpg?fit=1200%2C620&ssl=1&resize=350%2C200","width":350,"height":200},"classes":[]}],"_links":{"self":[{"href":"https:\/\/www.stiftsforum.ch\/blog\/index.php?rest_route=\/wp\/v2\/posts\/3703"}],"collection":[{"href":"https:\/\/www.stiftsforum.ch\/blog\/index.php?rest_route=\/wp\/v2\/posts"}],"about":[{"href":"https:\/\/www.stiftsforum.ch\/blog\/index.php?rest_route=\/wp\/v2\/types\/post"}],"author":[{"embeddable":true,"href":"https:\/\/www.stiftsforum.ch\/blog\/index.php?rest_route=\/wp\/v2\/users\/1"}],"replies":[{"embeddable":true,"href":"https:\/\/www.stiftsforum.ch\/blog\/index.php?rest_route=%2Fwp%2Fv2%2Fcomments&post=3703"}],"version-history":[{"count":1,"href":"https:\/\/www.stiftsforum.ch\/blog\/index.php?rest_route=\/wp\/v2\/posts\/3703\/revisions"}],"predecessor-version":[{"id":3705,"href":"https:\/\/www.stiftsforum.ch\/blog\/index.php?rest_route=\/wp\/v2\/posts\/3703\/revisions\/3705"}],"wp:featuredmedia":[{"embeddable":true,"href":"https:\/\/www.stiftsforum.ch\/blog\/index.php?rest_route=\/wp\/v2\/media\/3704"}],"wp:attachment":[{"href":"https:\/\/www.stiftsforum.ch\/blog\/index.php?rest_route=%2Fwp%2Fv2%2Fmedia&parent=3703"}],"wp:term":[{"taxonomy":"category","embeddable":true,"href":"https:\/\/www.stiftsforum.ch\/blog\/index.php?rest_route=%2Fwp%2Fv2%2Fcategories&post=3703"},{"taxonomy":"post_tag","embeddable":true,"href":"https:\/\/www.stiftsforum.ch\/blog\/index.php?rest_route=%2Fwp%2Fv2%2Ftags&post=3703"}],"curies":[{"name":"wp","href":"https:\/\/api.w.org\/{rel}","templated":true}]}}