{"id":3984,"date":"2020-11-26T10:16:03","date_gmt":"2020-11-26T09:16:03","guid":{"rendered":"http:\/\/www.stiftsforum.ch\/blog\/?p=3984"},"modified":"2022-12-19T20:48:14","modified_gmt":"2022-12-19T19:48:14","slug":"ausculta-die-einsiedler-glocken","status":"publish","type":"post","link":"https:\/\/www.stiftsforum.ch\/blog\/?p=3984","title":{"rendered":"Ausculta! Die Einsiedler Glocken"},"content":{"rendered":"\n<p>D<strong>ie Schulseelsorge w\u00e4hlte f\u00fcr das aktuelle Schuljahr das Motto \u00abAusculta. H\u00f6r hin\u00bb. Latein- und Griechischlehrer Francesco De Vecchi wurde dabei auf den Klang der kl\u00f6sterlichen Glocken aufmerksam. Ein Sch\u00fcler der 1.Klasse hatte sich bei ihm nach der Funktionsweise derselben erkundigt und so begab sich Herr De Vecchi auf die Suche nach einer Antwort. Spontan formierte sich eine kleine Lehrer- und Sch\u00fclergruppe, die sich am 11. November, dem Martinstag, auf die Spuren der Einsiedler Glocken machte. Dabei lernten sie auch den \u00abGl\u00f6ckner von Einsiedeln\u00bb, Bruder Alexander, pers\u00f6nlich kennen.<\/strong><\/p>\n\n\n\n<figure class=\"wp-block-image size-large is-resized\"><img data-attachment-id=\"3986\" data-permalink=\"https:\/\/www.stiftsforum.ch\/blog\/?attachment_id=3986\" data-orig-file=\"https:\/\/i1.wp.com\/www.stiftsforum.ch\/blog\/wp-content\/uploads\/2020\/11\/20201117_193927.jpg?fit=988%2C988&amp;ssl=1\" data-orig-size=\"988,988\" data-comments-opened=\"1\" data-image-meta=\"{&quot;aperture&quot;:&quot;0&quot;,&quot;credit&quot;:&quot;&quot;,&quot;camera&quot;:&quot;&quot;,&quot;caption&quot;:&quot;&quot;,&quot;created_timestamp&quot;:&quot;0&quot;,&quot;copyright&quot;:&quot;&quot;,&quot;focal_length&quot;:&quot;0&quot;,&quot;iso&quot;:&quot;0&quot;,&quot;shutter_speed&quot;:&quot;0&quot;,&quot;title&quot;:&quot;&quot;,&quot;orientation&quot;:&quot;0&quot;}\" data-image-title=\"20201117_193927\" data-image-description=\"\" data-medium-file=\"https:\/\/i1.wp.com\/www.stiftsforum.ch\/blog\/wp-content\/uploads\/2020\/11\/20201117_193927.jpg?fit=300%2C300&amp;ssl=1\" data-large-file=\"https:\/\/i1.wp.com\/www.stiftsforum.ch\/blog\/wp-content\/uploads\/2020\/11\/20201117_193927.jpg?fit=800%2C800&amp;ssl=1\" loading=\"lazy\" src=\"https:\/\/i1.wp.com\/www.stiftsforum.ch\/blog\/wp-content\/uploads\/2020\/11\/20201117_193927.jpg?resize=633%2C633\" alt=\"\" class=\"wp-image-3986\" width=\"633\" height=\"633\" srcset=\"https:\/\/i1.wp.com\/www.stiftsforum.ch\/blog\/wp-content\/uploads\/2020\/11\/20201117_193927.jpg?w=988&amp;ssl=1 988w, https:\/\/i1.wp.com\/www.stiftsforum.ch\/blog\/wp-content\/uploads\/2020\/11\/20201117_193927.jpg?resize=300%2C300&amp;ssl=1 300w, https:\/\/i1.wp.com\/www.stiftsforum.ch\/blog\/wp-content\/uploads\/2020\/11\/20201117_193927.jpg?resize=150%2C150&amp;ssl=1 150w, https:\/\/i1.wp.com\/www.stiftsforum.ch\/blog\/wp-content\/uploads\/2020\/11\/20201117_193927.jpg?resize=768%2C768&amp;ssl=1 768w\" sizes=\"(max-width: 633px) 100vw, 633px\" data-recalc-dims=\"1\" \/><figcaption>Der Gl\u00f6ckner von Einsiedeln, Bruder Alexander<\/figcaption><\/figure>\n\n\n\n<p>Das Kloster Einsiedeln wird von zwei markanten T\u00fcrmen \u00fcberragt, dem S\u00fcdturm und dem Nordturm. Ersteren konnte die Teilnehmer des Projektes in der Mittagszeit \u00fcber steile Treppen empor erklimmen. Insgesamt 12 l\u00e4utbare Glocken beherbergen die T\u00fcrme, sie sind alle aus Bronze gegossen. Das wichtigste Schmuckst\u00fcck ist dabei die 5,8 Tonnen schwere Dreifaltigkeitsglocke aus dem 17. Jahrhundert. Um sie zu l\u00e4uten, brauchte es bis zur Elektrifizierung acht Knechte \u2013 eine kr\u00e4ftezehrende T\u00e4tigkeit, die den M\u00e4nnern in den Wintermonaten nur zu Mari\u00e4 Geburt und Weihnachten zugemutet wird.&nbsp; Aufgeh\u00e4ngt ist die Dreifaltigkeitsglocke auf einem massiven Glockenjoch, in das auch die aus aller Welt stammenden G\u00f6nner, die die Restauration des Gel\u00e4utes vor wenigen Jahren erm\u00f6glichten, eingeschrieben sind (ein Link der Instandsetzungsarbeiten am Ende des Artikels). Die Glocke selbst ist reichlich mit Ornamenten verziert und weist auch eine lateinisch verfasste Glockeninschrift auf: \u00abTe deum patrem ingenitum, te filium unigenitum, te spirtium sanctum parcletum et individuam trintitatem toto corde et ore confitemur laudamus atque benedicimus \u2013 tibi gloria in saecula.\u00bb (\u00abDich ungezeugten Gott Vater, Dich einziggeborenen Sohn, Dich F\u00fcrsprecher heiligen Geist und ungeteilte Dreifaltigkeit bezeugen wir aus ganzem Herz und Mund, loben wir und preisen wir \u2013 Dir sei Ehre in Ewigkeit.).&nbsp; Dieser Segen soll durch den Klang der Glocke in die Welt getragen werden und Kloster und Umgebung Segen bringen.<\/p>\n\n\n\n<figure class=\"wp-block-image size-large is-resized\"><img data-attachment-id=\"3996\" data-permalink=\"https:\/\/www.stiftsforum.ch\/blog\/?attachment_id=3996\" data-orig-file=\"https:\/\/i1.wp.com\/www.stiftsforum.ch\/blog\/wp-content\/uploads\/2020\/11\/IMG-20201115-WA0007.jpg?fit=2048%2C1536&amp;ssl=1\" data-orig-size=\"2048,1536\" data-comments-opened=\"1\" data-image-meta=\"{&quot;aperture&quot;:&quot;0&quot;,&quot;credit&quot;:&quot;&quot;,&quot;camera&quot;:&quot;&quot;,&quot;caption&quot;:&quot;&quot;,&quot;created_timestamp&quot;:&quot;0&quot;,&quot;copyright&quot;:&quot;&quot;,&quot;focal_length&quot;:&quot;0&quot;,&quot;iso&quot;:&quot;0&quot;,&quot;shutter_speed&quot;:&quot;0&quot;,&quot;title&quot;:&quot;&quot;,&quot;orientation&quot;:&quot;0&quot;}\" data-image-title=\"IMG-20201115-WA0007\" data-image-description=\"\" data-medium-file=\"https:\/\/i1.wp.com\/www.stiftsforum.ch\/blog\/wp-content\/uploads\/2020\/11\/IMG-20201115-WA0007.jpg?fit=300%2C225&amp;ssl=1\" data-large-file=\"https:\/\/i1.wp.com\/www.stiftsforum.ch\/blog\/wp-content\/uploads\/2020\/11\/IMG-20201115-WA0007.jpg?fit=800%2C600&amp;ssl=1\" loading=\"lazy\" src=\"https:\/\/i1.wp.com\/www.stiftsforum.ch\/blog\/wp-content\/uploads\/2020\/11\/IMG-20201115-WA0007.jpg?resize=800%2C529\" alt=\"\" class=\"wp-image-3996\" width=\"800\" height=\"529\" srcset=\"https:\/\/i1.wp.com\/www.stiftsforum.ch\/blog\/wp-content\/uploads\/2020\/11\/IMG-20201115-WA0007.jpg?zoom=2&amp;resize=1045%2C691 2090w, https:\/\/i1.wp.com\/www.stiftsforum.ch\/blog\/wp-content\/uploads\/2020\/11\/IMG-20201115-WA0007.jpg?zoom=3&amp;resize=1045%2C691 3135w\" sizes=\"(max-width: 800px) 100vw, 800px\" data-recalc-dims=\"1\" \/><figcaption>Blick vom Nordturm<\/figcaption><\/figure>\n\n\n\n<p><strong>L\u00e4utordnungen seit dem Mittelalter<\/strong><\/p>\n\n\n\n<p>Dar\u00fcber hinaus dienen die Glocken aber bis heute auch der Angabe der Zeit. Im Viertelstundentakt schl\u00e4gt die Einsiedler Glocke im Nordturm, zu besonderem Anlass auch parallel oder mehrstimmig mit mehreren Glocken, als \u00abP\u00e4rchen\u00bb oder \u00abim Plenum\u00bb. Eine Besonderheit ist das von Cluny \u00fcbernommene Reihenl\u00e4uten, das in Einsiedeln das \u00abEinsiedler Reihenl\u00e4uten\u00bb heisst und auf die Verbindung mit der hochmittelalterlichen Reformbewegung hinweist. Eine eigene \u00abL\u00e4utordnung\u00bb regelt seit Jahrhunderten dabei Einsatz und Dauer des Gel\u00e4uts. Bruder Alexander wies hier auf ein zumindest vermeintliches Kuriosum hin: Bei der Beerdigung eines Mannes l\u00e4utet die Glocke 10min mit einer Unterbrechung nach 5min, bei einer Frau 10min ohne Unterbruch; \u00abKeine Diskriminierung\u00bb, wie Bruder Alexander betonte.<\/p>\n\n\n\n<p><strong>Der Gl\u00f6ckner von Einsiedeln<\/strong><\/p>\n\n\n\n<p>Bruder Alexander selbst, seines Zeichens Pf\u00f6rtner und Gl\u00f6ckner des Kloster Einsiedeln, ist seit 37 Jahren mit nicht nachlassender Begeisterung im Dienst. Am 1. Juni 1983 trat der aus dem s\u00fcdlichen Schwarzwald stammende M\u00f6nch in das Kloster Einsiedeln ein und geht bis heute mit grosser Freude seinen Aufgaben nach: \u00abMein Vorg\u00e4nger erkannte mein Interesse an den Glocken. So konnte ich schliesslich diese Aufgabe von ihm \u00fcbernehmen.\u00bb. Besonders wichtig ist ihm auch der Unterschied zwischen dem L\u00e4uten und Schlagen einer Glocke: \u00abDie Stunde schl\u00e4gt\u00bb, das heisst, die Uhrzeit wird durch einen Schlaghammer auf die Glocke geschlagen, ansonsten \u00abl\u00e4utet\u00bb die Glocke, indem sie selbst hin und her schwingt. Ihre Schwingungen werden dabei vom Holzstuhl abgefangen, einer Holzkonstruktion, die die Glocke tr\u00e4gt. Der Holzstuhl schwingt im Turm je eine Handbreit hin und her mit der Glocke mit und schont so den Steinturm.<\/p>\n\n\n\n<p>Nach Unterrichtsschluss stand ein weiterer Ausflug am Programm. Die beteiligten Sch\u00fcler und Lehrer waren im K\u00fcchenst\u00fcbli des Stifts zum Abendessen eingeladen und lernten dort auch P. Theo Flury, den Organisten und Komponisten des Klosters, pers\u00f6nlich kennen. Dieser hatte im Vorfeld schon an seinem Beitrag zur \u00abGlocke\u00bb gearbeitet und einen Impulsvortrag zum Thema \u00abGlockenweihe\u00bb vorbereitet, den er mit Orgelvariationen ausgestaltete.<\/p>\n\n\n\n<figure class=\"wp-block-image size-large\"><img data-attachment-id=\"3990\" data-permalink=\"https:\/\/www.stiftsforum.ch\/blog\/?attachment_id=3990\" data-orig-file=\"https:\/\/i0.wp.com\/www.stiftsforum.ch\/blog\/wp-content\/uploads\/2020\/11\/20201111_183613-scaled.jpg?fit=2560%2C1920&amp;ssl=1\" data-orig-size=\"2560,1920\" data-comments-opened=\"1\" data-image-meta=\"{&quot;aperture&quot;:&quot;1.7&quot;,&quot;credit&quot;:&quot;&quot;,&quot;camera&quot;:&quot;SM-A405FN&quot;,&quot;caption&quot;:&quot;&quot;,&quot;created_timestamp&quot;:&quot;1605119771&quot;,&quot;copyright&quot;:&quot;&quot;,&quot;focal_length&quot;:&quot;3.92&quot;,&quot;iso&quot;:&quot;640&quot;,&quot;shutter_speed&quot;:&quot;0.05&quot;,&quot;title&quot;:&quot;&quot;,&quot;orientation&quot;:&quot;1&quot;}\" data-image-title=\"20201111_183613\" data-image-description=\"\" data-medium-file=\"https:\/\/i0.wp.com\/www.stiftsforum.ch\/blog\/wp-content\/uploads\/2020\/11\/20201111_183613-scaled.jpg?fit=300%2C225&amp;ssl=1\" data-large-file=\"https:\/\/i0.wp.com\/www.stiftsforum.ch\/blog\/wp-content\/uploads\/2020\/11\/20201111_183613-scaled.jpg?fit=800%2C600&amp;ssl=1\" loading=\"lazy\" width=\"800\" height=\"600\" src=\"https:\/\/i1.wp.com\/www.stiftsforum.ch\/blog\/wp-content\/uploads\/2020\/11\/20201111_183613.jpg?resize=800%2C600\" alt=\"\" class=\"wp-image-3990\" srcset=\"https:\/\/i0.wp.com\/www.stiftsforum.ch\/blog\/wp-content\/uploads\/2020\/11\/20201111_183613-scaled.jpg?resize=1024%2C768&amp;ssl=1 1024w, https:\/\/i0.wp.com\/www.stiftsforum.ch\/blog\/wp-content\/uploads\/2020\/11\/20201111_183613-scaled.jpg?resize=300%2C225&amp;ssl=1 300w, https:\/\/i0.wp.com\/www.stiftsforum.ch\/blog\/wp-content\/uploads\/2020\/11\/20201111_183613-scaled.jpg?resize=768%2C576&amp;ssl=1 768w, https:\/\/i0.wp.com\/www.stiftsforum.ch\/blog\/wp-content\/uploads\/2020\/11\/20201111_183613-scaled.jpg?resize=1536%2C1152&amp;ssl=1 1536w, https:\/\/i0.wp.com\/www.stiftsforum.ch\/blog\/wp-content\/uploads\/2020\/11\/20201111_183613-scaled.jpg?resize=2048%2C1536&amp;ssl=1 2048w, https:\/\/i0.wp.com\/www.stiftsforum.ch\/blog\/wp-content\/uploads\/2020\/11\/20201111_183613-scaled.jpg?w=1600 1600w, https:\/\/i0.wp.com\/www.stiftsforum.ch\/blog\/wp-content\/uploads\/2020\/11\/20201111_183613-scaled.jpg?w=2400 2400w\" sizes=\"(max-width: 800px) 100vw, 800px\" data-recalc-dims=\"1\" \/><figcaption>Abaris Schild liest Schillers Glocke<\/figcaption><\/figure>\n\n\n\n<p><strong>Schillers Lied von der Glocke<\/strong><\/p>\n\n\n\n<p>Die Sch\u00fcler, Abaris Schild (4c) und Melchior Eppenberger (1a), wagten sich an eine Darbietung eigener Art. Sie rezitierten im Korridor des Schulhauses, Abaris Schild dabei aufgeh\u00e4ngt an einem nachgebauten \u00abGlockenger\u00fcst\u00bb, Schillers 19 Strophen umfassende Ballade \u00abDas Lied von der Glocke\u00bb. Auch interessierte Eltern waren inzwischen dazugestossen und h\u00f6rten oder entdeckten nach Jahrzehnten wieder einmal Schillers lyrische Ausgestaltung eines Glockengusses. Die Glocke steht dabei anfangs \u00abfest gemauert in der Erde\u00bb, bis am Ende der Meister die Form zerbricht, die Glocke auf den Namen Concordia getauft wird und sie schliesslich in das \u00abReich des Klanges\u00bb hochgezogen werden kann. Dort m\u00f6ge sie dann, wie es im letzten Vers heisst, der Stadt Friede und Freude verk\u00fcnden.<\/p>\n\n\n\n<figure class=\"wp-block-image size-large\"><img data-attachment-id=\"3991\" data-permalink=\"https:\/\/www.stiftsforum.ch\/blog\/?attachment_id=3991\" data-orig-file=\"https:\/\/i2.wp.com\/www.stiftsforum.ch\/blog\/wp-content\/uploads\/2020\/11\/20201111_194200-1-scaled.jpg?fit=2560%2C1920&amp;ssl=1\" data-orig-size=\"2560,1920\" data-comments-opened=\"1\" data-image-meta=\"{&quot;aperture&quot;:&quot;1.7&quot;,&quot;credit&quot;:&quot;&quot;,&quot;camera&quot;:&quot;SM-A405FN&quot;,&quot;caption&quot;:&quot;&quot;,&quot;created_timestamp&quot;:&quot;1605123719&quot;,&quot;copyright&quot;:&quot;&quot;,&quot;focal_length&quot;:&quot;3.92&quot;,&quot;iso&quot;:&quot;640&quot;,&quot;shutter_speed&quot;:&quot;0.05&quot;,&quot;title&quot;:&quot;&quot;,&quot;orientation&quot;:&quot;1&quot;}\" data-image-title=\"20201111_194200-1\" data-image-description=\"\" data-medium-file=\"https:\/\/i2.wp.com\/www.stiftsforum.ch\/blog\/wp-content\/uploads\/2020\/11\/20201111_194200-1-scaled.jpg?fit=300%2C225&amp;ssl=1\" data-large-file=\"https:\/\/i2.wp.com\/www.stiftsforum.ch\/blog\/wp-content\/uploads\/2020\/11\/20201111_194200-1-scaled.jpg?fit=800%2C600&amp;ssl=1\" loading=\"lazy\" width=\"800\" height=\"600\" src=\"https:\/\/i1.wp.com\/www.stiftsforum.ch\/blog\/wp-content\/uploads\/2020\/11\/20201111_194200-1.jpg?resize=800%2C600\" alt=\"\" class=\"wp-image-3991\" srcset=\"https:\/\/i2.wp.com\/www.stiftsforum.ch\/blog\/wp-content\/uploads\/2020\/11\/20201111_194200-1-scaled.jpg?resize=1024%2C768&amp;ssl=1 1024w, https:\/\/i2.wp.com\/www.stiftsforum.ch\/blog\/wp-content\/uploads\/2020\/11\/20201111_194200-1-scaled.jpg?resize=300%2C225&amp;ssl=1 300w, https:\/\/i2.wp.com\/www.stiftsforum.ch\/blog\/wp-content\/uploads\/2020\/11\/20201111_194200-1-scaled.jpg?resize=768%2C576&amp;ssl=1 768w, https:\/\/i2.wp.com\/www.stiftsforum.ch\/blog\/wp-content\/uploads\/2020\/11\/20201111_194200-1-scaled.jpg?resize=1536%2C1152&amp;ssl=1 1536w, https:\/\/i2.wp.com\/www.stiftsforum.ch\/blog\/wp-content\/uploads\/2020\/11\/20201111_194200-1-scaled.jpg?resize=2048%2C1536&amp;ssl=1 2048w, https:\/\/i2.wp.com\/www.stiftsforum.ch\/blog\/wp-content\/uploads\/2020\/11\/20201111_194200-1-scaled.jpg?w=1600 1600w, https:\/\/i2.wp.com\/www.stiftsforum.ch\/blog\/wp-content\/uploads\/2020\/11\/20201111_194200-1-scaled.jpg?w=2400 2400w\" sizes=\"(max-width: 800px) 100vw, 800px\" data-recalc-dims=\"1\" \/><figcaption>Fr\u00fcher wurden auch Glocken getauft.<\/figcaption><\/figure>\n\n\n\n<p><strong>Glockenklang und Dreifaltigkeit<\/strong><\/p>\n\n\n\n<p>P. Theo Flury erg\u00e4nzte Informationen zur Weihe einer Glocke und schlug dazu in liturgischen B\u00fcchern nach. Offenbar gab es von der fr\u00e4nkischen Zeit bis zum 2. Vatikanischen Konzil ein eigenes Ritual, wie eine neue Glocke geweiht werden sollte. Einer Taufe gleich wurde sie mit Weihwasser, dem Salz und Chrisam beigemischt war, innen und aussen gewaschen. Begleitet von Psalm 77 wurde die Glocke mit einem Leinentuch abgetrocknet und beweihr\u00e4uchert. Die Liturgie ist dabei der Kindstaufe nachgebildet. Dem Schillerschen Diktum \u00abVivos voco, mortuos plango und fulgura frango\u00bb folgend konnte die Glocke nun zum Einsatz kommen, wobei die Liturgiereform des 2. Vaticanum auf die liturgische Vertreibung des B\u00f6sen, auf das fulgura frango, verzichtete. F\u00fcr P. Theo geht es neben dem Hinweis auf die Liturgie einer \u00abGlockentaufe\u00bb, aber auch um das Bild der Dreifaltigkeit, das man aus einem Glockenklang ableiten kann: \u00abDreifaltigkeit meint den einen Gott, in dem sich Vater, Sohn und Heiliger Geist als Beziehungsgeschehen miteinander verbinden.\u00bb Das sehe er, der Musiker, auch im Glockenklang, in dem sich die Obert\u00f6ne auch zu einem gemeinsamen, unteilbaren Wesen vereinigen.&nbsp;<\/p>\n\n\n\n<p>Am 8. Dezember werden das n\u00e4chste Mal alle Einsiedler Glocken gemeinsam zu h\u00f6ren sein. So sieht es die L\u00e4utordnung auch heute noch vor.<\/p>\n\n\n\n<p><strong>Das Projekt wurde organisiert und durchgef\u00fchrt von Francesco De Vecchi, P. Theo Flury, Bruder Alexander, Abaris Schild (4c), Melchior Eppenberger (1a), Klaus Zanker und Fredy Tr\u00fctsch.<\/strong><\/p>\n\n\n\n<p>Link: <a href=\"https:\/\/youtu.be\/V-ZhsIbnpuE\">https:\/\/youtu.be\/V-ZhsIbnpuE<\/a> (Einsiedeln Kloster SZ, Glocken_Umbau &#8211; 2015.)<\/p>\n\n\n\n<p>Quellen: <a href=\"https:\/\/staatsbibliothek-berlin.de\/uploads\/media\/Endfassung_Pr%C3%A4sentation-gesamt-22-07-131.pdf\">https:\/\/staatsbibliothek-berlin.de\/uploads\/media\/Endfassung_Pr%C3%A4sentation-gesamt-22-07-131.pdf<\/a><\/p>\n\n\n\n<figure class=\"wp-block-image size-large is-resized\"><img data-attachment-id=\"4008\" data-permalink=\"https:\/\/www.stiftsforum.ch\/blog\/?attachment_id=4008\" data-orig-file=\"https:\/\/i1.wp.com\/www.stiftsforum.ch\/blog\/wp-content\/uploads\/2020\/11\/IMG-20201111-WA0006-2-edited.jpg?fit=945%2C2048&amp;ssl=1\" data-orig-size=\"945,2048\" data-comments-opened=\"1\" data-image-meta=\"{&quot;aperture&quot;:&quot;0&quot;,&quot;credit&quot;:&quot;&quot;,&quot;camera&quot;:&quot;&quot;,&quot;caption&quot;:&quot;&quot;,&quot;created_timestamp&quot;:&quot;0&quot;,&quot;copyright&quot;:&quot;&quot;,&quot;focal_length&quot;:&quot;0&quot;,&quot;iso&quot;:&quot;0&quot;,&quot;shutter_speed&quot;:&quot;0&quot;,&quot;title&quot;:&quot;&quot;,&quot;orientation&quot;:&quot;0&quot;}\" data-image-title=\"IMG-20201111-WA0006-2\" data-image-description=\"\" data-medium-file=\"https:\/\/i1.wp.com\/www.stiftsforum.ch\/blog\/wp-content\/uploads\/2020\/11\/IMG-20201111-WA0006-2-edited.jpg?fit=138%2C300&amp;ssl=1\" data-large-file=\"https:\/\/i1.wp.com\/www.stiftsforum.ch\/blog\/wp-content\/uploads\/2020\/11\/IMG-20201111-WA0006-2-edited.jpg?fit=473%2C1024&amp;ssl=1\" loading=\"lazy\" src=\"https:\/\/i1.wp.com\/www.stiftsforum.ch\/blog\/wp-content\/uploads\/2020\/11\/IMG-20201111-WA0006-2-edited.jpg?resize=562%2C1216\" alt=\"\" class=\"wp-image-4008\" width=\"562\" height=\"1216 .676532769556\" srcset=\"https:\/\/i1.wp.com\/www.stiftsforum.ch\/blog\/wp-content\/uploads\/2020\/11\/IMG-20201111-WA0006-2-edited.jpg?w=945&amp;ssl=1 945w, https:\/\/i1.wp.com\/www.stiftsforum.ch\/blog\/wp-content\/uploads\/2020\/11\/IMG-20201111-WA0006-2-edited.jpg?resize=138%2C300&amp;ssl=1 138w, https:\/\/i1.wp.com\/www.stiftsforum.ch\/blog\/wp-content\/uploads\/2020\/11\/IMG-20201111-WA0006-2-edited.jpg?resize=473%2C1024&amp;ssl=1 473w, https:\/\/i1.wp.com\/www.stiftsforum.ch\/blog\/wp-content\/uploads\/2020\/11\/IMG-20201111-WA0006-2-edited.jpg?resize=768%2C1664&amp;ssl=1 768w, https:\/\/i1.wp.com\/www.stiftsforum.ch\/blog\/wp-content\/uploads\/2020\/11\/IMG-20201111-WA0006-2-edited.jpg?resize=709%2C1536&amp;ssl=1 709w\" sizes=\"(max-width: 800px) 100vw, 800px\" data-recalc-dims=\"1\" \/><figcaption>Die Dreifaltigkeitsglocke von Einsiedeln<\/figcaption><\/figure>\n","protected":false},"excerpt":{"rendered":"<p>Die Schulseelsorge w\u00e4hlte f\u00fcr das aktuelle Schuljahr das Motto \u00abAusculta. H\u00f6r hin\u00bb. Latein- und Griechischlehrer Francesco De Vecchi wurde dabei<\/p>\n","protected":false},"author":1,"featured_media":3985,"comment_status":"open","ping_status":"closed","sticky":false,"template":"","format":"standard","meta":{"spay_email":"","jetpack_publicize_message":"","jetpack_is_tweetstorm":false},"categories":[3,78],"tags":[],"jetpack_featured_media_url":"https:\/\/i1.wp.com\/www.stiftsforum.ch\/blog\/wp-content\/uploads\/2020\/11\/Glocken.jpg?fit=1064%2C1352&ssl=1","jetpack_publicize_connections":[],"jetpack_sharing_enabled":true,"jetpack_shortlink":"https:\/\/wp.me\/p9nzRF-12g","jetpack_likes_enabled":true,"jetpack-related-posts":[{"id":2660,"url":"https:\/\/www.stiftsforum.ch\/blog\/?p=2660","url_meta":{"origin":3984,"position":0},"title":"Die Stiftsschule feiert in f\u00fcnf Stunden um die Welt","date":"November 16, 2018","format":false,"excerpt":"Von Francesco De Vecchi Im Zug nach W\u00e4denswil herrscht Feststimmung. Burschen und M\u00e4dchen, ein buntes junges Volk, noch die Feierlaune und schon den Schlummer in den Augen, in ausgelassene Gespr\u00e4che und unbeschwertes Treiben vertieft. \u00abEs esch scho mega cool gsi!\u00bb, sagt eine Sch\u00fclerin zu ihrem Nachbarn: Die gesamte Schule habe\u2026","rel":"","context":"In &quot;Kommentar&quot;","img":{"alt_text":"","src":"https:\/\/i2.wp.com\/www.stiftsforum.ch\/blog\/wp-content\/uploads\/2018\/11\/MG_2483.jpg?fit=1200%2C800&ssl=1&resize=350%2C200","width":350,"height":200},"classes":[]},{"id":3859,"url":"https:\/\/www.stiftsforum.ch\/blog\/?p=3859","url_meta":{"origin":3984,"position":1},"title":"Auf den Spuren der Benediktsregel nach St. Gallen","date":"Februar 4, 2020","format":false,"excerpt":"Eine Exkursion der 6bc mit P. Thomas \u201eWillkommen im Unesco-Weltkurerbe Stiftsbezirk St. Gallen\u201c heisst es auf dem Eintrittsbillett in die aktuelle Ausstellung des Klosters St. Gallen. Gezeigt werden kostbare Exponate ab dem 9. Jahrhundert, Kuriosit\u00e4ten aus der Sammlung des fr\u00fcheren F\u00fcrstbistums (etwa ein versilberter L\u00f6ffel des Heiligen Gallus) und das\u2026","rel":"","context":"In &quot;Schulanl\u00e4sse&quot;","img":{"alt_text":"","src":"https:\/\/i1.wp.com\/www.stiftsforum.ch\/blog\/wp-content\/uploads\/2020\/02\/9.jpg?fit=800%2C450&ssl=1&resize=350%2C200","width":350,"height":200},"classes":[]},{"id":6658,"url":"https:\/\/www.stiftsforum.ch\/blog\/?p=6658","url_meta":{"origin":3984,"position":2},"title":"Der Heilige Meinrad - Ein Hohenzoller?","date":"M\u00e4rz 17, 2024","format":false,"excerpt":"13.M\u00e4rz 2024\/Stiftsschule Einsiedeln: In einem Vortrag informierte P. Thomas interessierte Lehrpersonen \u00fcber seine vor kurzem abgeschlossene historische Forschung zu den Beziehungen des Hauses Hohenzollern zum Kloster Einsiedeln. Doch wie kam es dazu, dass das hohenzollersche Geschlecht in Kontakt mit Einsiedeln trat, eine jahrhundertelange Beziehung in Form von Briefen, Geschenken und\u2026","rel":"","context":"In &quot;Allgemein&quot;","img":{"alt_text":"","src":"https:\/\/i1.wp.com\/www.stiftsforum.ch\/blog\/wp-content\/uploads\/2024\/03\/Kaiser_Wilhelm_II_of_Germany_-_1902.jpg?fit=330%2C476&ssl=1&resize=350%2C200","width":350,"height":200},"classes":[]},{"id":4531,"url":"https:\/\/www.stiftsforum.ch\/blog\/?p=4531","url_meta":{"origin":3984,"position":3},"title":"Klitschnass und kalt zum Kl\u00f6sterli","date":"September 28, 2021","format":false,"excerpt":"Nachtwanderung mit Pater Cyrill von Viviana Lindemann und Sophia Br\u00fcllmann (1a und 1c) Am Freitag dem 10. September um 17:15 trafen sich 10 Sch\u00fclerinnen und Sch\u00fcler der Stiftsschule mit Pater Cyrill und Herr De Vecchi f\u00fcr einen Abend voller gemeinsamen Spass. Geplant war von Goldau aus zum Rigi Kl\u00f6sterli zu\u2026","rel":"","context":"In &quot;Exkursionen&quot;","img":{"alt_text":"","src":"https:\/\/i0.wp.com\/www.stiftsforum.ch\/blog\/wp-content\/uploads\/2021\/09\/nachtwall.jpg?fit=240%2C320&ssl=1&resize=350%2C200","width":350,"height":200},"classes":[]},{"id":4368,"url":"https:\/\/www.stiftsforum.ch\/blog\/?p=4368","url_meta":{"origin":3984,"position":4},"title":"In der Zwischenwelt von Malerei und Architektur","date":"April 13, 2021","format":false,"excerpt":"Praktikant Dr. Manuel Mayer \u00fcber Funktion und Sch\u00f6nheit von Stuckelementen in der Einsiedler Klosterkirche Man nehme Gips und Kalk und f\u00fcr die Farbgebung entsprechende Pigmente, vermenge sie und gestalte damit eine Vielzahl an m\u00f6glichen Formen: Skulpturen, Ornamente und kleine Malereien. Die Kunst der Stuckatur war und ist eine vielf\u00e4ltige k\u00fcnstlerische\u2026","rel":"","context":"In &quot;Allgemein&quot;","img":{"alt_text":"","src":"https:\/\/i2.wp.com\/www.stiftsforum.ch\/blog\/wp-content\/uploads\/2021\/04\/IMG_20210413_121930-1-scaled.jpg?fit=1200%2C900&ssl=1&resize=350%2C200","width":350,"height":200},"classes":[]},{"id":4130,"url":"https:\/\/www.stiftsforum.ch\/blog\/?p=4130","url_meta":{"origin":3984,"position":5},"title":"Niedergang und Neuanfang des 1000j\u00e4hrigen Klosters Einsiedeln","date":"Januar 25, 2021","format":false,"excerpt":"von Nooa Barman u. Kaemon Hasic Die Geschichte des Klosters reicht bis \u00fcber 1000 Jahren zur\u00fcck. Alles fing im Jahre 835 an, als der heilige Meinrad an der heutigen Stelle des Klosters eine Kapelle errichtete. Grausam ermordeten zwei R\u00e4uber den heiligen Meinrad am 21. Januar 861. Raben flogen den R\u00e4ubern\u2026","rel":"","context":"In &quot;Allgemein&quot;","img":{"alt_text":"","src":"https:\/\/i1.wp.com\/www.stiftsforum.ch\/blog\/wp-content\/uploads\/2021\/01\/Kloster.jpg?fit=1200%2C600&ssl=1&resize=350%2C200","width":350,"height":200},"classes":[]}],"_links":{"self":[{"href":"https:\/\/www.stiftsforum.ch\/blog\/index.php?rest_route=\/wp\/v2\/posts\/3984"}],"collection":[{"href":"https:\/\/www.stiftsforum.ch\/blog\/index.php?rest_route=\/wp\/v2\/posts"}],"about":[{"href":"https:\/\/www.stiftsforum.ch\/blog\/index.php?rest_route=\/wp\/v2\/types\/post"}],"author":[{"embeddable":true,"href":"https:\/\/www.stiftsforum.ch\/blog\/index.php?rest_route=\/wp\/v2\/users\/1"}],"replies":[{"embeddable":true,"href":"https:\/\/www.stiftsforum.ch\/blog\/index.php?rest_route=%2Fwp%2Fv2%2Fcomments&post=3984"}],"version-history":[{"count":4,"href":"https:\/\/www.stiftsforum.ch\/blog\/index.php?rest_route=\/wp\/v2\/posts\/3984\/revisions"}],"predecessor-version":[{"id":4011,"href":"https:\/\/www.stiftsforum.ch\/blog\/index.php?rest_route=\/wp\/v2\/posts\/3984\/revisions\/4011"}],"wp:featuredmedia":[{"embeddable":true,"href":"https:\/\/www.stiftsforum.ch\/blog\/index.php?rest_route=\/wp\/v2\/media\/3985"}],"wp:attachment":[{"href":"https:\/\/www.stiftsforum.ch\/blog\/index.php?rest_route=%2Fwp%2Fv2%2Fmedia&parent=3984"}],"wp:term":[{"taxonomy":"category","embeddable":true,"href":"https:\/\/www.stiftsforum.ch\/blog\/index.php?rest_route=%2Fwp%2Fv2%2Fcategories&post=3984"},{"taxonomy":"post_tag","embeddable":true,"href":"https:\/\/www.stiftsforum.ch\/blog\/index.php?rest_route=%2Fwp%2Fv2%2Ftags&post=3984"}],"curies":[{"name":"wp","href":"https:\/\/api.w.org\/{rel}","templated":true}]}}