{"id":4127,"date":"2021-01-25T09:54:44","date_gmt":"2021-01-25T08:54:44","guid":{"rendered":"http:\/\/www.stiftsforum.ch\/blog\/?p=4127"},"modified":"2021-01-25T16:15:44","modified_gmt":"2021-01-25T15:15:44","slug":"anime-besucht-das-kloster-einsiedeln","status":"publish","type":"post","link":"https:\/\/www.stiftsforum.ch\/blog\/?p=4127","title":{"rendered":"Anime besucht das Kloster Einsiedeln"},"content":{"rendered":"\n<p><em>Ein Interview mit Tanja V\u00f6geli, 1d<\/em><\/p>\n\n\n\n<p><strong>Worum geht es in Anime?<\/strong><\/p>\n\n\n\n<p>Es gibt verschiedene Anime und jeder Anime hat ein anderes Thema.<\/p>\n\n\n\n<p><strong>Was findest du besonders an Anime?<\/strong><\/p>\n\n\n\n<p>Ich finde die Figuren besonders, die Geschichten von Anime und wie der Anime gestaltet sind.<\/p>\n\n\n\n<p><strong>Auf welcher Webseite schaust du Anime?<\/strong><\/p>\n\n\n\n<p>Ich schaue Animes auf Netflix.<\/p>\n\n\n\n<p><strong>Von wo kennst du Anime?<\/strong><\/p>\n\n\n\n<p>Meine Freundinnen haben es geschaut. Zuerst habe ich es schlecht gefunden und jetzt schaue ich es \u00f6fters.<\/p>\n\n\n\n<p><strong>Hast du schon mal Anime gezeichnet?<\/strong><\/p>\n\n\n\n<p>Ich habe es auch schon versucht.<\/p>\n\n\n\n<p><strong>Was gef\u00e4llt dir besser: Manga oder Anime?<\/strong><\/p>\n\n\n\n<p>Mir gef\u00e4llt Anime besser, weil ich nicht so gerne lese.<\/p>\n\n\n\n<p><strong>In welcher Sprache schaust du Anime?<\/strong><\/p>\n\n\n\n<p>Wenn ich ein Anime zum ersten Mal sehe, schaue ich es auf Deutsch und beim zweiten Mal auf Japanisch mit deutschem Untertitel.<\/p>\n\n\n\n<p><strong>Hat Anime negative Punkte?<\/strong><\/p>\n\n\n\n<p>Manchmal ist Anime am Anfang langweilig und mir gef\u00e4llt es nicht so, dass es animiert ist.<\/p>\n\n\n\n<p><strong>Hast du schon alle Anime Folgen angeschaut?<\/strong><\/p>\n\n\n\n<p>Nein, ich habe noch nicht alle geschaut, da es sehr viele sind.<\/p>\n\n\n\n<p><strong>Von wo kommt Anime?<\/strong><\/p>\n\n\n\n<p>Anime kommt aus Japan.<\/p>\n\n\n\n<p><strong>Seit wann gibt es Anime?<\/strong><\/p>\n\n\n\n<p>1961 wurde das Anime-Studio gegr\u00fcndet.<\/p>\n\n\n\n<p><strong>Was ist der Unterschied zwischen Manga und Anime?<\/strong><\/p>\n\n\n\n<p>Die Geschichte von Manga wird in einem Comicheft erz\u00e4hlt. Anime ist eine Animation, daher kommt auch der Namen. Anime wird in einem Kinofilm oder in einer Serie gespielt.<\/p>\n\n\n\n<p><strong>Wie viele Folgen gibt es von Anime?<\/strong><\/p>\n\n\n\n<p>Es gibt \u00fcber 10&#8217;000 Folgen.<\/p>\n\n\n\n<p><strong>Wo wird Anime hergestellt?<\/strong><\/p>\n\n\n\n<p>Anime wurde im eigenem Land Japan hergestellt, es wird aber auch importiert.<\/p>\n\n\n\n<p><\/p>\n\n\n\n<figure class=\"wp-block-gallery columns-3 is-cropped\"><ul data-carousel-extra='{\"blog_id\":1,\"permalink\":\"https:\\\/\\\/www.stiftsforum.ch\\\/blog\\\/?p=4127\"}' class=\"blocks-gallery-grid\"><li class=\"blocks-gallery-item\"><figure><img data-attachment-id=\"4132\" data-permalink=\"https:\/\/www.stiftsforum.ch\/blog\/?attachment_id=4132\" data-orig-file=\"https:\/\/i1.wp.com\/www.stiftsforum.ch\/blog\/wp-content\/uploads\/2021\/01\/Anime-2-1.png?fit=673%2C445&amp;ssl=1\" data-orig-size=\"673,445\" data-comments-opened=\"1\" data-image-meta=\"{&quot;aperture&quot;:&quot;0&quot;,&quot;credit&quot;:&quot;&quot;,&quot;camera&quot;:&quot;&quot;,&quot;caption&quot;:&quot;&quot;,&quot;created_timestamp&quot;:&quot;0&quot;,&quot;copyright&quot;:&quot;&quot;,&quot;focal_length&quot;:&quot;0&quot;,&quot;iso&quot;:&quot;0&quot;,&quot;shutter_speed&quot;:&quot;0&quot;,&quot;title&quot;:&quot;&quot;,&quot;orientation&quot;:&quot;0&quot;}\" data-image-title=\"Anime-2-1\" data-image-description=\"\" data-medium-file=\"https:\/\/i1.wp.com\/www.stiftsforum.ch\/blog\/wp-content\/uploads\/2021\/01\/Anime-2-1.png?fit=300%2C198&amp;ssl=1\" data-large-file=\"https:\/\/i1.wp.com\/www.stiftsforum.ch\/blog\/wp-content\/uploads\/2021\/01\/Anime-2-1.png?fit=673%2C445&amp;ssl=1\" loading=\"lazy\" width=\"673\" height=\"445\" src=\"https:\/\/i1.wp.com\/www.stiftsforum.ch\/blog\/wp-content\/uploads\/2021\/01\/Anime-2-1.png?resize=673%2C445\" alt=\"\" data-id=\"4132\" data-full-url=\"https:\/\/i1.wp.com\/www.stiftsforum.ch\/blog\/wp-content\/uploads\/2021\/01\/Anime-2-1.png?resize=673%2C445\" data-link=\"http:\/\/www.stiftsforum.ch\/blog\/?attachment_id=4132\" class=\"wp-image-4132\" srcset=\"https:\/\/i1.wp.com\/www.stiftsforum.ch\/blog\/wp-content\/uploads\/2021\/01\/Anime-2-1.png?w=673&amp;ssl=1 673w, https:\/\/i1.wp.com\/www.stiftsforum.ch\/blog\/wp-content\/uploads\/2021\/01\/Anime-2-1.png?resize=300%2C198&amp;ssl=1 300w\" sizes=\"(max-width: 673px) 100vw, 673px\" data-recalc-dims=\"1\" \/><\/figure><\/li><li class=\"blocks-gallery-item\"><figure><img data-attachment-id=\"4133\" data-permalink=\"https:\/\/www.stiftsforum.ch\/blog\/?attachment_id=4133\" data-orig-file=\"https:\/\/i0.wp.com\/www.stiftsforum.ch\/blog\/wp-content\/uploads\/2021\/01\/Anime-3-1.png?fit=418%2C273&amp;ssl=1\" data-orig-size=\"418,273\" data-comments-opened=\"1\" data-image-meta=\"{&quot;aperture&quot;:&quot;0&quot;,&quot;credit&quot;:&quot;&quot;,&quot;camera&quot;:&quot;&quot;,&quot;caption&quot;:&quot;&quot;,&quot;created_timestamp&quot;:&quot;0&quot;,&quot;copyright&quot;:&quot;&quot;,&quot;focal_length&quot;:&quot;0&quot;,&quot;iso&quot;:&quot;0&quot;,&quot;shutter_speed&quot;:&quot;0&quot;,&quot;title&quot;:&quot;&quot;,&quot;orientation&quot;:&quot;0&quot;}\" data-image-title=\"Anime-3-1\" data-image-description=\"\" data-medium-file=\"https:\/\/i0.wp.com\/www.stiftsforum.ch\/blog\/wp-content\/uploads\/2021\/01\/Anime-3-1.png?fit=300%2C196&amp;ssl=1\" data-large-file=\"https:\/\/i0.wp.com\/www.stiftsforum.ch\/blog\/wp-content\/uploads\/2021\/01\/Anime-3-1.png?fit=418%2C273&amp;ssl=1\" loading=\"lazy\" width=\"418\" height=\"273\" src=\"https:\/\/i0.wp.com\/www.stiftsforum.ch\/blog\/wp-content\/uploads\/2021\/01\/Anime-3-1.png?resize=418%2C273\" alt=\"\" data-id=\"4133\" data-full-url=\"https:\/\/i0.wp.com\/www.stiftsforum.ch\/blog\/wp-content\/uploads\/2021\/01\/Anime-3-1.png?resize=418%2C273\" data-link=\"http:\/\/www.stiftsforum.ch\/blog\/?attachment_id=4133\" class=\"wp-image-4133\" srcset=\"https:\/\/i0.wp.com\/www.stiftsforum.ch\/blog\/wp-content\/uploads\/2021\/01\/Anime-3-1.png?w=418&amp;ssl=1 418w, https:\/\/i0.wp.com\/www.stiftsforum.ch\/blog\/wp-content\/uploads\/2021\/01\/Anime-3-1.png?resize=300%2C196&amp;ssl=1 300w\" sizes=\"(max-width: 418px) 100vw, 418px\" data-recalc-dims=\"1\" \/><\/figure><\/li><li class=\"blocks-gallery-item\"><figure><img data-attachment-id=\"4134\" data-permalink=\"https:\/\/www.stiftsforum.ch\/blog\/?attachment_id=4134\" data-orig-file=\"https:\/\/i0.wp.com\/www.stiftsforum.ch\/blog\/wp-content\/uploads\/2021\/01\/Bild-Anime-Zeichnung-2.png?fit=276%2C366&amp;ssl=1\" data-orig-size=\"276,366\" data-comments-opened=\"1\" data-image-meta=\"{&quot;aperture&quot;:&quot;0&quot;,&quot;credit&quot;:&quot;&quot;,&quot;camera&quot;:&quot;&quot;,&quot;caption&quot;:&quot;&quot;,&quot;created_timestamp&quot;:&quot;0&quot;,&quot;copyright&quot;:&quot;&quot;,&quot;focal_length&quot;:&quot;0&quot;,&quot;iso&quot;:&quot;0&quot;,&quot;shutter_speed&quot;:&quot;0&quot;,&quot;title&quot;:&quot;&quot;,&quot;orientation&quot;:&quot;0&quot;}\" data-image-title=\"Bild-Anime-Zeichnung-2\" data-image-description=\"\" data-medium-file=\"https:\/\/i0.wp.com\/www.stiftsforum.ch\/blog\/wp-content\/uploads\/2021\/01\/Bild-Anime-Zeichnung-2.png?fit=226%2C300&amp;ssl=1\" data-large-file=\"https:\/\/i0.wp.com\/www.stiftsforum.ch\/blog\/wp-content\/uploads\/2021\/01\/Bild-Anime-Zeichnung-2.png?fit=276%2C366&amp;ssl=1\" loading=\"lazy\" width=\"276\" height=\"366\" src=\"https:\/\/i0.wp.com\/www.stiftsforum.ch\/blog\/wp-content\/uploads\/2021\/01\/Bild-Anime-Zeichnung-2.png?resize=276%2C366\" alt=\"\" data-id=\"4134\" data-full-url=\"https:\/\/i0.wp.com\/www.stiftsforum.ch\/blog\/wp-content\/uploads\/2021\/01\/Bild-Anime-Zeichnung-2.png?resize=276%2C366\" data-link=\"http:\/\/www.stiftsforum.ch\/blog\/?attachment_id=4134\" class=\"wp-image-4134\" srcset=\"https:\/\/i0.wp.com\/www.stiftsforum.ch\/blog\/wp-content\/uploads\/2021\/01\/Bild-Anime-Zeichnung-2.png?w=276&amp;ssl=1 276w, https:\/\/i0.wp.com\/www.stiftsforum.ch\/blog\/wp-content\/uploads\/2021\/01\/Bild-Anime-Zeichnung-2.png?resize=226%2C300&amp;ssl=1 226w\" sizes=\"(max-width: 276px) 100vw, 276px\" data-recalc-dims=\"1\" \/><\/figure><\/li><\/ul><\/figure>\n","protected":false},"excerpt":{"rendered":"<p>Ein Interview mit Tanja V\u00f6geli, 1d Worum geht es in Anime? Es gibt verschiedene Anime und jeder Anime hat ein<\/p>\n","protected":false},"author":1,"featured_media":4132,"comment_status":"open","ping_status":"closed","sticky":false,"template":"","format":"standard","meta":{"spay_email":"","jetpack_publicize_message":"","jetpack_is_tweetstorm":false},"categories":[3],"tags":[],"jetpack_featured_media_url":"https:\/\/i1.wp.com\/www.stiftsforum.ch\/blog\/wp-content\/uploads\/2021\/01\/Anime-2-1.png?fit=673%2C445&ssl=1","jetpack_publicize_connections":[],"jetpack_sharing_enabled":true,"jetpack_shortlink":"https:\/\/wp.me\/p9nzRF-14z","jetpack_likes_enabled":true,"jetpack-related-posts":[{"id":5174,"url":"https:\/\/www.stiftsforum.ch\/blog\/?p=5174","url_meta":{"origin":4127,"position":0},"title":"Japanime - ein Lexikon \u00fcber Animes","date":"Mai 27, 2022","format":false,"excerpt":"eine Buchvorstellung von Samuel K\u00e4ssmeyer, 1b Das Buch Japanime ist ein Lexikon der ber\u00fchmtesten Animes aller Zeiten. Das Buch teilt diese in verschiedene Abschnitte ein basierend auf dem Zeitabschnitt, in dem sie released (ver\u00f6ffentlicht) wurden. In dem Buch kann man sehr gut erkennen, wie sich Anime von einer speziellen Cartoon\u2026","rel":"","context":"In &quot;Alumni&quot;","img":{"alt_text":"","src":"https:\/\/i0.wp.com\/www.stiftsforum.ch\/blog\/wp-content\/uploads\/2022\/05\/MicrosoftTeams-image-38-scaled.jpg?fit=907%2C1200&ssl=1&resize=350%2C200","width":350,"height":200},"classes":[]},{"id":4999,"url":"https:\/\/www.stiftsforum.ch\/blog\/?p=4999","url_meta":{"origin":4127,"position":1},"title":"\u201eIn Japan steht die Gemeinschaft im Zentrum\u201c","date":"Januar 11, 2022","format":false,"excerpt":"Von Ricarda und Jil Wir besuchen das Kursfach Japanisch und sind sehr beeindruckt. Die Sch\u00fcler besprechen gerade ihre Hausaufgaben, die Lehrerin spricht mit ihnen einwandfreies Japanisch und die Sch\u00fcler scheinen alles zu verstehen.\u00a0 Ein Sch\u00fcler erz\u00e4hlt uns, dass sie sowohl die japanische Sprache als auch die japanische Kultur besser kennen\u2026","rel":"","context":"In &quot;Allgemein&quot;","img":{"alt_text":"","src":"https:\/\/i0.wp.com\/www.stiftsforum.ch\/blog\/wp-content\/uploads\/2022\/01\/5574f79291fb706be89cb18d991f2f62bc8c84ec15963ee81f6b6121ef5a63d5.jpg?fit=768%2C1024&ssl=1&resize=350%2C200","width":350,"height":200},"classes":[]},{"id":5976,"url":"https:\/\/www.stiftsforum.ch\/blog\/?p=5976","url_meta":{"origin":4127,"position":2},"title":"Auf den Brettern, die die Welt bedeuten - die Stiftstheatergruppe","date":"Dezember 21, 2022","format":false,"excerpt":"Es ist eine vorweihnachtliche Mittagspause im Theatersaal der Stiftsschule. Vier Sch\u00fclerinnen studieren gerade eine Szene ein. Ein \u00e4lterer Sch\u00fcler aus der 5.Klasse, Ricardo Riediker, der schon viele Auff\u00fchrungen hinter sich hat, gibt Anweisungen und erl\u00e4utert, dass man die Stimme am Ende des Satzes senken und man auch gezielt Pausen setzen\u2026","rel":"","context":"In &quot;Allgemein&quot;","img":{"alt_text":"","src":"https:\/\/i2.wp.com\/www.stiftsforum.ch\/blog\/wp-content\/uploads\/2022\/12\/Theater-1.jpg?fit=1200%2C900&ssl=1&resize=350%2C200","width":350,"height":200},"classes":[]},{"id":4128,"url":"https:\/\/www.stiftsforum.ch\/blog\/?p=4128","url_meta":{"origin":4127,"position":3},"title":"Nutzung des Laptops in der 1. Klasse \u2013 eine Bilanz","date":"Januar 25, 2021","format":false,"excerpt":"Die neuhinzugekommen Erstkl\u00e4ssler bekamen zum ersten Mal in dieser Schule einen Laptop. Die Nutzung des Laptops bringt Nach- und Vorteile. Text und Bilder von Mark Attalah & Merlin von Bernuth Das Positive des Rechners ist, dass man mehrere Seiten gleichzeitig \u00f6ffnen kann, was sehr hilfreich ist, wenn man gerade Franz\u00f6sisch\u2026","rel":"","context":"In &quot;Allgemein&quot;","img":{"alt_text":"","src":"https:\/\/i2.wp.com\/www.stiftsforum.ch\/blog\/wp-content\/uploads\/2021\/01\/Bild-Computer-2.jpg?fit=870%2C617&ssl=1&resize=350%2C200","width":350,"height":200},"classes":[]},{"id":6139,"url":"https:\/\/www.stiftsforum.ch\/blog\/?p=6139","url_meta":{"origin":4127,"position":4},"title":"Das Kleine New York \u2013 Wie Warschau in den letzten Jahren zur Metropole aufstieg","date":"M\u00e4rz 6, 2023","format":false,"excerpt":"von Noelia Wie stellst du dir die Hauptstadt von Polen vor? Warst du schon einmal dort? Als ich das erste Mal nach Warschau gereist bin, hatte ich mir nicht viel von der Stadt erwartet. Ich war davon ausgegangen, Warschau w\u00e4re eine dreckige alte Stadt mit vielen ebenso alten Menschen mit\u2026","rel":"","context":"In &quot;Allgemein&quot;","img":{"alt_text":"","src":"https:\/\/i2.wp.com\/www.stiftsforum.ch\/blog\/wp-content\/uploads\/2023\/03\/ADEFFCD0-DC48-4A38-9AC3-9417D4291F90.jpeg?fit=680%2C1200&ssl=1&resize=350%2C200","width":350,"height":200},"classes":[]},{"id":4842,"url":"https:\/\/www.stiftsforum.ch\/blog\/?p=4842","url_meta":{"origin":4127,"position":5},"title":"R\u00fcckblick Oper \"H\u00e4nsel und Gretel\"","date":"Dezember 7, 2021","format":false,"excerpt":"Am 5.\/ 6. November wurden Ausz\u00fcge einer Oper an der Stiftsschule aufgef\u00fchrt. Wir haben die Musiklehrerin Frau Marie M\u00fcller interviewt, von welcher die Idee zur Oper urspr\u00fcnglich stammt. Ein Bericht von Erin Schuler. An der Stiftsschule wurde eine Oper aufgef\u00fchrt. Wie soll man sich das vorstellen? Eine Oper definiert zun\u00e4chst\u2026","rel":"","context":"In &quot;Allgemein&quot;","img":{"alt_text":"","src":"https:\/\/i2.wp.com\/www.stiftsforum.ch\/blog\/wp-content\/uploads\/2021\/12\/grades-g232603f3b_1920.jpg?fit=1200%2C798&ssl=1&resize=350%2C200","width":350,"height":200},"classes":[]}],"_links":{"self":[{"href":"https:\/\/www.stiftsforum.ch\/blog\/index.php?rest_route=\/wp\/v2\/posts\/4127"}],"collection":[{"href":"https:\/\/www.stiftsforum.ch\/blog\/index.php?rest_route=\/wp\/v2\/posts"}],"about":[{"href":"https:\/\/www.stiftsforum.ch\/blog\/index.php?rest_route=\/wp\/v2\/types\/post"}],"author":[{"embeddable":true,"href":"https:\/\/www.stiftsforum.ch\/blog\/index.php?rest_route=\/wp\/v2\/users\/1"}],"replies":[{"embeddable":true,"href":"https:\/\/www.stiftsforum.ch\/blog\/index.php?rest_route=%2Fwp%2Fv2%2Fcomments&post=4127"}],"version-history":[{"count":3,"href":"https:\/\/www.stiftsforum.ch\/blog\/index.php?rest_route=\/wp\/v2\/posts\/4127\/revisions"}],"predecessor-version":[{"id":4170,"href":"https:\/\/www.stiftsforum.ch\/blog\/index.php?rest_route=\/wp\/v2\/posts\/4127\/revisions\/4170"}],"wp:featuredmedia":[{"embeddable":true,"href":"https:\/\/www.stiftsforum.ch\/blog\/index.php?rest_route=\/wp\/v2\/media\/4132"}],"wp:attachment":[{"href":"https:\/\/www.stiftsforum.ch\/blog\/index.php?rest_route=%2Fwp%2Fv2%2Fmedia&parent=4127"}],"wp:term":[{"taxonomy":"category","embeddable":true,"href":"https:\/\/www.stiftsforum.ch\/blog\/index.php?rest_route=%2Fwp%2Fv2%2Fcategories&post=4127"},{"taxonomy":"post_tag","embeddable":true,"href":"https:\/\/www.stiftsforum.ch\/blog\/index.php?rest_route=%2Fwp%2Fv2%2Ftags&post=4127"}],"curies":[{"name":"wp","href":"https:\/\/api.w.org\/{rel}","templated":true}]}}