{"id":4202,"date":"2021-01-27T18:16:35","date_gmt":"2021-01-27T17:16:35","guid":{"rendered":"http:\/\/www.stiftsforum.ch\/blog\/?p=4202"},"modified":"2021-01-27T18:17:00","modified_gmt":"2021-01-27T17:17:00","slug":"als-hitler-das-rosa-kaninchen-stahl","status":"publish","type":"post","link":"https:\/\/www.stiftsforum.ch\/blog\/?p=4202","title":{"rendered":"Als Hitler das rosa Kaninchen stahl"},"content":{"rendered":"\n<p><em>Merlin von Bernuth<\/em><\/p>\n\n\n\n<p>Im Roman \u00abAls Hitler das rosa Kaninchen stahl\u00bb, welcher 1973 von Judith Kerr geschrieben worden ist, erz\u00e4hlt Judith Kerr einen Teil ihrer eigenen Geschichte, indem sie selbst Anna verk\u00f6rpert. Anna muss im Buch in verschiedene L\u00e4nder fl\u00fcchten, was in ihr unterschiedliche Gef\u00fchle ausl\u00f6st.<\/p>\n\n\n\n<p>Anfangs ist Anna ein kleines M\u00e4dchen, welches wohlhabend in Berlin lebt. Jedoch wird ihre Familie von den Nazis gejagt, weswegen sie fl\u00fcchten m\u00fcssen. Zuerst ist Anna aufgeregt und freut sich, dass sie neue L\u00e4nder, Sitten und Personen kennenlernt. \u00abIch glaube es w\u00fcrde Spass machen.\u00bb (S.24), sagt Anna zu Beginn der Flucht.<\/p>\n\n\n\n<p>Jedoch ger\u00e4t die Familie bald in finanzielle Schwierigkeiten. Sie ziehen zweimal um, aber da Annas Vater nirgendwo gute Arbeit findet, sinkt ihr Einkommen drastisch. Ebenfalls werden famili\u00e4re Probleme sichtbar, Anna versucht aber, die Familie zusammenzuhalten: \u00abIch meine nur, wir sollten zusammenbleiben\u00bb (S.226)<\/p>\n\n\n\n<p>Wegen dieser Flucht und dem Leben im Exil strengt sich Anna und ihre Familie in verschiedenen Aktivit\u00e4ten jetzt besonders an. Was sich auch lohnt, denn ein bisschen sp\u00e4ter bekommt Anna f\u00fcr ihren hervorragenden Aufsatz in der Schule etwas Geld. Kurz darauf reicht Annas Vater auch ein selbst geschriebenes Drehbuch \u00fcber Napoleon ein, welches in England f\u00fcr 1000 Pfund verkauft wird, womit die Familie dann nach England fl\u00fcchtet. \u00abSie wollen dein Filmmanuskript kaufen!\u00bb rief Mama, und dann, als k\u00f6nne sie es kaum glauben: \u00abTausend Pfund\u2026 \u00ab (S.231)<\/p>\n\n\n\n<p>Somit zeigt das Buch also, das Flucht unterschiedliche Emotionen ausl\u00f6sen kann. Einerseits Freude auf das Neue, andererseits Verzweiflung und Wut.<\/p>\n\n\n\n<p><\/p>\n","protected":false},"excerpt":{"rendered":"<p>Merlin von Bernuth Im Roman \u00abAls Hitler das rosa Kaninchen stahl\u00bb, welcher 1973 von Judith Kerr geschrieben worden ist, erz\u00e4hlt<\/p>\n","protected":false},"author":1,"featured_media":4203,"comment_status":"open","ping_status":"closed","sticky":false,"template":"","format":"standard","meta":{"spay_email":"","jetpack_publicize_message":"","jetpack_is_tweetstorm":false},"categories":[5],"tags":[],"jetpack_featured_media_url":"https:\/\/i1.wp.com\/www.stiftsforum.ch\/blog\/wp-content\/uploads\/2021\/01\/als-hitler.jpeg?fit=410%2C600&ssl=1","jetpack_publicize_connections":[],"jetpack_sharing_enabled":true,"jetpack_shortlink":"https:\/\/wp.me\/p9nzRF-15M","jetpack_likes_enabled":true,"jetpack-related-posts":[{"id":3170,"url":"https:\/\/www.stiftsforum.ch\/blog\/?p=3170","url_meta":{"origin":4202,"position":0},"title":"\"Die Geschichte ist sehr ernst zu nehmen\"","date":"M\u00e4rz 14, 2019","format":false,"excerpt":"Zu Gudrun Pausewangs Jugendroman \"Reise im August\". Der Titel mag unscheinbar und nach sommerlicher Idylle klingen, doch dieser Jugendroman von Gudrun Pausewang zeigt knallhart die Realit\u00e4t des Nationalsozialismus auf. Eingepfercht in einen Viehwaggon werden j\u00fcdische Familien ins Konzentrationslager Auschwitz deportiert, unter ihnen die 11j\u00e4hrige Alice, die nach jahrelangem Versteck in\u2026","rel":"","context":"In &quot;Buchkritik&quot;","img":{"alt_text":"","src":"https:\/\/i0.wp.com\/www.stiftsforum.ch\/blog\/wp-content\/uploads\/2019\/03\/1-3.jpg?fit=341%2C499&ssl=1&resize=350%2C200","width":350,"height":200},"classes":[]},{"id":6243,"url":"https:\/\/www.stiftsforum.ch\/blog\/?p=6243","url_meta":{"origin":4202,"position":1},"title":"Die 4c im Anna-G\u00f6ldi-Museum in Glarus","date":"April 23, 2023","format":false,"excerpt":"Erstmals besuchte eine Stiftsschulklasse das Anna-G\u00f6ldi-Museum in Glarus. Der Besuch lohnt sich, v.a. wenn man vorher Eveline Haslers Roman \"Anna G\u00f6ldi - letzte Hexe\" aufmerksam gelesen hat. Ein Bericht in Bildern. Fotos: Olivia Huber; Maria Egartner","rel":"","context":"In &quot;Allgemein&quot;","img":{"alt_text":"","src":"https:\/\/i2.wp.com\/www.stiftsforum.ch\/blog\/wp-content\/uploads\/2023\/04\/IMG-20230420-WA0019.jpg?fit=1200%2C900&ssl=1&resize=350%2C200","width":350,"height":200},"classes":[]},{"id":1297,"url":"https:\/\/www.stiftsforum.ch\/blog\/?p=1297","url_meta":{"origin":4202,"position":2},"title":"J\u00fcrgen Seidel: Das M\u00e4dchen mit dem L\u00f6wenherz (2017)","date":"Oktober 24, 2017","format":false,"excerpt":"\"Das M\u00e4dchen mit dem L\u00f6wenherz\" ist ein Jugendthriller von J\u00fcrgen Seidel. Die Geschichte spielt in der Zeit von Martin Luther. Und pl\u00f6tzlich ger\u00e4t die Hauptfigur selber in die Wirren der Reformation... Anna von Zons ist die Hauptfigur der Geschichte. Schon im fr\u00fchen Alter beherrscht sie das Lesen und Schreiben und\u2026","rel":"","context":"In &quot;Buchkritik&quot;","img":{"alt_text":"","src":"","width":0,"height":0},"classes":[]},{"id":4839,"url":"https:\/\/www.stiftsforum.ch\/blog\/?p=4839","url_meta":{"origin":4202,"position":3},"title":"Klassiker der Literaturgeschichte: \"Bahnw\u00e4rter Thiel\"","date":"November 27, 2021","format":false,"excerpt":"Was kann man aus einem Buch des sp\u00e4ten 19. Jahrhunderts mitnehmen? Worin besteht die subjektive, literarische oder historische Relevanz dieses Werks des Naturalismus? Die 6a machte sich auf die Suche nach Antworten. Das Bild des harmonischen Familienbilds wird zerst\u00f6rt. Die Augen zu verschliessen vor der Realit\u00e4t ist verh\u00e4ngnisvoll.Daniel Fischer F\u00fcr\u2026","rel":"","context":"In &quot;Buchkritik&quot;","img":{"alt_text":"","src":"https:\/\/i0.wp.com\/www.stiftsforum.ch\/blog\/wp-content\/uploads\/2021\/11\/Bahnwaerter-Thiel.jpg?fit=331%2C499&ssl=1&resize=350%2C200","width":350,"height":200},"classes":[]},{"id":6658,"url":"https:\/\/www.stiftsforum.ch\/blog\/?p=6658","url_meta":{"origin":4202,"position":4},"title":"Der Heilige Meinrad - Ein Hohenzoller?","date":"M\u00e4rz 17, 2024","format":false,"excerpt":"13.M\u00e4rz 2024\/Stiftsschule Einsiedeln: In einem Vortrag informierte P. Thomas interessierte Lehrpersonen \u00fcber seine vor kurzem abgeschlossene historische Forschung zu den Beziehungen des Hauses Hohenzollern zum Kloster Einsiedeln. Doch wie kam es dazu, dass das hohenzollersche Geschlecht in Kontakt mit Einsiedeln trat, eine jahrhundertelange Beziehung in Form von Briefen, Geschenken und\u2026","rel":"","context":"In &quot;Allgemein&quot;","img":{"alt_text":"","src":"https:\/\/i1.wp.com\/www.stiftsforum.ch\/blog\/wp-content\/uploads\/2024\/03\/Kaiser_Wilhelm_II_of_Germany_-_1902.jpg?fit=330%2C476&ssl=1&resize=350%2C200","width":350,"height":200},"classes":[]},{"id":4498,"url":"https:\/\/www.stiftsforum.ch\/blog\/?p=4498","url_meta":{"origin":4202,"position":5},"title":"\"Die Mohrin\" von Lukas Hartmann","date":"Juni 22, 2021","format":false,"excerpt":"Ein Roman, der in Zusammenhang mit der aktuellen Rassismus-Debatte vielleicht wieder neu entdeckt werden k\u00f6nnte, ist Lukas Hartmanns \"Die Mohrin\". Eine Interpretation hinsichtlich der Figur des Vikars von Emilia Langenauer (2a) Der Vikar Der Vikar ist eine der wichtigsten Figuren in Lukas Hartmanns Roman \u201eDie Mohrin\u201c. Nicht nur hilft er\u2026","rel":"","context":"In &quot;Allgemein&quot;","img":{"alt_text":"","src":"https:\/\/i0.wp.com\/www.stiftsforum.ch\/blog\/wp-content\/uploads\/2021\/06\/1.jpeg?fit=378%2C600&ssl=1&resize=350%2C200","width":350,"height":200},"classes":[]}],"_links":{"self":[{"href":"https:\/\/www.stiftsforum.ch\/blog\/index.php?rest_route=\/wp\/v2\/posts\/4202"}],"collection":[{"href":"https:\/\/www.stiftsforum.ch\/blog\/index.php?rest_route=\/wp\/v2\/posts"}],"about":[{"href":"https:\/\/www.stiftsforum.ch\/blog\/index.php?rest_route=\/wp\/v2\/types\/post"}],"author":[{"embeddable":true,"href":"https:\/\/www.stiftsforum.ch\/blog\/index.php?rest_route=\/wp\/v2\/users\/1"}],"replies":[{"embeddable":true,"href":"https:\/\/www.stiftsforum.ch\/blog\/index.php?rest_route=%2Fwp%2Fv2%2Fcomments&post=4202"}],"version-history":[{"count":1,"href":"https:\/\/www.stiftsforum.ch\/blog\/index.php?rest_route=\/wp\/v2\/posts\/4202\/revisions"}],"predecessor-version":[{"id":4204,"href":"https:\/\/www.stiftsforum.ch\/blog\/index.php?rest_route=\/wp\/v2\/posts\/4202\/revisions\/4204"}],"wp:featuredmedia":[{"embeddable":true,"href":"https:\/\/www.stiftsforum.ch\/blog\/index.php?rest_route=\/wp\/v2\/media\/4203"}],"wp:attachment":[{"href":"https:\/\/www.stiftsforum.ch\/blog\/index.php?rest_route=%2Fwp%2Fv2%2Fmedia&parent=4202"}],"wp:term":[{"taxonomy":"category","embeddable":true,"href":"https:\/\/www.stiftsforum.ch\/blog\/index.php?rest_route=%2Fwp%2Fv2%2Fcategories&post=4202"},{"taxonomy":"post_tag","embeddable":true,"href":"https:\/\/www.stiftsforum.ch\/blog\/index.php?rest_route=%2Fwp%2Fv2%2Ftags&post=4202"}],"curies":[{"name":"wp","href":"https:\/\/api.w.org\/{rel}","templated":true}]}}