{"id":4217,"date":"2021-01-29T17:21:23","date_gmt":"2021-01-29T16:21:23","guid":{"rendered":"http:\/\/www.stiftsforum.ch\/blog\/?p=4217"},"modified":"2021-02-05T12:39:19","modified_gmt":"2021-02-05T11:39:19","slug":"adriana-bamert-6a-nimmt-ersten-eigenen-song-auf","status":"publish","type":"post","link":"https:\/\/www.stiftsforum.ch\/blog\/?p=4217","title":{"rendered":"Adriana Bamert (6a) nimmt ersten eigenen Song auf"},"content":{"rendered":"\n<figure class=\"wp-block-embed is-type-video is-provider-youtube wp-block-embed-youtube wp-embed-aspect-16-9 wp-has-aspect-ratio\"><div class=\"wp-block-embed__wrapper\">\n<span class=\"embed-youtube\" style=\"text-align:center; display: block;\"><iframe class='youtube-player' width='800' height='450' src='https:\/\/www.youtube.com\/embed\/G7w-XnU6jL4?version=3&#038;rel=1&#038;showsearch=0&#038;showinfo=1&#038;iv_load_policy=1&#038;fs=1&#038;hl=de-DE&#038;autohide=2&#038;wmode=transparent' allowfullscreen='true' style='border:0;' sandbox='allow-scripts allow-same-origin allow-popups allow-presentation'><\/iframe><\/span>\n<\/div><\/figure>\n\n\n\n<p><a href=\"https:\/\/wetransfer.com\/downloads\/938a52426fe56dd4dd2ddb67b3c3ab2220210129082354\/8bde7876451d51c515bfd9bf79cfc5f320210129082412\/c5c6a3\">https:\/\/wetransfer.com\/downloads\/938a52426fe56dd4dd2ddb67b3c3ab2220210129082354\/8bde7876451d51c515bfd9bf79cfc5f320210129082412\/c5c6a3<\/a><\/p>\n\n\n\n<p>Link zur Verf\u00fcgung gestellt von A. Bamert (29.1.2021)<\/p>\n","protected":false},"excerpt":{"rendered":"<p>https:\/\/wetransfer.com\/downloads\/938a52426fe56dd4dd2ddb67b3c3ab2220210129082354\/8bde7876451d51c515bfd9bf79cfc5f320210129082412\/c5c6a3 Link zur Verf\u00fcgung gestellt von A. Bamert (29.1.2021)<\/p>\n","protected":false},"author":1,"featured_media":4235,"comment_status":"open","ping_status":"closed","sticky":false,"template":"","format":"standard","meta":{"spay_email":"","jetpack_publicize_message":"","jetpack_is_tweetstorm":false},"categories":[3,54],"tags":[],"jetpack_featured_media_url":"https:\/\/i1.wp.com\/www.stiftsforum.ch\/blog\/wp-content\/uploads\/2021\/01\/Adriana.jpg?fit=1280%2C960&ssl=1","jetpack_publicize_connections":[],"jetpack_sharing_enabled":true,"jetpack_shortlink":"https:\/\/wp.me\/p9nzRF-161","jetpack_likes_enabled":true,"jetpack-related-posts":[{"id":3689,"url":"https:\/\/www.stiftsforum.ch\/blog\/?p=3689","url_meta":{"origin":4217,"position":0},"title":"Projektwochen: GENF","date":"Juni 5, 2019","format":false,"excerpt":"Janna M\u00fcller \u00fcber die Genf-Reise der Projektteilnehmenden aus den dritten Klassen - eine Reise im Kurzfilm: https:\/\/vimeo.com\/user99356812 https:\/\/vimeo.com\/user99356812\/review\/340452614\/1dbac2a984 https:\/\/vimeo.com\/340452614?utm_source=email&utm_medium=vimeo-cliptranscode-201504&utm_campaign=29220 Genf 2019","rel":"","context":"In &quot;Exkursionen&quot;","img":{"alt_text":"","src":"https:\/\/i0.wp.com\/www.stiftsforum.ch\/blog\/wp-content\/uploads\/2019\/06\/Unbenannt.png?fit=1200%2C675&ssl=1&resize=350%2C200","width":350,"height":200},"classes":[]},{"id":1621,"url":"https:\/\/www.stiftsforum.ch\/blog\/?p=1621","url_meta":{"origin":4217,"position":1},"title":"Pilgern seit 1000 Jahren: Das Kloster Einsiedeln im Landesmuseum Z\u00fcrich","date":"November 30, 2017","format":false,"excerpt":"Seit dem 16. September und noch bis zum 21. Januar gib es eine Austellung \u00fcber das Klostern Einsiedeln im Landesmusem Z\u00fcrich. Die Ausstellung beleuchtet die Geschichte des Klosters und der Pilger, die seit 1000 Jahren nach Einsiedeln kommen. Die Austellung beginnt mit\u00a0dem Video ,, Im Schatten der Madonna\u201d. Es zeigt\u2026","rel":"","context":"In &quot;Allgemein&quot;","img":{"alt_text":"","src":"https:\/\/i2.wp.com\/www.stiftsforum.ch\/blog\/wp-content\/uploads\/2017\/11\/Plakat_Einsiedeln-e1512075045890.jpg?fit=457%2C640&ssl=1&resize=350%2C200","width":350,"height":200},"classes":[]},{"id":4780,"url":"https:\/\/www.stiftsforum.ch\/blog\/?p=4780","url_meta":{"origin":4217,"position":2},"title":"In der Schule \u00fcbernachten und Mather\u00e4tsel l\u00f6sen","date":"November 21, 2021","format":false,"excerpt":"Angeregt von den Mathematiklehrpersonen Silvia Brunner, Martin Spycher und Marc M\u00f6ckli traf man sich am 19.11.2021 zur Nacht der Mathematik an der Stiftsschule... Fotos: Silvia Brunner Weiterf\u00fchrender Link: Lange Nacht der Mathematik 2021 | Startseite (mathenacht.de) https:\/\/www.mathenacht.de\/","rel":"","context":"In &quot;Schulanl\u00e4sse&quot;","img":{"alt_text":"","src":"https:\/\/i1.wp.com\/www.stiftsforum.ch\/blog\/wp-content\/uploads\/2021\/11\/IMG-20211120-WA0013.jpg?fit=900%2C1200&ssl=1&resize=350%2C200","width":350,"height":200},"classes":[]},{"id":3041,"url":"https:\/\/www.stiftsforum.ch\/blog\/?p=3041","url_meta":{"origin":4217,"position":3},"title":"Wie wir dem Planeten mit unseren Smartphones schaden - Ein Lego-Film","date":"Februar 11, 2019","format":"video","excerpt":"https:\/\/youtu.be\/ESwLKG8cehw Beinahe jeder hat heute ein Handy. Im Durchschnitt brauchen wir es pro Tag 88-mal . Und alle paar Jahre gibt es wieder ein neues Handy - auch wenn das alte eigentlich oft noch funktioniert. Dies ist, wenn man sich bewusst ist, wie Smartphones hergestellt werden, ein massloser Konsum, mit\u2026","rel":"","context":"In &quot;Kommentar&quot;","img":{"alt_text":"","src":"https:\/\/i1.wp.com\/www.stiftsforum.ch\/blog\/wp-content\/uploads\/2019\/02\/thumbnail_-_Kopie-jpeg.jpg?fit=1200%2C695&ssl=1&resize=350%2C200","width":350,"height":200},"classes":[]},{"id":1488,"url":"https:\/\/www.stiftsforum.ch\/blog\/?p=1488","url_meta":{"origin":4217,"position":4},"title":"P. Thomas im Interview","date":"November 10, 2017","format":false,"excerpt":"Am 31. Oktober ver\u00f6ffentlichte die Luzerner Zeitung ein Interview mit P. Thomas F\u00e4ssler (33). Der in Einsiedeln geborene Theologe trat 2006 ins Kloster Einsiedeln ein und ist heute unter anderem Lehrer an der Stiftsschule. http:\/\/www.luzernerzeitung.ch\/nachrichten\/zentralschweiz\/luzern\/ein-trauriger-aber-gluecklicher-feiertag;art9647,1130074 Bereits 2015 war P. Thomas im SRF portraitiert worden:\u00a0https:\/\/www.srf.ch\/sendungen\/virus-tv\/wieso-sich-ein-21-jaehriger-fuer-ein-leben-im-kloster-entscheidet","rel":"","context":"In &quot;Interview&quot;","img":{"alt_text":"","src":"https:\/\/i1.wp.com\/www.stiftsforum.ch\/blog\/wp-content\/uploads\/2017\/11\/Foto-P.thomas-200x300.jpg?resize=350%2C200","width":350,"height":200},"classes":[]},{"id":2914,"url":"https:\/\/www.stiftsforum.ch\/blog\/?p=2914","url_meta":{"origin":4217,"position":5},"title":"Lukas B\u00e4rfuss zu Gast in der 4b","date":"Dezember 21, 2018","format":false,"excerpt":"Am Dienstag, 18.12.2018, ergab sich f\u00fcr die 4b die Gelegenheit, mit dem Autor des Welttheaters 2020 Lukas B\u00e4rfuss ins Gespr\u00e4ch zu kommen. Die Fragen waren dabei vielf\u00e4ltig: Was zeichnet das barocke Welttheater Calderons aus? Wie k\u00f6nnte man die historische Figurenkonstellation in die Gegenwart \u00fcbertragen? Und welche Bez\u00fcge liessen sich zu\u2026","rel":"","context":"In &quot;Schulanl\u00e4sse&quot;","img":{"alt_text":"","src":"https:\/\/i1.wp.com\/www.stiftsforum.ch\/blog\/wp-content\/uploads\/2018\/12\/b\u00e4rfuss1.jpg?fit=860%2C573&ssl=1&resize=350%2C200","width":350,"height":200},"classes":[]}],"_links":{"self":[{"href":"https:\/\/www.stiftsforum.ch\/blog\/index.php?rest_route=\/wp\/v2\/posts\/4217"}],"collection":[{"href":"https:\/\/www.stiftsforum.ch\/blog\/index.php?rest_route=\/wp\/v2\/posts"}],"about":[{"href":"https:\/\/www.stiftsforum.ch\/blog\/index.php?rest_route=\/wp\/v2\/types\/post"}],"author":[{"embeddable":true,"href":"https:\/\/www.stiftsforum.ch\/blog\/index.php?rest_route=\/wp\/v2\/users\/1"}],"replies":[{"embeddable":true,"href":"https:\/\/www.stiftsforum.ch\/blog\/index.php?rest_route=%2Fwp%2Fv2%2Fcomments&post=4217"}],"version-history":[{"count":4,"href":"https:\/\/www.stiftsforum.ch\/blog\/index.php?rest_route=\/wp\/v2\/posts\/4217\/revisions"}],"predecessor-version":[{"id":4233,"href":"https:\/\/www.stiftsforum.ch\/blog\/index.php?rest_route=\/wp\/v2\/posts\/4217\/revisions\/4233"}],"wp:featuredmedia":[{"embeddable":true,"href":"https:\/\/www.stiftsforum.ch\/blog\/index.php?rest_route=\/wp\/v2\/media\/4235"}],"wp:attachment":[{"href":"https:\/\/www.stiftsforum.ch\/blog\/index.php?rest_route=%2Fwp%2Fv2%2Fmedia&parent=4217"}],"wp:term":[{"taxonomy":"category","embeddable":true,"href":"https:\/\/www.stiftsforum.ch\/blog\/index.php?rest_route=%2Fwp%2Fv2%2Fcategories&post=4217"},{"taxonomy":"post_tag","embeddable":true,"href":"https:\/\/www.stiftsforum.ch\/blog\/index.php?rest_route=%2Fwp%2Fv2%2Ftags&post=4217"}],"curies":[{"name":"wp","href":"https:\/\/api.w.org\/{rel}","templated":true}]}}