{"id":4225,"date":"2021-01-31T19:21:07","date_gmt":"2021-01-31T18:21:07","guid":{"rendered":"http:\/\/www.stiftsforum.ch\/blog\/?p=4225"},"modified":"2021-02-18T11:46:24","modified_gmt":"2021-02-18T10:46:24","slug":"eine-leidenschaft-fuer-die-mathematik","status":"publish","type":"post","link":"https:\/\/www.stiftsforum.ch\/blog\/?p=4225","title":{"rendered":"Eine Leidenschaft f\u00fcr die Mathematik"},"content":{"rendered":"\n<p><em>von Cecilia Selsas und Samira Kr\u00e4nzlin, 1d<\/em><\/p>\n\n\n\n<p><\/p>\n\n\n\n<p><strong><em>Wir haben Frau Marta Bento interviewt. Sie ist 43 Jahre alt und Mathe-Lehrerin hier an der Stiftschule. Sie hat zwei Kinder, einen Sohn und eine Tochter und eine Katze.<\/em><\/strong> <\/p>\n\n\n\n<ul><li><strong>Wie gef\u00e4llt es Ihnen an der Stiftschule?<\/strong><\/li><\/ul>\n\n\n\n<p>Ja, ich liebe diese Schule. Das ist meine erste Schule, ich unterrichte hier seit eineinhalb Jahren. Ich bin sehr zufrieden. Die Stiftsschule ist sehr speziell und sie ist sehr organisiert. Ich f\u00fchle mich sehr, sehr gl\u00fccklich hier. Es ist perfekt.<\/p>\n\n\n\n<ul><li><strong>Wie sind sie an diesen Job gekommen?<\/strong><\/li><\/ul>\n\n\n\n<p>Herr Zweifel hatte einen Unfall und so habe ich eineinhalb Monate als Stellvertretung hier angefangen. Sp\u00e4ter \u00fcbernahm ich, nach der Pensionierung von Herrn Eisenegger, die 6. Klasse und die 4a bis Ende des Jahres. Das war letztes Jahr. Nach der Stellvertretung hatte ich eine feste Stelle an der Stiftschule.&nbsp; Jetzt arbeite ich 60 % und ich m\u00f6chte hier auch bleiben und hier arbeiten.<\/p>\n\n\n\n<ul><li><strong>Warum haben sie Mathematik studiert?<\/strong><\/li><\/ul>\n\n\n\n<p>Ich wollte Mathematik-Lehrerin werden, es war mein Traum, deshalb habe ich Mathematik an der Fakult\u00e4t f\u00fcr Naturwissenschaften der Universit\u00e4t von Porto studiert. Ich habe in Lissabon 15 Jahre lang an verschiedenen Schulen als Mathematiklehrerin gearbeitet und im Jahr 2014 bin ich in die Schweiz gekommen und jetzt unterrichte ich an der Stiftschule Einsiedeln.<\/p>\n\n\n\n<ul><li><strong>Was machen sie gerne in Ihrer Freizeit?<\/strong><\/li><\/ul>\n\n\n\n<p>Ich liebe Kunst und alles, was mit Kunst verbunden ist. Also ich male Aquarelle, ich dekoriere Kuchen mit Zuckerblumen und Figuren. Das macht mir Spass. Das mache ich in der Freizeit.&nbsp; Ich liebe es auch zu fotografieren und ich gehe immer in der Natur spazieren und fotografiere. Und ich bin gerne mit meiner Familie unterwegs.<\/p>\n\n\n\n<ul><li><strong>Welche Klassen unterrichten sie?<\/strong><\/li><\/ul>\n\n\n\n<p>Ich unterrichte gerade die 1a, 4a, 5a und ich unterrichte Schwerpunktfach Mathematik bei der 4a und 4c.<\/p>\n\n\n\n<ul><li><strong>Unterrichten sie auch noch andere F\u00e4cher?<\/strong><\/li><\/ul>\n\n\n\n<p>Nein, ich unterrichte nur Mathematik und ich will auch nur Mathematik unterrichten;  es ist meine Leidenschaft. Ich liebe Mathematik schon, seit ich sehr jung war.<\/p>\n\n\n\n<ul><li><strong>Woher kommen sie?<\/strong><\/li><\/ul>\n\n\n\n<p>Ich bin in Portugal geboren und ich habe auch in Angola (Afrika) 11 Jahre lang gewohnt, also zwischen meinem 2. und 13. Lebensjahr. Es war sehr sch\u00f6n. Danach bin ich nocheinmal nach Portugal gezogen und bin dort in die Schule gegangen. In Portugal habe ich auch studiert.<\/p>\n\n\n\n<ul><li><strong>Welche Sprachen sprechen sie?<\/strong><\/li><\/ul>\n\n\n\n<p>Ich spreche Portugiesisch, Deutsch, Englisch und ein bisschen Franz\u00f6sisch. Spanisch verstehe ich, spreche es aber nicht. <\/p>\n\n\n\n<ul><li><strong>K\u00f6nnen sie sich mit 3 W\u00f6rtern beschreiben?<\/strong><\/li><\/ul>\n\n\n\n<p>perfektionistisch<\/p>\n\n\n\n<p>fleissig<\/p>\n\n\n\n<p>gl\u00fccklich<\/p>\n\n\n\n<ul><li><strong>Warum wurden sie Lehrerin?&nbsp;<\/strong><\/li><\/ul>\n\n\n\n<p>Als ich 6 Jahre alt war, habe ich schon immer Pr\u00fcfungen gemacht und sie selbst mit Rotstift korrigiert. Ich wollte immer Lehrerin werden. Und sp\u00e4ter merkte ich, dass Mathematik mein Lieblingsfach ist und ich wollte Mathematiklehrerin werden. Es ist meine Leidenschaft. Hier in Einsiedeln zu arbeiten ist mein Traum. Ich f\u00fchle mich hier wirklich gut und gl\u00fccklich und vor allem dankbar.<\/p>\n\n\n\n<ul><li><strong>Was gef\u00e4llt ihnen am besten an der Stiftschule?<\/strong><\/li><\/ul>\n\n\n\n<p>Die Stiftschule ist sehr organisiert und das liebe ich. Und die Personen sind sehr nett und das liebe ich auch.<\/p>\n\n\n\n<ul><li><strong>Was m\u00f6gen sie so sehr an der Mathematik?<\/strong><\/li><\/ul>\n\n\n\n<p>Alles, aber Algebra mag ich am meisten. Ich liebe es Algebra zu unterrichten.<\/p>\n\n\n\n<p><strong>Vielen Dank f\u00fcr das Interview!<\/strong><\/p>\n","protected":false},"excerpt":{"rendered":"<p>von Cecilia Selsas und Samira Kr\u00e4nzlin, 1d Wir haben Frau Marta Bento interviewt. Sie ist 43 Jahre alt und Mathe-Lehrerin<\/p>\n","protected":false},"author":1,"featured_media":4259,"comment_status":"open","ping_status":"closed","sticky":false,"template":"","format":"standard","meta":{"spay_email":"","jetpack_publicize_message":"","jetpack_is_tweetstorm":false},"categories":[3,8],"tags":[],"jetpack_featured_media_url":"https:\/\/i1.wp.com\/www.stiftsforum.ch\/blog\/wp-content\/uploads\/2021\/01\/Marta.jpg?fit=1280%2C853&ssl=1","jetpack_publicize_connections":[],"jetpack_sharing_enabled":true,"jetpack_shortlink":"https:\/\/wp.me\/p9nzRF-169","jetpack_likes_enabled":true,"jetpack-related-posts":[{"id":4531,"url":"https:\/\/www.stiftsforum.ch\/blog\/?p=4531","url_meta":{"origin":4225,"position":0},"title":"Klitschnass und kalt zum Kl\u00f6sterli","date":"September 28, 2021","format":false,"excerpt":"Nachtwanderung mit Pater Cyrill von Viviana Lindemann und Sophia Br\u00fcllmann (1a und 1c) Am Freitag dem 10. September um 17:15 trafen sich 10 Sch\u00fclerinnen und Sch\u00fcler der Stiftsschule mit Pater Cyrill und Herr De Vecchi f\u00fcr einen Abend voller gemeinsamen Spass. Geplant war von Goldau aus zum Rigi Kl\u00f6sterli zu\u2026","rel":"","context":"In &quot;Exkursionen&quot;","img":{"alt_text":"","src":"https:\/\/i0.wp.com\/www.stiftsforum.ch\/blog\/wp-content\/uploads\/2021\/09\/nachtwall.jpg?fit=240%2C320&ssl=1&resize=350%2C200","width":350,"height":200},"classes":[]},{"id":2576,"url":"https:\/\/www.stiftsforum.ch\/blog\/?p=2576","url_meta":{"origin":4225,"position":1},"title":"Von Bloch bis Schostakowitsch. Die Young Israel Philharmonic Strings an der Stiftsschule Einsiedeln","date":"September 27, 2018","format":false,"excerpt":"\u00a0 Stiftsschule Einsiedeln, Theatersaal: 25 junge Streicherinnen und Streicher mit ihren Geigen, Violen und Celli nehmen auf der B\u00fchne Platz, setzen ihre B\u00f6gen an und versetzen das Publikum zun\u00e4chst einmal ins Staunen. Was hier geboten wird, scheint von erstaunlicher Qualit\u00e4t zu sein. Wer sind diese jungen Musikerinnen und Musiker, die\u2026","rel":"","context":"In &quot;Schulanl\u00e4sse&quot;","img":{"alt_text":"","src":"https:\/\/i2.wp.com\/www.stiftsforum.ch\/blog\/wp-content\/uploads\/2018\/09\/IMG_7393.jpg?fit=1200%2C800&ssl=1&resize=350%2C200","width":350,"height":200},"classes":[]},{"id":5756,"url":"https:\/\/www.stiftsforum.ch\/blog\/?p=5756","url_meta":{"origin":4225,"position":2},"title":"Die UNESCO und unsere UNESCO- assoziierte Schule","date":"Dezember 5, 2022","format":false,"excerpt":"Von Cathy 2a Was ist die UNESCO?\u00a0 UNESCO ist eine Abk\u00fcrzung f\u00fcr \u201cUnited Nations Educational Scientific and Cultural Organisation\u201d. Die Aufgabe der UNESCO ist die F\u00f6rderung der internationalen Zusammenarbeit, Bildung, Wissenschaft, Kultur und Kommunikation f\u00fcr die Erhaltung von Frieden und Sicherheit. Ergebnisse Die UNESCO spielt eine grosse Rolle in der\u2026","rel":"","context":"In &quot;Allgemein&quot;","img":{"alt_text":"","src":"https:\/\/i0.wp.com\/www.stiftsforum.ch\/blog\/wp-content\/uploads\/2022\/12\/naturunesco.jpg?fit=738%2C480&ssl=1&resize=350%2C200","width":350,"height":200},"classes":[]},{"id":5107,"url":"https:\/\/www.stiftsforum.ch\/blog\/?p=5107","url_meta":{"origin":4225,"position":3},"title":"Von Uptown Funk bis No Time To Die","date":"April 5, 2022","format":false,"excerpt":"Am 2.4.2022 lud die Feldmusik zum Laetaren-Konzert ein. Die 29 Sch\u00fcler*innen f\u00fcllten den Theatersaal mit frecher Pop-Musik, gel\u00e4ufigen Chartbreakern sowie bekannter Rockmusik. Unter der Leitung von Herrn Meister performten die jungen Musikanten einwandfrei. -Ein Beitrag von Erin Schuler Das Laetare-Konzert der Feldmusik ist schon lange eine Tradition an der Stiftschule.\u2026","rel":"","context":"In &quot;Allgemein&quot;","img":{"alt_text":"","src":"https:\/\/i2.wp.com\/www.stiftsforum.ch\/blog\/wp-content\/uploads\/2022\/04\/MicrosoftTeams-image.jpg?fit=1200%2C675&ssl=1&resize=350%2C200","width":350,"height":200},"classes":[]},{"id":6017,"url":"https:\/\/www.stiftsforum.ch\/blog\/?p=6017","url_meta":{"origin":4225,"position":4},"title":"\"Gleichzeitig etwas zu tun und dabei andere Dinge nicht zu tun\" - Samuel Locher, der neue Lehrer f\u00fcr Wirtschaft und Recht","date":"Januar 23, 2023","format":false,"excerpt":"Ein Interview von Nina Ackermann Haben Sie sich schon gut in der Stiftschule Einsiedeln eingelebt? Ich wurde sehr freundlich empfangen von den Lehrern, auch von den Sch\u00fclern. Ich habe mich sehr gut eingelebt. Was war Ihr Lieblingsfach in der Schule? Ich hatte gerne Musik und Sport. Aber ich fand Sprachen\u2026","rel":"","context":"In &quot;Allgemein&quot;","img":{"alt_text":"","src":"https:\/\/i1.wp.com\/www.stiftsforum.ch\/blog\/wp-content\/uploads\/2023\/01\/Samuel-Locher.jpg?fit=455%2C590&ssl=1&resize=350%2C200","width":350,"height":200},"classes":[]},{"id":4423,"url":"https:\/\/www.stiftsforum.ch\/blog\/?p=4423","url_meta":{"origin":4225,"position":5},"title":"\"In der Stiftsschule sind alle meine Interessen abgedeckt\"","date":"April 20, 2021","format":false,"excerpt":"Interview mit Erin Schuler, Stiftssch\u00fclerin der 1.Klasse im 50-Jahr-Jubil\u00e4um des gemischten Unterrichts an der Stiftsschule. Sie ist 12 Jahre alt und stammt aus Oberiberg. Wie war Dein erster Eindruck von der Stiftsschule?\u00a0 Ich war von Anfang an sehr\u00a0beeindruckt von der Schule.\u00a0Allein das imposante Schulgeb\u00e4ude verleiht einem direkt\u00a0diesen \u00abWow-Effekt\u00bb.\u00a0Als ich zum\u2026","rel":"","context":"In &quot;Allgemein&quot;","img":{"alt_text":"","src":"https:\/\/i1.wp.com\/www.stiftsforum.ch\/blog\/wp-content\/uploads\/2021\/04\/20210420_123929.jpg?fit=1200%2C923&ssl=1&resize=350%2C200","width":350,"height":200},"classes":[]}],"_links":{"self":[{"href":"https:\/\/www.stiftsforum.ch\/blog\/index.php?rest_route=\/wp\/v2\/posts\/4225"}],"collection":[{"href":"https:\/\/www.stiftsforum.ch\/blog\/index.php?rest_route=\/wp\/v2\/posts"}],"about":[{"href":"https:\/\/www.stiftsforum.ch\/blog\/index.php?rest_route=\/wp\/v2\/types\/post"}],"author":[{"embeddable":true,"href":"https:\/\/www.stiftsforum.ch\/blog\/index.php?rest_route=\/wp\/v2\/users\/1"}],"replies":[{"embeddable":true,"href":"https:\/\/www.stiftsforum.ch\/blog\/index.php?rest_route=%2Fwp%2Fv2%2Fcomments&post=4225"}],"version-history":[{"count":5,"href":"https:\/\/www.stiftsforum.ch\/blog\/index.php?rest_route=\/wp\/v2\/posts\/4225\/revisions"}],"predecessor-version":[{"id":4261,"href":"https:\/\/www.stiftsforum.ch\/blog\/index.php?rest_route=\/wp\/v2\/posts\/4225\/revisions\/4261"}],"wp:featuredmedia":[{"embeddable":true,"href":"https:\/\/www.stiftsforum.ch\/blog\/index.php?rest_route=\/wp\/v2\/media\/4259"}],"wp:attachment":[{"href":"https:\/\/www.stiftsforum.ch\/blog\/index.php?rest_route=%2Fwp%2Fv2%2Fmedia&parent=4225"}],"wp:term":[{"taxonomy":"category","embeddable":true,"href":"https:\/\/www.stiftsforum.ch\/blog\/index.php?rest_route=%2Fwp%2Fv2%2Fcategories&post=4225"},{"taxonomy":"post_tag","embeddable":true,"href":"https:\/\/www.stiftsforum.ch\/blog\/index.php?rest_route=%2Fwp%2Fv2%2Ftags&post=4225"}],"curies":[{"name":"wp","href":"https:\/\/api.w.org\/{rel}","templated":true}]}}