{"id":4263,"date":"2021-03-02T10:30:36","date_gmt":"2021-03-02T09:30:36","guid":{"rendered":"http:\/\/www.stiftsforum.ch\/blog\/?p=4263"},"modified":"2021-03-02T10:31:23","modified_gmt":"2021-03-02T09:31:23","slug":"das-segelabenteuer-leben","status":"publish","type":"post","link":"https:\/\/www.stiftsforum.ch\/blog\/?p=4263","title":{"rendered":"Das Segelabenteuer Leben"},"content":{"rendered":"\n<p><em>von Jael Inauen, 6a<\/em><\/p>\n\n\n\n<p>\u00abWir k\u00f6nnen den Wind nicht \u00e4ndern, aber die Segel anders setzen.\u00bb So lautet ein Zitat, dessen Quelle nicht n\u00e4her bekannt ist. Mit einer Seefahrtmetapher wird versucht, einen Rat f\u00fcr schwierige Situationen im Leben zu geben und wie man damit umzugehen hat.<\/p>\n\n\n\n<p>Das Leben ist nicht immer einfach. Viele w\u00fcrden sogar behaupten, das Leben sei durchweg negativ, mit kleinen Lichtblicken des Gl\u00fcckes dazwischen. Auch mit einer optimistischeren Einstellung zum Leben kommt man nicht um schwierige Ereignisse herum. Tod, Krankheit oder Betrug werden wie auch vieles mehr bei allen Menschen im Leben auftauchen. Damit ist im Zitat der Wind gemeint, dass Schmerz oder Probleme uns im Leben erwarten, ist schlichtweg nicht \u00e4nderbar. Man kann es minimieren, aber vieles liegt einfach ausserhalb jeglicher Kontrolle eines Menschen. Man kann von Gl\u00fcck oder Pech sprechen, Schicksal oder Zufall, was kommt, ist immer mit Leiden oder Anstrengung verbunden.<\/p>\n\n\n\n<p><strong>Was bringt ein Leben, wenn ich bestenfalls doch nur alt und krank werde?<\/strong><\/p>\n\n\n\n<p>Mit einer solchen Realisation ist es nun sehr leicht zu verzweifeln. Was bringt es mir denn, wenn ich nur zu diesen Zeitpunkt gl\u00fccklich bin? Was bringt ein Leben, wenn ich bestenfalls doch nur alt und krank werde? Hat das Leben \u00fcberhaupt irgendeinen Sinn? Die L\u00f6sung aus solchen gedanklichen Abgr\u00fcnden fanden schon die alten Griechen, in der Form des Stoizismus. Ein wichtiger Leitsatz der Stoiker ist unter anderem, sich \u00fcber seine eigenen Kapazit\u00e4ten bewusst zu werden, was unter der eigenen Kontrolle steht und was nicht. Ist ein bestimmtes Problem beeinflussbar, soll das m\u00f6glichste getan werden, es zu l\u00f6sen. Wenn aber alles ausserhalb der pers\u00f6nlichen Macht steht, wird gefordert, es loszulassen und zu akzeptieren. Gepaart ist diese Lebensphilosophie mit kontinuierlicher Selbstverbesserung und Selbstreflektion. Stoizismus ist an sich eine sehr w\u00fcnschenswerte Haltung zum Leben, da es dazu f\u00fchrt, sich geistig sowie k\u00f6rperlich stets weiterzuentwickeln, w\u00e4hrend man eine gewisse Gelassenheit beibeh\u00e4lt.<\/p>\n\n\n\n<p><strong>Die Segel anders setzen<\/strong><\/p>\n\n\n\n<p>So sollte \u00abdie Segel anders setzen\u00bb verstanden werden. Wir k\u00f6nnen zwar nicht immer steuern, was uns widerf\u00e4hrt, aber wir haben unsere Reaktion darauf vollkommen im Griff. Stoizismus jedoch ist f\u00fcr viele Menschen noch&nbsp; kein ausreichender Weg, seine Segel anders zu setzen. Denn oft bedarf es sehr viel Kraft, oder fast Abstumpfung, alle externen Leiderfahrungen gleichm\u00fctig zu akzeptieren. Nie k\u00f6nnen Eltern f\u00fcr das Dahinscheiden ihres krebskranken Kindes etwas, niemand ist verantwortlich f\u00fcr einen Tsunami, oder, aus aktueller Sicht, f\u00fcr das Coronavirus. Trotzdem l\u00f6sen solche Erfahrungen immensen Schmerz aus, sodass es fast nicht m\u00f6glich ist, es mit Verweis auf die eigenen Schuldlosigkeit gleichg\u00fcltig von sich zu weisen. Trauer, Zorn und Hoffnungslosigkeit sind oft sehr nat\u00fcrliche und normale Reaktionen auf Lebenskatastrophen.<\/p>\n\n\n\n<p>Gibt es also \u00fcberhaupt eine ideale Einstellung zum Leben und dem Umgang mit Leiderfahrungen? Das Wort ideal hier zu verwenden w\u00e4re \u00fcberambitioniert, aber es gibt sicherlich ein paar sehr n\u00fctzliche Ans\u00e4tze, die es f\u00fcr eine gute Perspektive zu haben gilt. So kann der Stoizismus mit seiner radikalen Akzeptanz schon angewendet werden, falls es sich um kleinere, banalere Geschehnisse handelt. Hier eine gelassenere Einstellung zu haben, wird zu weniger Stress und somit zu mehr Gesundheit und Entspannung f\u00fchren. Auch kann man sich darauf konzentrieren, was man selbst beeinflussen kann, unerm\u00fcdlich an sich selbst zu arbeiten und dadurch auch selbstbewusster und gl\u00fccklicher werden.<\/p>\n\n\n\n<p>Noch vorteilhafter ist es, aus unangenehmen Ereignissen zu lernen. Man wird vor Probleme gestellt, die eine v\u00f6llig neue Herangehensweise oder unbekannte F\u00e4higkeiten ben\u00f6tigen, und eine Weiterentwicklung geschieht meistens ausserhalb von Komfortzonen. Wenn man sich dies also im Hinterkopf beh\u00e4lt und einige Probleme auch als H\u00fcrden, die es mit Enthusiasmus zu \u00fcberwinden gilt, ansieht, kann man seine Eigenerfahrung vom Leben von grundauf \u00e4ndern.<\/p>\n\n\n\n<p>Nat\u00fcrlich ist dies um einiges schwerer bei katastrophalen Ereignissen, wo eine sehr heftige negative Reaktion, wie schon erw\u00e4hnt, oft nat\u00fcrlich ist. Dort gibt es leider kein Grundrezept zu Problembew\u00e4ltigung, wichtig ist nur, wieder aus diesem emotionalen, bedr\u00fcckenden Abgrund hinauszukommen. Man durchl\u00e4uft oft vielschichtige Emotionen dabei, Zorn, Trauer, Depression und schliesslich aber auch die Akzeptanz. Man sollte sich diese Zeit geben, jene Gef\u00fchlslagen zu durchlaufen, mit der Voraussetzung, dass diese Zeit nicht ewig anh\u00e4lt. Oft helfen einem Freunde , Familie oder psychologische Hilfe durch solche Ereignisse, es hilft also, sich ein stabiles Umfeld aufzubauen und sich auch auf dieses verlassen zu k\u00f6nnen.<\/p>\n\n\n\n<p><strong>Es braucht oft auch Mut<\/strong><\/p>\n\n\n\n<p>Ein weiterer wichtiger Punkt ist, dass konstanter Pessimismus und eine tr\u00fcbselige Einstellung auch mit einer gewissen Feigheit verbunden ist. Es braucht oft Mut, sich optimistisch einem kommenden Sturm entgegenzustellen, wissend, dass das, was kommt nicht einfach sein wird, aber bereit, es auf sich zu nehmen und als st\u00e4rkerer Mensch wieder herauskommen wird. Es braucht Mut, auch in den schlimmsten Situationen seines Lebens noch ein L\u00e4cheln hervorbringen zu k\u00f6nnen. Die echte Niederlage kommt erst, wenn man verzweifelt aufgibt.<\/p>\n\n\n\n<p>Nicht jeder kommende Wind ist ein gef\u00e4hrlicher, der uns komplett vom Weg abbringen wird, manchmal fordert er auch unsere Segelkenntnisse heraus, bringt uns neue Dinge bei oder l\u00e4sst uns im Auge des Sturms einen vollkommen neuen Weg oder eine unbekannte Wahrheit entdecken. Und falls die Segel einmal doch fernab vom Weg zerissen werden, sollte man sich genug Zeit nehmen, sie wieder zusammenzun\u00e4hen und dann standhaft weiterzufahren.<\/p>\n","protected":false},"excerpt":{"rendered":"<p>von Jael Inauen, 6a \u00abWir k\u00f6nnen den Wind nicht \u00e4ndern, aber die Segel anders setzen.\u00bb So lautet ein Zitat, dessen<\/p>\n","protected":false},"author":1,"featured_media":4264,"comment_status":"open","ping_status":"closed","sticky":false,"template":"","format":"standard","meta":{"spay_email":"","jetpack_publicize_message":"","jetpack_is_tweetstorm":false},"categories":[3],"tags":[],"jetpack_featured_media_url":"https:\/\/i2.wp.com\/www.stiftsforum.ch\/blog\/wp-content\/uploads\/2021\/03\/Segeln.jpg?fit=1280%2C686&ssl=1","jetpack_publicize_connections":[],"jetpack_sharing_enabled":true,"jetpack_shortlink":"https:\/\/wp.me\/p9nzRF-16L","jetpack_likes_enabled":true,"jetpack-related-posts":[{"id":6032,"url":"https:\/\/www.stiftsforum.ch\/blog\/?p=6032","url_meta":{"origin":4263,"position":0},"title":"Nicht alles ist Windhauch - Wir lesen Kohelet","date":"Januar 24, 2023","format":false,"excerpt":"Wenn vier Lehrer sich einmal pro Woche in der Mittagspause treffen, um gemeinsam in der Bibel zu lesen, ist das vor allem eins: Der Versuch, diesem grossen und doch auf den ersten Blick sperrigen Werk auf die Spur zu kommen, sich gewissermassen heranzuwagen an diese alten und komplexen Texte. Wir\u2026","rel":"","context":"In &quot;Schule&amp;Kloster&quot;","img":{"alt_text":"","src":"https:\/\/i2.wp.com\/www.stiftsforum.ch\/blog\/wp-content\/uploads\/2023\/01\/20230124_131541-scaled.jpg?fit=1200%2C900&ssl=1&resize=350%2C200","width":350,"height":200},"classes":[]},{"id":4172,"url":"https:\/\/www.stiftsforum.ch\/blog\/?p=4172","url_meta":{"origin":4263,"position":1},"title":"Welchen Sinn hat das Leben?","date":"Januar 25, 2021","format":false,"excerpt":"von Selina Di Nolfi Bevor ich mich in meinem folgenden Essay mit der Thematik \u00abDer Sinn des Lebens\u00bb\u00a0 befasse, mit welcher sich auch das Zitat von Peter Singer\u00a0\u00fcberwiegend auseinandersetzt, muss zuerst der Begriff \u00abSinn\u00bb definiert werden. Nach W.Weischedel, einem deutschen Philosophen, bedeutet Sinn Verstehbarkeit. Wir sagen, dass etwas Sinn hat,\u2026","rel":"","context":"In &quot;Kommentar&quot;","img":{"alt_text":"","src":"https:\/\/i2.wp.com\/www.stiftsforum.ch\/blog\/wp-content\/uploads\/2021\/01\/woman-1148923_1280.jpg?fit=1200%2C803&ssl=1&resize=350%2C200","width":350,"height":200},"classes":[]},{"id":1297,"url":"https:\/\/www.stiftsforum.ch\/blog\/?p=1297","url_meta":{"origin":4263,"position":2},"title":"J\u00fcrgen Seidel: Das M\u00e4dchen mit dem L\u00f6wenherz (2017)","date":"Oktober 24, 2017","format":false,"excerpt":"\"Das M\u00e4dchen mit dem L\u00f6wenherz\" ist ein Jugendthriller von J\u00fcrgen Seidel. Die Geschichte spielt in der Zeit von Martin Luther. Und pl\u00f6tzlich ger\u00e4t die Hauptfigur selber in die Wirren der Reformation... Anna von Zons ist die Hauptfigur der Geschichte. Schon im fr\u00fchen Alter beherrscht sie das Lesen und Schreiben und\u2026","rel":"","context":"In &quot;Buchkritik&quot;","img":{"alt_text":"","src":"","width":0,"height":0},"classes":[]},{"id":4236,"url":"https:\/\/www.stiftsforum.ch\/blog\/?p=4236","url_meta":{"origin":4263,"position":3},"title":"Die Schulseelsorge an der Stiftsschule Einsiedeln","date":"Februar 3, 2021","format":false,"excerpt":"von Olivia L\u00fcond und Silje Hartvigsen, 1d Wir haben P. Thomas F\u00e4ssler interviewt. Er ist 36 Jahre alt, ist bald seit 15 Jahren im Kloster und unterrichtet an der Schule. Er ist zwischen 1997 und 2003 selbst hier an die Schule gegangen und ist in der Schulseelsorge t\u00e4tig. Wie sind\u2026","rel":"","context":"In &quot;Allgemein&quot;","img":{"alt_text":"","src":"https:\/\/i2.wp.com\/www.stiftsforum.ch\/blog\/wp-content\/uploads\/2021\/02\/IMG-20210203-WA0002.jpg?fit=1200%2C1008&ssl=1&resize=350%2C200","width":350,"height":200},"classes":[]},{"id":1242,"url":"https:\/\/www.stiftsforum.ch\/blog\/?p=1242","url_meta":{"origin":4263,"position":4},"title":"Klaus-C\u00e4sar Zehrer: Das Genie","date":"September 26, 2017","format":false,"excerpt":"Eine Buchkritik von Benedikt Aegerter Romane \u00fcber real existierende Personen, besonders wenn es dann noch Genies sind, sind meistens eine schwierige Angelegenheit. Noch schwieriger, wenn ihre Lebensgeschichte tragisch ist. Klaus-C\u00e4sar Zehrer umschifft die T\u00fccken des Genres gekonnt und f\u00fchrt mit viel Sprachwitz und Ironie in die Welt einer ebenso genialen\u2026","rel":"","context":"In &quot;Buchkritik&quot;","img":{"alt_text":"","src":"https:\/\/i2.wp.com\/www.stiftsforum.ch\/blog\/wp-content\/uploads\/2017\/09\/2.jpg?fit=314%2C500&ssl=1&resize=350%2C200","width":350,"height":200},"classes":[]},{"id":1800,"url":"https:\/\/www.stiftsforum.ch\/blog\/?p=1800","url_meta":{"origin":4263,"position":5},"title":"Stell Dir vor...","date":"Februar 14, 2018","format":false,"excerpt":"Valentin M\u00fcller Die Menschheit hat schon viele Probleme gel\u00f6st und Herausforderungen gemeistert \u2013 Kriege gibt es aber immer noch. Kann man den Krieg \u201ebek\u00e4mpfen\u201c? Auf die Frage \u201eWas w\u00fcnschst du dir?\u201c antworten viele mit der Floskel \u201edass es keinen Krieg mehr gibt.\u201c Es klingt nach einem nicht realisierbaren Wunsch und\u2026","rel":"","context":"In &quot;Kommentar&quot;","img":{"alt_text":"","src":"https:\/\/i1.wp.com\/www.stiftsforum.ch\/blog\/wp-content\/uploads\/2018\/02\/Valentin-5.jpg?fit=396%2C351&ssl=1&resize=350%2C200","width":350,"height":200},"classes":[]}],"_links":{"self":[{"href":"https:\/\/www.stiftsforum.ch\/blog\/index.php?rest_route=\/wp\/v2\/posts\/4263"}],"collection":[{"href":"https:\/\/www.stiftsforum.ch\/blog\/index.php?rest_route=\/wp\/v2\/posts"}],"about":[{"href":"https:\/\/www.stiftsforum.ch\/blog\/index.php?rest_route=\/wp\/v2\/types\/post"}],"author":[{"embeddable":true,"href":"https:\/\/www.stiftsforum.ch\/blog\/index.php?rest_route=\/wp\/v2\/users\/1"}],"replies":[{"embeddable":true,"href":"https:\/\/www.stiftsforum.ch\/blog\/index.php?rest_route=%2Fwp%2Fv2%2Fcomments&post=4263"}],"version-history":[{"count":2,"href":"https:\/\/www.stiftsforum.ch\/blog\/index.php?rest_route=\/wp\/v2\/posts\/4263\/revisions"}],"predecessor-version":[{"id":4266,"href":"https:\/\/www.stiftsforum.ch\/blog\/index.php?rest_route=\/wp\/v2\/posts\/4263\/revisions\/4266"}],"wp:featuredmedia":[{"embeddable":true,"href":"https:\/\/www.stiftsforum.ch\/blog\/index.php?rest_route=\/wp\/v2\/media\/4264"}],"wp:attachment":[{"href":"https:\/\/www.stiftsforum.ch\/blog\/index.php?rest_route=%2Fwp%2Fv2%2Fmedia&parent=4263"}],"wp:term":[{"taxonomy":"category","embeddable":true,"href":"https:\/\/www.stiftsforum.ch\/blog\/index.php?rest_route=%2Fwp%2Fv2%2Fcategories&post=4263"},{"taxonomy":"post_tag","embeddable":true,"href":"https:\/\/www.stiftsforum.ch\/blog\/index.php?rest_route=%2Fwp%2Fv2%2Ftags&post=4263"}],"curies":[{"name":"wp","href":"https:\/\/api.w.org\/{rel}","templated":true}]}}