{"id":4272,"date":"2021-03-02T15:45:52","date_gmt":"2021-03-02T14:45:52","guid":{"rendered":"http:\/\/www.stiftsforum.ch\/blog\/?p=4272"},"modified":"2021-03-02T15:51:45","modified_gmt":"2021-03-02T14:51:45","slug":"mann-und-frau","status":"publish","type":"post","link":"https:\/\/www.stiftsforum.ch\/blog\/?p=4272","title":{"rendered":"Mann und Frau"},"content":{"rendered":"\n<p><em>von Vanessa Sch\u00f6nb\u00e4chler (6a)<\/em><\/p>\n\n\n\n<p>Mann und Frau. Wenn man an diese beiden W\u00f6rter denkt, entstehen direkt Vorstellungen dar\u00fcber, wie eine Frau typischerweise aussieht und wie ein Mann. Doch werden diese Bilder \u00fcber das Aussehen der Geschlechter nicht auch beeinflusst? Sei es durch die Gesellschaft oder auch die Medien? Klar ist, dass M\u00e4nner und Frauen biologisch gesehen, unterschiedliche Merkmale aufweisen. Doch inwiefern werden diese auch durch das soziale Umfeld und die Medien gepr\u00e4gt?<\/p>\n\n\n\n<p>Biologisch unterscheiden sich Mann und Frau. Wie auch oft in der Tierwelt anzufinden, haben die menschlichen Geschlechtsvertreter k\u00f6rperliche Unterschiede. Meistens sind die Frauen kleiner, schw\u00e4cher und darauf ausgelegt, Kinder zu geb\u00e4ren und sich um diese zu k\u00fcmmern. M\u00e4nner dagegen sind die Starken. Sie sollten k\u00e4mpfen k\u00f6nnen, jagen, besch\u00fctzen und viele Nachkommen zeugen. So war es jedenfalls fr\u00fcher.<\/p>\n\n\n\n<p><strong>Jagen in der Konsumgesellschaft?<\/strong><\/p>\n\n\n\n<p>Heutzutage m\u00fcssen die M\u00e4nner nicht mehr h\u00e4rter arbeiten k\u00f6nnen. Zumindest nicht in der Konsumgesellschaft. Wozu jagen und kr\u00e4ftige Tiere erlegen, wenn man in ein Lebensmittelgesch\u00e4ft gehen kann und sich dort sein Essen kaufen kann? Wieso sollten Frauen zu Hause bleiben m\u00fcssen und sich um die Kinder sorgen? Vielleicht wollen sie lieber eine erfolgreiche, kinderlose Businessfrau werden. Doch so einfach scheint dies nicht zu sein, wie es sich anh\u00f6rt.<\/p>\n\n\n\n<p>\u00dcberall h\u00f6rt man es. In den Medien, in Kinderserien, von den Eltern. Typische Aussagen wie: \u00abKnaben d\u00fcrfen nicht weinen.\u00bb oder \u00abPink ist eine Farbe f\u00fcr M\u00e4dchen!\u00bb Doch wer bestimmt das? Wer bestimmt, dass Farben Geschlechter haben? Dass bestimmte Emotionen m\u00e4nnlich oder weiblich sind, Frauen nicht erfolgreich eine Firma leiten k\u00f6nnen, oder dass nicht auch M\u00e4nner zuhause bleiben k\u00f6nnen und sich um die Kinder k\u00fcmmern?<\/p>\n\n\n\n<p><strong>Pink und Blau<\/strong><\/p>\n\n\n\n<p>\u00dcber die k\u00f6rperlichen Merkmale hinausgesehen, ist es ein soziales Konstrukt, Unterschiede zwischen Mann und Frau zu bestimmen. Diese haben wir aber so verinnerlicht, dass man wohl automatisch Blau den Knaben zuschreibt und Pink den M\u00e4dchen. Die Sache mit den Farben ist jedoch urspr\u00fcnglich ein Trend der moderneren Zeit, damit die Grosskonzerne gezielter und besser ihre Produkte an verschiedene Zielgruppen vermarkten konnten. Fr\u00fcher, vor vielen Jahrzehnten, trugen auch die m\u00e4nnlichen Personen Pink, ohne sich in ihrer M\u00e4nnlichkeit angegriffen f\u00fchlen zu m\u00fcssen.<\/p>\n\n\n\n<p>Auch die weitverbreitete Ansicht, dass M\u00e4nner unter keinen Umst\u00e4nden weinen oder sonstige Gef\u00fchle zeigen sollten, ist fast schon ein gef\u00e4hrliches Konstrukt der Gesellschaft. Nicht umsonst ist die Selbstmordrate bei M\u00e4nnern viel h\u00f6her als bei Frauen, denn anders als den weiblichen Individuen, wird den M\u00e4nnern schon von Kindesalter an eingetrichtert, dass Emotionen zu zeigen eine Schw\u00e4che ist, die es zu vermeiden gilt. Aus diesem Grund suchen sie sich keine Hilfe und reden nicht \u00fcber ihre Emotionen, sondern fressen es stattdessen in sich hinein, bis es zu sp\u00e4t ist.<\/p>\n\n\n\n<p><strong>Typisch Frau, Typisch Mann?<\/strong><\/p>\n\n\n\n<p>Diese Tatsache verdeutlicht sehr, dass die Einstufung zwischen Mann und Frau auch sch\u00e4dlich f\u00fcr die Psyche sein kann. Zus\u00e4tzlich dazu, h\u00f6rt man auch immer mehr von Menschen, die sich mit keinem Geschlecht identifizieren, nur teilweise mit einem oder auch \u00abgenderfluid\u00bb sind. Dies sind Personen, die sich mal als Frau, mal als Mann sehen. F\u00fcr solche Menschen besteht unter anderem das Problem, dass viele Dinge entweder m\u00e4nnlich oder weiblich eingestuft werden. R\u00f6cke, Kleider und lange Haare zum Beispiel, sind typisch Frau, Anz\u00fcge und kurze Haare typisch Mann. Somit wird ihnen je nach Kleidungsst\u00fcck oder Frisur automatisch ein Geschlecht zugeordnet.<\/p>\n\n\n\n<p>Es kann zwar nicht geleugnet werden, dass meistens biologische Aspekte existieren, anhand denen diese Personen theoretisch einem Geschlecht zugeteilt werden k\u00f6nnten, jedoch ist dies eine pers\u00f6nliche Angelegenheit und jedem Menschen selbst \u00fcberlassen, schliesslich schadet es auch niemandem. Wie heisst es so sch\u00f6n? Leben und leben lassen.<\/p>\n\n\n\n<p>Auch Simone de Beauvoir greift das Thema in \u00abdas andere Geschlecht\u00bb auf. Sie spricht davon, dass man nicht als Frau zur Welt kommt, sondern man wird zu einer. Dabei legt keine biologische, psychische oder \u00f6konomische Bestimmung die Gestalt einer Frau fest. Es stimmt sehr wohl, dass man zu einer Frau wird. Nur als eine geboren worden zu sein, muss nicht zwingend heissen, eine zu sein. Viele f\u00fchlen sich zum Beispiel als Mann viel wohler und k\u00f6nnen sich besser damit identifizieren. Psychisch ist man vielleicht ein Mann oder geschlechtslos. Man kann es sich nicht ausw\u00e4hlen, wie man geboren wurde, aber man kann sich sehr wohl entscheiden, wie man sein Leben leben m\u00f6chte.<\/p>\n\n\n\n<p><strong>In vielen Formen<\/strong><\/p>\n\n\n\n<p>Auch k\u00f6nnen Frauen in vielen Formen erscheinen. Eine sieht sich vielleicht als erfolgreiche Gesch\u00e4ftsfrau, eine andere m\u00f6chte Menschen helfen und wieder eine andere m\u00f6chte einfach ihren eigenen W\u00fcnschen und Sehns\u00fcchten nachgehen. Jeder hat selbst die Wahl, welche Frau man werden m\u00f6chte.<\/p>\n\n\n\n<p>Dennoch ist es oft einfacher gesagt, als getan. Gesellschaftlich ist das Thema der Geschlechterrollen sehr h\u00e4ufig mit Kriterien, Vorurteilen oder Klich\u00e9es verbunden. Von Dingen wie, dass man entweder eine Frau oder ein Mann sein muss und etwas anderes gar nicht m\u00f6glich ist, bis hin zu, dass Blau eindeutig eine Farbe f\u00fcr Jungen ist.<\/p>\n\n\n\n<p><strong>Das Konstrukt der Geschlechterdifferenz<\/strong><\/p>\n\n\n\n<p>Abschliessend kann gesagt werden, dass das Konstrukt der Geschlechterdifferenz biologischen Urspr\u00fcngen entstammt, wie zum Beispiel, dass die Frau die Kinder gebiert und sich um sie k\u00fcmmert, es aber weitgehend auch eine gesellschaftliche Struktur ist. Durch diese wird erwartet, dass alle Frauen Kinder kriegen m\u00fcssen oder Geschlechtern Farben zugewisen werden. All diese Konstrukte sind durch all die Jahre und durch das Aufpuschen der Medien oder Filme so hartn\u00e4ckig geworden, dass es wohl viele Jahre und Ver\u00e4nderungen dauern wird, bis diese vollst\u00e4ndig zerbr\u00f6ckeln.<\/p>\n","protected":false},"excerpt":{"rendered":"<p>von Vanessa Sch\u00f6nb\u00e4chler (6a) Mann und Frau. Wenn man an diese beiden W\u00f6rter denkt, entstehen direkt Vorstellungen dar\u00fcber, wie eine<\/p>\n","protected":false},"author":1,"featured_media":4273,"comment_status":"open","ping_status":"closed","sticky":false,"template":"","format":"standard","meta":{"spay_email":"","jetpack_publicize_message":"","jetpack_is_tweetstorm":false},"categories":[3],"tags":[],"jetpack_featured_media_url":"https:\/\/i1.wp.com\/www.stiftsforum.ch\/blog\/wp-content\/uploads\/2021\/03\/man-2933984_1280.jpg?fit=1280%2C661&ssl=1","jetpack_publicize_connections":[],"jetpack_sharing_enabled":true,"jetpack_shortlink":"https:\/\/wp.me\/p9nzRF-16U","jetpack_likes_enabled":true,"jetpack-related-posts":[{"id":5811,"url":"https:\/\/www.stiftsforum.ch\/blog\/?p=5811","url_meta":{"origin":4272,"position":0},"title":"Philosophieolympiade 2022 - Cosima Hoppe (4a) im Halbfinale","date":"Dezember 13, 2022","format":false,"excerpt":"Es ist legitim anzunehmen, dass ein [politischer] Kandidat, der unsere Identit\u00e4t teilt, die soziale Position versteht, die wir einnehmen, den Widerstand, auf den wir stossen, und wie hartn\u00e4ckig dieser Widerstand ist.\" - Linda Alcoff, Why Do Social Identities Matter? Das Verst\u00e4ndnis zweier \u00e4hnlicher Identit\u00e4ten\u00a0\u00a0 von Cosima Hoppe Was ist Identit\u00e4t?\u2026","rel":"","context":"In &quot;Allgemein&quot;","img":{"alt_text":"","src":"","width":0,"height":0},"classes":[]},{"id":4423,"url":"https:\/\/www.stiftsforum.ch\/blog\/?p=4423","url_meta":{"origin":4272,"position":1},"title":"\"In der Stiftsschule sind alle meine Interessen abgedeckt\"","date":"April 20, 2021","format":false,"excerpt":"Interview mit Erin Schuler, Stiftssch\u00fclerin der 1.Klasse im 50-Jahr-Jubil\u00e4um des gemischten Unterrichts an der Stiftsschule. Sie ist 12 Jahre alt und stammt aus Oberiberg. Wie war Dein erster Eindruck von der Stiftsschule?\u00a0 Ich war von Anfang an sehr\u00a0beeindruckt von der Schule.\u00a0Allein das imposante Schulgeb\u00e4ude verleiht einem direkt\u00a0diesen \u00abWow-Effekt\u00bb.\u00a0Als ich zum\u2026","rel":"","context":"In &quot;Allgemein&quot;","img":{"alt_text":"","src":"https:\/\/i1.wp.com\/www.stiftsforum.ch\/blog\/wp-content\/uploads\/2021\/04\/20210420_123929.jpg?fit=1200%2C923&ssl=1&resize=350%2C200","width":350,"height":200},"classes":[]},{"id":4267,"url":"https:\/\/www.stiftsforum.ch\/blog\/?p=4267","url_meta":{"origin":4272,"position":2},"title":"50 Jahre Frauenstimmrecht - sind dies auch 50 Jahre Gleichberechtigung?","date":"M\u00e4rz 2, 2021","format":false,"excerpt":"von Samuel Tanner, 6a Im Jahr 1971 stimmten die Schweizer M\u00e4nner, mittels Volksabstimmung, ab, ob die Frauen ein Mitspracherecht in der Politik erhalten sollen. Die Abstimmung wurde knapp angenommen und die\u00a0 Schweiz erm\u00f6glichte es Frauen somit, als eines der letzten L\u00e4nder Europas, zum ersten Mal seit Gr\u00fcndung der Eidgenossenschaft im\u2026","rel":"","context":"In &quot;Allgemein&quot;","img":{"alt_text":"","src":"https:\/\/i2.wp.com\/www.stiftsforum.ch\/blog\/wp-content\/uploads\/2021\/03\/man-101001_1920.jpg?fit=1200%2C848&ssl=1&resize=350%2C200","width":350,"height":200},"classes":[]},{"id":4449,"url":"https:\/\/www.stiftsforum.ch\/blog\/?p=4449","url_meta":{"origin":4272,"position":3},"title":"\"Die Integration der M\u00e4dchen vollzog sich sehr organisch und selbstverst\u00e4ndlich\"","date":"April 27, 2021","format":false,"excerpt":"50 Jahre M\u00e4dchen an der Stiftsschule H\u00e4tte P. Thomas F\u00e4ssler nicht darauf aufmerksam gemacht, w\u00e4re in diesem Schuljahr ein Jubil\u00e4um fast vergessen worden: Seit genau 50 Jahren wird an der Stiftsschule koedukativ unterrichtet. Im Schuljahr 1970\/71 kamen die ersten sieben M\u00e4dchen in die ersten Klassen und eine erstaunlich unscheinbare, aber\u2026","rel":"","context":"In &quot;Allgemein&quot;","img":{"alt_text":"","src":"https:\/\/i0.wp.com\/www.stiftsforum.ch\/blog\/wp-content\/uploads\/2021\/04\/IMG-20210428-WA0000-1.jpg?fit=1200%2C900&ssl=1&resize=350%2C200","width":350,"height":200},"classes":[]},{"id":6534,"url":"https:\/\/www.stiftsforum.ch\/blog\/?p=6534","url_meta":{"origin":4272,"position":4},"title":"Schabbat Shalom! Das EF Religion besucht die israelitische Cultusgemeinde Z\u00fcrich","date":"Dezember 5, 2023","format":false,"excerpt":"Nur wenige Gehminuten vom Hauptbahnhof entfernt befindet sich in der Nyschelerstrasse die Synagoge der Israelitischen Cultusgemeinde Z\u00fcrich. Mitten zwischen modernen B\u00fcrogeb\u00e4uden f\u00e4llt das Geb\u00e4ude im Getriebe der Z\u00fcrcher Innenstadt kaum auf, auch wenn der historistische Baustil doch deutlich anders, ornamentaler, ist als die Funktionsbauten nebenan. Erst beim Stehenbleiben entdeckt der\u2026","rel":"","context":"In &quot;Allgemein&quot;","img":{"alt_text":"","src":"https:\/\/i2.wp.com\/www.stiftsforum.ch\/blog\/wp-content\/uploads\/2023\/12\/20231125_134517_resized.jpg?fit=1156%2C867&ssl=1&resize=350%2C200","width":350,"height":200},"classes":[]},{"id":2622,"url":"https:\/\/www.stiftsforum.ch\/blog\/?p=2622","url_meta":{"origin":4272,"position":5},"title":"Von Bestandespflege bis B\u00fcchereinkauf. Im Gespr\u00e4ch mit Frau Ulrich","date":"November 12, 2018","format":false,"excerpt":"von Lisa Ulrich Heidi Ulrich, geboren am 27. Juli 1969, verheiratet, Mutter einer Tochter und Leiterin der \u00d6ffentlichen Bibliotheken des Bezirks Einsiedeln im Gespr\u00e4ch mit der Schulredaktion Welche B\u00fccher sind in der Schulbibliothek am meisten angesagt? Comics und Rekordb\u00fccher sind am beliebtesten. Wann ist die Schulbibliothek am meisten besucht? In\u2026","rel":"","context":"In &quot;Interview&quot;","img":{"alt_text":"","src":"https:\/\/i2.wp.com\/www.stiftsforum.ch\/blog\/wp-content\/uploads\/2018\/11\/books-1850645_960_720.jpg?fit=960%2C640&ssl=1&resize=350%2C200","width":350,"height":200},"classes":[]}],"_links":{"self":[{"href":"https:\/\/www.stiftsforum.ch\/blog\/index.php?rest_route=\/wp\/v2\/posts\/4272"}],"collection":[{"href":"https:\/\/www.stiftsforum.ch\/blog\/index.php?rest_route=\/wp\/v2\/posts"}],"about":[{"href":"https:\/\/www.stiftsforum.ch\/blog\/index.php?rest_route=\/wp\/v2\/types\/post"}],"author":[{"embeddable":true,"href":"https:\/\/www.stiftsforum.ch\/blog\/index.php?rest_route=\/wp\/v2\/users\/1"}],"replies":[{"embeddable":true,"href":"https:\/\/www.stiftsforum.ch\/blog\/index.php?rest_route=%2Fwp%2Fv2%2Fcomments&post=4272"}],"version-history":[{"count":2,"href":"https:\/\/www.stiftsforum.ch\/blog\/index.php?rest_route=\/wp\/v2\/posts\/4272\/revisions"}],"predecessor-version":[{"id":4276,"href":"https:\/\/www.stiftsforum.ch\/blog\/index.php?rest_route=\/wp\/v2\/posts\/4272\/revisions\/4276"}],"wp:featuredmedia":[{"embeddable":true,"href":"https:\/\/www.stiftsforum.ch\/blog\/index.php?rest_route=\/wp\/v2\/media\/4273"}],"wp:attachment":[{"href":"https:\/\/www.stiftsforum.ch\/blog\/index.php?rest_route=%2Fwp%2Fv2%2Fmedia&parent=4272"}],"wp:term":[{"taxonomy":"category","embeddable":true,"href":"https:\/\/www.stiftsforum.ch\/blog\/index.php?rest_route=%2Fwp%2Fv2%2Fcategories&post=4272"},{"taxonomy":"post_tag","embeddable":true,"href":"https:\/\/www.stiftsforum.ch\/blog\/index.php?rest_route=%2Fwp%2Fv2%2Ftags&post=4272"}],"curies":[{"name":"wp","href":"https:\/\/api.w.org\/{rel}","templated":true}]}}