{"id":4423,"date":"2021-04-20T11:50:19","date_gmt":"2021-04-20T10:50:19","guid":{"rendered":"http:\/\/www.stiftsforum.ch\/blog\/?p=4423"},"modified":"2021-04-21T09:44:47","modified_gmt":"2021-04-21T08:44:47","slug":"in-der-stiftsschule-sind-alle-meine-interessen-abgedeckt","status":"publish","type":"post","link":"https:\/\/www.stiftsforum.ch\/blog\/?p=4423","title":{"rendered":"&#8220;In der Stiftsschule sind alle meine Interessen abgedeckt&#8221;"},"content":{"rendered":"\n<p><strong>Interview mit Erin Schuler, Stiftssch\u00fclerin der 1.Klasse im 50-Jahr-Jubil\u00e4um des gemischten Unterrichts an der Stiftsschule<\/strong>. <strong>Sie ist 12 Jahre alt und stammt aus Oberiberg. <\/strong><\/p>\n\n\n\n<p><strong>Wie war Dein erster Eindruck von der Stiftsschule?<\/strong>&nbsp;<\/p>\n\n\n\n<p>Ich war von Anfang an sehr&nbsp;beeindruckt von der Schule.&nbsp;Allein das imposante Schulgeb\u00e4ude verleiht einem direkt&nbsp;diesen \u00abWow-Effekt\u00bb.&nbsp;Als ich zum ersten Mal durch die R\u00e4umlichkeiten lief,&nbsp;stellte ich mir direkt meine Zukunft in diesem Geb\u00e4ude vor.&nbsp;Es f\u00fchlte sich an wie ein vertrauter Ort, ein Zuhause.&nbsp;<\/p>\n\n\n\n<p>&nbsp;<strong>Warum hast Du Dich f\u00fcr diese Schule entschieden?<\/strong>&nbsp;<\/p>\n\n\n\n<p>Als ich noch kleiner war, war ich einmal mit meiner Mutter in Einsiedeln und ich sah,&nbsp;wie ein paar \u00e4ltere Sch\u00fcler&nbsp;ins Kloster liefen. Ich dachte mir, wie cool es doch sei&nbsp;dort in die Schule zu gehen.&nbsp;Weil meine Leistungen stimmten und ich schon viel Positives von der Schule geh\u00f6rt hatte, beschloss ich, sie auch zu besuchen.&nbsp;&nbsp;<\/p>\n\n\n\n<p><strong>Wie viele M\u00e4dchen gibt es in Deiner Klasse?<\/strong>&nbsp;<\/p>\n\n\n\n<p>In meiner Klasse&nbsp;sind mit&nbsp;mir 10 M\u00e4dchen.&nbsp;Insgesamt sind wir 20&nbsp;Sch\u00fcler*innen in der Klasse.&nbsp;&nbsp;<\/p>\n\n\n\n<figure class=\"wp-block-image size-large\"><a href=\"https:\/\/i1.wp.com\/www.stiftsforum.ch\/blog\/wp-content\/uploads\/2021\/04\/20210420_123909_resized.jpg\"><img data-attachment-id=\"4430\" data-permalink=\"https:\/\/www.stiftsforum.ch\/blog\/?attachment_id=4430\" data-orig-file=\"https:\/\/i1.wp.com\/www.stiftsforum.ch\/blog\/wp-content\/uploads\/2021\/04\/20210420_123909_resized.jpg?fit=1152%2C864&amp;ssl=1\" data-orig-size=\"1152,864\" data-comments-opened=\"1\" data-image-meta=\"{&quot;aperture&quot;:&quot;0&quot;,&quot;credit&quot;:&quot;&quot;,&quot;camera&quot;:&quot;&quot;,&quot;caption&quot;:&quot;&quot;,&quot;created_timestamp&quot;:&quot;0&quot;,&quot;copyright&quot;:&quot;&quot;,&quot;focal_length&quot;:&quot;0&quot;,&quot;iso&quot;:&quot;0&quot;,&quot;shutter_speed&quot;:&quot;0&quot;,&quot;title&quot;:&quot;&quot;,&quot;orientation&quot;:&quot;0&quot;}\" data-image-title=\"20210420_123909_resized\" data-image-description=\"\" data-medium-file=\"https:\/\/i1.wp.com\/www.stiftsforum.ch\/blog\/wp-content\/uploads\/2021\/04\/20210420_123909_resized.jpg?fit=300%2C225&amp;ssl=1\" data-large-file=\"https:\/\/i1.wp.com\/www.stiftsforum.ch\/blog\/wp-content\/uploads\/2021\/04\/20210420_123909_resized.jpg?fit=800%2C600&amp;ssl=1\" loading=\"lazy\" width=\"800\" height=\"600\" src=\"https:\/\/i1.wp.com\/www.stiftsforum.ch\/blog\/wp-content\/uploads\/2021\/04\/20210420_123909_resized.jpg?resize=800%2C600\" alt=\"\" class=\"wp-image-4430\" srcset=\"https:\/\/i1.wp.com\/www.stiftsforum.ch\/blog\/wp-content\/uploads\/2021\/04\/20210420_123909_resized.jpg?resize=1024%2C768&amp;ssl=1 1024w, https:\/\/i1.wp.com\/www.stiftsforum.ch\/blog\/wp-content\/uploads\/2021\/04\/20210420_123909_resized.jpg?resize=300%2C225&amp;ssl=1 300w, https:\/\/i1.wp.com\/www.stiftsforum.ch\/blog\/wp-content\/uploads\/2021\/04\/20210420_123909_resized.jpg?resize=768%2C576&amp;ssl=1 768w, https:\/\/i1.wp.com\/www.stiftsforum.ch\/blog\/wp-content\/uploads\/2021\/04\/20210420_123909_resized.jpg?w=1152&amp;ssl=1 1152w\" sizes=\"(max-width: 800px) 100vw, 800px\" data-recalc-dims=\"1\" \/><\/a><figcaption>Seit 50 Jahren werden Knaben und M\u00e4dchen nun gemeinsam an der Stiftsschule unterrichtet. <\/figcaption><\/figure>\n\n\n\n<p><strong>Gibt es in der Klasse eher getrennte M\u00e4dchen- und Jungencliquen oder macht Ihr auch zusammen etwas?<\/strong>&nbsp;<\/p>\n\n\n\n<p>Die engeren Freundeskreise sind eher&nbsp;M\u00e4dchen unter M\u00e4dchen und Jungs unter Jungs.&nbsp;&nbsp;W\u00e4hrend den Pausen&nbsp;kommt es auch oft vor, dass man&nbsp;Zeit&nbsp;mit dem anderen Geschlecht verbringt.&nbsp;&nbsp;<\/p>\n\n\n\n<p><strong>Habt Ihr alle F\u00e4cher gemeinsam mit den Jungs?&nbsp;Findest Du das gut?&nbsp;<\/strong>&nbsp;<\/p>\n\n\n\n<p>Wir haben alle F\u00e4cher gemeinsam mit den Jungs,&nbsp;bis auf Sport.&nbsp;Ich finde das gut, weil&nbsp;man&nbsp;so von den F\u00e4higkeiten von ganz vielen verschiedenen Menschen profitieren kann.&nbsp;Es&nbsp;gibt Dinge, die k\u00f6nnen Jungs besser und umgekehrt, so kann man vom Wissen der anderen profitieren.&nbsp;<\/p>\n\n\n\n<p><strong>K\u00f6nntest Du Dir auch vorstellen, eine reine M\u00e4dchenschule zu besuchen?&nbsp;<\/strong><\/p>\n\n\n\n<p>Nein, das kann&nbsp;ich mir nicht vorstellen.&nbsp;Ich denke, das liegt vielleicht daran, dass&nbsp;ich schon seit dem Kindergarten immer mehr Jungs als M\u00e4dchen in der Klasse hatte. Ich habe aber auch meine&nbsp;Freundinnen gefragt und sie konnten es sich auch nicht vorstellen.&nbsp;Eine Kollegin meinte,&nbsp;sie m\u00f6chte das auch nicht, da es ohne Jungs langweilig sei. Ich selbst mag es auch, von vielen unterschiedlichen Menschen umgeben zu sein.&nbsp;<\/p>\n\n\n\n<p><strong>Unterrichten Euch mehr Frauen oder mehr M\u00e4nner?<\/strong>&nbsp;<\/p>\n\n\n\n<p>Es unterrichten uns&nbsp;mehr Frauen. Um genau zu sein sind es doppelt so viele Frauen wie M\u00e4nner.&nbsp;<\/p>\n\n\n\n<p><strong>Was glaubst Du, wie lange M\u00e4dchen schon\/erst die Stiftsschule besuchen k\u00f6nnen? Wie erkl\u00e4rst Du Dir das?<\/strong>&nbsp;<\/p>\n\n\n\n<p>Ich weiss bereits, dass es M\u00e4dchen&nbsp;erst seit 50 Jahren&nbsp;erlaubt ist&nbsp;an der Stiftsschule&nbsp;zu lernen.&nbsp;Ich erkl\u00e4re mir das&nbsp;damit,&nbsp;dass man zu jener Zeit davon ausging, dass Schulbildung f\u00fcr M\u00e4dchen nicht so wichtig war, da man davon ausgegangen ist, dass sie heiraten, Kinder geb\u00e4ren und den Haushalt erledigen, w\u00e4hrend die M\u00e4nner eine gute Ausbildung f\u00fcr ihren sp\u00e4teren Beruf ben\u00f6tigten.&nbsp;<\/p>\n\n\n\n<p><strong>Welchen Hobbys gehst Du nach?<\/strong>&nbsp;<\/p>\n\n\n\n<p>In meiner Freizeit zeichne ich sehr gerne.\u00a0Ich probiere gerne neue Techniken aus,\u00a0so wie neulich zum Beispiel \u00d6lfarben.\u00a0Am liebsten gestalte ich meine Kunst mit \u00d6lfarben, Acrylfarben oder auch Farbstiften.\u00a0Im Winter gehe ich auch sehr gerne mit Freunden oder meiner Familie skifahren.\u00a0<\/p>\n\n\n\n<figure class=\"wp-block-image size-large\"><a href=\"https:\/\/i1.wp.com\/www.stiftsforum.ch\/blog\/wp-content\/uploads\/2021\/04\/20210420_123848-scaled.jpg\"><img data-attachment-id=\"4445\" data-permalink=\"https:\/\/www.stiftsforum.ch\/blog\/?attachment_id=4445\" data-orig-file=\"https:\/\/i1.wp.com\/www.stiftsforum.ch\/blog\/wp-content\/uploads\/2021\/04\/20210420_123848-scaled.jpg?fit=2560%2C1920&amp;ssl=1\" data-orig-size=\"2560,1920\" data-comments-opened=\"1\" data-image-meta=\"{&quot;aperture&quot;:&quot;1.7&quot;,&quot;credit&quot;:&quot;&quot;,&quot;camera&quot;:&quot;SM-A405FN&quot;,&quot;caption&quot;:&quot;&quot;,&quot;created_timestamp&quot;:&quot;1618922328&quot;,&quot;copyright&quot;:&quot;&quot;,&quot;focal_length&quot;:&quot;3.92&quot;,&quot;iso&quot;:&quot;64&quot;,&quot;shutter_speed&quot;:&quot;0.02&quot;,&quot;title&quot;:&quot;&quot;,&quot;orientation&quot;:&quot;1&quot;}\" data-image-title=\"20210420_123848\" data-image-description=\"\" data-medium-file=\"https:\/\/i1.wp.com\/www.stiftsforum.ch\/blog\/wp-content\/uploads\/2021\/04\/20210420_123848-scaled.jpg?fit=300%2C225&amp;ssl=1\" data-large-file=\"https:\/\/i1.wp.com\/www.stiftsforum.ch\/blog\/wp-content\/uploads\/2021\/04\/20210420_123848-scaled.jpg?fit=800%2C600&amp;ssl=1\" loading=\"lazy\" width=\"800\" height=\"600\" src=\"https:\/\/i0.wp.com\/www.stiftsforum.ch\/blog\/wp-content\/uploads\/2021\/04\/20210420_123848.jpg?resize=800%2C600\" alt=\"\" class=\"wp-image-4445\" srcset=\"https:\/\/i1.wp.com\/www.stiftsforum.ch\/blog\/wp-content\/uploads\/2021\/04\/20210420_123848-scaled.jpg?resize=1024%2C768&amp;ssl=1 1024w, https:\/\/i1.wp.com\/www.stiftsforum.ch\/blog\/wp-content\/uploads\/2021\/04\/20210420_123848-scaled.jpg?resize=300%2C225&amp;ssl=1 300w, https:\/\/i1.wp.com\/www.stiftsforum.ch\/blog\/wp-content\/uploads\/2021\/04\/20210420_123848-scaled.jpg?resize=768%2C576&amp;ssl=1 768w, https:\/\/i1.wp.com\/www.stiftsforum.ch\/blog\/wp-content\/uploads\/2021\/04\/20210420_123848-scaled.jpg?resize=1536%2C1152&amp;ssl=1 1536w, https:\/\/i1.wp.com\/www.stiftsforum.ch\/blog\/wp-content\/uploads\/2021\/04\/20210420_123848-scaled.jpg?resize=2048%2C1536&amp;ssl=1 2048w, https:\/\/i1.wp.com\/www.stiftsforum.ch\/blog\/wp-content\/uploads\/2021\/04\/20210420_123848-scaled.jpg?w=1600 1600w, https:\/\/i1.wp.com\/www.stiftsforum.ch\/blog\/wp-content\/uploads\/2021\/04\/20210420_123848-scaled.jpg?w=2400 2400w\" sizes=\"(max-width: 800px) 100vw, 800px\" data-recalc-dims=\"1\" \/><\/a><figcaption>In der 1d gibt es zehn Knaben und 10 M\u00e4dchen. Im Bild: Nicolas Bosisio und Matteo Panzera, 1d<\/figcaption><\/figure>\n\n\n\n<p><strong>Deckt die Stiftsschule alle Deine Interessen ab oder m\u00fcsste es noch zus\u00e4tzliche Angebote geben?<\/strong>&nbsp;<\/p>\n\n\n\n<p>In der Stiftschule sind alle meine Interessen abgedeckt. Meiner Meinung&nbsp;nach&nbsp;m\u00fcsste es keine zus\u00e4tzlichen&nbsp;Angebote geben. Ausserdem finde ich,&nbsp;dass&nbsp;das Sortiment&nbsp;an&nbsp;Kursf\u00e4chern und Freizeitinteressen&nbsp;sowieso sehr gross ist.&nbsp;<\/p>\n\n\n\n<p><strong>Macht es f\u00fcr Dich einen Unterschied, ob Du von einem Mann oder einer Frau zB. in Mathematik unterrichtet wirst?<\/strong>&nbsp;<\/p>\n\n\n\n<p>F\u00fcr mich macht das keinen Unterschied, mir ist es einfach wichtig, dass die Lehrperson&nbsp;gut erkl\u00e4ren kann und den Unterricht spannend und abwechslungsreich&nbsp;gestaltet, so dass ich viel&nbsp;Neues&nbsp;lernen kann.&nbsp;<\/p>\n\n\n\n<p><strong>Hast du schon einen Berufswunsch?<\/strong>&nbsp;<\/p>\n\n\n\n<p>Einen konkreten Berufswunsch habe ich noch nicht. Fr\u00fcher wollte ich immer&nbsp;Teil&nbsp;einer Band werden und Songs schreiben. Auch&nbsp;heute kann ich es mir noch sehr gut vorstellen sp\u00e4ter in die kreative Richtung zu gehen.&nbsp;Eine gute Alternative w\u00e4re auch etwas in die sprachliche Richtung oder&nbsp;etwas zum Thema&nbsp;Wirtschaft und Recht.&nbsp;&nbsp;<\/p>\n\n\n\n<p><strong>Arbeiten\/Lernen Jungs und M\u00e4dchen anders? Kannst Du ein Beispiel nennen?<\/strong>&nbsp;<\/p>\n\n\n\n<p>Ich denke nicht, dass Jungs und M\u00e4dchen anders arbeiten oder lernen. Ich&nbsp;glaube, dass&nbsp;h\u00e4ngt&nbsp;mehr&nbsp;von&nbsp;der&nbsp;Person&nbsp;als&nbsp;vom&nbsp;Geschlecht ab.&nbsp;Viele meiner Freunde lernen&nbsp;unabh\u00e4ngig vom Geschlecht&nbsp;auf ganz andere Art und Weise als ich.&nbsp;&nbsp;&nbsp;<\/p>\n\n\n\n<p><strong>Wie w\u00fcrdest Du die Klassengemeinschaft in Deiner Klasse beschreiben?<\/strong>&nbsp;<\/p>\n\n\n\n<p>Unsere Klassengemeinschaft ist sehr angenehm, jeder versteht sich mit jedem.&nbsp;Man f\u00fchlt sich sehr wohl und gut aufgenommen.&nbsp;Die meisten Leute in meiner Klasse sind sehr fleissig&nbsp;und wollen viel lernen, wodurch ich auch oft angespornt&nbsp;werde. Es motiviert,&nbsp;zu sehen wie der Grossteil am gleichen Ziel (der Matura) arbeitet.&nbsp;Man&nbsp;unterst\u00fctzt sich gegenseitig und hilft den anderen, wenn sie etwas nicht verstehen. Ich bin sehr froh in dieser Klasse gelandet zu sein.&nbsp;<\/p>\n\n\n\n<p>&nbsp;<strong>Welche Stimmung herrscht Deiner Meinung nach an der Schule? Kannst Du ein Beispiel nennen?<\/strong>&nbsp;<\/p>\n\n\n\n<p>Ich finde an der Schule herrscht eine sehr&nbsp;freundliche und offene Stimmung.&nbsp;In meinem Kursfach Malerei&nbsp;unterhalte ich mich auch&nbsp;oft&nbsp;mit \u00e4lteren Sch\u00fclern, die gerne Tipps geben und von ihren Erlebnissen an der Schule erz\u00e4hlen, weswegen ich mich immer sehr wohl f\u00fchle.&nbsp;<\/p>\n\n\n\n<p><strong>Herzlichen Dank f\u00fcr das Interview!<\/strong><\/p>\n\n\n\n<figure class=\"wp-block-image size-large\"><a href=\"https:\/\/i1.wp.com\/www.stiftsforum.ch\/blog\/wp-content\/uploads\/2021\/04\/20210420_123926_resized.jpg\"><img data-attachment-id=\"4432\" data-permalink=\"https:\/\/www.stiftsforum.ch\/blog\/?attachment_id=4432\" data-orig-file=\"https:\/\/i1.wp.com\/www.stiftsforum.ch\/blog\/wp-content\/uploads\/2021\/04\/20210420_123926_resized.jpg?fit=1152%2C864&amp;ssl=1\" data-orig-size=\"1152,864\" data-comments-opened=\"1\" data-image-meta=\"{&quot;aperture&quot;:&quot;0&quot;,&quot;credit&quot;:&quot;&quot;,&quot;camera&quot;:&quot;&quot;,&quot;caption&quot;:&quot;&quot;,&quot;created_timestamp&quot;:&quot;0&quot;,&quot;copyright&quot;:&quot;&quot;,&quot;focal_length&quot;:&quot;0&quot;,&quot;iso&quot;:&quot;0&quot;,&quot;shutter_speed&quot;:&quot;0&quot;,&quot;title&quot;:&quot;&quot;,&quot;orientation&quot;:&quot;0&quot;}\" data-image-title=\"20210420_123926_resized\" data-image-description=\"\" data-medium-file=\"https:\/\/i1.wp.com\/www.stiftsforum.ch\/blog\/wp-content\/uploads\/2021\/04\/20210420_123926_resized.jpg?fit=300%2C225&amp;ssl=1\" data-large-file=\"https:\/\/i1.wp.com\/www.stiftsforum.ch\/blog\/wp-content\/uploads\/2021\/04\/20210420_123926_resized.jpg?fit=800%2C600&amp;ssl=1\" loading=\"lazy\" width=\"800\" height=\"600\" src=\"https:\/\/i1.wp.com\/www.stiftsforum.ch\/blog\/wp-content\/uploads\/2021\/04\/20210420_123926_resized.jpg?resize=800%2C600\" alt=\"\" class=\"wp-image-4432\" srcset=\"https:\/\/i1.wp.com\/www.stiftsforum.ch\/blog\/wp-content\/uploads\/2021\/04\/20210420_123926_resized.jpg?resize=1024%2C768&amp;ssl=1 1024w, https:\/\/i1.wp.com\/www.stiftsforum.ch\/blog\/wp-content\/uploads\/2021\/04\/20210420_123926_resized.jpg?resize=300%2C225&amp;ssl=1 300w, https:\/\/i1.wp.com\/www.stiftsforum.ch\/blog\/wp-content\/uploads\/2021\/04\/20210420_123926_resized.jpg?resize=768%2C576&amp;ssl=1 768w, https:\/\/i1.wp.com\/www.stiftsforum.ch\/blog\/wp-content\/uploads\/2021\/04\/20210420_123926_resized.jpg?w=1152&amp;ssl=1 1152w\" sizes=\"(max-width: 800px) 100vw, 800px\" data-recalc-dims=\"1\" \/><\/a><figcaption>Chiara Knobel und Erin Schuler, Stiftssch\u00fclerinnen der 1d <\/figcaption><\/figure>\n","protected":false},"excerpt":{"rendered":"<p>Interview mit Erin Schuler, Stiftssch\u00fclerin der 1.Klasse im 50-Jahr-Jubil\u00e4um des gemischten Unterrichts an der Stiftsschule. Sie ist 12 Jahre alt<\/p>\n","protected":false},"author":1,"featured_media":4442,"comment_status":"open","ping_status":"closed","sticky":false,"template":"","format":"standard","meta":{"spay_email":"","jetpack_publicize_message":"","jetpack_is_tweetstorm":false},"categories":[3,8],"tags":[],"jetpack_featured_media_url":"https:\/\/i1.wp.com\/www.stiftsforum.ch\/blog\/wp-content\/uploads\/2021\/04\/20210420_123929.jpg?fit=2127%2C1636&ssl=1","jetpack_publicize_connections":[],"jetpack_sharing_enabled":true,"jetpack_shortlink":"https:\/\/wp.me\/p9nzRF-19l","jetpack_likes_enabled":true,"jetpack-related-posts":[{"id":1677,"url":"https:\/\/www.stiftsforum.ch\/blog\/?p=1677","url_meta":{"origin":4423,"position":0},"title":"Begeisterungsf\u00e4hig, fr\u00f6hlich und zielstrebig","date":"Dezember 12, 2017","format":false,"excerpt":"Raphael Auf der Maur Marcella Mazzolini ist seit diesem Schuljahr Lehrerin an der Stiftsschule Einsiedeln. Im Interview sprechen wir \u00fcber ihre Vergangenheit und \u00fcber die spannendsten Themen im Unterricht. K\u00f6nnen Sie sich bitte kurz vorstellen? Mein Name ist Marcella Mazzolini und ich unterrichte seit diesem Sommer das Fach Chemie an\u2026","rel":"","context":"In &quot;Allgemein&quot;","img":{"alt_text":"","src":"https:\/\/i1.wp.com\/www.stiftsforum.ch\/blog\/wp-content\/uploads\/2017\/12\/IMG_9326.jpg?fit=1200%2C844&ssl=1&resize=350%2C200","width":350,"height":200},"classes":[]},{"id":5715,"url":"https:\/\/www.stiftsforum.ch\/blog\/?p=5715","url_meta":{"origin":4423,"position":1},"title":"Wo kommt eigentlich unser Zn\u00fcni her?","date":"November 24, 2022","format":false,"excerpt":"Wir machen uns auf den Weg in die Kornhausstrasse, \u00fcber den Klosterplatz und die Hauptstrasse hinunter und links ab in ein etwas weniger dicht besiedeltes Quartier von Einsiedeln. Hinter einigen mehrgeschossigen Wohnbauten und vorbei an einer kleinen Kapelle sind einige Geb\u00e4ude eines Gewerbegebietes zu erkennen. Mittendrin: die B\u00e4ckerei Schefer. Das\u2026","rel":"","context":"In &quot;Allgemein&quot;","img":{"alt_text":"","src":"https:\/\/i0.wp.com\/www.stiftsforum.ch\/blog\/wp-content\/uploads\/2022\/11\/20221110_174347_resized.jpg?fit=1156%2C867&ssl=1&resize=350%2C200","width":350,"height":200},"classes":[]},{"id":6195,"url":"https:\/\/www.stiftsforum.ch\/blog\/?p=6195","url_meta":{"origin":4423,"position":2},"title":"\u00abAuch Kleinigkeiten k\u00f6nnen den Schulalltag massiv verbessern\"","date":"April 15, 2023","format":false,"excerpt":"Text: Sophia Br\u00fcllmann Grafik: Raya Fankhauser Der Sch\u00fclerrat der Stiftsschule Einsiedeln wirkt auf uns wie ein eingespieltes Team, eine Gemeinschaft. Ihr Ziel ist es, die Interessen der Sch\u00fcler zu vertreten, und die Schule in einigen, wenn auch kleinen, Aspekten zu verbessern. Sie kennen aber auch ihre Grenzen. Mehr \u00fcber den\u2026","rel":"","context":"In &quot;Allgemein&quot;","img":{"alt_text":"","src":"https:\/\/i1.wp.com\/www.stiftsforum.ch\/blog\/wp-content\/uploads\/2023\/04\/Schuelerrat.jpg?fit=416%2C235&ssl=1&resize=350%2C200","width":350,"height":200},"classes":[]},{"id":3967,"url":"https:\/\/www.stiftsforum.ch\/blog\/?p=3967","url_meta":{"origin":4423,"position":3},"title":"Von Heumilch bis Frozen Joghurt","date":"September 9, 2020","format":false,"excerpt":"Schuljahresbeginn mit Hoff\u00fchrung und Degustation in der Milchmanufaktur Mit dem 2. September begann das diesj\u00e4hrige Schuljahr an der Stiftsschule. F\u00fcr die Lehrerschaft brachte dieser Tag auch eine erste gemeinsame Aktivit\u00e4t mit sich: Eine F\u00fchrung am Bauernhof des P\u00e4chterehepaars Gabriela und Christian Sch\u00f6nb\u00e4chler in Einsiedeln. Der Betrieb ist vor allem auf\u2026","rel":"","context":"In &quot;Allgemein&quot;","img":{"alt_text":"","src":"https:\/\/i2.wp.com\/www.stiftsforum.ch\/blog\/wp-content\/uploads\/2020\/09\/Hof1.jpg?fit=800%2C600&ssl=1&resize=350%2C200","width":350,"height":200},"classes":[]},{"id":1766,"url":"https:\/\/www.stiftsforum.ch\/blog\/?p=1766","url_meta":{"origin":4423,"position":4},"title":"\"Es l\u00e4uft immer etwas!\"","date":"Januar 19, 2018","format":false,"excerpt":"Bernadette Boggia unterrichtet seit letztem Sommer Mathematik und Geografie an der Stiftsschule. Im Interview erz\u00e4hlt sie, warum sie an die Stiftsschule gekommen ist und was sie alles machen m\u00f6chte. Valentin M\u00fcller, 2a K\u00f6nnen Sie sich mit drei W\u00f6rtern beschreiben? (\u00dcberlegt\u2026) Offen gegen\u00fcber anderen, interessiert und organisiert. Sie gingen ja selbst\u2026","rel":"","context":"In &quot;Allgemein&quot;","img":{"alt_text":"","src":"https:\/\/i2.wp.com\/www.stiftsforum.ch\/blog\/wp-content\/uploads\/2018\/01\/IMG_9318-Kopie.jpg?fit=1200%2C800&ssl=1&resize=350%2C200","width":350,"height":200},"classes":[]},{"id":5151,"url":"https:\/\/www.stiftsforum.ch\/blog\/?p=5151","url_meta":{"origin":4423,"position":5},"title":"\" Anfangs ist es zwar stressig, doch man gew\u00f6hnt sich daran und schafft es auch.\" - R\u00fcckblick auf das alte Schuljahr","date":"Juni 21, 2022","format":false,"excerpt":"Von Jordi R\u00f6sser 1b und Tobias Nyffeler 1a Es ist bald schon wieder so weit und die neuen 1.Kl\u00e4ssler haben ihren ersten Schultag an der Stiftsschule. F\u00fcr die jetzigen 1.Kl\u00e4ssler ist das nichts Neues. Doch als ich selbst neu an der Schule war, fand ich alles sehr aufregend. Das erste\u2026","rel":"","context":"In &quot;Allgemein&quot;","img":{"alt_text":"","src":"https:\/\/i0.wp.com\/www.stiftsforum.ch\/blog\/wp-content\/uploads\/2022\/06\/Bild_2022-06-21_164826592.png?fit=1200%2C660&ssl=1&resize=350%2C200","width":350,"height":200},"classes":[]}],"_links":{"self":[{"href":"https:\/\/www.stiftsforum.ch\/blog\/index.php?rest_route=\/wp\/v2\/posts\/4423"}],"collection":[{"href":"https:\/\/www.stiftsforum.ch\/blog\/index.php?rest_route=\/wp\/v2\/posts"}],"about":[{"href":"https:\/\/www.stiftsforum.ch\/blog\/index.php?rest_route=\/wp\/v2\/types\/post"}],"author":[{"embeddable":true,"href":"https:\/\/www.stiftsforum.ch\/blog\/index.php?rest_route=\/wp\/v2\/users\/1"}],"replies":[{"embeddable":true,"href":"https:\/\/www.stiftsforum.ch\/blog\/index.php?rest_route=%2Fwp%2Fv2%2Fcomments&post=4423"}],"version-history":[{"count":6,"href":"https:\/\/www.stiftsforum.ch\/blog\/index.php?rest_route=\/wp\/v2\/posts\/4423\/revisions"}],"predecessor-version":[{"id":4447,"href":"https:\/\/www.stiftsforum.ch\/blog\/index.php?rest_route=\/wp\/v2\/posts\/4423\/revisions\/4447"}],"wp:featuredmedia":[{"embeddable":true,"href":"https:\/\/www.stiftsforum.ch\/blog\/index.php?rest_route=\/wp\/v2\/media\/4442"}],"wp:attachment":[{"href":"https:\/\/www.stiftsforum.ch\/blog\/index.php?rest_route=%2Fwp%2Fv2%2Fmedia&parent=4423"}],"wp:term":[{"taxonomy":"category","embeddable":true,"href":"https:\/\/www.stiftsforum.ch\/blog\/index.php?rest_route=%2Fwp%2Fv2%2Fcategories&post=4423"},{"taxonomy":"post_tag","embeddable":true,"href":"https:\/\/www.stiftsforum.ch\/blog\/index.php?rest_route=%2Fwp%2Fv2%2Ftags&post=4423"}],"curies":[{"name":"wp","href":"https:\/\/api.w.org\/{rel}","templated":true}]}}