{"id":4537,"date":"2021-10-19T15:57:11","date_gmt":"2021-10-19T14:57:11","guid":{"rendered":"http:\/\/www.stiftsforum.ch\/blog\/?p=4537"},"modified":"2021-10-19T15:57:14","modified_gmt":"2021-10-19T14:57:14","slug":"am-schoensten-war-dass-wir-alle-gemeinsam-unterwegs-waren","status":"publish","type":"post","link":"https:\/\/www.stiftsforum.ch\/blog\/?p=4537","title":{"rendered":"\u00abAm sch\u00f6nsten war, dass wir alle gemeinsam unterwegs waren\u00bb"},"content":{"rendered":"\n<p><strong>Besinnungstage im Melchtal<\/strong><\/p>\n\n\n\n<p><strong>Die Erstkl\u00e4ssler*innen der Stiftsschule Einsiedeln fuhren ins Melchtal (OW) f\u00fcr drei turbulente Tage voller Spass und Zusammensein<\/strong><\/p>\n\n\n\n<p><em>von Viviana Lindemann und Sophia Br\u00fcllmann (1a und 1c)<\/em><\/p>\n\n\n\n<p><em><u>Mittwoch, 29.9.2021<\/u><\/em><\/p>\n\n\n\n<p>Fr\u00fchmorgens, um 8:20, versammelten wir uns am Biberbrugger Bahnhof. Wir, das waren die Klassen 1 a, b und c, zusammen mit ihren jeweiligen Klassenlehrpersonen, Pater Cyrill und ein paar Sechstkl\u00e4sslern die sich als zus\u00e4tzliche Aufsichtspersonen gemeldet hatten. Wir fuhren mit dem Voralpen-Express nach Luzern. Dort hatten wir dann etwas Freizeit, bis unser Zug kam. Dann fuhren wir weiter nach Sarnen und von da aus mit dem Bus die letzten Kilometer, bis wir dann ankamen.<\/p>\n\n\n\n<figure class=\"wp-block-image size-large is-resized\"><a href=\"https:\/\/i0.wp.com\/www.stiftsforum.ch\/blog\/wp-content\/uploads\/2021\/10\/DSCN0241-scaled.jpg\"><img data-attachment-id=\"4544\" data-permalink=\"https:\/\/www.stiftsforum.ch\/blog\/?attachment_id=4544\" data-orig-file=\"https:\/\/i0.wp.com\/www.stiftsforum.ch\/blog\/wp-content\/uploads\/2021\/10\/DSCN0241-scaled.jpg?fit=2560%2C1920&amp;ssl=1\" data-orig-size=\"2560,1920\" data-comments-opened=\"1\" data-image-meta=\"{&quot;aperture&quot;:&quot;3.3&quot;,&quot;credit&quot;:&quot;&quot;,&quot;camera&quot;:&quot;COOLPIX W100&quot;,&quot;caption&quot;:&quot;&quot;,&quot;created_timestamp&quot;:&quot;1451662324&quot;,&quot;copyright&quot;:&quot;&quot;,&quot;focal_length&quot;:&quot;4.1&quot;,&quot;iso&quot;:&quot;125&quot;,&quot;shutter_speed&quot;:&quot;0.0005&quot;,&quot;title&quot;:&quot;&quot;,&quot;orientation&quot;:&quot;1&quot;}\" data-image-title=\"DSCN0241\" data-image-description=\"\" data-medium-file=\"https:\/\/i0.wp.com\/www.stiftsforum.ch\/blog\/wp-content\/uploads\/2021\/10\/DSCN0241-scaled.jpg?fit=300%2C225&amp;ssl=1\" data-large-file=\"https:\/\/i0.wp.com\/www.stiftsforum.ch\/blog\/wp-content\/uploads\/2021\/10\/DSCN0241-scaled.jpg?fit=800%2C600&amp;ssl=1\" loading=\"lazy\" src=\"https:\/\/i2.wp.com\/www.stiftsforum.ch\/blog\/wp-content\/uploads\/2021\/10\/DSCN0241.jpg?resize=461%2C346\" alt=\"\" class=\"wp-image-4544\" width=\"461\" height=\"346\" srcset=\"https:\/\/i0.wp.com\/www.stiftsforum.ch\/blog\/wp-content\/uploads\/2021\/10\/DSCN0241-scaled.jpg?resize=1024%2C768&amp;ssl=1 1024w, https:\/\/i0.wp.com\/www.stiftsforum.ch\/blog\/wp-content\/uploads\/2021\/10\/DSCN0241-scaled.jpg?resize=300%2C225&amp;ssl=1 300w, https:\/\/i0.wp.com\/www.stiftsforum.ch\/blog\/wp-content\/uploads\/2021\/10\/DSCN0241-scaled.jpg?resize=768%2C576&amp;ssl=1 768w, https:\/\/i0.wp.com\/www.stiftsforum.ch\/blog\/wp-content\/uploads\/2021\/10\/DSCN0241-scaled.jpg?resize=1536%2C1152&amp;ssl=1 1536w, https:\/\/i0.wp.com\/www.stiftsforum.ch\/blog\/wp-content\/uploads\/2021\/10\/DSCN0241-scaled.jpg?resize=2048%2C1536&amp;ssl=1 2048w, https:\/\/i0.wp.com\/www.stiftsforum.ch\/blog\/wp-content\/uploads\/2021\/10\/DSCN0241-scaled.jpg?w=1600 1600w, https:\/\/i0.wp.com\/www.stiftsforum.ch\/blog\/wp-content\/uploads\/2021\/10\/DSCN0241-scaled.jpg?w=2400 2400w\" sizes=\"(max-width: 461px) 100vw, 461px\" data-recalc-dims=\"1\" \/><\/a><\/figure>\n\n\n\n<p>Die Sechstkl\u00e4ssler gaben uns Zimmeranweisungen und wir durften uns schon ein bisschen einrichten. Sp\u00e4ter gab es dann leckere Spaghetti zum Mittagessen. Dann ging das Programm weiter. Es ging um Mobbing und wie man richtig streitet. Abends gab es zum \u00abZnacht\u00bb Poulet-Geschnetzeltes mit Reis.<\/p>\n\n\n\n<p>Nachdem alle fertig gegessen hatten, hatten wir einen \u00abGutenacht-Gottesdienst\u00bb bis wir dann nach einem kleinen Dessert ins Bett mussten. Um 22 Uhr war Nachtruhe und alle schliefen nach diesem anstrengenden Tag sofort ein.<\/p>\n\n\n\n<p><em><u>Donnerstag, 30.9.2021<\/u><\/em><\/p>\n\n\n\n<p>Um 7 Uhr morgens wurden wir von den Sechstkl\u00e4sslern mit lauten Kl\u00e4ngen aus der Musikbox geweckt. Wir hatten eine halbe Stunde Zeit, um uns anzuziehen und uns f\u00fcr das Fr\u00fchst\u00fcck fertig zu machen. Das Programm f\u00fcr den Tag lautete: Wandern. Wir freuten uns kaum, da noch Nebelschwaden \u00fcber die Felder zogen und es etwas k\u00fchl war. Doch mit der Zeit kam die Sonne f\u00fcr uns hervor, der Himmel wurde strahlend blau und wir konnten die Wanderung total geniessen.<\/p>\n\n\n\n<figure class=\"wp-block-image size-large\"><a href=\"https:\/\/i2.wp.com\/www.stiftsforum.ch\/blog\/wp-content\/uploads\/2021\/10\/DSCN0339-scaled.jpg\"><img data-attachment-id=\"4546\" data-permalink=\"https:\/\/www.stiftsforum.ch\/blog\/?attachment_id=4546\" data-orig-file=\"https:\/\/i2.wp.com\/www.stiftsforum.ch\/blog\/wp-content\/uploads\/2021\/10\/DSCN0339-scaled.jpg?fit=2560%2C1920&amp;ssl=1\" data-orig-size=\"2560,1920\" data-comments-opened=\"1\" data-image-meta=\"{&quot;aperture&quot;:&quot;3.3&quot;,&quot;credit&quot;:&quot;&quot;,&quot;camera&quot;:&quot;COOLPIX W100&quot;,&quot;caption&quot;:&quot;&quot;,&quot;created_timestamp&quot;:&quot;1451755053&quot;,&quot;copyright&quot;:&quot;&quot;,&quot;focal_length&quot;:&quot;4.1&quot;,&quot;iso&quot;:&quot;125&quot;,&quot;shutter_speed&quot;:&quot;0.0008&quot;,&quot;title&quot;:&quot;&quot;,&quot;orientation&quot;:&quot;1&quot;}\" data-image-title=\"DSCN0339\" data-image-description=\"\" data-medium-file=\"https:\/\/i2.wp.com\/www.stiftsforum.ch\/blog\/wp-content\/uploads\/2021\/10\/DSCN0339-scaled.jpg?fit=300%2C225&amp;ssl=1\" data-large-file=\"https:\/\/i2.wp.com\/www.stiftsforum.ch\/blog\/wp-content\/uploads\/2021\/10\/DSCN0339-scaled.jpg?fit=800%2C600&amp;ssl=1\" loading=\"lazy\" width=\"800\" height=\"600\" src=\"https:\/\/i2.wp.com\/www.stiftsforum.ch\/blog\/wp-content\/uploads\/2021\/10\/DSCN0339.jpg?resize=800%2C600\" alt=\"\" class=\"wp-image-4546\" srcset=\"https:\/\/i2.wp.com\/www.stiftsforum.ch\/blog\/wp-content\/uploads\/2021\/10\/DSCN0339-scaled.jpg?resize=1024%2C768&amp;ssl=1 1024w, https:\/\/i2.wp.com\/www.stiftsforum.ch\/blog\/wp-content\/uploads\/2021\/10\/DSCN0339-scaled.jpg?resize=300%2C225&amp;ssl=1 300w, https:\/\/i2.wp.com\/www.stiftsforum.ch\/blog\/wp-content\/uploads\/2021\/10\/DSCN0339-scaled.jpg?resize=768%2C576&amp;ssl=1 768w, https:\/\/i2.wp.com\/www.stiftsforum.ch\/blog\/wp-content\/uploads\/2021\/10\/DSCN0339-scaled.jpg?resize=1536%2C1152&amp;ssl=1 1536w, https:\/\/i2.wp.com\/www.stiftsforum.ch\/blog\/wp-content\/uploads\/2021\/10\/DSCN0339-scaled.jpg?resize=2048%2C1536&amp;ssl=1 2048w, https:\/\/i2.wp.com\/www.stiftsforum.ch\/blog\/wp-content\/uploads\/2021\/10\/DSCN0339-scaled.jpg?w=1600 1600w, https:\/\/i2.wp.com\/www.stiftsforum.ch\/blog\/wp-content\/uploads\/2021\/10\/DSCN0339-scaled.jpg?w=2400 2400w\" sizes=\"(max-width: 800px) 100vw, 800px\" data-recalc-dims=\"1\" \/><\/a><\/figure>\n\n\n\n<p>Wir liefen vom Melchtal aus zum Dorf Fl\u00fceli, wo Niklaus von Fl\u00fce sein Leben verbracht hatte. Dort assen wir auf einem Spielplatz zu Mittag und machten Klassenfotos. Danach besuchten wir den Ranft, und Pater Cyrill leitete dort noch einen kleinen Gottesdienst. Dann hatten wir Freizeit (die wir haupts\u00e4chlich beim Brunnen auf dem Spielplatz verbracht haben) und sp\u00e4ter liefen wir wieder zur\u00fcck.<\/p>\n\n\n\n<p>Wir hatten Freizeit bis zum Abendessen, bei welchem es leckere \u00ab\u00c4lplermagronen\u00bb gab. Nach einer kleinen Abendbesinnung ging es kurz nach 21 Uhr ins Bett. Alle schliefen schon ganz bald tief und fest.<\/p>\n\n\n\n<p><em><u>Freitag, 1.10.2021<\/u><\/em><\/p>\n\n\n\n<p>Wieder wurden wir von den Sechstkl\u00e4sslern geweckt. Nach dem Fr\u00fchst\u00fcck mussten wir packen. Die vollen Koffer stellten wir dann aussen an die Hauswand. Dann machten wir einen Kart\u00e4user-Spaziergang, bei dem das Ziel ist, dass jeder mal mit jedem spricht. Nach ungef\u00e4hr einer halben Stunde kamen wir wieder beim Ferienhaus an.<\/p>\n\n\n\n<p>Nach einem fr\u00fchen Mittagessen (es gab Braten mit super gew\u00fcrzten Bratkartoffeln) machten wir uns daran, das Haus zu putzen. Wir wurden in mehrere Gruppen eingeteilt, die sich je um einen bestimmten Teil des Hauses k\u00fcmmerten. Zur Mittagszeit verliessen wir das Haus und fuhren dieselbe Route heim, die wir auch gekommen waren.<\/p>\n\n\n\n<p>Es waren drei unvergessliche Tage.<\/p>\n\n\n\n<p>\u00abAm lustigsten war es, dass wir die anderen beim Brunnen nass gespritzt haben.\u00bb<\/p>\n","protected":false},"excerpt":{"rendered":"<p>Besinnungstage im Melchtal Die Erstkl\u00e4ssler*innen der Stiftsschule Einsiedeln fuhren ins Melchtal (OW) f\u00fcr drei turbulente Tage voller Spass und Zusammensein<\/p>\n","protected":false},"author":1,"featured_media":4547,"comment_status":"open","ping_status":"closed","sticky":false,"template":"","format":"standard","meta":{"spay_email":"","jetpack_publicize_message":"","jetpack_is_tweetstorm":false},"categories":[10,4,20],"tags":[],"jetpack_featured_media_url":"https:\/\/i1.wp.com\/www.stiftsforum.ch\/blog\/wp-content\/uploads\/2021\/10\/DSCN0394-scaled.jpg?fit=2560%2C1920&ssl=1","jetpack_publicize_connections":[],"jetpack_sharing_enabled":true,"jetpack_shortlink":"https:\/\/wp.me\/p9nzRF-1bb","jetpack_likes_enabled":true,"jetpack-related-posts":[{"id":5028,"url":"https:\/\/www.stiftsforum.ch\/blog\/?p=5028","url_meta":{"origin":4537,"position":0},"title":"Et pervenies - das erste Semester ist geschafft!","date":"Januar 25, 2022","format":false,"excerpt":"von Sophia Br\u00fcllmann, 1c Sporttag, Herbstwandertag, die Einkehrtage im Melchtal f\u00fcr die Erstkl\u00e4ssler. In diesem ersten Semester des Schuljahres 21\/22 ist echt viel gelaufen. Und auch wir, die Schulredaktion, haben fleissig Berichte \u00fcber das Leben an der Stiftsschule geschrieben, Events dokumentiert und Podcasts aufgenommen. Doch bald geht dieses Halbjahr auch\u2026","rel":"","context":"In &quot;Allgemein&quot;","img":{"alt_text":"","src":"https:\/\/i0.wp.com\/www.stiftsforum.ch\/blog\/wp-content\/uploads\/2022\/01\/Titelbild_Et-pervenies-das-erste-Semester-ist-geschafft-scaled.jpg?fit=1200%2C900&ssl=1&resize=350%2C200","width":350,"height":200},"classes":[]},{"id":5641,"url":"https:\/\/www.stiftsforum.ch\/blog\/?p=5641","url_meta":{"origin":4537,"position":1},"title":"M\u00fcnchen-Dachau","date":"November 9, 2022","format":false,"excerpt":"Exkursion aller sechsten Klassen von Maria Arnold 3.\/4. Novemer 2022 Ausgangspunkt dieser Exkursion ist eine mehrj\u00e4hrige Tradition der Stiftsschule: Erg\u00e4nzend zum Literatur- und Geschichtsunterricht wird eine Gedenkst\u00e4tte eines Konzentrationslagers besucht. Dieses Schuljahr durften am 3. November die Stiftssch\u00fclerinnen und Stiftssch\u00fcler der drei Abschlussklassen das Konzentrationslager Dachau besichtigen. Anschliessend wurde im\u2026","rel":"","context":"In &quot;Exkursionen&quot;","img":{"alt_text":"","src":"https:\/\/i1.wp.com\/www.stiftsforum.ch\/blog\/wp-content\/uploads\/2022\/11\/Image.jpeg-2-scaled.jpg?fit=1200%2C900&ssl=1&resize=350%2C200","width":350,"height":200},"classes":[]},{"id":5024,"url":"https:\/\/www.stiftsforum.ch\/blog\/?p=5024","url_meta":{"origin":4537,"position":2},"title":"Wie hat sich die Schrift in der Geschichte entwickelt? - Zu Gast im Landesmuseum Z\u00fcrich","date":"Februar 15, 2022","format":false,"excerpt":"Die Klasse 2d der Stiftsschule Einsiedeln war bei einem Schreibworkshop und einer F\u00fchrung \u00fcber alte Schriften im Landesmuseum Z\u00fcrich. Wir haben mit G\u00e4nsefedern und Tinte geschrieben, wir haben uns die \u00e4ltesten Schriften aus der Schweiz angesehen. Ein Beitrag von Erin Schuler. Am 20. Januar am Vormittag fuhr die Klasse 2d\u2026","rel":"","context":"In &quot;Allgemein&quot;","img":{"alt_text":"","src":"https:\/\/i0.wp.com\/www.stiftsforum.ch\/blog\/wp-content\/uploads\/2022\/02\/Bild-Museum-lll.jpg?fit=900%2C1200&ssl=1&resize=350%2C200","width":350,"height":200},"classes":[]},{"id":3654,"url":"https:\/\/www.stiftsforum.ch\/blog\/?p=3654","url_meta":{"origin":4537,"position":3},"title":"Klassenlager 4.B 2019: Die Entdeckung der Westschweiz","date":"Juni 7, 2019","format":false,"excerpt":"Nach der Fr\u00fchlingsferien fuhr die 4.B erst nach Bern. Auf dem Weg trafen wir Herrn Verlage, der mit seiner Klasse nach Lausanne unterwegs war. Zuerst entdeckten wir Bern durch eine Schnitzeljagd. \u00a0Bern bietet viel, man kann die Stadt besichtigen oder eines der vielen Museen.\u00a0 Nachmittags ging es weiter Richtung Yverdon,\u2026","rel":"","context":"In &quot;Allgemein&quot;","img":{"alt_text":"","src":"https:\/\/i2.wp.com\/www.stiftsforum.ch\/blog\/wp-content\/uploads\/2019\/06\/IMG_8548.jpg?fit=1200%2C800&ssl=1&resize=350%2C200","width":350,"height":200},"classes":[]},{"id":4770,"url":"https:\/\/www.stiftsforum.ch\/blog\/?p=4770","url_meta":{"origin":4537,"position":4},"title":"7 Tage Quarant\u00e4ne - Tipps und Tricks zum \u00dcberleben","date":"November 16, 2021","format":false,"excerpt":"Von Sophia Br\u00fcllmann (1c) Eine Woche Quarant\u00e4ne. Zuerst denkt man sich, cool, l\u00e4nger Freizeit f\u00fcr gamen und Netflix, aber ich sage euch, mit der Zeit \u00e4ndert sich eure Meinung. Aber, beginnen wir ganz am Anfang. Quarant\u00e4ne-Nachteil 1: Homeschooling organisieren Zuerst musste ich das Homeschooling organisieren. Quarant\u00e4ne-Nachteil 1. Dazu schrieb ich\u2026","rel":"","context":"In &quot;Allgemein&quot;","img":{"alt_text":"","src":"https:\/\/i2.wp.com\/www.stiftsforum.ch\/blog\/wp-content\/uploads\/2021\/11\/quarantine-g313d1e3a2_1280-neu.png?fit=1200%2C676&ssl=1&resize=350%2C200","width":350,"height":200},"classes":[]},{"id":4423,"url":"https:\/\/www.stiftsforum.ch\/blog\/?p=4423","url_meta":{"origin":4537,"position":5},"title":"\"In der Stiftsschule sind alle meine Interessen abgedeckt\"","date":"April 20, 2021","format":false,"excerpt":"Interview mit Erin Schuler, Stiftssch\u00fclerin der 1.Klasse im 50-Jahr-Jubil\u00e4um des gemischten Unterrichts an der Stiftsschule. Sie ist 12 Jahre alt und stammt aus Oberiberg. Wie war Dein erster Eindruck von der Stiftsschule?\u00a0 Ich war von Anfang an sehr\u00a0beeindruckt von der Schule.\u00a0Allein das imposante Schulgeb\u00e4ude verleiht einem direkt\u00a0diesen \u00abWow-Effekt\u00bb.\u00a0Als ich zum\u2026","rel":"","context":"In &quot;Allgemein&quot;","img":{"alt_text":"","src":"https:\/\/i1.wp.com\/www.stiftsforum.ch\/blog\/wp-content\/uploads\/2021\/04\/20210420_123929.jpg?fit=1200%2C923&ssl=1&resize=350%2C200","width":350,"height":200},"classes":[]}],"_links":{"self":[{"href":"https:\/\/www.stiftsforum.ch\/blog\/index.php?rest_route=\/wp\/v2\/posts\/4537"}],"collection":[{"href":"https:\/\/www.stiftsforum.ch\/blog\/index.php?rest_route=\/wp\/v2\/posts"}],"about":[{"href":"https:\/\/www.stiftsforum.ch\/blog\/index.php?rest_route=\/wp\/v2\/types\/post"}],"author":[{"embeddable":true,"href":"https:\/\/www.stiftsforum.ch\/blog\/index.php?rest_route=\/wp\/v2\/users\/1"}],"replies":[{"embeddable":true,"href":"https:\/\/www.stiftsforum.ch\/blog\/index.php?rest_route=%2Fwp%2Fv2%2Fcomments&post=4537"}],"version-history":[{"count":1,"href":"https:\/\/www.stiftsforum.ch\/blog\/index.php?rest_route=\/wp\/v2\/posts\/4537\/revisions"}],"predecessor-version":[{"id":4548,"href":"https:\/\/www.stiftsforum.ch\/blog\/index.php?rest_route=\/wp\/v2\/posts\/4537\/revisions\/4548"}],"wp:featuredmedia":[{"embeddable":true,"href":"https:\/\/www.stiftsforum.ch\/blog\/index.php?rest_route=\/wp\/v2\/media\/4547"}],"wp:attachment":[{"href":"https:\/\/www.stiftsforum.ch\/blog\/index.php?rest_route=%2Fwp%2Fv2%2Fmedia&parent=4537"}],"wp:term":[{"taxonomy":"category","embeddable":true,"href":"https:\/\/www.stiftsforum.ch\/blog\/index.php?rest_route=%2Fwp%2Fv2%2Fcategories&post=4537"},{"taxonomy":"post_tag","embeddable":true,"href":"https:\/\/www.stiftsforum.ch\/blog\/index.php?rest_route=%2Fwp%2Fv2%2Ftags&post=4537"}],"curies":[{"name":"wp","href":"https:\/\/api.w.org\/{rel}","templated":true}]}}