{"id":4609,"date":"2021-10-27T21:02:14","date_gmt":"2021-10-27T20:02:14","guid":{"rendered":"http:\/\/www.stiftsforum.ch\/blog\/?p=4609"},"modified":"2021-10-27T21:07:40","modified_gmt":"2021-10-27T20:07:40","slug":"auszuege-aus-humperndincks-haensel-und-gretel-am-5-6-november-im-theatersaal","status":"publish","type":"post","link":"https:\/\/www.stiftsforum.ch\/blog\/?p=4609","title":{"rendered":"Ausz\u00fcge aus Humperndincks &#8220;H\u00e4nsel und Gretel&#8221; am 5.\/6. November im Theatersaal"},"content":{"rendered":"\n<div class=\"wp-block-file\"><a href=\"http:\/\/www.stiftsforum.ch\/blog\/wp-content\/uploads\/2021\/10\/Flyer_Haensel-und-Gretel_4-1.pdf\">Flyer_Haensel-und-Gretel<\/a><a href=\"http:\/\/www.stiftsforum.ch\/blog\/wp-content\/uploads\/2021\/10\/Flyer_Haensel-und-Gretel_4-1.pdf\" class=\"wp-block-file__button\" download>Herunterladen<\/a><\/div>\n\n\n\n<p><strong>H\u00e4nsel und Gretel &#8211; dieses M\u00e4rchen \u00fcber die zwei Kinder, die sich im Wald verlaufen und in die F\u00e4nge einer b\u00f6sen Hexe geraten, ist weithin bekannt. Die Br\u00fcder Grimm schrieben die Geschichte nieder, der Komponist Engelbert Humperndinck vertonte sie in Form einer Oper. Der Text der Oper (\u00abLibretto\u00bb genannt) wurde dabei von seiner Schwester, Adelheid Wette, verfasst. In dieser Fassung sehen wir H\u00e4nsel und Gretel dann sozusagen \u00ablive\u00bb, wie sie sich im dunklen Geh\u00f6lz f\u00fcrchten und bei aller geschwisterlichen Keppelei einander doch unterst\u00fctzen. Doch der b\u00f6sen Hexe entkommen sie auch bei Humperndinck nicht. Gerade auf H\u00e4nsel hat es die Hexe abgesehen, sie m\u00f6chte ihn m\u00e4sten und Gretel soll ihr dabei zu Hand gehen. Auch andere Kinder sind schon in die F\u00e4nge der Hexe geraten und bilden als \u00abLebkuchenkinder\u00bb einen Zaun um das b\u00f6se Knusperh\u00e4uschen. Durch einen raffinierten Plan schaffen es H\u00e4nsel und Gretel aber die Hexe zu \u00fcberlisten und sie selbst in den Ofen zu schieben.\u00a0 Dieser explodiert und alle Lebkuchenkinder sind wieder lebendig. H\u00e4nsel und Gretel tanzen vor Freude den Knusperwalzer. Gemeinsam mit den Lebkkuchenkindern stimmen sie in ein frohes Lied ein \u00abErl\u00f6st befreit\u00bb. Und da ist auch schon die Stimme des Vaters, der mit der Mutter die Kinder schon gesucht hat. Alle danken Gott mit einem finalen Lied: \u00abWenn die Not aufs H\u00f6chste steigt, Gott der Herr, die Hand uns reicht.\u00bb Alles ist noch einmal gut ausgegangen.<\/strong><\/p>\n\n\n\n<p>Im Detail wagt die Autorin noch so einige andere Details: So lernen wir H\u00e4nsel und Gretel zun\u00e4chst in ihrem Zuhause kennen (\u00abDaheim\u00bb), wo sie \u00fcber ihre Not klagen; etwas ironisch formuliert, sagen sie, dass sogar die G\u00e4nse bei ihnen barfuss gehen. Besonders H\u00e4nsel klagt \u00fcber die grosse Armut, w\u00e4hrend Gretel ihn neckisch immer wieder ermahnt, nicht so ein Griesgram zu sein und alles nur negativ zu sehen. Ausserdem wisse sie noch, wo geheime Vorr\u00e4te versteckt seien, eine Sch\u00fcssel voll Milch von der Nachbarin, aus der die Mutter einen leckereren Reisbrei kochen k\u00f6nnte. H\u00e4nsel freut sich \u00abReisbrei, hei!\u00bb<\/p>\n\n\n\n<p>Die Kinder bleiben lebhaft und Gretel schl\u00e4gt zur Aufheiterung\/Ablenkung ein T\u00e4nzchen vor: \u00abBr\u00fcderchen, komm tanz mit mir\u2026\u00bb. Zun\u00e4chst stellt sich H\u00e4nsel etwas tollpatschig an, doch Gretel zeigt ihm, wie man tanzen lernen kann: \u00abMit den F\u00fcsschen tapp tapp tapp\u00bb. Ein wenig streiten sich die Geschwister dann doch noch \u00abMit kleinen M\u00e4dchen tanz ich nicht\u00bb, sp\u00f6ttelt Hans, doch auch Gretel kann austeilen:\u00bb Mit b\u00f6sen Buben tanz ich nicht, das w\u00e4r mir viel zu dumm.\u00bb Letztlich sind sich die Geschwister aber doch wohlgesonnen und zu einem fr\u00f6hlichen Tralala schwingen sie das Tanzbein. (Daheim)<\/p>\n\n\n\n<p>Der Erz\u00e4hler berichtet nun, dass die Mutter nach Hause kommt. Sie ist zornig, weil die Kinder nicht gearbeitet haben, sie h\u00e4tten Besen binden und Socken stricken sollen. Im Streit zerbricht der Milchkrug und in einem Moment der Wut schickt die Mutter die Kinder fort, um Erdbeeren zu sammeln.<\/p>\n\n\n\n<p>H\u00e4nsel und Gretel ziehen durch den Wald, doch der Wald ist auch unheimlich. Ist das dort ein Pilz oder doch ein verwunschenes M\u00e4nnlein, das da im Walde steht? Immerhin hat es auch ein rotes K\u00e4ppelein auf und&nbsp; es steht auf einem Bein..(Ein M\u00e4nnlein) Die Kinder werden vom Einbruch der Nacht \u00fcberrascht und haben den Heimweg vergessen.<\/p>\n\n\n\n<p>Der Abend bricht herein. Da taucht pl\u00f6tzlich ein liebes Sandm\u00e4nnchen auf und streut den Kindern Sand in die Augen. Gemeinsam und schon fast schlafend beten die Kinder singend das Abendgebet: \u00abAbends will ich schlafen gehen, 14 Engel um mich stehn\u00bb. (Sandm\u00e4nnchen, Abendsegen)<\/p>\n\n\n\n<p>Am Morgen wachen sie auf und erz\u00e4hlen, dass sie auch von Engeln noch getr\u00e4umt haben. Sie ziehen weiter in den Wald hinein. Da taucht ein verlockendes Knusperh\u00e4uschen auf, das nach S\u00fcssigkeiten duftet. H\u00e4nsel bricht sich ein St\u00fcck ab und auch Gretel probiert von den Leckereien. Da taucht die Hexe wie aus dem Nichts auf. Die Hexe ist den Kindern von Beginn an unsympathisch. Als sie weglaufen wollten, verzaubert die Hexe sie jedoch, sodass sie nicht fortlaufen k\u00f6nnen: \u00abHalt! Hokus pokus Hexenschuss\u00bb. (Lied Hexe)<\/p>\n\n\n\n<p>H\u00e4nsel und Gretel k\u00f6nnen die Hexe aber \u00fcberlisten, sie befreien die schon zu Lebkuchen gebackenen anderen Kinder (\u00abLebkuchenkinder\u00bb genannt) und beseitigen die Hexe durch einen Schubs in den Ofen. Vor Freude wird nun getanzt (Knusperwalzer), die Lebkuchenkinder besingen ihre Befreiung (Erl\u00f6st befreit) und als auch noch die Eltern von H\u00e4nsel und Gretel auftauchen und mit offenen Armen auf ihre Kinder zugehen (Vierte Szene, Teil 2) stimmen sie in einen Lobgesang ein, da Gott letztlich alles zum Guten wendet.<\/p>\n","protected":false},"excerpt":{"rendered":"<p>H\u00e4nsel und Gretel &#8211; dieses M\u00e4rchen \u00fcber die zwei Kinder, die sich im Wald verlaufen und in die F\u00e4nge einer<\/p>\n","protected":false},"author":9,"featured_media":4611,"comment_status":"open","ping_status":"closed","sticky":false,"template":"","format":"standard","meta":{"spay_email":"","jetpack_publicize_message":"","jetpack_is_tweetstorm":false},"categories":[10],"tags":[],"jetpack_featured_media_url":"https:\/\/i2.wp.com\/www.stiftsforum.ch\/blog\/wp-content\/uploads\/2021\/10\/Wald_sonnenstrahlen-1-scaled.jpg?fit=2560%2C1920&ssl=1","jetpack_publicize_connections":[],"jetpack_sharing_enabled":true,"jetpack_shortlink":"https:\/\/wp.me\/p9nzRF-1cl","jetpack_likes_enabled":true,"jetpack-related-posts":[{"id":4842,"url":"https:\/\/www.stiftsforum.ch\/blog\/?p=4842","url_meta":{"origin":4609,"position":0},"title":"R\u00fcckblick Oper \"H\u00e4nsel und Gretel\"","date":"Dezember 7, 2021","format":false,"excerpt":"Am 5.\/ 6. November wurden Ausz\u00fcge einer Oper an der Stiftsschule aufgef\u00fchrt. Wir haben die Musiklehrerin Frau Marie M\u00fcller interviewt, von welcher die Idee zur Oper urspr\u00fcnglich stammt. Ein Bericht von Erin Schuler. An der Stiftsschule wurde eine Oper aufgef\u00fchrt. Wie soll man sich das vorstellen? Eine Oper definiert zun\u00e4chst\u2026","rel":"","context":"In &quot;Allgemein&quot;","img":{"alt_text":"","src":"https:\/\/i2.wp.com\/www.stiftsforum.ch\/blog\/wp-content\/uploads\/2021\/12\/grades-g232603f3b_1920.jpg?fit=1200%2C798&ssl=1&resize=350%2C200","width":350,"height":200},"classes":[]},{"id":1297,"url":"https:\/\/www.stiftsforum.ch\/blog\/?p=1297","url_meta":{"origin":4609,"position":1},"title":"J\u00fcrgen Seidel: Das M\u00e4dchen mit dem L\u00f6wenherz (2017)","date":"Oktober 24, 2017","format":false,"excerpt":"\"Das M\u00e4dchen mit dem L\u00f6wenherz\" ist ein Jugendthriller von J\u00fcrgen Seidel. Die Geschichte spielt in der Zeit von Martin Luther. Und pl\u00f6tzlich ger\u00e4t die Hauptfigur selber in die Wirren der Reformation... Anna von Zons ist die Hauptfigur der Geschichte. Schon im fr\u00fchen Alter beherrscht sie das Lesen und Schreiben und\u2026","rel":"","context":"In &quot;Buchkritik&quot;","img":{"alt_text":"","src":"","width":0,"height":0},"classes":[]},{"id":6243,"url":"https:\/\/www.stiftsforum.ch\/blog\/?p=6243","url_meta":{"origin":4609,"position":2},"title":"Die 4c im Anna-G\u00f6ldi-Museum in Glarus","date":"April 23, 2023","format":false,"excerpt":"Erstmals besuchte eine Stiftsschulklasse das Anna-G\u00f6ldi-Museum in Glarus. Der Besuch lohnt sich, v.a. wenn man vorher Eveline Haslers Roman \"Anna G\u00f6ldi - letzte Hexe\" aufmerksam gelesen hat. Ein Bericht in Bildern. Fotos: Olivia Huber; Maria Egartner","rel":"","context":"In &quot;Allgemein&quot;","img":{"alt_text":"","src":"https:\/\/i2.wp.com\/www.stiftsforum.ch\/blog\/wp-content\/uploads\/2023\/04\/IMG-20230420-WA0019.jpg?fit=1200%2C900&ssl=1&resize=350%2C200","width":350,"height":200},"classes":[]},{"id":5957,"url":"https:\/\/www.stiftsforum.ch\/blog\/?p=5957","url_meta":{"origin":4609,"position":3},"title":"\"La Boh\u00e8me\" in der Oper Z\u00fcrich","date":"Dezember 19, 2022","format":false,"excerpt":"Anl\u00e4sslich der Klassenlekt\u00fcre in Ausz\u00fcgen zu \"La Boh\u00e8me\" besuchte die 6ab die Opernauff\u00fchrung in Z\u00fcrich. Gelesen wurde das Werk im Franz\u00f6sisch-Unterricht von Frau Hertlein. Wir haben Sabine Dankelschijn (6b) befragt, worum es in dem St\u00fcck eigentlich geht und wie das Erlebnis \"Oper\" bei einer Sch\u00fclerin ankam. Was war der Anlass\u2026","rel":"","context":"In &quot;Exkursionen&quot;","img":{"alt_text":"","src":"https:\/\/i0.wp.com\/www.stiftsforum.ch\/blog\/wp-content\/uploads\/2022\/12\/IMG-20221212-WA0005.jpg?fit=1200%2C900&ssl=1&resize=350%2C200","width":350,"height":200},"classes":[]},{"id":6128,"url":"https:\/\/www.stiftsforum.ch\/blog\/?p=6128","url_meta":{"origin":4609,"position":4},"title":"Besuch im Opernhaus in Z\u00fcrich mit der 5a: \"La Traviata\"","date":"Februar 24, 2023","format":false,"excerpt":"\"Ich war schon einmal im Wiener Opernhaus, aber es war meine erste Auff\u00fchrung. Ich kannte nur \u201eOrfeo ed Euridice\u201c. Ich fand das Opernhaus in Z\u00fcrich sehr sch\u00f6n und es hat eine sehr gute Ambiance, da es auch nicht zu gross ist. Ich habe mich schon immer gefragt, wo das Orchester\u2026","rel":"","context":"In &quot;Allgemein&quot;","img":{"alt_text":"","src":"https:\/\/i1.wp.com\/www.stiftsforum.ch\/blog\/wp-content\/uploads\/2023\/02\/IMG-20230223-WA0003.jpg?fit=1200%2C900&ssl=1&resize=350%2C200","width":350,"height":200},"classes":[]},{"id":6842,"url":"https:\/\/www.stiftsforum.ch\/blog\/?p=6842","url_meta":{"origin":4609,"position":5},"title":"Das EF Musik besucht die Oper \"Der Kaiser von Atlantis\" in St. Gallen","date":"Mai 25, 2025","format":false,"excerpt":"Eine Oper, die im Konzentrationslager Theresienstadt entstanden ist und die Mechanismen von totalit\u00e4ren Regimen zeigt - das ist das aktuelle Projekt von \u201eYouth for Opera\u201c, dem Zusammenschluss engagierter Luzerner Musikstudierenden. Die aktuelle Projektleitung haben Simon Haldemann und Samantha Herzog inne. Das Originalwerk \u201eDer Kaiser von Atlantis\u201c stammt von Viktor Ullmann\u2026","rel":"","context":"In &quot;Allgemein&quot;","img":{"alt_text":"","src":"https:\/\/i2.wp.com\/www.stiftsforum.ch\/blog\/wp-content\/uploads\/2025\/05\/1000088074.jpg?fit=1200%2C900&ssl=1&resize=350%2C200","width":350,"height":200},"classes":[]}],"_links":{"self":[{"href":"https:\/\/www.stiftsforum.ch\/blog\/index.php?rest_route=\/wp\/v2\/posts\/4609"}],"collection":[{"href":"https:\/\/www.stiftsforum.ch\/blog\/index.php?rest_route=\/wp\/v2\/posts"}],"about":[{"href":"https:\/\/www.stiftsforum.ch\/blog\/index.php?rest_route=\/wp\/v2\/types\/post"}],"author":[{"embeddable":true,"href":"https:\/\/www.stiftsforum.ch\/blog\/index.php?rest_route=\/wp\/v2\/users\/9"}],"replies":[{"embeddable":true,"href":"https:\/\/www.stiftsforum.ch\/blog\/index.php?rest_route=%2Fwp%2Fv2%2Fcomments&post=4609"}],"version-history":[{"count":3,"href":"https:\/\/www.stiftsforum.ch\/blog\/index.php?rest_route=\/wp\/v2\/posts\/4609\/revisions"}],"predecessor-version":[{"id":4615,"href":"https:\/\/www.stiftsforum.ch\/blog\/index.php?rest_route=\/wp\/v2\/posts\/4609\/revisions\/4615"}],"wp:featuredmedia":[{"embeddable":true,"href":"https:\/\/www.stiftsforum.ch\/blog\/index.php?rest_route=\/wp\/v2\/media\/4611"}],"wp:attachment":[{"href":"https:\/\/www.stiftsforum.ch\/blog\/index.php?rest_route=%2Fwp%2Fv2%2Fmedia&parent=4609"}],"wp:term":[{"taxonomy":"category","embeddable":true,"href":"https:\/\/www.stiftsforum.ch\/blog\/index.php?rest_route=%2Fwp%2Fv2%2Fcategories&post=4609"},{"taxonomy":"post_tag","embeddable":true,"href":"https:\/\/www.stiftsforum.ch\/blog\/index.php?rest_route=%2Fwp%2Fv2%2Ftags&post=4609"}],"curies":[{"name":"wp","href":"https:\/\/api.w.org\/{rel}","templated":true}]}}