{"id":4842,"date":"2021-12-07T16:56:48","date_gmt":"2021-12-07T15:56:48","guid":{"rendered":"http:\/\/www.stiftsforum.ch\/blog\/?p=4842"},"modified":"2021-12-09T15:38:19","modified_gmt":"2021-12-09T14:38:19","slug":"rueckblick-oper-haensel-und-gretel","status":"publish","type":"post","link":"https:\/\/www.stiftsforum.ch\/blog\/?p=4842","title":{"rendered":"R\u00fcckblick Oper &#8220;H\u00e4nsel und Gretel&#8221;"},"content":{"rendered":"\n<p><strong><em>Am 5.\/ 6. November wurden Ausz\u00fcge einer Oper an der Stiftsschule aufgef\u00fchrt.  Wir haben die Musiklehrerin Frau Marie M\u00fcller interviewt, von welcher die Idee zur Oper urspr\u00fcnglich stammt.<\/em><\/strong><\/p>\n\n\n\n<p><strong><em> Ein Bericht von Erin Schuler.<\/em><\/strong><\/p>\n\n\n\n<p><strong>An der Stiftsschule wurde eine Oper aufgef\u00fchrt. Wie soll man sich das vorstellen?<\/strong><\/p>\n\n\n\n<p>Eine Oper definiert zun\u00e4chst eine spezifische Gattung des Musiktheaters. Es verschmelzen Gesang, Instrumentalmusik, Tanz und Schauspiel zu einem Gesamtwerk. Urspr\u00fcnglich auch zur Unterhaltung entstanden, genie\u00dft die Oper heute einen kulturell hohen Stellenwert und ist f\u00fcr Manchen nicht ohne Weiteres zu \u00abverdauen\u00bb. Die Oper \u00abH\u00e4nsel und Gretel\u00bb, in den fr\u00fchen 1890er Jahren von Engelbert Humperdinck komponiert, geh\u00f6rt zu den heute sehr beliebten Opern, die sich traditionell um die Weihnachtszeit auf dem Spielplan viele renommierter Opernh\u00e4user finden l\u00e4sst. Es ist musikalisch f\u00fcr Orchester, Chor und Solisten sehr anspruchsvolle Literatur, f\u00fcr die Zuh\u00f6rer aber ein wahrer Ohrenschmaus. Wir haben uns in unserer Version der Oper auf die musikalischen Perlen des Werkes konzentriert und die fehlenden bzw. die aus dem Original gestrichenen Teile in einen Text verfasst, welchen der Erz\u00e4hler vorgelesen hat. Dadurch wurde der Aspekt des vorgelesenen M\u00e4rchens als Erz\u00e4hlung sozusagen verst\u00e4rkt.<\/p>\n\n\n\n<blockquote class=\"wp-block-quote\"><p>Es ist musikalisch f\u00fcr Orchester, Chor und Solisten sehr anspruchsvolle Literatur, f\u00fcr die Zuh\u00f6rer aber ein wahrer Ohrenschmaus.<\/p><\/blockquote>\n\n\n\n<p><strong>Was passierte im aufgef\u00fchrten St\u00fcck?<\/strong><\/p>\n\n\n\n<p>Dem St\u00fcck liegt das gleichnamige M\u00e4rchen der Br\u00fcder Grimm \u2013 n\u00e4mlich \u00abH\u00e4nsel und Gretel\u00bb &#8211; zugrunde, bei dem zwei ahnungslose Kinder in den Wald geschickt werden und dort in die F\u00e4nge der b\u00f6sen Hexe geraten, die sie zun\u00e4chst mit S\u00fc\u00dfigkeiten anlockt, um sie dann in ihrem Zauberofen zu verzaubern und zu Lebkuchenkindern zu backen. Wir sehen auf der B\u00fchne sozusagen \u00ablive\u00bb wie sich H\u00e4nsel und Gretel bei aller geschwisterlichen Neckerei letztendlich unterst\u00fctzen und mit vereinten Kr\u00e4ften die Hexe besiegen, indem sie diese durch einen klugen Plan in den Ofen stossen. Dadurch werden pl\u00f6tzlich die vielen Kinder, die vor H\u00e4nsel und Gretel an die Hexe geraten und verzaubert worden sind, befreit. Mit einem Mal l\u00e4sst sich auch die Stimme des Vaters in der Ferne vernehmen, der seine Kinder \u00fcberall im Wald gesucht hat und nun hocherfreut ist, sie gesund und wohlbehalten zu finden. Das St\u00fcck endet mit einem pr\u00e4chtigen Finale auf Gott, der selbst in der gr\u00f6\u00dften Not alle Dinge zum Besten wendet.<\/p>\n\n\n\n<blockquote class=\"wp-block-quote\"><p>Das St\u00fcck endet mit einem pr\u00e4chtigen Finale auf Gott, der selbst in der gr\u00f6\u00dften Not alle Dinge zum Besten wendet.<\/p><\/blockquote>\n\n\n\n<p><strong>Haben Sie einen Bezug zum St\u00fcck &#8220;H\u00e4nsel und Gretel&#8221;?<\/strong><\/p>\n\n\n\n<p>Grunds\u00e4tzlich bin ich erstmal begeisterte Opernbesucherin. Ich finde diese Kombination von Schauspiel und Musik unglaublich reizvoll. Zudem finde ich die Ausdruckskraft der Musik, welche die jeweilige Szene verst\u00e4rkt unglaublich inspirierend.<\/p>\n\n\n\n<p>Im n\u00e4chsten Schritt muss man schauen, was realistisch umsetzbar ist, da sich schlussendlich nicht jede Oper in gleicher Weise eignet, angepasst zu werden. Bei H\u00e4nsel und Gretel finde ich die Kombination von Volksliedern und Neukompositionen besonders reizvoll, nicht zuletzt auch, weil diese in ein etwas neues Licht gestellt und aufgewertet werden. Insgesamt kn\u00fcpfen M\u00e4rchen auch an sch\u00f6ne Kindheitserinnerungen an, die wir doch (hoffentlich) alle machen durften und die uns folglich auf besonders emotionale Art und Weise ansprechen. Alles in allem gibt es doch nichts Sch\u00f6neres, als sich von einer sch\u00f6nen Geschichte und sch\u00f6nen Melodien in eine M\u00e4rchenwelt entf\u00fchren zu lassen, oder?<\/p>\n\n\n\n<blockquote class=\"wp-block-quote\"><p>Alles in allem gibt es doch nichts Sch\u00f6neres, als sich von einer sch\u00f6nen Geschichte und sch\u00f6nen Melodien in eine M\u00e4rchenwelt entf\u00fchren zu lassen, oder?<\/p><\/blockquote>\n\n\n\n<p><strong>Welche Rolle spielte der Chor im St\u00fcck?<\/strong><\/p>\n\n\n\n<p>Der Chor \u00fcbernimmt die Rolle der Hauptdarsteller, n\u00e4mlich H\u00e4nsel und Gretel. In unserem Fall wurde Gretel vom Sopran gesungen, w\u00e4hrend H\u00e4nsel vom Alt und von den Herren gesungen wurde. Generell \u00abspielt\u00bb jedes Register die Rolle der Person. Ob nun Gretel versucht, sich von ihrem Hunger abzulenken, indem sie ein Lied singt, oder ob H\u00e4nsel seine Schwester \u00e4rgert, indem er sie darauf hinweist, dass sie ein Loch im Strumpf hat. Jede Situation wird dabei gesungen. Zu der Dimension des Textes kommt also noch die Musik dazu, welche bekanntlich Emotionen verst\u00e4rkt und vermittelt. Dem Zuh\u00f6rer wird die jeweilige Situation somit auf sinnlich verschiedenen Ebenen erfahrbar gemacht.<\/p>\n\n\n\n<blockquote class=\"wp-block-quote\"><p>Ob nun Gretel versucht, sich von ihrem Hunger abzulenken, indem sie ein Lied singt, oder ob H\u00e4nsel seine Schwester \u00e4rgert, indem er sie darauf hinweist, dass sie ein Loch im Strumpf hat, jede Situation wird gesungen.<\/p><\/blockquote>\n\n\n\n<p><strong>Wie viele Lieder hat der Chor gesungen?<\/strong><\/p>\n\n\n\n<p>Das ist insofern schwer zu sagen, als eine Oper nicht in Liedern, sondern in Szenen und Nummern gegliedert ist. Der Oper folgend, hat der Chor zehn Nummern einstudiert und gesungen.<\/p>\n\n\n\n<p><strong>Haben sich die vielen Proben gelohnt? Ist die Auff\u00fchrung wie geplant verlaufen?<\/strong><\/p>\n\n\n\n<p>Ja, ganz klar. Es waren einige Proben, wobei man sagen muss, dass der Chor im Verh\u00e4ltnis zum Anspruch, den das Werk an die S\u00e4ngerinnen und S\u00e4nger stellt, eher wenig Proben hatte. Wir sind in diesem Schuljahr im Chor mit einer gr\u00f6sstenteils neuen Besetzung gestartet und haben folglich das Repertoire im Zeitraum September\/Oktober einstudiert. Das ist verh\u00e4ltnism\u00e4ssig sportlich und w\u00e4re bei einer weniger gut aufgestellten Besetzung wohl nicht m\u00f6glich gewesen.<\/p>\n\n\n\n<blockquote class=\"wp-block-quote\"><p>Bei einer weniger gut aufgestellten Besetzung w\u00e4re die Auff\u00fchrung wohl nicht m\u00f6glich gewesen.<\/p><\/blockquote>\n\n\n\n<p><strong>Das Orchester war auch dabei. Welche Rolle hat das Orchester gespielt?<\/strong><\/p>\n\n\n\n<p>Das Orchester hat eine ebenfalls sehr anspruchsvolle Rolle. Es wechselt gewissermassen zwischen Begleitung und \u00absolistischen\u00bb Einw\u00fcrfen ab, bzw. zwischen Nummern, in denen es den Chor begleitet und Nummern, in denen es die \u00abHauptrolle\u00bb spielt \u2013 wie etwas bei der Ouvert\u00fcre oder beim Hexenritt. Der Kollege von der Musikschule Einsiedeln, Herr Michael K\u00f6ck, hat dabei die Nummern so arrangiert, dass Sch\u00fclerinnen und Sch\u00fcler sehr unterschiedlichen Alters und folglich mit sehr unterschiedlichem Erfahrungsschatz mitspielen konnten, was nat\u00fcrlich massgeblich zum sch\u00f6nen Ergebnis beigetragen hat.<\/p>\n\n\n\n<blockquote class=\"wp-block-quote\"><p>Es wechselt gewissermassen zwischen Begleitung und \u00absolistischen\u00bb Einw\u00fcrfen bzw. zwischen Nummern, in denen es den Chor begleitet und Nummern, in denen es die \u00abHauptrolle\u00bb spielt \u2013 wie etwas bei der Ouvert\u00fcre oder beim Hexenritt.<\/p><\/blockquote>\n\n\n\n<p><strong>Was war f\u00fcr Sie pers\u00f6nlich das Highlight der Auff\u00fchrung?<\/strong><\/p>\n\n\n\n<p>Schwierig zu sagen, weil in meinen Augen jeder Szene ihren Reiz hat. Das absolute Highlight f\u00fcr mich sind eigentlich R\u00fcckmeldungen wie \u00abDas war sehr sch\u00f6n und hat Spass gemacht\u00bb oder \u00abIch w\u00fcrde nochmal an so einem Projekt mitmachen\u00bb. Wenn ich solche Aussagen h\u00f6re, dann muss ich sagen, dass eigentlich alles erreicht wurde. Musikalisch gef\u00e4llt mir die letzte Szene und nat\u00fcrlich der Einsatz des Chores mit dem choral-artigen Abschnitt \u00abWenn die Not aufs H\u00f6chste steigt\u00bb zum Ende der Oper am besten.<\/p>\n\n\n\n<blockquote class=\"wp-block-quote\"><p>Das absolute Highlight f\u00fcr mich sind eigentlich R\u00fcckmeldungen wie \u00abDas war sehr sch\u00f6n und hat Spass gemacht\u00bb oder \u00abIch w\u00fcrde nochmal an so einem Projekt mitmachen\u00bb.<\/p><\/blockquote>\n\n\n\n<p><strong>Wer hatte die Idee, eine Oper aufzuf\u00fchren?<\/strong><\/p>\n\n\n\n<p>Die Idee, ein zusammenh\u00e4ngendes Werk aufzuf\u00fchren, hatte ich schon l\u00e4nger. Die Idee mit H\u00e4nsel und Gretel ist privat entstanden, nicht zuletzt auch verbunden mit dem Wunsch musikalisch anspruchsvoll zu arbeiten.<\/p>\n\n\n\n<p><strong>Vielen Dank f\u00fcr das Interview!<\/strong><\/p>\n","protected":false},"excerpt":{"rendered":"<p>Am 5.\/ 6. November wurden Ausz\u00fcge einer Oper an der Stiftsschule aufgef\u00fchrt. Wir haben die Musiklehrerin Frau Marie M\u00fcller interviewt,<\/p>\n","protected":false},"author":1,"featured_media":4883,"comment_status":"open","ping_status":"closed","sticky":false,"template":"","format":"standard","meta":{"spay_email":"","jetpack_publicize_message":"","jetpack_is_tweetstorm":false},"categories":[3,8,10],"tags":[],"jetpack_featured_media_url":"https:\/\/i2.wp.com\/www.stiftsforum.ch\/blog\/wp-content\/uploads\/2021\/12\/grades-g232603f3b_1920.jpg?fit=1920%2C1276&ssl=1","jetpack_publicize_connections":[],"jetpack_sharing_enabled":true,"jetpack_shortlink":"https:\/\/wp.me\/p9nzRF-1g6","jetpack_likes_enabled":true,"jetpack-related-posts":[{"id":5815,"url":"https:\/\/www.stiftsforum.ch\/blog\/?p=5815","url_meta":{"origin":4842,"position":0},"title":"\"Ewig einig ohne End\"","date":"Dezember 13, 2022","format":false,"excerpt":"8.12.\/11.12.2022: Das Akademische Orchester unter der Leitung von Lukas Meister brachte dieses Jahr Richard Wagners \"Tristan und Isolde\" konzertant zur Auff\u00fchrung. Das EF Musik sowie eine Gruppe von Lehrpersonen besuchte die Auff\u00fchrungen in Winterthur und in der Tonhalle Z\u00fcrich. Der Plot ist soweit aus der Literatur bekannt: Tristan und Isolde\u2026","rel":"","context":"In &quot;Allgemein&quot;","img":{"alt_text":"","src":"https:\/\/i0.wp.com\/www.stiftsforum.ch\/blog\/wp-content\/uploads\/2022\/12\/20221211_210456-scaled.jpg?fit=1200%2C900&ssl=1&resize=350%2C200","width":350,"height":200},"classes":[]},{"id":6842,"url":"https:\/\/www.stiftsforum.ch\/blog\/?p=6842","url_meta":{"origin":4842,"position":1},"title":"Das EF Musik besucht die Oper \"Der Kaiser von Atlantis\" in St. Gallen","date":"Mai 25, 2025","format":false,"excerpt":"Eine Oper, die im Konzentrationslager Theresienstadt entstanden ist und die Mechanismen von totalit\u00e4ren Regimen zeigt - das ist das aktuelle Projekt von \u201eYouth for Opera\u201c, dem Zusammenschluss engagierter Luzerner Musikstudierenden. Die aktuelle Projektleitung haben Simon Haldemann und Samantha Herzog inne. Das Originalwerk \u201eDer Kaiser von Atlantis\u201c stammt von Viktor Ullmann\u2026","rel":"","context":"In &quot;Allgemein&quot;","img":{"alt_text":"","src":"https:\/\/i2.wp.com\/www.stiftsforum.ch\/blog\/wp-content\/uploads\/2025\/05\/1000088074.jpg?fit=1200%2C900&ssl=1&resize=350%2C200","width":350,"height":200},"classes":[]},{"id":6128,"url":"https:\/\/www.stiftsforum.ch\/blog\/?p=6128","url_meta":{"origin":4842,"position":2},"title":"Besuch im Opernhaus in Z\u00fcrich mit der 5a: \"La Traviata\"","date":"Februar 24, 2023","format":false,"excerpt":"\"Ich war schon einmal im Wiener Opernhaus, aber es war meine erste Auff\u00fchrung. Ich kannte nur \u201eOrfeo ed Euridice\u201c. Ich fand das Opernhaus in Z\u00fcrich sehr sch\u00f6n und es hat eine sehr gute Ambiance, da es auch nicht zu gross ist. Ich habe mich schon immer gefragt, wo das Orchester\u2026","rel":"","context":"In &quot;Allgemein&quot;","img":{"alt_text":"","src":"https:\/\/i1.wp.com\/www.stiftsforum.ch\/blog\/wp-content\/uploads\/2023\/02\/IMG-20230223-WA0003.jpg?fit=1200%2C900&ssl=1&resize=350%2C200","width":350,"height":200},"classes":[]},{"id":5957,"url":"https:\/\/www.stiftsforum.ch\/blog\/?p=5957","url_meta":{"origin":4842,"position":3},"title":"\"La Boh\u00e8me\" in der Oper Z\u00fcrich","date":"Dezember 19, 2022","format":false,"excerpt":"Anl\u00e4sslich der Klassenlekt\u00fcre in Ausz\u00fcgen zu \"La Boh\u00e8me\" besuchte die 6ab die Opernauff\u00fchrung in Z\u00fcrich. Gelesen wurde das Werk im Franz\u00f6sisch-Unterricht von Frau Hertlein. Wir haben Sabine Dankelschijn (6b) befragt, worum es in dem St\u00fcck eigentlich geht und wie das Erlebnis \"Oper\" bei einer Sch\u00fclerin ankam. Was war der Anlass\u2026","rel":"","context":"In &quot;Exkursionen&quot;","img":{"alt_text":"","src":"https:\/\/i0.wp.com\/www.stiftsforum.ch\/blog\/wp-content\/uploads\/2022\/12\/IMG-20221212-WA0005.jpg?fit=1200%2C900&ssl=1&resize=350%2C200","width":350,"height":200},"classes":[]},{"id":4967,"url":"https:\/\/www.stiftsforum.ch\/blog\/?p=4967","url_meta":{"origin":4842,"position":4},"title":"Die Odyssee im Opernhaus Z\u00fcrich und wir sind dabei","date":"Dezember 18, 2021","format":false,"excerpt":"Von Cosima Hoppe, Alina Iten und Emilia Langenauer (3a) Die Oper erz\u00e4hlt die Geschichte der Heimreise des K\u00f6nigs von Ithaka nach dem Trojanischen Krieg, die \u00abOdyssee\u00bb. Die Inszenierung beginnt mit dem Auftritt seiner Frau, Penelope und ihrem Wunsch, dass Odysseus bald wieder heimkehrt. Ihr Sohn Telemach teilt diesen Wunsch. Die\u2026","rel":"","context":"In &quot;Allgemein&quot;","img":{"alt_text":"","src":"https:\/\/i2.wp.com\/www.stiftsforum.ch\/blog\/wp-content\/uploads\/2021\/12\/20211211_120930-scaled.jpg?fit=1200%2C900&ssl=1&resize=350%2C200","width":350,"height":200},"classes":[]},{"id":2836,"url":"https:\/\/www.stiftsforum.ch\/blog\/?p=2836","url_meta":{"origin":4842,"position":5},"title":"Musik um Weihnachten mit Lukas Meister","date":"Dezember 21, 2018","format":false,"excerpt":"Es ist nur noch kurz bis Weihnachten. Wenn man das Radio anmacht, h\u00f6rt man weihn\u00e4chtliche Musik, wenn man einkauft, h\u00f6rt man Musik \u00fcber Weihnachten, was ist Weihnachten also ohne Musik? Weihnachten ist f\u00fcr viele Leute das gr\u00f6sste Fest des Jahres, auch wenn es im Kirchenjahr nicht das wichtigste ist. F\u00fcr\u2026","rel":"","context":"\u00c4hnlicher Beitrag","img":{"alt_text":"","src":"https:\/\/i2.wp.com\/www.stiftsforum.ch\/blog\/wp-content\/uploads\/2018\/12\/musik.jpg?fit=860%2C573&ssl=1&resize=350%2C200","width":350,"height":200},"classes":[]}],"_links":{"self":[{"href":"https:\/\/www.stiftsforum.ch\/blog\/index.php?rest_route=\/wp\/v2\/posts\/4842"}],"collection":[{"href":"https:\/\/www.stiftsforum.ch\/blog\/index.php?rest_route=\/wp\/v2\/posts"}],"about":[{"href":"https:\/\/www.stiftsforum.ch\/blog\/index.php?rest_route=\/wp\/v2\/types\/post"}],"author":[{"embeddable":true,"href":"https:\/\/www.stiftsforum.ch\/blog\/index.php?rest_route=\/wp\/v2\/users\/1"}],"replies":[{"embeddable":true,"href":"https:\/\/www.stiftsforum.ch\/blog\/index.php?rest_route=%2Fwp%2Fv2%2Fcomments&post=4842"}],"version-history":[{"count":4,"href":"https:\/\/www.stiftsforum.ch\/blog\/index.php?rest_route=\/wp\/v2\/posts\/4842\/revisions"}],"predecessor-version":[{"id":4899,"href":"https:\/\/www.stiftsforum.ch\/blog\/index.php?rest_route=\/wp\/v2\/posts\/4842\/revisions\/4899"}],"wp:featuredmedia":[{"embeddable":true,"href":"https:\/\/www.stiftsforum.ch\/blog\/index.php?rest_route=\/wp\/v2\/media\/4883"}],"wp:attachment":[{"href":"https:\/\/www.stiftsforum.ch\/blog\/index.php?rest_route=%2Fwp%2Fv2%2Fmedia&parent=4842"}],"wp:term":[{"taxonomy":"category","embeddable":true,"href":"https:\/\/www.stiftsforum.ch\/blog\/index.php?rest_route=%2Fwp%2Fv2%2Fcategories&post=4842"},{"taxonomy":"post_tag","embeddable":true,"href":"https:\/\/www.stiftsforum.ch\/blog\/index.php?rest_route=%2Fwp%2Fv2%2Ftags&post=4842"}],"curies":[{"name":"wp","href":"https:\/\/api.w.org\/{rel}","templated":true}]}}