{"id":4887,"date":"2021-12-09T14:33:13","date_gmt":"2021-12-09T13:33:13","guid":{"rendered":"http:\/\/www.stiftsforum.ch\/blog\/?p=4887"},"modified":"2021-12-09T16:01:17","modified_gmt":"2021-12-09T15:01:17","slug":"wir-haben-die-rabenriegel-verkostet","status":"publish","type":"post","link":"https:\/\/www.stiftsforum.ch\/blog\/?p=4887","title":{"rendered":"Wir haben die RabenRiegel verkostet&#8230;"},"content":{"rendered":"\n<p><strong>&#8230;und sind zu folgendem Ergebnis gekommen<\/strong>:<\/p>\n\n\n\n<p>Die sieben Testpersonen bewerteten v.a. den Geschmack des Riegels mit 20 von m\u00f6glichen 21 Sternen. Einzig der S\u00e4ttigungsfaktor nach 1 Riegel war weniger zufriedenstellend; nach einem Riegel wollte man gleich einen zweiten:)<\/p>\n\n\n\n<div class=\"wp-block-file\"><a href=\"http:\/\/www.stiftsforum.ch\/blog\/wp-content\/uploads\/2021\/12\/Produktbewertung-RabenRiegel-1.pdf\">Produktbewertung-RabenRiegel-1<\/a><a href=\"http:\/\/www.stiftsforum.ch\/blog\/wp-content\/uploads\/2021\/12\/Produktbewertung-RabenRiegel-1.pdf\" class=\"wp-block-file__button\" download>Herunterladen<\/a><\/div>\n\n\n\n<blockquote class=\"wp-block-quote\"><p>Der Riegel sieht sehr vielversprechend aus. Die Schokolade sieht lecker aus, als w\u00fcrde sie ganz langsam auf der Zunge zerlaufen. Wenn man den Riegel so vor sich sieht, bekommt man direkt Hunger.<\/p><\/blockquote>\n\n\n\n<blockquote class=\"wp-block-quote\"><p>Der Riegel schmeckt sehr \u00e4hnlich wie Reiswaffeln, also sehr gut.<\/p><\/blockquote>\n\n\n\n<blockquote class=\"wp-block-quote\"><p>Er ist durch das Dinkelpopcorn sehr luftig.<\/p><\/blockquote>\n\n\n\n<blockquote class=\"wp-block-quote\"><p>Es dauert zwar eine Weile, bis sich die S\u00e4ttigung einstellt, aber dann f\u00fchlt man sich gut satt.<\/p><\/blockquote>\n\n\n\n<blockquote class=\"wp-block-quote\"><p>Die Riegel haben den Wurftest bestanden, sie sind sehr stabil.<\/p><\/blockquote>\n\n\n\n<blockquote class=\"wp-block-quote\"><p>Der Riegel schmilzt recht langsam im Mund, genau genommen in 48,65 Sekunden.<\/p><\/blockquote>\n\n\n\n<blockquote class=\"wp-block-quote\"><p>Die Verpackung enth\u00e4lt wenig Plastik und scheint handgemacht.<\/p><\/blockquote>\n\n\n\n<figure class=\"wp-block-image size-large\"><a href=\"https:\/\/i1.wp.com\/www.stiftsforum.ch\/blog\/wp-content\/uploads\/2021\/12\/MicrosoftTeams-image-5-1.jpg\"><img data-attachment-id=\"4893\" data-permalink=\"https:\/\/www.stiftsforum.ch\/blog\/?attachment_id=4893\" data-orig-file=\"https:\/\/i1.wp.com\/www.stiftsforum.ch\/blog\/wp-content\/uploads\/2021\/12\/MicrosoftTeams-image-5-1.jpg?fit=1734%2C2312&amp;ssl=1\" data-orig-size=\"1734,2312\" data-comments-opened=\"1\" data-image-meta=\"{&quot;aperture&quot;:&quot;0&quot;,&quot;credit&quot;:&quot;&quot;,&quot;camera&quot;:&quot;&quot;,&quot;caption&quot;:&quot;&quot;,&quot;created_timestamp&quot;:&quot;0&quot;,&quot;copyright&quot;:&quot;&quot;,&quot;focal_length&quot;:&quot;0&quot;,&quot;iso&quot;:&quot;0&quot;,&quot;shutter_speed&quot;:&quot;0&quot;,&quot;title&quot;:&quot;&quot;,&quot;orientation&quot;:&quot;0&quot;}\" data-image-title=\"MicrosoftTeams-image-5-1\" data-image-description=\"\" data-medium-file=\"https:\/\/i1.wp.com\/www.stiftsforum.ch\/blog\/wp-content\/uploads\/2021\/12\/MicrosoftTeams-image-5-1.jpg?fit=225%2C300&amp;ssl=1\" data-large-file=\"https:\/\/i1.wp.com\/www.stiftsforum.ch\/blog\/wp-content\/uploads\/2021\/12\/MicrosoftTeams-image-5-1.jpg?fit=768%2C1024&amp;ssl=1\" loading=\"lazy\" width=\"768\" height=\"1024\" src=\"https:\/\/i1.wp.com\/www.stiftsforum.ch\/blog\/wp-content\/uploads\/2021\/12\/MicrosoftTeams-image-5-1.jpg?resize=768%2C1024\" alt=\"\" class=\"wp-image-4893\" srcset=\"https:\/\/i1.wp.com\/www.stiftsforum.ch\/blog\/wp-content\/uploads\/2021\/12\/MicrosoftTeams-image-5-1.jpg?resize=768%2C1024&amp;ssl=1 768w, https:\/\/i1.wp.com\/www.stiftsforum.ch\/blog\/wp-content\/uploads\/2021\/12\/MicrosoftTeams-image-5-1.jpg?resize=225%2C300&amp;ssl=1 225w, https:\/\/i1.wp.com\/www.stiftsforum.ch\/blog\/wp-content\/uploads\/2021\/12\/MicrosoftTeams-image-5-1.jpg?resize=1152%2C1536&amp;ssl=1 1152w, https:\/\/i1.wp.com\/www.stiftsforum.ch\/blog\/wp-content\/uploads\/2021\/12\/MicrosoftTeams-image-5-1.jpg?resize=1536%2C2048&amp;ssl=1 1536w, https:\/\/i1.wp.com\/www.stiftsforum.ch\/blog\/wp-content\/uploads\/2021\/12\/MicrosoftTeams-image-5-1.jpg?w=1734&amp;ssl=1 1734w, https:\/\/i1.wp.com\/www.stiftsforum.ch\/blog\/wp-content\/uploads\/2021\/12\/MicrosoftTeams-image-5-1.jpg?w=1600 1600w\" sizes=\"(max-width: 768px) 100vw, 768px\" data-recalc-dims=\"1\" \/><\/a><figcaption>Abb: Die Testriegel wurden uns dankenswerterweise von Raben Riegel zur Verf\u00fcgung gestellt. <\/figcaption><\/figure>\n","protected":false},"excerpt":{"rendered":"<p>&#8230;und sind zu folgendem Ergebnis gekommen: Die sieben Testpersonen bewerteten v.a. den Geschmack des Riegels mit 20 von m\u00f6glichen 21<\/p>\n","protected":false},"author":1,"featured_media":4891,"comment_status":"open","ping_status":"closed","sticky":false,"template":"","format":"standard","meta":{"spay_email":"","jetpack_publicize_message":"","jetpack_is_tweetstorm":false},"categories":[3],"tags":[],"jetpack_featured_media_url":"https:\/\/i0.wp.com\/www.stiftsforum.ch\/blog\/wp-content\/uploads\/2021\/12\/20211206_113054-scaled.jpg?fit=1920%2C2560&ssl=1","jetpack_publicize_connections":[],"jetpack_sharing_enabled":true,"jetpack_shortlink":"https:\/\/wp.me\/p9nzRF-1gP","jetpack_likes_enabled":true,"jetpack-related-posts":[{"id":5962,"url":"https:\/\/www.stiftsforum.ch\/blog\/?p=5962","url_meta":{"origin":4887,"position":0},"title":"Was taugen Bio-Snacks?","date":"Dezember 19, 2022","format":false,"excerpt":"Die Nachmittage sind in kulinarischer Hinsicht manchmal lang. Zu Schokolade oder Limonade greifen oder doch zu einer gesunden Alternative? Wir haben Bio-Snacks f\u00fcr Euch getestet. Unsere Ergebnisse der Verkostung: \u00a0Geschmacks- erlebnis\u00d6kofaktorPackagingKonsistenzGeruchs- erlebnisS\u00e4ttigungs- faktorExotik- faktorGesundheits- faktorGesamtVegane Lindtschokolade43.54.53.54.53.52.5228Mango-Streifen4341334426M\u00fcsliriegel3.5533442327.5Zimt-Apfel-Banane-Quetschi54443.533430.5Fruchtgummi-Streifen53453544.533.5Kokoswaffeln522554.55331.5Mandelriegel5245354230 Die Mangostreifen waren \u00fcberraschend lecker. Die Konsistenz war allerdings unerwartet gummig und etwas hart\u2026","rel":"","context":"In &quot;Das Team&quot;","img":{"alt_text":"","src":"https:\/\/i0.wp.com\/www.stiftsforum.ch\/blog\/wp-content\/uploads\/2022\/12\/20221219_163838-1-scaled.jpg?fit=1200%2C900&ssl=1&resize=350%2C200","width":350,"height":200},"classes":[]},{"id":5153,"url":"https:\/\/www.stiftsforum.ch\/blog\/?p=5153","url_meta":{"origin":4887,"position":1},"title":"K\u00e4gi Fret gewinnt das Snackautomaten-Testing!","date":"Mai 24, 2022","format":false,"excerpt":"\u201cSnickers, Mars, Chips, Eistee, Twix, Coca Cola, KitKat\u2026.\u201d. Wenn ich meine Kolleginnen danach frage, was ihnen einf\u00e4llt, wenn ich Snackautomat sage, wird mir gleich eine Liste an diversen Zwischenverpflegungen runtergerattert. Kein Wunder, ich meine, mal ehrlich: Wer liebt Essen nicht? Der Snackautomat. Gleich wenn man durch die Eingangst\u00fcr an der\u2026","rel":"","context":"In &quot;Allgemein&quot;","img":{"alt_text":"","src":"https:\/\/i1.wp.com\/www.stiftsforum.ch\/blog\/wp-content\/uploads\/2022\/05\/IMG_4072-scaled.jpg?fit=651%2C1200&ssl=1&resize=350%2C200","width":350,"height":200},"classes":[]},{"id":6501,"url":"https:\/\/www.stiftsforum.ch\/blog\/?p=6501","url_meta":{"origin":4887,"position":2},"title":"Abriss als legitimes Mittel der Stadtentwicklung?","date":"September 30, 2023","format":false,"excerpt":"Bericht zur Fortbildungsveranstaltung der UZH-Weiterbildung \"Der Abriss der Stadt. Geographien von Ressourcen und Verdr\u00e4ngung\" (29.9.2023) Der Trend zum Wohnen in der Stadt h\u00e4lt weiter an. Dies gilt auch f\u00fcr die Schweiz. Zunehmend werden dabei \u00e4ltere Wohnbauten, die zum Teil noch voll funktionsf\u00e4hig sind, abgerissen, um neuen, teureren Wohnungen Platz zu\u2026","rel":"","context":"In &quot;Allgemein&quot;","img":{"alt_text":"","src":"https:\/\/i0.wp.com\/www.stiftsforum.ch\/blog\/wp-content\/uploads\/2023\/09\/20230929_105805-3.jpg?fit=1200%2C900&ssl=1&resize=350%2C200","width":350,"height":200},"classes":[]},{"id":6406,"url":"https:\/\/www.stiftsforum.ch\/blog\/?p=6406","url_meta":{"origin":4887,"position":3},"title":"Die zwei Raben","date":"September 20, 2023","format":false,"excerpt":"eine Legende aus Einsiedeln, nacherz\u00e4hlt von Katharina Vogelgesang, 1a Vor 1000 Jahren, im weit entfernten Mittelalter, lebte ein M\u00f6nch, dem etwas fehlte. Er hatte eine Sehnsucht nach Gott, der Einsamkeit und dem Frieden. Doch zun\u00e4chst besuchte er eine Klosterschule auf der Insel Reichenau, schon bald lie\u00df er sich aber auf\u2026","rel":"","context":"In &quot;Allgemein&quot;","img":{"alt_text":"","src":"https:\/\/i1.wp.com\/www.stiftsforum.ch\/blog\/wp-content\/uploads\/2023\/09\/landscape-670958_1280.jpg?fit=1200%2C800&ssl=1&resize=350%2C200","width":350,"height":200},"classes":[]},{"id":4130,"url":"https:\/\/www.stiftsforum.ch\/blog\/?p=4130","url_meta":{"origin":4887,"position":4},"title":"Niedergang und Neuanfang des 1000j\u00e4hrigen Klosters Einsiedeln","date":"Januar 25, 2021","format":false,"excerpt":"von Nooa Barman u. Kaemon Hasic Die Geschichte des Klosters reicht bis \u00fcber 1000 Jahren zur\u00fcck. Alles fing im Jahre 835 an, als der heilige Meinrad an der heutigen Stelle des Klosters eine Kapelle errichtete. Grausam ermordeten zwei R\u00e4uber den heiligen Meinrad am 21. Januar 861. Raben flogen den R\u00e4ubern\u2026","rel":"","context":"In &quot;Allgemein&quot;","img":{"alt_text":"","src":"https:\/\/i1.wp.com\/www.stiftsforum.ch\/blog\/wp-content\/uploads\/2021\/01\/Kloster.jpg?fit=1200%2C600&ssl=1&resize=350%2C200","width":350,"height":200},"classes":[]},{"id":6683,"url":"https:\/\/www.stiftsforum.ch\/blog\/?p=6683","url_meta":{"origin":4887,"position":5},"title":"Wie entwickelt sich die Region Einsiedeln?","date":"Juni 28, 2024","format":false,"excerpt":"Geo-Vortrag \u00fcber Raumplanung f\u00fcr die 5.Klassen 18.6.2024\/Theatersaal: Karten, Texte, Grundlagenberichte \u2013 das sind die Quellen, die Aufschluss \u00fcber die Schweizer Raumplanung geben, die mittels verschiedener Instrumente entwickelt und meist in einem mehrj\u00e4hrigen Prozess umgesetzt werden. F\u00fcr die 5. Klassen stand zu diesem gesellschaftlich relevanten Thema am 18.6.2024 Raumplaner und Abteilungsleiter\u2026","rel":"","context":"In &quot;Allgemein&quot;","img":{"alt_text":"","src":"https:\/\/i0.wp.com\/www.stiftsforum.ch\/blog\/wp-content\/uploads\/2024\/06\/Foto-Raumplanung.jpg?fit=880%2C568&ssl=1&resize=350%2C200","width":350,"height":200},"classes":[]}],"_links":{"self":[{"href":"https:\/\/www.stiftsforum.ch\/blog\/index.php?rest_route=\/wp\/v2\/posts\/4887"}],"collection":[{"href":"https:\/\/www.stiftsforum.ch\/blog\/index.php?rest_route=\/wp\/v2\/posts"}],"about":[{"href":"https:\/\/www.stiftsforum.ch\/blog\/index.php?rest_route=\/wp\/v2\/types\/post"}],"author":[{"embeddable":true,"href":"https:\/\/www.stiftsforum.ch\/blog\/index.php?rest_route=\/wp\/v2\/users\/1"}],"replies":[{"embeddable":true,"href":"https:\/\/www.stiftsforum.ch\/blog\/index.php?rest_route=%2Fwp%2Fv2%2Fcomments&post=4887"}],"version-history":[{"count":5,"href":"https:\/\/www.stiftsforum.ch\/blog\/index.php?rest_route=\/wp\/v2\/posts\/4887\/revisions"}],"predecessor-version":[{"id":4903,"href":"https:\/\/www.stiftsforum.ch\/blog\/index.php?rest_route=\/wp\/v2\/posts\/4887\/revisions\/4903"}],"wp:featuredmedia":[{"embeddable":true,"href":"https:\/\/www.stiftsforum.ch\/blog\/index.php?rest_route=\/wp\/v2\/media\/4891"}],"wp:attachment":[{"href":"https:\/\/www.stiftsforum.ch\/blog\/index.php?rest_route=%2Fwp%2Fv2%2Fmedia&parent=4887"}],"wp:term":[{"taxonomy":"category","embeddable":true,"href":"https:\/\/www.stiftsforum.ch\/blog\/index.php?rest_route=%2Fwp%2Fv2%2Fcategories&post=4887"},{"taxonomy":"post_tag","embeddable":true,"href":"https:\/\/www.stiftsforum.ch\/blog\/index.php?rest_route=%2Fwp%2Fv2%2Ftags&post=4887"}],"curies":[{"name":"wp","href":"https:\/\/api.w.org\/{rel}","templated":true}]}}