{"id":4959,"date":"2021-12-16T19:56:51","date_gmt":"2021-12-16T18:56:51","guid":{"rendered":"http:\/\/www.stiftsforum.ch\/blog\/?p=4959"},"modified":"2021-12-16T19:56:53","modified_gmt":"2021-12-16T18:56:53","slug":"rasende-reporter-der-redaktion","status":"publish","type":"post","link":"https:\/\/www.stiftsforum.ch\/blog\/?p=4959","title":{"rendered":"Rasende Reporter der Redaktion"},"content":{"rendered":"\n<p><em>Viviana Lindemann: Wie es ist, in der Schulredaktion zu sein<\/em><\/p>\n\n\n\n<p>Es ist 16:09 an einem gew\u00f6hnlichem Dienstag. In einer Minute ist Pause und dann habe ich Schulredaktion. W\u00e4hrend der Lehrer uns noch schnell die Hausaufgaben sagt, bin ich mit dem Kopf schon bei meinem neusten Bericht. Endlich, der Zeiger hat sich bewegt. Schon springen alle in meiner Klasse auf, sind laut und holen ihr Handy aus der Handygarage. ,,Wir sehen uns am Freitag, vergisst die Hausaufgaben nicht!\u2019\u2019, versucht die Lehrperson noch kurz unsere Aufmerksamkeit zu ergattern. Sinnlos, die H\u00e4lfte ist schon in Gedanken sehr weit weg.<\/p>\n\n\n\n<p>Ich freue mich sehr auf die Schulredaktion, denn ich habe hart an meinem Bericht gearbeitet. Schnell erinnere ich noch ein paar aus meiner Klasse daran, dass sie auch Kursfach haben und packe schon mal meine Sachen zusammen.<\/p>\n\n\n\n<p>Sophia, welche auch das Kursfach Schulredaktion besucht, wartet schon mit all ihren Sachen auf mich. Wie schafft sie es bloss, so schnell zu sein? ,,Stress dich, bald f\u00e4ngt es an\u2019\u2019, sagt sie ungeduldig. Mit unseren Rucks\u00e4cken auf den R\u00fccken laufen wir los, zum Schulzimmer im 3. Stock, neben dem B\u00fcro vom Rektor.<\/p>\n\n\n\n<p>Der 12-j\u00e4hrige Jordi, welche f\u00fcr die Redaktion viele Sportberichte schreibt, ist auch schon da und hat seinen Computer aufgefahren und bereit f\u00fcr den Einsatz, er sucht gerade einen Jingle f\u00fcr einen eigenen Podcast. Zehn Mal hat er die Musik schon laufen lassen. Die Drittkl\u00e4sslerinnen Ricarda und Jill sind nat\u00fcrlich ebenfalls Startklar. Sie haben sich zusammen f\u00fcr dieses Kursfach angemeldet, ist ja klar, sie sind auch zusammen in der Klasse. Erin wartet auf uns und zu dritt setzen wir uns an unsere Stammpl\u00e4tze. Sie ist 13 und hat im Journalismus schon viele Erfahrungen, sie besucht die zweite Klasse und hat einen \u00e4hnlichen Heimweg wie Sophia und ich. Zu guter Letzt platzen noch Tobias und Niclas herein, die nicht immer so gut organisiert sind. Frau Egartner kommt p\u00fcnktlich und begr\u00fcsst uns alle: ,,Herzlich Willkommen, liebe Redaktion.\u2019\u2019 Sie ist die Betreiberin der Redaktion und auch Deutschlehrerin an der Stiftsschule. Jetzt sind die neun Redakteuren versammelt.<\/p>\n\n\n\n<p>Dann beginnt unsere w\u00f6chentliche Runde bei dem wir alle kurz erl\u00e4utern, woran wir gerade dran sind. Ich beginne immer, weil ich direkt neben dem Lehrerpult sitze. Zuletzt sind Jordi und Tobias an der Reihe, und dann geht\u2019s los!<\/p>\n\n\n\n<p>&nbsp;Wir \u00fcberarbeiten und laden unsere eigenen Berichte hoch oder lesen Berichte anderer durch, um Feedback zu geben. Die Atmosph\u00e4re ist dann immer super sch\u00f6n und locker. ,,Ich gehe nach unten um mit einem Lehrer einen Interviewtermin abzumachen\u2019\u2019, sagt Niclas laut und steht schon auf. Grunds\u00e4tzlich schaffen wir es immer, mindestens zwei Artikel pro Redaktionssitzung hochzuladen.<\/p>\n\n\n\n<p>Die genaue Uhrzeit wissen wir nicht, ausser man schaut beim Laptop, denn die Uhr in diesem Klassenzimmer ist nie richtig. Mal ist sie 10 Minuten hinterher, mal 15. Irgendwann klingelt es einfach und alle machen sich alle aus dem Staub, um noch rechtzeitig auf den Bus oder auf den Zug zu kommen. &nbsp;<\/p>\n","protected":false},"excerpt":{"rendered":"<p>Viviana Lindemann: Wie es ist, in der Schulredaktion zu sein Es ist 16:09 an einem gew\u00f6hnlichem Dienstag. In einer Minute<\/p>\n","protected":false},"author":1,"featured_media":4940,"comment_status":"open","ping_status":"closed","sticky":false,"template":"","format":"standard","meta":{"spay_email":"","jetpack_publicize_message":"","jetpack_is_tweetstorm":false},"categories":[18],"tags":[],"jetpack_featured_media_url":"https:\/\/i2.wp.com\/www.stiftsforum.ch\/blog\/wp-content\/uploads\/2021\/12\/20211123_162210_resized-2.jpg?fit=867%2C1156&ssl=1","jetpack_publicize_connections":[],"jetpack_sharing_enabled":true,"jetpack_shortlink":"https:\/\/wp.me\/p9nzRF-1hZ","jetpack_likes_enabled":true,"jetpack-related-posts":[{"id":5028,"url":"https:\/\/www.stiftsforum.ch\/blog\/?p=5028","url_meta":{"origin":4959,"position":0},"title":"Et pervenies - das erste Semester ist geschafft!","date":"Januar 25, 2022","format":false,"excerpt":"von Sophia Br\u00fcllmann, 1c Sporttag, Herbstwandertag, die Einkehrtage im Melchtal f\u00fcr die Erstkl\u00e4ssler. In diesem ersten Semester des Schuljahres 21\/22 ist echt viel gelaufen. Und auch wir, die Schulredaktion, haben fleissig Berichte \u00fcber das Leben an der Stiftsschule geschrieben, Events dokumentiert und Podcasts aufgenommen. Doch bald geht dieses Halbjahr auch\u2026","rel":"","context":"In &quot;Allgemein&quot;","img":{"alt_text":"","src":"https:\/\/i0.wp.com\/www.stiftsforum.ch\/blog\/wp-content\/uploads\/2022\/01\/Titelbild_Et-pervenies-das-erste-Semester-ist-geschafft-scaled.jpg?fit=1200%2C900&ssl=1&resize=350%2C200","width":350,"height":200},"classes":[]},{"id":5000,"url":"https:\/\/www.stiftsforum.ch\/blog\/?p=5000","url_meta":{"origin":4959,"position":1},"title":"Programmieren, Optimieren & Modifizieren","date":"Januar 11, 2022","format":false,"excerpt":"Die rasende Schulredaktion war auf Besuch beim Kursfach Robotik. Sie treffen sich jeden Dienstag um 16:20 und t\u00fcfteln zusammen an ihren selbst programmierten Robotern. Eine entspannte Atmosph\u00e4re, freies Arbeiten und ganz viel Technik: Wir erz\u00e4hlen von unseren Erfahrungen. Ein Beitrag\/ Podcast von Erin Schuler","rel":"","context":"In &quot;Digitalisierung&quot;","img":{"alt_text":"","src":"https:\/\/i0.wp.com\/www.stiftsforum.ch\/blog\/wp-content\/uploads\/2022\/01\/MicrosoftTeams-image-4.jpg?fit=1200%2C900&ssl=1&resize=350%2C200","width":350,"height":200},"classes":[]},{"id":5346,"url":"https:\/\/www.stiftsforum.ch\/blog\/?p=5346","url_meta":{"origin":4959,"position":2},"title":"Neues an der Stiftsschule","date":"September 26, 2022","format":false,"excerpt":"von Sophia Br\u00fcllmann und Carla Barahona Wie jedes Jahr gibt es immer wieder Neues an der Stiftsschule. Doch habt ihr euch eigentlich schonmal gefragt, was genau? Hier verschaffen wir euch einen \u00dcberblick. Neue Lehrer Sie haben sich an der Er\u00f6ffnungsveranstaltung zwar schonmal kurz vorgestellt, ein paar von euch haben sie\u2026","rel":"","context":"In &quot;Allgemein&quot;","img":{"alt_text":"","src":"https:\/\/i0.wp.com\/www.stiftsforum.ch\/blog\/wp-content\/uploads\/2022\/09\/1B86BC34-869A-4AAC-ACCE-FBAEB4BC00CD-scaled.jpeg?fit=1200%2C900&ssl=1&resize=350%2C200","width":350,"height":200},"classes":[]},{"id":5229,"url":"https:\/\/www.stiftsforum.ch\/blog\/?p=5229","url_meta":{"origin":4959,"position":3},"title":"Die Schulredaktion w\u00fcnscht allen viel Erfolg bei den Examen und sch\u00f6ne Sommerferien!","date":"Juni 29, 2022","format":false,"excerpt":"","rel":"","context":"In &quot;Allgemein&quot;","img":{"alt_text":"","src":"https:\/\/i2.wp.com\/www.stiftsforum.ch\/blog\/wp-content\/uploads\/2022\/06\/schoener-sommer.png?fit=1127%2C641&ssl=1&resize=350%2C200","width":350,"height":200},"classes":[]},{"id":4999,"url":"https:\/\/www.stiftsforum.ch\/blog\/?p=4999","url_meta":{"origin":4959,"position":4},"title":"\u201eIn Japan steht die Gemeinschaft im Zentrum\u201c","date":"Januar 11, 2022","format":false,"excerpt":"Von Ricarda und Jil Wir besuchen das Kursfach Japanisch und sind sehr beeindruckt. Die Sch\u00fcler besprechen gerade ihre Hausaufgaben, die Lehrerin spricht mit ihnen einwandfreies Japanisch und die Sch\u00fcler scheinen alles zu verstehen.\u00a0 Ein Sch\u00fcler erz\u00e4hlt uns, dass sie sowohl die japanische Sprache als auch die japanische Kultur besser kennen\u2026","rel":"","context":"In &quot;Allgemein&quot;","img":{"alt_text":"","src":"https:\/\/i0.wp.com\/www.stiftsforum.ch\/blog\/wp-content\/uploads\/2022\/01\/5574f79291fb706be89cb18d991f2f62bc8c84ec15963ee81f6b6121ef5a63d5.jpg?fit=768%2C1024&ssl=1&resize=350%2C200","width":350,"height":200},"classes":[]},{"id":4770,"url":"https:\/\/www.stiftsforum.ch\/blog\/?p=4770","url_meta":{"origin":4959,"position":5},"title":"7 Tage Quarant\u00e4ne - Tipps und Tricks zum \u00dcberleben","date":"November 16, 2021","format":false,"excerpt":"Von Sophia Br\u00fcllmann (1c) Eine Woche Quarant\u00e4ne. Zuerst denkt man sich, cool, l\u00e4nger Freizeit f\u00fcr gamen und Netflix, aber ich sage euch, mit der Zeit \u00e4ndert sich eure Meinung. Aber, beginnen wir ganz am Anfang. Quarant\u00e4ne-Nachteil 1: Homeschooling organisieren Zuerst musste ich das Homeschooling organisieren. Quarant\u00e4ne-Nachteil 1. Dazu schrieb ich\u2026","rel":"","context":"In &quot;Allgemein&quot;","img":{"alt_text":"","src":"https:\/\/i2.wp.com\/www.stiftsforum.ch\/blog\/wp-content\/uploads\/2021\/11\/quarantine-g313d1e3a2_1280-neu.png?fit=1200%2C676&ssl=1&resize=350%2C200","width":350,"height":200},"classes":[]}],"_links":{"self":[{"href":"https:\/\/www.stiftsforum.ch\/blog\/index.php?rest_route=\/wp\/v2\/posts\/4959"}],"collection":[{"href":"https:\/\/www.stiftsforum.ch\/blog\/index.php?rest_route=\/wp\/v2\/posts"}],"about":[{"href":"https:\/\/www.stiftsforum.ch\/blog\/index.php?rest_route=\/wp\/v2\/types\/post"}],"author":[{"embeddable":true,"href":"https:\/\/www.stiftsforum.ch\/blog\/index.php?rest_route=\/wp\/v2\/users\/1"}],"replies":[{"embeddable":true,"href":"https:\/\/www.stiftsforum.ch\/blog\/index.php?rest_route=%2Fwp%2Fv2%2Fcomments&post=4959"}],"version-history":[{"count":1,"href":"https:\/\/www.stiftsforum.ch\/blog\/index.php?rest_route=\/wp\/v2\/posts\/4959\/revisions"}],"predecessor-version":[{"id":4960,"href":"https:\/\/www.stiftsforum.ch\/blog\/index.php?rest_route=\/wp\/v2\/posts\/4959\/revisions\/4960"}],"wp:featuredmedia":[{"embeddable":true,"href":"https:\/\/www.stiftsforum.ch\/blog\/index.php?rest_route=\/wp\/v2\/media\/4940"}],"wp:attachment":[{"href":"https:\/\/www.stiftsforum.ch\/blog\/index.php?rest_route=%2Fwp%2Fv2%2Fmedia&parent=4959"}],"wp:term":[{"taxonomy":"category","embeddable":true,"href":"https:\/\/www.stiftsforum.ch\/blog\/index.php?rest_route=%2Fwp%2Fv2%2Fcategories&post=4959"},{"taxonomy":"post_tag","embeddable":true,"href":"https:\/\/www.stiftsforum.ch\/blog\/index.php?rest_route=%2Fwp%2Fv2%2Ftags&post=4959"}],"curies":[{"name":"wp","href":"https:\/\/api.w.org\/{rel}","templated":true}]}}