{"id":4961,"date":"2021-12-18T19:28:35","date_gmt":"2021-12-18T18:28:35","guid":{"rendered":"http:\/\/www.stiftsforum.ch\/blog\/?p=4961"},"modified":"2021-12-18T19:28:38","modified_gmt":"2021-12-18T18:28:38","slug":"gaudete","status":"publish","type":"post","link":"https:\/\/www.stiftsforum.ch\/blog\/?p=4961","title":{"rendered":"Gaudete!"},"content":{"rendered":"\n<p><strong>Das Adventkonzert des Cum-Anima-Chors und des Jugendorchesters Einsiedeln<\/strong><\/p>\n\n\n\n<p>Mit einem feierlichen \u00abGaudete\u00bb von Piae Cantiones (1582) in einem Arrangement von Allan Bullard er\u00f6ffnete der Cum-Anima-Chor der Stiftsschule dieses Jahr das traditionelle Vorweihnachtskonzert im barocken Saal des Klosters. Gaudete \u2013 Freuet Euch \u2013 das war auch die Grundstimmung, die sich durch diesen feierlichen Freitagabend zog.<\/p>\n\n\n\n<p>\u00dcber 50 Kinder und Jugendliche im Alter von 9 bis 16 Jahren hatten sich auf diesen Termin vorbereitet: Sei es s\u00e4ngerisch unter der Leitung von Marie M\u00fcller-Deliancourt oder individuell am Instrument und schliesslich gemeinsam im Orchester, geleitet von Michael K\u00f6ck und Lukas Meister.<\/p>\n\n\n\n<p>Auf die Ballade \u00abBring us Hope\u00bb von R.E. Schram, in der Julia Gm\u00fcnder am Cello als Solistin auftrat, folgte der \u00abChristmas Peace\u00bb von Joel Raney. Mit dem 1. Satz aus Bachs Brandenburgischen Konzert \u00fcberraschte das Jugendorchester schliesslich das begeisterte Publikum. Dieses Niveau hatte man nicht erwartet. Es folgte Bachs Konzert f\u00fcr zwei Violinen und Orchester und der musikalische Polar Express nach einem Arrangement von Michael K\u00f6ck.<\/p>\n\n\n\n<p>Traditionen verpflichten und so folgte nach einem freudigen Joy to the world von H\u00e4ndel das gemeinsame Singen mit dem zahlreich erschienenen Publikum. \u00abFr\u00f6hliche Weihnacht\u00bb \u00fcberall, ert\u00f6nte es da lautstark, danach das Gloria \u00abH\u00f6rt der Engel helle Lieder\u00bb und das abschliessende \u00abStille Nacht\u00bb, das einem noch einmal bewusst machte, dass Weihnachten tats\u00e4chlich schon n\u00e4chste Woche ist und es nun langsam Zeit w\u00e4re, im Alltag auch etwas Stille einkehren zu lassen.<\/p>\n\n\n\n<p>Gaudete \u2013 Man darf sich auch \u00fcber so viele begabte und erfolgreiche Nachwuchsmusikerinnen und Nachwuchsmusiker freuen, die dem Publikum diesen zauberhaften Abend erm\u00f6glicht haben.<\/p>\n\n\n\n<figure class=\"wp-block-image size-large\"><a href=\"https:\/\/i0.wp.com\/www.stiftsforum.ch\/blog\/wp-content\/uploads\/2021\/12\/IMG_6506-scaled.jpg\"><img data-attachment-id=\"4964\" data-permalink=\"https:\/\/www.stiftsforum.ch\/blog\/?attachment_id=4964\" data-orig-file=\"https:\/\/i0.wp.com\/www.stiftsforum.ch\/blog\/wp-content\/uploads\/2021\/12\/IMG_6506-scaled.jpg?fit=2560%2C1920&amp;ssl=1\" data-orig-size=\"2560,1920\" data-comments-opened=\"1\" data-image-meta=\"{&quot;aperture&quot;:&quot;1.6&quot;,&quot;credit&quot;:&quot;&quot;,&quot;camera&quot;:&quot;iPhone 12 Pro Max&quot;,&quot;caption&quot;:&quot;&quot;,&quot;created_timestamp&quot;:&quot;1639766191&quot;,&quot;copyright&quot;:&quot;&quot;,&quot;focal_length&quot;:&quot;5.1&quot;,&quot;iso&quot;:&quot;160&quot;,&quot;shutter_speed&quot;:&quot;0.02&quot;,&quot;title&quot;:&quot;&quot;,&quot;orientation&quot;:&quot;1&quot;}\" data-image-title=\"IMG_6506\" data-image-description=\"\" data-medium-file=\"https:\/\/i0.wp.com\/www.stiftsforum.ch\/blog\/wp-content\/uploads\/2021\/12\/IMG_6506-scaled.jpg?fit=300%2C225&amp;ssl=1\" data-large-file=\"https:\/\/i0.wp.com\/www.stiftsforum.ch\/blog\/wp-content\/uploads\/2021\/12\/IMG_6506-scaled.jpg?fit=800%2C600&amp;ssl=1\" loading=\"lazy\" width=\"800\" height=\"600\" src=\"https:\/\/i2.wp.com\/www.stiftsforum.ch\/blog\/wp-content\/uploads\/2021\/12\/IMG_6506.jpg?resize=800%2C600\" alt=\"\" class=\"wp-image-4964\" srcset=\"https:\/\/i0.wp.com\/www.stiftsforum.ch\/blog\/wp-content\/uploads\/2021\/12\/IMG_6506-scaled.jpg?resize=1024%2C768&amp;ssl=1 1024w, https:\/\/i0.wp.com\/www.stiftsforum.ch\/blog\/wp-content\/uploads\/2021\/12\/IMG_6506-scaled.jpg?resize=300%2C225&amp;ssl=1 300w, https:\/\/i0.wp.com\/www.stiftsforum.ch\/blog\/wp-content\/uploads\/2021\/12\/IMG_6506-scaled.jpg?resize=768%2C576&amp;ssl=1 768w, https:\/\/i0.wp.com\/www.stiftsforum.ch\/blog\/wp-content\/uploads\/2021\/12\/IMG_6506-scaled.jpg?resize=1536%2C1152&amp;ssl=1 1536w, https:\/\/i0.wp.com\/www.stiftsforum.ch\/blog\/wp-content\/uploads\/2021\/12\/IMG_6506-scaled.jpg?resize=2048%2C1536&amp;ssl=1 2048w, https:\/\/i0.wp.com\/www.stiftsforum.ch\/blog\/wp-content\/uploads\/2021\/12\/IMG_6506-scaled.jpg?w=1600 1600w, https:\/\/i0.wp.com\/www.stiftsforum.ch\/blog\/wp-content\/uploads\/2021\/12\/IMG_6506-scaled.jpg?w=2400 2400w\" sizes=\"(max-width: 800px) 100vw, 800px\" data-recalc-dims=\"1\" \/><\/a><\/figure>\n\n\n\n<figure class=\"wp-block-image size-large\"><a href=\"https:\/\/i0.wp.com\/www.stiftsforum.ch\/blog\/wp-content\/uploads\/2021\/12\/IMG_6514-1-1-scaled.jpg\"><img data-attachment-id=\"4965\" data-permalink=\"https:\/\/www.stiftsforum.ch\/blog\/?attachment_id=4965\" data-orig-file=\"https:\/\/i0.wp.com\/www.stiftsforum.ch\/blog\/wp-content\/uploads\/2021\/12\/IMG_6514-1-1-scaled.jpg?fit=2560%2C1920&amp;ssl=1\" data-orig-size=\"2560,1920\" data-comments-opened=\"1\" data-image-meta=\"{&quot;aperture&quot;:&quot;1.6&quot;,&quot;credit&quot;:&quot;&quot;,&quot;camera&quot;:&quot;iPhone 12 Pro Max&quot;,&quot;caption&quot;:&quot;&quot;,&quot;created_timestamp&quot;:&quot;1639767418&quot;,&quot;copyright&quot;:&quot;&quot;,&quot;focal_length&quot;:&quot;5.1&quot;,&quot;iso&quot;:&quot;160&quot;,&quot;shutter_speed&quot;:&quot;0.02&quot;,&quot;title&quot;:&quot;&quot;,&quot;orientation&quot;:&quot;1&quot;}\" data-image-title=\"IMG_6514-1-1\" data-image-description=\"\" data-medium-file=\"https:\/\/i0.wp.com\/www.stiftsforum.ch\/blog\/wp-content\/uploads\/2021\/12\/IMG_6514-1-1-scaled.jpg?fit=300%2C225&amp;ssl=1\" data-large-file=\"https:\/\/i0.wp.com\/www.stiftsforum.ch\/blog\/wp-content\/uploads\/2021\/12\/IMG_6514-1-1-scaled.jpg?fit=800%2C600&amp;ssl=1\" loading=\"lazy\" width=\"800\" height=\"600\" src=\"https:\/\/i0.wp.com\/www.stiftsforum.ch\/blog\/wp-content\/uploads\/2021\/12\/IMG_6514-1-1.jpg?resize=800%2C600\" alt=\"\" class=\"wp-image-4965\" srcset=\"https:\/\/i0.wp.com\/www.stiftsforum.ch\/blog\/wp-content\/uploads\/2021\/12\/IMG_6514-1-1-scaled.jpg?resize=1024%2C768&amp;ssl=1 1024w, https:\/\/i0.wp.com\/www.stiftsforum.ch\/blog\/wp-content\/uploads\/2021\/12\/IMG_6514-1-1-scaled.jpg?resize=300%2C225&amp;ssl=1 300w, https:\/\/i0.wp.com\/www.stiftsforum.ch\/blog\/wp-content\/uploads\/2021\/12\/IMG_6514-1-1-scaled.jpg?resize=768%2C576&amp;ssl=1 768w, https:\/\/i0.wp.com\/www.stiftsforum.ch\/blog\/wp-content\/uploads\/2021\/12\/IMG_6514-1-1-scaled.jpg?resize=1536%2C1152&amp;ssl=1 1536w, https:\/\/i0.wp.com\/www.stiftsforum.ch\/blog\/wp-content\/uploads\/2021\/12\/IMG_6514-1-1-scaled.jpg?resize=2048%2C1536&amp;ssl=1 2048w, https:\/\/i0.wp.com\/www.stiftsforum.ch\/blog\/wp-content\/uploads\/2021\/12\/IMG_6514-1-1-scaled.jpg?w=1600 1600w, https:\/\/i0.wp.com\/www.stiftsforum.ch\/blog\/wp-content\/uploads\/2021\/12\/IMG_6514-1-1-scaled.jpg?w=2400 2400w\" sizes=\"(max-width: 800px) 100vw, 800px\" data-recalc-dims=\"1\" \/><\/a><figcaption>Fotos: Bernadette Boggia<\/figcaption><\/figure>\n","protected":false},"excerpt":{"rendered":"<p>Das Adventkonzert des Cum-Anima-Chors und des Jugendorchesters Einsiedeln Mit einem feierlichen \u00abGaudete\u00bb von Piae Cantiones (1582) in einem Arrangement von<\/p>\n","protected":false},"author":9,"featured_media":4962,"comment_status":"open","ping_status":"closed","sticky":false,"template":"","format":"standard","meta":{"spay_email":"","jetpack_publicize_message":"","jetpack_is_tweetstorm":false},"categories":[3,10],"tags":[],"jetpack_featured_media_url":"https:\/\/i1.wp.com\/www.stiftsforum.ch\/blog\/wp-content\/uploads\/2021\/12\/IMG_6516-scaled.jpg?fit=2560%2C1920&ssl=1","jetpack_publicize_connections":[],"jetpack_sharing_enabled":true,"jetpack_shortlink":"https:\/\/wp.me\/s9nzRF-gaudete","jetpack_likes_enabled":true,"jetpack-related-posts":[{"id":3260,"url":"https:\/\/www.stiftsforum.ch\/blog\/?p=3260","url_meta":{"origin":4961,"position":0},"title":"Zum Nachh\u00f6ren: Das Einsiedler Salve Regina","date":"M\u00e4rz 29, 2019","format":false,"excerpt":"Salve Regina Am Benediktstag sang der Cum-Anima-Chor unter der Leitung von Lukas Meister gemeinsam mit den Einsiedler M\u00f6nchen das feierliche Salve Regina.","rel":"","context":"In &quot;Schulanl\u00e4sse&quot;","img":{"alt_text":"","src":"https:\/\/i1.wp.com\/www.stiftsforum.ch\/blog\/wp-content\/uploads\/2019\/03\/1-5.jpg?fit=1200%2C800&ssl=1&resize=350%2C200","width":350,"height":200},"classes":[]},{"id":5028,"url":"https:\/\/www.stiftsforum.ch\/blog\/?p=5028","url_meta":{"origin":4961,"position":1},"title":"Et pervenies - das erste Semester ist geschafft!","date":"Januar 25, 2022","format":false,"excerpt":"von Sophia Br\u00fcllmann, 1c Sporttag, Herbstwandertag, die Einkehrtage im Melchtal f\u00fcr die Erstkl\u00e4ssler. In diesem ersten Semester des Schuljahres 21\/22 ist echt viel gelaufen. Und auch wir, die Schulredaktion, haben fleissig Berichte \u00fcber das Leben an der Stiftsschule geschrieben, Events dokumentiert und Podcasts aufgenommen. Doch bald geht dieses Halbjahr auch\u2026","rel":"","context":"In &quot;Allgemein&quot;","img":{"alt_text":"","src":"https:\/\/i0.wp.com\/www.stiftsforum.ch\/blog\/wp-content\/uploads\/2022\/01\/Titelbild_Et-pervenies-das-erste-Semester-ist-geschafft-scaled.jpg?fit=1200%2C900&ssl=1&resize=350%2C200","width":350,"height":200},"classes":[]},{"id":6372,"url":"https:\/\/www.stiftsforum.ch\/blog\/?p=6372","url_meta":{"origin":4961,"position":2},"title":"\"Die Sch\u00f6ne und das Biest\" als Gemeinschaftsprojekt aller Musikensembles","date":"Juni 21, 2023","format":false,"excerpt":"In einem Gemeinschaftsprojekt brachten das Jugendorchester Einsiedeln, die Schulband und der Cum-Anima-Chor am 13.6. 2023 gemeinsam \u00abDie Sch\u00f6ne und das Biest\u00bb zur Auff\u00fchrung. Gelesen wurde die m\u00e4rchenhafte Erz\u00e4hlung von Francesco De Vecchi, die Musikensembles, geleitet von allen Musiklehrpersonen der Stiftsschule, gestalteten den Plot mit Originalliedern der Filmfassung und motivisch verwandten\u2026","rel":"","context":"In &quot;Allgemein&quot;","img":{"alt_text":"","src":"https:\/\/i2.wp.com\/www.stiftsforum.ch\/blog\/wp-content\/uploads\/2023\/06\/IMG-20230619-WA0011.jpg?fit=1200%2C900&ssl=1&resize=350%2C200","width":350,"height":200},"classes":[]},{"id":4449,"url":"https:\/\/www.stiftsforum.ch\/blog\/?p=4449","url_meta":{"origin":4961,"position":3},"title":"\"Die Integration der M\u00e4dchen vollzog sich sehr organisch und selbstverst\u00e4ndlich\"","date":"April 27, 2021","format":false,"excerpt":"50 Jahre M\u00e4dchen an der Stiftsschule H\u00e4tte P. Thomas F\u00e4ssler nicht darauf aufmerksam gemacht, w\u00e4re in diesem Schuljahr ein Jubil\u00e4um fast vergessen worden: Seit genau 50 Jahren wird an der Stiftsschule koedukativ unterrichtet. Im Schuljahr 1970\/71 kamen die ersten sieben M\u00e4dchen in die ersten Klassen und eine erstaunlich unscheinbare, aber\u2026","rel":"","context":"In &quot;Allgemein&quot;","img":{"alt_text":"","src":"https:\/\/i0.wp.com\/www.stiftsforum.ch\/blog\/wp-content\/uploads\/2021\/04\/IMG-20210428-WA0000-1.jpg?fit=1200%2C900&ssl=1&resize=350%2C200","width":350,"height":200},"classes":[]},{"id":3368,"url":"https:\/\/www.stiftsforum.ch\/blog\/?p=3368","url_meta":{"origin":4961,"position":4},"title":"Ein Chor mit Niveau","date":"April 22, 2019","format":false,"excerpt":"Der Boston College High School Choir zu Gast an der Stiftsschule Live-Mitschnitt aus dem Konzert Live-Mitschnitt 2: Transilvania Mania Carnegie Hall, ein landesweites Mekka f\u00fcr sowohl klassische als auch Jazz und Pop-Musiker, das White House und die Petersbasilika im Vatikan: An diesen prestigetr\u00e4chtigen Orten trat bereits der Boston College High\u2026","rel":"","context":"In &quot;Schulanl\u00e4sse&quot;","img":{"alt_text":"","src":"https:\/\/i2.wp.com\/www.stiftsforum.ch\/blog\/wp-content\/uploads\/2019\/04\/IMG_5491.jpg?fit=1200%2C800&ssl=1&resize=350%2C200","width":350,"height":200},"classes":[]},{"id":1525,"url":"https:\/\/www.stiftsforum.ch\/blog\/?p=1525","url_meta":{"origin":4961,"position":5},"title":"Einweihung des neuen Internatstraktes der Stiftsschule und 10 Jahre Internat \u00e0 la carte","date":"November 17, 2017","format":false,"excerpt":"R\u00fcckblick, Einblick und Ausblick Vergangen Donnerstag wurde der neue Internatstrakt der Stiftsschule Einsiedeln feierlich er\u00f6ffnet. Zu den bestehenden 45 Zimmer kommen durch den Umbau 8 zus\u00e4tzliche Zimmer hinzu. Die r\u00e4umliche Endgr\u00f6sse ist nun nach 10 Jahren erreicht. Abt Urban weihte die neuen R\u00e4umlichkeiten feierlich ein, beim anschliessenden Ap\u00e9ro konnten die\u2026","rel":"","context":"In &quot;Allgemein&quot;","img":{"alt_text":"","src":"https:\/\/i2.wp.com\/www.stiftsforum.ch\/blog\/wp-content\/uploads\/2017\/11\/bild-1.jpg?fit=659%2C600&ssl=1&resize=350%2C200","width":350,"height":200},"classes":[]}],"_links":{"self":[{"href":"https:\/\/www.stiftsforum.ch\/blog\/index.php?rest_route=\/wp\/v2\/posts\/4961"}],"collection":[{"href":"https:\/\/www.stiftsforum.ch\/blog\/index.php?rest_route=\/wp\/v2\/posts"}],"about":[{"href":"https:\/\/www.stiftsforum.ch\/blog\/index.php?rest_route=\/wp\/v2\/types\/post"}],"author":[{"embeddable":true,"href":"https:\/\/www.stiftsforum.ch\/blog\/index.php?rest_route=\/wp\/v2\/users\/9"}],"replies":[{"embeddable":true,"href":"https:\/\/www.stiftsforum.ch\/blog\/index.php?rest_route=%2Fwp%2Fv2%2Fcomments&post=4961"}],"version-history":[{"count":1,"href":"https:\/\/www.stiftsforum.ch\/blog\/index.php?rest_route=\/wp\/v2\/posts\/4961\/revisions"}],"predecessor-version":[{"id":4966,"href":"https:\/\/www.stiftsforum.ch\/blog\/index.php?rest_route=\/wp\/v2\/posts\/4961\/revisions\/4966"}],"wp:featuredmedia":[{"embeddable":true,"href":"https:\/\/www.stiftsforum.ch\/blog\/index.php?rest_route=\/wp\/v2\/media\/4962"}],"wp:attachment":[{"href":"https:\/\/www.stiftsforum.ch\/blog\/index.php?rest_route=%2Fwp%2Fv2%2Fmedia&parent=4961"}],"wp:term":[{"taxonomy":"category","embeddable":true,"href":"https:\/\/www.stiftsforum.ch\/blog\/index.php?rest_route=%2Fwp%2Fv2%2Fcategories&post=4961"},{"taxonomy":"post_tag","embeddable":true,"href":"https:\/\/www.stiftsforum.ch\/blog\/index.php?rest_route=%2Fwp%2Fv2%2Ftags&post=4961"}],"curies":[{"name":"wp","href":"https:\/\/api.w.org\/{rel}","templated":true}]}}