{"id":4980,"date":"2021-12-20T20:14:13","date_gmt":"2021-12-20T19:14:13","guid":{"rendered":"http:\/\/www.stiftsforum.ch\/blog\/?p=4980"},"modified":"2021-12-20T20:15:38","modified_gmt":"2021-12-20T19:15:38","slug":"stiftsschueler-und-ehemalige-in-der-tonhalle","status":"publish","type":"post","link":"https:\/\/www.stiftsforum.ch\/blog\/?p=4980","title":{"rendered":"Stiftssch\u00fcler und Ehemalige in der Tonhalle"},"content":{"rendered":"\n<p><strong>19.12.2021: Tonhalle Z\u00fcrich: Zum Konzert des Akademischen Orchesters Z\u00fcrich, das von Lukas Meister geleitet wird, erschienen mehr als 20 Stiftssch\u00fclerinnen und Stiftssch\u00fcler und auch so manche Ehemalige&#8230;.<\/strong><\/p>\n\n\n\n<div data-carousel-extra='{\"blog_id\":1,\"permalink\":\"https:\\\/\\\/www.stiftsforum.ch\\\/blog\\\/?p=4980\"}' class=\"wp-block-jetpack-tiled-gallery aligncenter is-style-rectangular\"><div data-carousel-extra='{\"blog_id\":1,\"permalink\":\"https:\\\/\\\/www.stiftsforum.ch\\\/blog\\\/?p=4980\"}' class=\"tiled-gallery__gallery\"><div data-carousel-extra='{\"blog_id\":1,\"permalink\":\"https:\\\/\\\/www.stiftsforum.ch\\\/blog\\\/?p=4980\"}' class=\"tiled-gallery__row\"><div data-carousel-extra='{\"blog_id\":1,\"permalink\":\"https:\\\/\\\/www.stiftsforum.ch\\\/blog\\\/?p=4980\"}' class=\"tiled-gallery__col\" style=\"flex-basis:66.74546887312846%\"><figure class=\"tiled-gallery__item\"><img data-attachment-id=\"4985\" data-permalink=\"https:\/\/www.stiftsforum.ch\/blog\/?attachment_id=4985\" data-orig-file=\"https:\/\/i2.wp.com\/www.stiftsforum.ch\/blog\/wp-content\/uploads\/2021\/12\/20211219_183428_resized.jpg?fit=1156%2C867&amp;ssl=1\" data-orig-size=\"1156,867\" data-comments-opened=\"1\" data-image-meta=\"{&quot;aperture&quot;:&quot;0&quot;,&quot;credit&quot;:&quot;&quot;,&quot;camera&quot;:&quot;&quot;,&quot;caption&quot;:&quot;&quot;,&quot;created_timestamp&quot;:&quot;0&quot;,&quot;copyright&quot;:&quot;&quot;,&quot;focal_length&quot;:&quot;0&quot;,&quot;iso&quot;:&quot;0&quot;,&quot;shutter_speed&quot;:&quot;0&quot;,&quot;title&quot;:&quot;&quot;,&quot;orientation&quot;:&quot;0&quot;}\" data-image-title=\"20211219_183428_resized\" data-image-description=\"\" data-medium-file=\"https:\/\/i2.wp.com\/www.stiftsforum.ch\/blog\/wp-content\/uploads\/2021\/12\/20211219_183428_resized.jpg?fit=300%2C225&amp;ssl=1\" data-large-file=\"https:\/\/i2.wp.com\/www.stiftsforum.ch\/blog\/wp-content\/uploads\/2021\/12\/20211219_183428_resized.jpg?fit=800%2C600&amp;ssl=1\" data-attachment-id=\"4985\" data-permalink=\"https:\/\/www.stiftsforum.ch\/blog\/?attachment_id=4985\" data-orig-file=\"https:\/\/i2.wp.com\/www.stiftsforum.ch\/blog\/wp-content\/uploads\/2021\/12\/20211219_183428_resized.jpg?fit=1156%2C867&amp;ssl=1\" data-orig-size=\"1156,867\" data-comments-opened=\"1\" data-image-meta=\"{&quot;aperture&quot;:&quot;0&quot;,&quot;credit&quot;:&quot;&quot;,&quot;camera&quot;:&quot;&quot;,&quot;caption&quot;:&quot;&quot;,&quot;created_timestamp&quot;:&quot;0&quot;,&quot;copyright&quot;:&quot;&quot;,&quot;focal_length&quot;:&quot;0&quot;,&quot;iso&quot;:&quot;0&quot;,&quot;shutter_speed&quot;:&quot;0&quot;,&quot;title&quot;:&quot;&quot;,&quot;orientation&quot;:&quot;0&quot;}\" data-image-title=\"20211219_183428_resized\" data-image-description=\"\" data-medium-file=\"https:\/\/i2.wp.com\/www.stiftsforum.ch\/blog\/wp-content\/uploads\/2021\/12\/20211219_183428_resized.jpg?fit=300%2C225&amp;ssl=1\" data-large-file=\"https:\/\/i2.wp.com\/www.stiftsforum.ch\/blog\/wp-content\/uploads\/2021\/12\/20211219_183428_resized.jpg?fit=800%2C600&amp;ssl=1\" srcset=\"https:\/\/i1.wp.com\/www.stiftsforum.ch\/blog\/wp-content\/uploads\/2021\/12\/20211219_183428_resized.jpg?strip=info&#038;w=600 600w,https:\/\/i1.wp.com\/www.stiftsforum.ch\/blog\/wp-content\/uploads\/2021\/12\/20211219_183428_resized.jpg?strip=info&#038;w=867 867w\" alt=\"\" data-height=\"867\" data-id=\"4985\" data-link=\"http:\/\/www.stiftsforum.ch\/blog\/?attachment_id=4985\" data-url=\"http:\/\/www.stiftsforum.ch\/blog\/wp-content\/uploads\/2021\/12\/20211219_183428_resized.jpg\" data-width=\"1156\" src=\"https:\/\/i1.wp.com\/www.stiftsforum.ch\/blog\/wp-content\/uploads\/2021\/12\/20211219_183428_resized.jpg\" layout=\"responsive\"\/><\/figure><\/div><div data-carousel-extra='{\"blog_id\":1,\"permalink\":\"https:\\\/\\\/www.stiftsforum.ch\\\/blog\\\/?p=4980\"}' class=\"tiled-gallery__col\" style=\"flex-basis:33.254531126871555%\"><figure class=\"tiled-gallery__item\"><img data-attachment-id=\"4986\" data-permalink=\"https:\/\/www.stiftsforum.ch\/blog\/?attachment_id=4986\" data-orig-file=\"https:\/\/i0.wp.com\/www.stiftsforum.ch\/blog\/wp-content\/uploads\/2021\/12\/20211219_183637_resized.jpg?fit=1156%2C867&amp;ssl=1\" data-orig-size=\"1156,867\" data-comments-opened=\"1\" data-image-meta=\"{&quot;aperture&quot;:&quot;0&quot;,&quot;credit&quot;:&quot;&quot;,&quot;camera&quot;:&quot;&quot;,&quot;caption&quot;:&quot;&quot;,&quot;created_timestamp&quot;:&quot;0&quot;,&quot;copyright&quot;:&quot;&quot;,&quot;focal_length&quot;:&quot;0&quot;,&quot;iso&quot;:&quot;0&quot;,&quot;shutter_speed&quot;:&quot;0&quot;,&quot;title&quot;:&quot;&quot;,&quot;orientation&quot;:&quot;0&quot;}\" data-image-title=\"20211219_183637_resized\" data-image-description=\"\" data-medium-file=\"https:\/\/i0.wp.com\/www.stiftsforum.ch\/blog\/wp-content\/uploads\/2021\/12\/20211219_183637_resized.jpg?fit=300%2C225&amp;ssl=1\" data-large-file=\"https:\/\/i0.wp.com\/www.stiftsforum.ch\/blog\/wp-content\/uploads\/2021\/12\/20211219_183637_resized.jpg?fit=800%2C600&amp;ssl=1\" data-attachment-id=\"4986\" data-permalink=\"https:\/\/www.stiftsforum.ch\/blog\/?attachment_id=4986\" data-orig-file=\"https:\/\/i0.wp.com\/www.stiftsforum.ch\/blog\/wp-content\/uploads\/2021\/12\/20211219_183637_resized.jpg?fit=1156%2C867&amp;ssl=1\" data-orig-size=\"1156,867\" data-comments-opened=\"1\" data-image-meta=\"{&quot;aperture&quot;:&quot;0&quot;,&quot;credit&quot;:&quot;&quot;,&quot;camera&quot;:&quot;&quot;,&quot;caption&quot;:&quot;&quot;,&quot;created_timestamp&quot;:&quot;0&quot;,&quot;copyright&quot;:&quot;&quot;,&quot;focal_length&quot;:&quot;0&quot;,&quot;iso&quot;:&quot;0&quot;,&quot;shutter_speed&quot;:&quot;0&quot;,&quot;title&quot;:&quot;&quot;,&quot;orientation&quot;:&quot;0&quot;}\" data-image-title=\"20211219_183637_resized\" data-image-description=\"\" data-medium-file=\"https:\/\/i0.wp.com\/www.stiftsforum.ch\/blog\/wp-content\/uploads\/2021\/12\/20211219_183637_resized.jpg?fit=300%2C225&amp;ssl=1\" data-large-file=\"https:\/\/i0.wp.com\/www.stiftsforum.ch\/blog\/wp-content\/uploads\/2021\/12\/20211219_183637_resized.jpg?fit=800%2C600&amp;ssl=1\" srcset=\"https:\/\/i2.wp.com\/www.stiftsforum.ch\/blog\/wp-content\/uploads\/2021\/12\/20211219_183637_resized.jpg?strip=info&#038;w=600 600w,https:\/\/i2.wp.com\/www.stiftsforum.ch\/blog\/wp-content\/uploads\/2021\/12\/20211219_183637_resized.jpg?strip=info&#038;w=867 867w\" alt=\"\" data-height=\"867\" data-id=\"4986\" data-link=\"http:\/\/www.stiftsforum.ch\/blog\/?attachment_id=4986\" data-url=\"http:\/\/www.stiftsforum.ch\/blog\/wp-content\/uploads\/2021\/12\/20211219_183637_resized.jpg\" data-width=\"1156\" src=\"https:\/\/i2.wp.com\/www.stiftsforum.ch\/blog\/wp-content\/uploads\/2021\/12\/20211219_183637_resized.jpg\" layout=\"responsive\"\/><\/figure><figure class=\"tiled-gallery__item\"><img data-attachment-id=\"4989\" data-permalink=\"https:\/\/www.stiftsforum.ch\/blog\/?attachment_id=4989\" data-orig-file=\"https:\/\/i1.wp.com\/www.stiftsforum.ch\/blog\/wp-content\/uploads\/2021\/12\/20211219_183757_resized.jpg?fit=1156%2C867&amp;ssl=1\" data-orig-size=\"1156,867\" data-comments-opened=\"1\" data-image-meta=\"{&quot;aperture&quot;:&quot;0&quot;,&quot;credit&quot;:&quot;&quot;,&quot;camera&quot;:&quot;&quot;,&quot;caption&quot;:&quot;&quot;,&quot;created_timestamp&quot;:&quot;0&quot;,&quot;copyright&quot;:&quot;&quot;,&quot;focal_length&quot;:&quot;0&quot;,&quot;iso&quot;:&quot;0&quot;,&quot;shutter_speed&quot;:&quot;0&quot;,&quot;title&quot;:&quot;&quot;,&quot;orientation&quot;:&quot;0&quot;}\" data-image-title=\"20211219_183757_resized\" data-image-description=\"\" data-medium-file=\"https:\/\/i1.wp.com\/www.stiftsforum.ch\/blog\/wp-content\/uploads\/2021\/12\/20211219_183757_resized.jpg?fit=300%2C225&amp;ssl=1\" data-large-file=\"https:\/\/i1.wp.com\/www.stiftsforum.ch\/blog\/wp-content\/uploads\/2021\/12\/20211219_183757_resized.jpg?fit=800%2C600&amp;ssl=1\" data-attachment-id=\"4989\" data-permalink=\"https:\/\/www.stiftsforum.ch\/blog\/?attachment_id=4989\" data-orig-file=\"https:\/\/i1.wp.com\/www.stiftsforum.ch\/blog\/wp-content\/uploads\/2021\/12\/20211219_183757_resized.jpg?fit=1156%2C867&amp;ssl=1\" data-orig-size=\"1156,867\" data-comments-opened=\"1\" data-image-meta=\"{&quot;aperture&quot;:&quot;0&quot;,&quot;credit&quot;:&quot;&quot;,&quot;camera&quot;:&quot;&quot;,&quot;caption&quot;:&quot;&quot;,&quot;created_timestamp&quot;:&quot;0&quot;,&quot;copyright&quot;:&quot;&quot;,&quot;focal_length&quot;:&quot;0&quot;,&quot;iso&quot;:&quot;0&quot;,&quot;shutter_speed&quot;:&quot;0&quot;,&quot;title&quot;:&quot;&quot;,&quot;orientation&quot;:&quot;0&quot;}\" data-image-title=\"20211219_183757_resized\" data-image-description=\"\" data-medium-file=\"https:\/\/i1.wp.com\/www.stiftsforum.ch\/blog\/wp-content\/uploads\/2021\/12\/20211219_183757_resized.jpg?fit=300%2C225&amp;ssl=1\" data-large-file=\"https:\/\/i1.wp.com\/www.stiftsforum.ch\/blog\/wp-content\/uploads\/2021\/12\/20211219_183757_resized.jpg?fit=800%2C600&amp;ssl=1\" srcset=\"https:\/\/i1.wp.com\/www.stiftsforum.ch\/blog\/wp-content\/uploads\/2021\/12\/20211219_183757_resized.jpg?strip=info&#038;w=600 600w,https:\/\/i1.wp.com\/www.stiftsforum.ch\/blog\/wp-content\/uploads\/2021\/12\/20211219_183757_resized.jpg?strip=info&#038;w=867 867w\" alt=\"\" data-height=\"867\" data-id=\"4989\" data-link=\"http:\/\/www.stiftsforum.ch\/blog\/?attachment_id=4989\" data-url=\"http:\/\/www.stiftsforum.ch\/blog\/wp-content\/uploads\/2021\/12\/20211219_183757_resized.jpg\" data-width=\"1156\" src=\"https:\/\/i1.wp.com\/www.stiftsforum.ch\/blog\/wp-content\/uploads\/2021\/12\/20211219_183757_resized.jpg\" layout=\"responsive\"\/><\/figure><\/div><\/div><div data-carousel-extra='{\"blog_id\":1,\"permalink\":\"https:\\\/\\\/www.stiftsforum.ch\\\/blog\\\/?p=4980\"}' class=\"tiled-gallery__row\"><div data-carousel-extra='{\"blog_id\":1,\"permalink\":\"https:\\\/\\\/www.stiftsforum.ch\\\/blog\\\/?p=4980\"}' class=\"tiled-gallery__col\" style=\"flex-basis:33.33333333333333%\"><figure class=\"tiled-gallery__item\"><img data-attachment-id=\"4991\" data-permalink=\"https:\/\/www.stiftsforum.ch\/blog\/?attachment_id=4991\" data-orig-file=\"https:\/\/i0.wp.com\/www.stiftsforum.ch\/blog\/wp-content\/uploads\/2021\/12\/20211219_184028_resized.jpg?fit=1156%2C867&amp;ssl=1\" data-orig-size=\"1156,867\" data-comments-opened=\"1\" data-image-meta=\"{&quot;aperture&quot;:&quot;0&quot;,&quot;credit&quot;:&quot;&quot;,&quot;camera&quot;:&quot;&quot;,&quot;caption&quot;:&quot;&quot;,&quot;created_timestamp&quot;:&quot;0&quot;,&quot;copyright&quot;:&quot;&quot;,&quot;focal_length&quot;:&quot;0&quot;,&quot;iso&quot;:&quot;0&quot;,&quot;shutter_speed&quot;:&quot;0&quot;,&quot;title&quot;:&quot;&quot;,&quot;orientation&quot;:&quot;0&quot;}\" data-image-title=\"20211219_184028_resized\" data-image-description=\"\" data-medium-file=\"https:\/\/i0.wp.com\/www.stiftsforum.ch\/blog\/wp-content\/uploads\/2021\/12\/20211219_184028_resized.jpg?fit=300%2C225&amp;ssl=1\" data-large-file=\"https:\/\/i0.wp.com\/www.stiftsforum.ch\/blog\/wp-content\/uploads\/2021\/12\/20211219_184028_resized.jpg?fit=800%2C600&amp;ssl=1\" data-attachment-id=\"4991\" data-permalink=\"https:\/\/www.stiftsforum.ch\/blog\/?attachment_id=4991\" data-orig-file=\"https:\/\/i0.wp.com\/www.stiftsforum.ch\/blog\/wp-content\/uploads\/2021\/12\/20211219_184028_resized.jpg?fit=1156%2C867&amp;ssl=1\" data-orig-size=\"1156,867\" data-comments-opened=\"1\" data-image-meta=\"{&quot;aperture&quot;:&quot;0&quot;,&quot;credit&quot;:&quot;&quot;,&quot;camera&quot;:&quot;&quot;,&quot;caption&quot;:&quot;&quot;,&quot;created_timestamp&quot;:&quot;0&quot;,&quot;copyright&quot;:&quot;&quot;,&quot;focal_length&quot;:&quot;0&quot;,&quot;iso&quot;:&quot;0&quot;,&quot;shutter_speed&quot;:&quot;0&quot;,&quot;title&quot;:&quot;&quot;,&quot;orientation&quot;:&quot;0&quot;}\" data-image-title=\"20211219_184028_resized\" data-image-description=\"\" data-medium-file=\"https:\/\/i0.wp.com\/www.stiftsforum.ch\/blog\/wp-content\/uploads\/2021\/12\/20211219_184028_resized.jpg?fit=300%2C225&amp;ssl=1\" data-large-file=\"https:\/\/i0.wp.com\/www.stiftsforum.ch\/blog\/wp-content\/uploads\/2021\/12\/20211219_184028_resized.jpg?fit=800%2C600&amp;ssl=1\" srcset=\"https:\/\/i1.wp.com\/www.stiftsforum.ch\/blog\/wp-content\/uploads\/2021\/12\/20211219_184028_resized.jpg?strip=info&#038;w=600 600w,https:\/\/i1.wp.com\/www.stiftsforum.ch\/blog\/wp-content\/uploads\/2021\/12\/20211219_184028_resized.jpg?strip=info&#038;w=867 867w\" alt=\"\" data-height=\"867\" data-id=\"4991\" data-link=\"http:\/\/www.stiftsforum.ch\/blog\/?attachment_id=4991\" data-url=\"http:\/\/www.stiftsforum.ch\/blog\/wp-content\/uploads\/2021\/12\/20211219_184028_resized.jpg\" data-width=\"1156\" src=\"https:\/\/i1.wp.com\/www.stiftsforum.ch\/blog\/wp-content\/uploads\/2021\/12\/20211219_184028_resized.jpg\" layout=\"responsive\"\/><\/figure><\/div><div data-carousel-extra='{\"blog_id\":1,\"permalink\":\"https:\\\/\\\/www.stiftsforum.ch\\\/blog\\\/?p=4980\"}' class=\"tiled-gallery__col\" style=\"flex-basis:33.33333333333333%\"><figure class=\"tiled-gallery__item\"><img data-attachment-id=\"4992\" data-permalink=\"https:\/\/www.stiftsforum.ch\/blog\/?attachment_id=4992\" data-orig-file=\"https:\/\/i1.wp.com\/www.stiftsforum.ch\/blog\/wp-content\/uploads\/2021\/12\/20211219_184608_resized.jpg?fit=1156%2C867&amp;ssl=1\" data-orig-size=\"1156,867\" data-comments-opened=\"1\" data-image-meta=\"{&quot;aperture&quot;:&quot;0&quot;,&quot;credit&quot;:&quot;&quot;,&quot;camera&quot;:&quot;&quot;,&quot;caption&quot;:&quot;&quot;,&quot;created_timestamp&quot;:&quot;0&quot;,&quot;copyright&quot;:&quot;&quot;,&quot;focal_length&quot;:&quot;0&quot;,&quot;iso&quot;:&quot;0&quot;,&quot;shutter_speed&quot;:&quot;0&quot;,&quot;title&quot;:&quot;&quot;,&quot;orientation&quot;:&quot;0&quot;}\" data-image-title=\"20211219_184608_resized\" data-image-description=\"\" data-medium-file=\"https:\/\/i1.wp.com\/www.stiftsforum.ch\/blog\/wp-content\/uploads\/2021\/12\/20211219_184608_resized.jpg?fit=300%2C225&amp;ssl=1\" data-large-file=\"https:\/\/i1.wp.com\/www.stiftsforum.ch\/blog\/wp-content\/uploads\/2021\/12\/20211219_184608_resized.jpg?fit=800%2C600&amp;ssl=1\" data-attachment-id=\"4992\" data-permalink=\"https:\/\/www.stiftsforum.ch\/blog\/?attachment_id=4992\" data-orig-file=\"https:\/\/i1.wp.com\/www.stiftsforum.ch\/blog\/wp-content\/uploads\/2021\/12\/20211219_184608_resized.jpg?fit=1156%2C867&amp;ssl=1\" data-orig-size=\"1156,867\" data-comments-opened=\"1\" data-image-meta=\"{&quot;aperture&quot;:&quot;0&quot;,&quot;credit&quot;:&quot;&quot;,&quot;camera&quot;:&quot;&quot;,&quot;caption&quot;:&quot;&quot;,&quot;created_timestamp&quot;:&quot;0&quot;,&quot;copyright&quot;:&quot;&quot;,&quot;focal_length&quot;:&quot;0&quot;,&quot;iso&quot;:&quot;0&quot;,&quot;shutter_speed&quot;:&quot;0&quot;,&quot;title&quot;:&quot;&quot;,&quot;orientation&quot;:&quot;0&quot;}\" data-image-title=\"20211219_184608_resized\" data-image-description=\"\" data-medium-file=\"https:\/\/i1.wp.com\/www.stiftsforum.ch\/blog\/wp-content\/uploads\/2021\/12\/20211219_184608_resized.jpg?fit=300%2C225&amp;ssl=1\" data-large-file=\"https:\/\/i1.wp.com\/www.stiftsforum.ch\/blog\/wp-content\/uploads\/2021\/12\/20211219_184608_resized.jpg?fit=800%2C600&amp;ssl=1\" srcset=\"https:\/\/i0.wp.com\/www.stiftsforum.ch\/blog\/wp-content\/uploads\/2021\/12\/20211219_184608_resized.jpg?strip=info&#038;w=600 600w,https:\/\/i0.wp.com\/www.stiftsforum.ch\/blog\/wp-content\/uploads\/2021\/12\/20211219_184608_resized.jpg?strip=info&#038;w=867 867w\" alt=\"\" data-height=\"867\" data-id=\"4992\" data-link=\"http:\/\/www.stiftsforum.ch\/blog\/?attachment_id=4992\" data-url=\"http:\/\/www.stiftsforum.ch\/blog\/wp-content\/uploads\/2021\/12\/20211219_184608_resized.jpg\" data-width=\"1156\" src=\"https:\/\/i0.wp.com\/www.stiftsforum.ch\/blog\/wp-content\/uploads\/2021\/12\/20211219_184608_resized.jpg\" layout=\"responsive\"\/><\/figure><\/div><div data-carousel-extra='{\"blog_id\":1,\"permalink\":\"https:\\\/\\\/www.stiftsforum.ch\\\/blog\\\/?p=4980\"}' class=\"tiled-gallery__col\" style=\"flex-basis:33.33333333333333%\"><figure class=\"tiled-gallery__item\"><img data-attachment-id=\"4993\" data-permalink=\"https:\/\/www.stiftsforum.ch\/blog\/?attachment_id=4993\" data-orig-file=\"https:\/\/i0.wp.com\/www.stiftsforum.ch\/blog\/wp-content\/uploads\/2021\/12\/20211219_185454_resized.jpg?fit=1156%2C867&amp;ssl=1\" data-orig-size=\"1156,867\" data-comments-opened=\"1\" data-image-meta=\"{&quot;aperture&quot;:&quot;0&quot;,&quot;credit&quot;:&quot;&quot;,&quot;camera&quot;:&quot;&quot;,&quot;caption&quot;:&quot;&quot;,&quot;created_timestamp&quot;:&quot;0&quot;,&quot;copyright&quot;:&quot;&quot;,&quot;focal_length&quot;:&quot;0&quot;,&quot;iso&quot;:&quot;0&quot;,&quot;shutter_speed&quot;:&quot;0&quot;,&quot;title&quot;:&quot;&quot;,&quot;orientation&quot;:&quot;0&quot;}\" data-image-title=\"20211219_185454_resized\" data-image-description=\"\" data-medium-file=\"https:\/\/i0.wp.com\/www.stiftsforum.ch\/blog\/wp-content\/uploads\/2021\/12\/20211219_185454_resized.jpg?fit=300%2C225&amp;ssl=1\" data-large-file=\"https:\/\/i0.wp.com\/www.stiftsforum.ch\/blog\/wp-content\/uploads\/2021\/12\/20211219_185454_resized.jpg?fit=800%2C600&amp;ssl=1\" data-attachment-id=\"4993\" data-permalink=\"https:\/\/www.stiftsforum.ch\/blog\/?attachment_id=4993\" data-orig-file=\"https:\/\/i0.wp.com\/www.stiftsforum.ch\/blog\/wp-content\/uploads\/2021\/12\/20211219_185454_resized.jpg?fit=1156%2C867&amp;ssl=1\" data-orig-size=\"1156,867\" data-comments-opened=\"1\" data-image-meta=\"{&quot;aperture&quot;:&quot;0&quot;,&quot;credit&quot;:&quot;&quot;,&quot;camera&quot;:&quot;&quot;,&quot;caption&quot;:&quot;&quot;,&quot;created_timestamp&quot;:&quot;0&quot;,&quot;copyright&quot;:&quot;&quot;,&quot;focal_length&quot;:&quot;0&quot;,&quot;iso&quot;:&quot;0&quot;,&quot;shutter_speed&quot;:&quot;0&quot;,&quot;title&quot;:&quot;&quot;,&quot;orientation&quot;:&quot;0&quot;}\" data-image-title=\"20211219_185454_resized\" data-image-description=\"\" data-medium-file=\"https:\/\/i0.wp.com\/www.stiftsforum.ch\/blog\/wp-content\/uploads\/2021\/12\/20211219_185454_resized.jpg?fit=300%2C225&amp;ssl=1\" data-large-file=\"https:\/\/i0.wp.com\/www.stiftsforum.ch\/blog\/wp-content\/uploads\/2021\/12\/20211219_185454_resized.jpg?fit=800%2C600&amp;ssl=1\" srcset=\"https:\/\/i2.wp.com\/www.stiftsforum.ch\/blog\/wp-content\/uploads\/2021\/12\/20211219_185454_resized.jpg?strip=info&#038;w=600 600w,https:\/\/i2.wp.com\/www.stiftsforum.ch\/blog\/wp-content\/uploads\/2021\/12\/20211219_185454_resized.jpg?strip=info&#038;w=867 867w\" alt=\"\" data-height=\"867\" data-id=\"4993\" data-link=\"http:\/\/www.stiftsforum.ch\/blog\/?attachment_id=4993\" data-url=\"http:\/\/www.stiftsforum.ch\/blog\/wp-content\/uploads\/2021\/12\/20211219_185454_resized.jpg\" data-width=\"1156\" src=\"https:\/\/i2.wp.com\/www.stiftsforum.ch\/blog\/wp-content\/uploads\/2021\/12\/20211219_185454_resized.jpg\" layout=\"responsive\"\/><\/figure><\/div><\/div><div data-carousel-extra='{\"blog_id\":1,\"permalink\":\"https:\\\/\\\/www.stiftsforum.ch\\\/blog\\\/?p=4980\"}' class=\"tiled-gallery__row\"><div data-carousel-extra='{\"blog_id\":1,\"permalink\":\"https:\\\/\\\/www.stiftsforum.ch\\\/blog\\\/?p=4980\"}' class=\"tiled-gallery__col\" style=\"flex-basis:50%\"><figure class=\"tiled-gallery__item\"><img data-attachment-id=\"4994\" data-permalink=\"https:\/\/www.stiftsforum.ch\/blog\/?attachment_id=4994\" data-orig-file=\"https:\/\/i0.wp.com\/www.stiftsforum.ch\/blog\/wp-content\/uploads\/2021\/12\/20211219_190500_resized.jpg?fit=1156%2C867&amp;ssl=1\" data-orig-size=\"1156,867\" data-comments-opened=\"1\" data-image-meta=\"{&quot;aperture&quot;:&quot;0&quot;,&quot;credit&quot;:&quot;&quot;,&quot;camera&quot;:&quot;&quot;,&quot;caption&quot;:&quot;&quot;,&quot;created_timestamp&quot;:&quot;0&quot;,&quot;copyright&quot;:&quot;&quot;,&quot;focal_length&quot;:&quot;0&quot;,&quot;iso&quot;:&quot;0&quot;,&quot;shutter_speed&quot;:&quot;0&quot;,&quot;title&quot;:&quot;&quot;,&quot;orientation&quot;:&quot;0&quot;}\" data-image-title=\"20211219_190500_resized\" data-image-description=\"\" data-medium-file=\"https:\/\/i0.wp.com\/www.stiftsforum.ch\/blog\/wp-content\/uploads\/2021\/12\/20211219_190500_resized.jpg?fit=300%2C225&amp;ssl=1\" data-large-file=\"https:\/\/i0.wp.com\/www.stiftsforum.ch\/blog\/wp-content\/uploads\/2021\/12\/20211219_190500_resized.jpg?fit=800%2C600&amp;ssl=1\" data-attachment-id=\"4994\" data-permalink=\"https:\/\/www.stiftsforum.ch\/blog\/?attachment_id=4994\" data-orig-file=\"https:\/\/i0.wp.com\/www.stiftsforum.ch\/blog\/wp-content\/uploads\/2021\/12\/20211219_190500_resized.jpg?fit=1156%2C867&amp;ssl=1\" data-orig-size=\"1156,867\" data-comments-opened=\"1\" data-image-meta=\"{&quot;aperture&quot;:&quot;0&quot;,&quot;credit&quot;:&quot;&quot;,&quot;camera&quot;:&quot;&quot;,&quot;caption&quot;:&quot;&quot;,&quot;created_timestamp&quot;:&quot;0&quot;,&quot;copyright&quot;:&quot;&quot;,&quot;focal_length&quot;:&quot;0&quot;,&quot;iso&quot;:&quot;0&quot;,&quot;shutter_speed&quot;:&quot;0&quot;,&quot;title&quot;:&quot;&quot;,&quot;orientation&quot;:&quot;0&quot;}\" data-image-title=\"20211219_190500_resized\" data-image-description=\"\" data-medium-file=\"https:\/\/i0.wp.com\/www.stiftsforum.ch\/blog\/wp-content\/uploads\/2021\/12\/20211219_190500_resized.jpg?fit=300%2C225&amp;ssl=1\" data-large-file=\"https:\/\/i0.wp.com\/www.stiftsforum.ch\/blog\/wp-content\/uploads\/2021\/12\/20211219_190500_resized.jpg?fit=800%2C600&amp;ssl=1\" srcset=\"https:\/\/i2.wp.com\/www.stiftsforum.ch\/blog\/wp-content\/uploads\/2021\/12\/20211219_190500_resized.jpg?strip=info&#038;w=600 600w,https:\/\/i2.wp.com\/www.stiftsforum.ch\/blog\/wp-content\/uploads\/2021\/12\/20211219_190500_resized.jpg?strip=info&#038;w=867 867w\" alt=\"\" data-height=\"867\" data-id=\"4994\" data-link=\"http:\/\/www.stiftsforum.ch\/blog\/?attachment_id=4994\" data-url=\"http:\/\/www.stiftsforum.ch\/blog\/wp-content\/uploads\/2021\/12\/20211219_190500_resized.jpg\" data-width=\"1156\" src=\"https:\/\/i2.wp.com\/www.stiftsforum.ch\/blog\/wp-content\/uploads\/2021\/12\/20211219_190500_resized.jpg\" layout=\"responsive\"\/><\/figure><\/div><div data-carousel-extra='{\"blog_id\":1,\"permalink\":\"https:\\\/\\\/www.stiftsforum.ch\\\/blog\\\/?p=4980\"}' class=\"tiled-gallery__col\" style=\"flex-basis:50%\"><figure class=\"tiled-gallery__item\"><img data-attachment-id=\"4995\" data-permalink=\"https:\/\/www.stiftsforum.ch\/blog\/?attachment_id=4995\" data-orig-file=\"https:\/\/i1.wp.com\/www.stiftsforum.ch\/blog\/wp-content\/uploads\/2021\/12\/20211219_183356_resized-1.jpg?fit=1156%2C867&amp;ssl=1\" data-orig-size=\"1156,867\" data-comments-opened=\"1\" data-image-meta=\"{&quot;aperture&quot;:&quot;0&quot;,&quot;credit&quot;:&quot;&quot;,&quot;camera&quot;:&quot;&quot;,&quot;caption&quot;:&quot;&quot;,&quot;created_timestamp&quot;:&quot;0&quot;,&quot;copyright&quot;:&quot;&quot;,&quot;focal_length&quot;:&quot;0&quot;,&quot;iso&quot;:&quot;0&quot;,&quot;shutter_speed&quot;:&quot;0&quot;,&quot;title&quot;:&quot;&quot;,&quot;orientation&quot;:&quot;0&quot;}\" data-image-title=\"20211219_183356_resized-1\" data-image-description=\"\" data-medium-file=\"https:\/\/i1.wp.com\/www.stiftsforum.ch\/blog\/wp-content\/uploads\/2021\/12\/20211219_183356_resized-1.jpg?fit=300%2C225&amp;ssl=1\" data-large-file=\"https:\/\/i1.wp.com\/www.stiftsforum.ch\/blog\/wp-content\/uploads\/2021\/12\/20211219_183356_resized-1.jpg?fit=800%2C600&amp;ssl=1\" data-attachment-id=\"4995\" data-permalink=\"https:\/\/www.stiftsforum.ch\/blog\/?attachment_id=4995\" data-orig-file=\"https:\/\/i1.wp.com\/www.stiftsforum.ch\/blog\/wp-content\/uploads\/2021\/12\/20211219_183356_resized-1.jpg?fit=1156%2C867&amp;ssl=1\" data-orig-size=\"1156,867\" data-comments-opened=\"1\" data-image-meta=\"{&quot;aperture&quot;:&quot;0&quot;,&quot;credit&quot;:&quot;&quot;,&quot;camera&quot;:&quot;&quot;,&quot;caption&quot;:&quot;&quot;,&quot;created_timestamp&quot;:&quot;0&quot;,&quot;copyright&quot;:&quot;&quot;,&quot;focal_length&quot;:&quot;0&quot;,&quot;iso&quot;:&quot;0&quot;,&quot;shutter_speed&quot;:&quot;0&quot;,&quot;title&quot;:&quot;&quot;,&quot;orientation&quot;:&quot;0&quot;}\" data-image-title=\"20211219_183356_resized-1\" data-image-description=\"\" data-medium-file=\"https:\/\/i1.wp.com\/www.stiftsforum.ch\/blog\/wp-content\/uploads\/2021\/12\/20211219_183356_resized-1.jpg?fit=300%2C225&amp;ssl=1\" data-large-file=\"https:\/\/i1.wp.com\/www.stiftsforum.ch\/blog\/wp-content\/uploads\/2021\/12\/20211219_183356_resized-1.jpg?fit=800%2C600&amp;ssl=1\" srcset=\"https:\/\/i1.wp.com\/www.stiftsforum.ch\/blog\/wp-content\/uploads\/2021\/12\/20211219_183356_resized-1.jpg?strip=info&#038;w=600 600w,https:\/\/i1.wp.com\/www.stiftsforum.ch\/blog\/wp-content\/uploads\/2021\/12\/20211219_183356_resized-1.jpg?strip=info&#038;w=867 867w\" alt=\"\" data-height=\"867\" data-id=\"4995\" data-link=\"http:\/\/www.stiftsforum.ch\/blog\/?attachment_id=4995\" data-url=\"http:\/\/www.stiftsforum.ch\/blog\/wp-content\/uploads\/2021\/12\/20211219_183356_resized-1.jpg\" data-width=\"1156\" src=\"https:\/\/i1.wp.com\/www.stiftsforum.ch\/blog\/wp-content\/uploads\/2021\/12\/20211219_183356_resized-1.jpg\" layout=\"responsive\"\/><\/figure><\/div><\/div><\/div><\/div>\n","protected":false},"excerpt":{"rendered":"<p>19.12.2021: Tonhalle Z\u00fcrich: Zum Konzert des Akademischen Orchesters Z\u00fcrich, das von Lukas Meister geleitet wird, erschienen mehr als 20 Stiftssch\u00fclerinnen<\/p>\n","protected":false},"author":1,"featured_media":4982,"comment_status":"open","ping_status":"closed","sticky":false,"template":"","format":"standard","meta":{"spay_email":"","jetpack_publicize_message":"","jetpack_is_tweetstorm":false},"categories":[4],"tags":[],"jetpack_featured_media_url":"https:\/\/i0.wp.com\/www.stiftsforum.ch\/blog\/wp-content\/uploads\/2021\/12\/IMG-20211219-WA0009.jpg?fit=1789%2C1189&ssl=1","jetpack_publicize_connections":[],"jetpack_sharing_enabled":true,"jetpack_shortlink":"https:\/\/wp.me\/p9nzRF-1ik","jetpack_likes_enabled":true,"jetpack-related-posts":[{"id":5769,"url":"https:\/\/www.stiftsforum.ch\/blog\/?p=5769","url_meta":{"origin":4980,"position":0},"title":"Erstmals: Infotag des Internats am 14.01.2023","date":"Dezember 5, 2022","format":false,"excerpt":"Im Rahmen unseres erstmals geplanten Informationstages Internat orientieren wir \u00a0am Samstag, 14.01.2023 ab 12 Uhr interessierte Sch\u00fclerInnen, Eltern und Interessenten. Gleichzeitig laden wir auch ehemalige Stiftssch\u00fclerInnen und Besucher herzlich ein, das Internat kennenzulernen. Es besteht die M\u00f6glichkeit das Internat mit seinen Ver\u00e4nderungen \u00fcber die Jahre und den aktuellen Stand zu\u2026","rel":"","context":"In &quot;Allgemein&quot;","img":{"alt_text":"","src":"https:\/\/i2.wp.com\/www.stiftsforum.ch\/blog\/wp-content\/uploads\/2022\/12\/monastery-gdacf40e4f_1920.jpg?fit=1200%2C800&ssl=1&resize=350%2C200","width":350,"height":200},"classes":[]},{"id":2759,"url":"https:\/\/www.stiftsforum.ch\/blog\/?p=2759","url_meta":{"origin":4980,"position":1},"title":"In der Gedenkst\u00e4tte des KZ Dachau (6a)","date":"Dezember 2, 2018","format":"gallery","excerpt":"Nur wenige Busstunden von Z\u00fcrich entfernt befindet sich nordwestlich von M\u00fcnchen die Gedenkst\u00e4tte des einstigen Konzentrationslagers Dachau. Es bestand \u00fcber 12 Jahre von 1933 bis 1945, bis es durch die US-amerikanische Armee befreit wurde. 41 500 M\u00e4nner, darunter politische Gefangene, Homosexuelle, von den Nazis verfolgte Christen und Zeugen Jehovas sowie\u2026","rel":"","context":"In &quot;Exkursionen&quot;","img":{"alt_text":"","src":"https:\/\/i1.wp.com\/www.stiftsforum.ch\/blog\/wp-content\/uploads\/2018\/12\/20181130_141052.jpg?fit=1200%2C675&ssl=1&resize=350%2C200","width":350,"height":200},"classes":[]},{"id":5024,"url":"https:\/\/www.stiftsforum.ch\/blog\/?p=5024","url_meta":{"origin":4980,"position":2},"title":"Wie hat sich die Schrift in der Geschichte entwickelt? - Zu Gast im Landesmuseum Z\u00fcrich","date":"Februar 15, 2022","format":false,"excerpt":"Die Klasse 2d der Stiftsschule Einsiedeln war bei einem Schreibworkshop und einer F\u00fchrung \u00fcber alte Schriften im Landesmuseum Z\u00fcrich. Wir haben mit G\u00e4nsefedern und Tinte geschrieben, wir haben uns die \u00e4ltesten Schriften aus der Schweiz angesehen. Ein Beitrag von Erin Schuler. Am 20. Januar am Vormittag fuhr die Klasse 2d\u2026","rel":"","context":"In &quot;Allgemein&quot;","img":{"alt_text":"","src":"https:\/\/i0.wp.com\/www.stiftsforum.ch\/blog\/wp-content\/uploads\/2022\/02\/Bild-Museum-lll.jpg?fit=900%2C1200&ssl=1&resize=350%2C200","width":350,"height":200},"classes":[]},{"id":1677,"url":"https:\/\/www.stiftsforum.ch\/blog\/?p=1677","url_meta":{"origin":4980,"position":3},"title":"Begeisterungsf\u00e4hig, fr\u00f6hlich und zielstrebig","date":"Dezember 12, 2017","format":false,"excerpt":"Raphael Auf der Maur Marcella Mazzolini ist seit diesem Schuljahr Lehrerin an der Stiftsschule Einsiedeln. Im Interview sprechen wir \u00fcber ihre Vergangenheit und \u00fcber die spannendsten Themen im Unterricht. K\u00f6nnen Sie sich bitte kurz vorstellen? Mein Name ist Marcella Mazzolini und ich unterrichte seit diesem Sommer das Fach Chemie an\u2026","rel":"","context":"In &quot;Allgemein&quot;","img":{"alt_text":"","src":"https:\/\/i1.wp.com\/www.stiftsforum.ch\/blog\/wp-content\/uploads\/2017\/12\/IMG_9326.jpg?fit=1200%2C844&ssl=1&resize=350%2C200","width":350,"height":200},"classes":[]},{"id":3368,"url":"https:\/\/www.stiftsforum.ch\/blog\/?p=3368","url_meta":{"origin":4980,"position":4},"title":"Ein Chor mit Niveau","date":"April 22, 2019","format":false,"excerpt":"Der Boston College High School Choir zu Gast an der Stiftsschule Live-Mitschnitt aus dem Konzert Live-Mitschnitt 2: Transilvania Mania Carnegie Hall, ein landesweites Mekka f\u00fcr sowohl klassische als auch Jazz und Pop-Musiker, das White House und die Petersbasilika im Vatikan: An diesen prestigetr\u00e4chtigen Orten trat bereits der Boston College High\u2026","rel":"","context":"In &quot;Schulanl\u00e4sse&quot;","img":{"alt_text":"","src":"https:\/\/i2.wp.com\/www.stiftsforum.ch\/blog\/wp-content\/uploads\/2019\/04\/IMG_5491.jpg?fit=1200%2C800&ssl=1&resize=350%2C200","width":350,"height":200},"classes":[]},{"id":2660,"url":"https:\/\/www.stiftsforum.ch\/blog\/?p=2660","url_meta":{"origin":4980,"position":5},"title":"Die Stiftsschule feiert in f\u00fcnf Stunden um die Welt","date":"November 16, 2018","format":false,"excerpt":"Von Francesco De Vecchi Im Zug nach W\u00e4denswil herrscht Feststimmung. Burschen und M\u00e4dchen, ein buntes junges Volk, noch die Feierlaune und schon den Schlummer in den Augen, in ausgelassene Gespr\u00e4che und unbeschwertes Treiben vertieft. \u00abEs esch scho mega cool gsi!\u00bb, sagt eine Sch\u00fclerin zu ihrem Nachbarn: Die gesamte Schule habe\u2026","rel":"","context":"In &quot;Kommentar&quot;","img":{"alt_text":"","src":"https:\/\/i2.wp.com\/www.stiftsforum.ch\/blog\/wp-content\/uploads\/2018\/11\/MG_2483.jpg?fit=1200%2C800&ssl=1&resize=350%2C200","width":350,"height":200},"classes":[]}],"_links":{"self":[{"href":"https:\/\/www.stiftsforum.ch\/blog\/index.php?rest_route=\/wp\/v2\/posts\/4980"}],"collection":[{"href":"https:\/\/www.stiftsforum.ch\/blog\/index.php?rest_route=\/wp\/v2\/posts"}],"about":[{"href":"https:\/\/www.stiftsforum.ch\/blog\/index.php?rest_route=\/wp\/v2\/types\/post"}],"author":[{"embeddable":true,"href":"https:\/\/www.stiftsforum.ch\/blog\/index.php?rest_route=\/wp\/v2\/users\/1"}],"replies":[{"embeddable":true,"href":"https:\/\/www.stiftsforum.ch\/blog\/index.php?rest_route=%2Fwp%2Fv2%2Fcomments&post=4980"}],"version-history":[{"count":2,"href":"https:\/\/www.stiftsforum.ch\/blog\/index.php?rest_route=\/wp\/v2\/posts\/4980\/revisions"}],"predecessor-version":[{"id":4997,"href":"https:\/\/www.stiftsforum.ch\/blog\/index.php?rest_route=\/wp\/v2\/posts\/4980\/revisions\/4997"}],"wp:featuredmedia":[{"embeddable":true,"href":"https:\/\/www.stiftsforum.ch\/blog\/index.php?rest_route=\/wp\/v2\/media\/4982"}],"wp:attachment":[{"href":"https:\/\/www.stiftsforum.ch\/blog\/index.php?rest_route=%2Fwp%2Fv2%2Fmedia&parent=4980"}],"wp:term":[{"taxonomy":"category","embeddable":true,"href":"https:\/\/www.stiftsforum.ch\/blog\/index.php?rest_route=%2Fwp%2Fv2%2Fcategories&post=4980"},{"taxonomy":"post_tag","embeddable":true,"href":"https:\/\/www.stiftsforum.ch\/blog\/index.php?rest_route=%2Fwp%2Fv2%2Ftags&post=4980"}],"curies":[{"name":"wp","href":"https:\/\/api.w.org\/{rel}","templated":true}]}}