{"id":4999,"date":"2022-01-11T16:41:05","date_gmt":"2022-01-11T15:41:05","guid":{"rendered":"http:\/\/www.stiftsforum.ch\/blog\/?p=4999"},"modified":"2022-01-14T08:22:25","modified_gmt":"2022-01-14T07:22:25","slug":"in-japan-steht-die-gemeinschaft-im-zentrum","status":"publish","type":"post","link":"https:\/\/www.stiftsforum.ch\/blog\/?p=4999","title":{"rendered":"\u201eIn Japan steht die Gemeinschaft im Zentrum\u201c"},"content":{"rendered":"\n<p><em>Von Ricarda und Jil<\/em><\/p>\n\n\n\n<p>Wir besuchen das Kursfach Japanisch und sind sehr beeindruckt. Die Sch\u00fcler besprechen gerade ihre Hausaufgaben, die Lehrerin spricht mit ihnen einwandfreies Japanisch und die Sch\u00fcler scheinen alles zu verstehen.\u00a0<\/p>\n\n\n\n<p>Ein Sch\u00fcler erz\u00e4hlt uns, dass sie sowohl die japanische Sprache als auch die japanische Kultur besser kennen lernen. Zudem schw\u00e4rmt er von dem japanischen Essen.<\/p>\n\n\n\n<p>Danach sprechen sie \u00fcber die geografischen Merkmale Japans. Frau Fierz-Takase zeigt eine Karte an der Wandtafel und erkl\u00e4rt, in welchem Verh\u00e4ltnis Schweiz und Deutschland zu Japan stehen. Wir fragen, was sie an der japanischen Kultur so besonders findet: \u201eIn der japanischen Kultur ist Harmonie sehr wichtig. \u00a0Japanische Leute haben gegenseitigen Respekt und Akzeptanz. \u00a0Es gibt viele Tempel (Buddhismus)\u00a0und Schreine (Shintoismus) und auch vielen alte Traditionen, z.B. Teezeremonie, Kalligraphie, Steingarten. \u00a0Wir haben auch eine interessante, moderne Kultur, z.B. Manga, Anime.\u201c\u00a0<\/p>\n\n\n\n<p>Der Unterricht geht schnell voran, nach 15 Minuten sind wir schon beim 3. Thema. Die Sch\u00fcler beantworten Fragen, wie etwa wo sie wohnen oder \u00fcber die Geografie Japans, auf Japanisch. Zu unserem Erstaunen werden wir auch in den Unterricht mit einbezogen.<\/p>\n\n\n\n<p>Die Lehrerin erz\u00e4hlt uns von den Unterschieden zwischen der Schweiz und Japan: \u201eIn Japan steht die Gemeinschaft in Zentrum. \u00a0In der Schweiz mehr das Individuum. Aber ich habe in den U.S.A und D\u00e4nemark gewohnt und finde die Schweiz Japan am \u00e4hnlichsten. Die Leute sind eher zur\u00fcckhaltend. Erst wenn man jemanden n\u00e4her kennt, \u00f6ffnet sich die Person. Das Schulsystem sei aber ganz anders. \u00a0In der Schweiz gibt es Lehre und Gymnasium, in Japan besuchen die meisten Sch\u00fcler die \u201eHigh school\u201c.\u201c<\/p>\n\n\n\n<p>Dann folgt ein Listening, die Sch\u00fcler m\u00fcssen dazu schriftlich Fragen beantworten. Wir haben keine Chance etwas zu verstehen, ihnen f\u00e4llt es jedoch leicht.<\/p>\n\n\n\n<figure class=\"wp-block-gallery columns-3 is-cropped\"><ul data-carousel-extra='{\"blog_id\":1,\"permalink\":\"https:\\\/\\\/www.stiftsforum.ch\\\/blog\\\/?p=4999\"}' class=\"blocks-gallery-grid\"><li class=\"blocks-gallery-item\"><figure><a href=\"https:\/\/i2.wp.com\/www.stiftsforum.ch\/blog\/wp-content\/uploads\/2022\/01\/Japanisch2-1.jpg\"><img data-attachment-id=\"5003\" data-permalink=\"https:\/\/www.stiftsforum.ch\/blog\/?attachment_id=5003\" data-orig-file=\"https:\/\/i2.wp.com\/www.stiftsforum.ch\/blog\/wp-content\/uploads\/2022\/01\/Japanisch2-1.jpg?fit=1024%2C768&amp;ssl=1\" data-orig-size=\"1024,768\" data-comments-opened=\"1\" data-image-meta=\"{&quot;aperture&quot;:&quot;0&quot;,&quot;credit&quot;:&quot;&quot;,&quot;camera&quot;:&quot;&quot;,&quot;caption&quot;:&quot;&quot;,&quot;created_timestamp&quot;:&quot;0&quot;,&quot;copyright&quot;:&quot;&quot;,&quot;focal_length&quot;:&quot;0&quot;,&quot;iso&quot;:&quot;0&quot;,&quot;shutter_speed&quot;:&quot;0&quot;,&quot;title&quot;:&quot;&quot;,&quot;orientation&quot;:&quot;0&quot;}\" data-image-title=\"Japanisch2-1\" data-image-description=\"\" data-medium-file=\"https:\/\/i2.wp.com\/www.stiftsforum.ch\/blog\/wp-content\/uploads\/2022\/01\/Japanisch2-1.jpg?fit=300%2C225&amp;ssl=1\" data-large-file=\"https:\/\/i2.wp.com\/www.stiftsforum.ch\/blog\/wp-content\/uploads\/2022\/01\/Japanisch2-1.jpg?fit=800%2C600&amp;ssl=1\" loading=\"lazy\" width=\"800\" height=\"600\" src=\"https:\/\/i2.wp.com\/www.stiftsforum.ch\/blog\/wp-content\/uploads\/2022\/01\/Japanisch2-1.jpg?resize=800%2C600\" alt=\"\" data-id=\"5003\" data-link=\"http:\/\/www.stiftsforum.ch\/blog\/?attachment_id=5003\" class=\"wp-image-5003\" srcset=\"https:\/\/i2.wp.com\/www.stiftsforum.ch\/blog\/wp-content\/uploads\/2022\/01\/Japanisch2-1.jpg?w=1024&amp;ssl=1 1024w, https:\/\/i2.wp.com\/www.stiftsforum.ch\/blog\/wp-content\/uploads\/2022\/01\/Japanisch2-1.jpg?resize=300%2C225&amp;ssl=1 300w, https:\/\/i2.wp.com\/www.stiftsforum.ch\/blog\/wp-content\/uploads\/2022\/01\/Japanisch2-1.jpg?resize=768%2C576&amp;ssl=1 768w\" sizes=\"(max-width: 800px) 100vw, 800px\" data-recalc-dims=\"1\" \/><\/a><\/figure><\/li><li class=\"blocks-gallery-item\"><figure><a href=\"https:\/\/i2.wp.com\/www.stiftsforum.ch\/blog\/wp-content\/uploads\/2022\/01\/Japanisch1-1.jpg\"><img data-attachment-id=\"5004\" data-permalink=\"https:\/\/www.stiftsforum.ch\/blog\/?attachment_id=5004\" data-orig-file=\"https:\/\/i2.wp.com\/www.stiftsforum.ch\/blog\/wp-content\/uploads\/2022\/01\/Japanisch1-1.jpg?fit=768%2C1024&amp;ssl=1\" data-orig-size=\"768,1024\" data-comments-opened=\"1\" data-image-meta=\"{&quot;aperture&quot;:&quot;0&quot;,&quot;credit&quot;:&quot;&quot;,&quot;camera&quot;:&quot;&quot;,&quot;caption&quot;:&quot;&quot;,&quot;created_timestamp&quot;:&quot;0&quot;,&quot;copyright&quot;:&quot;&quot;,&quot;focal_length&quot;:&quot;0&quot;,&quot;iso&quot;:&quot;0&quot;,&quot;shutter_speed&quot;:&quot;0&quot;,&quot;title&quot;:&quot;&quot;,&quot;orientation&quot;:&quot;0&quot;}\" data-image-title=\"Japanisch1-1\" data-image-description=\"\" data-medium-file=\"https:\/\/i2.wp.com\/www.stiftsforum.ch\/blog\/wp-content\/uploads\/2022\/01\/Japanisch1-1.jpg?fit=225%2C300&amp;ssl=1\" data-large-file=\"https:\/\/i2.wp.com\/www.stiftsforum.ch\/blog\/wp-content\/uploads\/2022\/01\/Japanisch1-1.jpg?fit=768%2C1024&amp;ssl=1\" loading=\"lazy\" width=\"768\" height=\"1024\" src=\"https:\/\/i2.wp.com\/www.stiftsforum.ch\/blog\/wp-content\/uploads\/2022\/01\/Japanisch1-1.jpg?resize=768%2C1024\" alt=\"\" data-id=\"5004\" data-link=\"http:\/\/www.stiftsforum.ch\/blog\/?attachment_id=5004\" class=\"wp-image-5004\" srcset=\"https:\/\/i2.wp.com\/www.stiftsforum.ch\/blog\/wp-content\/uploads\/2022\/01\/Japanisch1-1.jpg?w=768&amp;ssl=1 768w, https:\/\/i2.wp.com\/www.stiftsforum.ch\/blog\/wp-content\/uploads\/2022\/01\/Japanisch1-1.jpg?resize=225%2C300&amp;ssl=1 225w\" sizes=\"(max-width: 768px) 100vw, 768px\" data-recalc-dims=\"1\" \/><\/a><\/figure><\/li><li class=\"blocks-gallery-item\"><figure><a href=\"https:\/\/i2.wp.com\/www.stiftsforum.ch\/blog\/wp-content\/uploads\/2022\/01\/422a7913a94dd28735cf52473a1b2b56a1ab1cd60bc77bf311b4470a1767c1be.jpg\"><img data-attachment-id=\"5006\" data-permalink=\"https:\/\/www.stiftsforum.ch\/blog\/?attachment_id=5006\" data-orig-file=\"https:\/\/i2.wp.com\/www.stiftsforum.ch\/blog\/wp-content\/uploads\/2022\/01\/422a7913a94dd28735cf52473a1b2b56a1ab1cd60bc77bf311b4470a1767c1be.jpg?fit=768%2C1024&amp;ssl=1\" data-orig-size=\"768,1024\" data-comments-opened=\"1\" data-image-meta=\"{&quot;aperture&quot;:&quot;0&quot;,&quot;credit&quot;:&quot;&quot;,&quot;camera&quot;:&quot;&quot;,&quot;caption&quot;:&quot;&quot;,&quot;created_timestamp&quot;:&quot;0&quot;,&quot;copyright&quot;:&quot;&quot;,&quot;focal_length&quot;:&quot;0&quot;,&quot;iso&quot;:&quot;0&quot;,&quot;shutter_speed&quot;:&quot;0&quot;,&quot;title&quot;:&quot;&quot;,&quot;orientation&quot;:&quot;0&quot;}\" data-image-title=\"422a7913a94dd28735cf52473a1b2b56a1ab1cd60bc77bf311b4470a1767c1be\" data-image-description=\"\" data-medium-file=\"https:\/\/i2.wp.com\/www.stiftsforum.ch\/blog\/wp-content\/uploads\/2022\/01\/422a7913a94dd28735cf52473a1b2b56a1ab1cd60bc77bf311b4470a1767c1be.jpg?fit=225%2C300&amp;ssl=1\" data-large-file=\"https:\/\/i2.wp.com\/www.stiftsforum.ch\/blog\/wp-content\/uploads\/2022\/01\/422a7913a94dd28735cf52473a1b2b56a1ab1cd60bc77bf311b4470a1767c1be.jpg?fit=768%2C1024&amp;ssl=1\" loading=\"lazy\" width=\"768\" height=\"1024\" src=\"https:\/\/i2.wp.com\/www.stiftsforum.ch\/blog\/wp-content\/uploads\/2022\/01\/422a7913a94dd28735cf52473a1b2b56a1ab1cd60bc77bf311b4470a1767c1be.jpg?resize=768%2C1024\" alt=\"\" data-id=\"5006\" data-link=\"http:\/\/www.stiftsforum.ch\/blog\/?attachment_id=5006\" class=\"wp-image-5006\" srcset=\"https:\/\/i2.wp.com\/www.stiftsforum.ch\/blog\/wp-content\/uploads\/2022\/01\/422a7913a94dd28735cf52473a1b2b56a1ab1cd60bc77bf311b4470a1767c1be.jpg?w=768&amp;ssl=1 768w, https:\/\/i2.wp.com\/www.stiftsforum.ch\/blog\/wp-content\/uploads\/2022\/01\/422a7913a94dd28735cf52473a1b2b56a1ab1cd60bc77bf311b4470a1767c1be.jpg?resize=225%2C300&amp;ssl=1 225w\" sizes=\"(max-width: 768px) 100vw, 768px\" data-recalc-dims=\"1\" \/><\/a><\/figure><\/li><li class=\"blocks-gallery-item\"><figure><a href=\"https:\/\/i2.wp.com\/www.stiftsforum.ch\/blog\/wp-content\/uploads\/2022\/01\/6f94592d69f20fac4be4e6f265ac241f8c9e7ee0415e7607ddcdb8eb3e2a16f8.jpg\"><img data-attachment-id=\"5007\" data-permalink=\"https:\/\/www.stiftsforum.ch\/blog\/?attachment_id=5007\" data-orig-file=\"https:\/\/i2.wp.com\/www.stiftsforum.ch\/blog\/wp-content\/uploads\/2022\/01\/6f94592d69f20fac4be4e6f265ac241f8c9e7ee0415e7607ddcdb8eb3e2a16f8.jpg?fit=768%2C1024&amp;ssl=1\" data-orig-size=\"768,1024\" data-comments-opened=\"1\" data-image-meta=\"{&quot;aperture&quot;:&quot;0&quot;,&quot;credit&quot;:&quot;&quot;,&quot;camera&quot;:&quot;&quot;,&quot;caption&quot;:&quot;&quot;,&quot;created_timestamp&quot;:&quot;0&quot;,&quot;copyright&quot;:&quot;&quot;,&quot;focal_length&quot;:&quot;0&quot;,&quot;iso&quot;:&quot;0&quot;,&quot;shutter_speed&quot;:&quot;0&quot;,&quot;title&quot;:&quot;&quot;,&quot;orientation&quot;:&quot;0&quot;}\" data-image-title=\"6f94592d69f20fac4be4e6f265ac241f8c9e7ee0415e7607ddcdb8eb3e2a16f8\" data-image-description=\"\" data-medium-file=\"https:\/\/i2.wp.com\/www.stiftsforum.ch\/blog\/wp-content\/uploads\/2022\/01\/6f94592d69f20fac4be4e6f265ac241f8c9e7ee0415e7607ddcdb8eb3e2a16f8.jpg?fit=225%2C300&amp;ssl=1\" data-large-file=\"https:\/\/i2.wp.com\/www.stiftsforum.ch\/blog\/wp-content\/uploads\/2022\/01\/6f94592d69f20fac4be4e6f265ac241f8c9e7ee0415e7607ddcdb8eb3e2a16f8.jpg?fit=768%2C1024&amp;ssl=1\" loading=\"lazy\" width=\"768\" height=\"1024\" src=\"https:\/\/i2.wp.com\/www.stiftsforum.ch\/blog\/wp-content\/uploads\/2022\/01\/6f94592d69f20fac4be4e6f265ac241f8c9e7ee0415e7607ddcdb8eb3e2a16f8.jpg?resize=768%2C1024\" alt=\"\" data-id=\"5007\" data-full-url=\"https:\/\/i2.wp.com\/www.stiftsforum.ch\/blog\/wp-content\/uploads\/2022\/01\/6f94592d69f20fac4be4e6f265ac241f8c9e7ee0415e7607ddcdb8eb3e2a16f8.jpg?resize=768%2C1024\" data-link=\"http:\/\/www.stiftsforum.ch\/blog\/?attachment_id=5007\" class=\"wp-image-5007\" srcset=\"https:\/\/i2.wp.com\/www.stiftsforum.ch\/blog\/wp-content\/uploads\/2022\/01\/6f94592d69f20fac4be4e6f265ac241f8c9e7ee0415e7607ddcdb8eb3e2a16f8.jpg?w=768&amp;ssl=1 768w, https:\/\/i2.wp.com\/www.stiftsforum.ch\/blog\/wp-content\/uploads\/2022\/01\/6f94592d69f20fac4be4e6f265ac241f8c9e7ee0415e7607ddcdb8eb3e2a16f8.jpg?resize=225%2C300&amp;ssl=1 225w\" sizes=\"(max-width: 768px) 100vw, 768px\" data-recalc-dims=\"1\" \/><\/a><\/figure><\/li><\/ul><\/figure>\n","protected":false},"excerpt":{"rendered":"<p>Von Ricarda und Jil Wir besuchen das Kursfach Japanisch und sind sehr beeindruckt. Die Sch\u00fcler besprechen gerade ihre Hausaufgaben, die<\/p>\n","protected":false},"author":1,"featured_media":5010,"comment_status":"open","ping_status":"closed","sticky":false,"template":"","format":"standard","meta":{"spay_email":"","jetpack_publicize_message":"","jetpack_is_tweetstorm":false},"categories":[3],"tags":[],"jetpack_featured_media_url":"https:\/\/i0.wp.com\/www.stiftsforum.ch\/blog\/wp-content\/uploads\/2022\/01\/5574f79291fb706be89cb18d991f2f62bc8c84ec15963ee81f6b6121ef5a63d5.jpg?fit=768%2C1024&ssl=1","jetpack_publicize_connections":[],"jetpack_sharing_enabled":true,"jetpack_shortlink":"https:\/\/wp.me\/p9nzRF-1iD","jetpack_likes_enabled":true,"jetpack-related-posts":[{"id":4127,"url":"https:\/\/www.stiftsforum.ch\/blog\/?p=4127","url_meta":{"origin":4999,"position":0},"title":"Anime besucht das Kloster Einsiedeln","date":"Januar 25, 2021","format":false,"excerpt":"Ein Interview mit Tanja V\u00f6geli, 1d Worum geht es in Anime? Es gibt verschiedene Anime und jeder Anime hat ein anderes Thema. Was findest du besonders an Anime? Ich finde die Figuren besonders, die Geschichten von Anime und wie der Anime gestaltet sind. Auf welcher Webseite schaust du Anime? Ich\u2026","rel":"","context":"In &quot;Allgemein&quot;","img":{"alt_text":"","src":"https:\/\/i1.wp.com\/www.stiftsforum.ch\/blog\/wp-content\/uploads\/2021\/01\/Anime-2-1.png?fit=673%2C445&ssl=1&resize=350%2C200","width":350,"height":200},"classes":[]},{"id":1766,"url":"https:\/\/www.stiftsforum.ch\/blog\/?p=1766","url_meta":{"origin":4999,"position":1},"title":"\"Es l\u00e4uft immer etwas!\"","date":"Januar 19, 2018","format":false,"excerpt":"Bernadette Boggia unterrichtet seit letztem Sommer Mathematik und Geografie an der Stiftsschule. Im Interview erz\u00e4hlt sie, warum sie an die Stiftsschule gekommen ist und was sie alles machen m\u00f6chte. Valentin M\u00fcller, 2a K\u00f6nnen Sie sich mit drei W\u00f6rtern beschreiben? (\u00dcberlegt\u2026) Offen gegen\u00fcber anderen, interessiert und organisiert. Sie gingen ja selbst\u2026","rel":"","context":"In &quot;Allgemein&quot;","img":{"alt_text":"","src":"https:\/\/i2.wp.com\/www.stiftsforum.ch\/blog\/wp-content\/uploads\/2018\/01\/IMG_9318-Kopie.jpg?fit=1200%2C800&ssl=1&resize=350%2C200","width":350,"height":200},"classes":[]},{"id":5171,"url":"https:\/\/www.stiftsforum.ch\/blog\/?p=5171","url_meta":{"origin":4999,"position":2},"title":"Wirtschaft einfach verstehen","date":"Mai 27, 2022","format":false,"excerpt":"Eine Buchvorstellung von Jos\u00e8 Hickey, 1b o Das Buch umfasst 128 Seiten in 8 Kapiteln. o Die Autoren sind Lara Bryan und Andy Prentice o Das Buch kostet 15-20 CHF. Inhalt Im Buch wird beschrieben, wie Preise festgelegt werden und wie Entscheidungen f\u00fcr Firmen getroffen werden. Zum Thema Armut erf\u00e4hrt\u2026","rel":"","context":"In &quot;Allgemein&quot;","img":{"alt_text":"","src":"https:\/\/i2.wp.com\/www.stiftsforum.ch\/blog\/wp-content\/uploads\/2022\/05\/Wirtschaft-einfach-verstehen.jpg?fit=854%2C1200&ssl=1&resize=350%2C200","width":350,"height":200},"classes":[]},{"id":5795,"url":"https:\/\/www.stiftsforum.ch\/blog\/?p=5795","url_meta":{"origin":4999,"position":3},"title":"Die WM und wir - eine Kolumne","date":"Dezember 12, 2022","format":false,"excerpt":"Eine Kolumne von Carla Barahona und Sophia Br\u00fcllmann Montag, 5. Dezember Es ist der 5. Dezember. Heute spielen um 16:00 Japan gegen Kroatien und um 20:00 Brasilien gegen S\u00fcdkorea. Um einzusch\u00e4tzen, welche beiden Chancen haben, ins Viertelfinale zu kommen, reichen unsere Fussball-Kenntnisse aber leider nicht. Morgen spielt die Schweiz gegen\u2026","rel":"","context":"In &quot;Allgemein&quot;","img":{"alt_text":"","src":"https:\/\/i1.wp.com\/www.stiftsforum.ch\/blog\/wp-content\/uploads\/2022\/12\/WM-Katar.jpg?fit=1200%2C800&ssl=1&resize=350%2C200","width":350,"height":200},"classes":[]},{"id":1939,"url":"https:\/\/www.stiftsforum.ch\/blog\/?p=1939","url_meta":{"origin":4999,"position":4},"title":"Sch\u00f6nheit ist eine Wunde","date":"M\u00e4rz 6, 2018","format":false,"excerpt":"Benedikt Aegerter Der Erfolg seines 2015 erschienen Romans \u201eDer Tigermann\u201c bewegte den Unionsverlag, seinen 2002 publiziertes Debut erstmals ins Deutsche zu \u00fcbersetzen. Eki Kurniawan, einer der wichtigsten indonesischen Gegenwartsautoren, schildert hier mit grosser Eloquenz ein Indonesien, das wenig mit unserem Bild vom Urlaubsparadies Bali zu tun hat. In Halimunda, einem\u2026","rel":"","context":"In &quot;Buchkritik&quot;","img":{"alt_text":"","src":"https:\/\/i1.wp.com\/www.stiftsforum.ch\/blog\/wp-content\/uploads\/2018\/03\/buch.jpg?fit=322%2C499&ssl=1&resize=350%2C200","width":350,"height":200},"classes":[]},{"id":6089,"url":"https:\/\/www.stiftsforum.ch\/blog\/?p=6089","url_meta":{"origin":4999,"position":5},"title":"\"Es ist ein schwieriges Fortkommen vom Pass\"","date":"Februar 15, 2023","format":false,"excerpt":"von Francesco De Vecchi Der Roman Momo wird als Ballett aufgef\u00fchrt (\u201aTIME\u2018, Origen Festival). Ja, aber wie stellt man klug dar, dass jemand zuh\u00f6rt? Wie tanzt man Zeit? \u2013 Solche und \u00e4hnliche Fragen stellen wir einander auf der Fahrt zu unserem aussergew\u00f6hnlichen Ballettbesuch. Wir sind f\u00fcnf Mitglieder der Stiftsschule auf\u2026","rel":"","context":"In &quot;Allgemein&quot;","img":{"alt_text":"","src":"https:\/\/i0.wp.com\/www.stiftsforum.ch\/blog\/wp-content\/uploads\/2023\/02\/foto-4.jpg?fit=900%2C1200&ssl=1&resize=350%2C200","width":350,"height":200},"classes":[]}],"_links":{"self":[{"href":"https:\/\/www.stiftsforum.ch\/blog\/index.php?rest_route=\/wp\/v2\/posts\/4999"}],"collection":[{"href":"https:\/\/www.stiftsforum.ch\/blog\/index.php?rest_route=\/wp\/v2\/posts"}],"about":[{"href":"https:\/\/www.stiftsforum.ch\/blog\/index.php?rest_route=\/wp\/v2\/types\/post"}],"author":[{"embeddable":true,"href":"https:\/\/www.stiftsforum.ch\/blog\/index.php?rest_route=\/wp\/v2\/users\/1"}],"replies":[{"embeddable":true,"href":"https:\/\/www.stiftsforum.ch\/blog\/index.php?rest_route=%2Fwp%2Fv2%2Fcomments&post=4999"}],"version-history":[{"count":2,"href":"https:\/\/www.stiftsforum.ch\/blog\/index.php?rest_route=\/wp\/v2\/posts\/4999\/revisions"}],"predecessor-version":[{"id":5022,"href":"https:\/\/www.stiftsforum.ch\/blog\/index.php?rest_route=\/wp\/v2\/posts\/4999\/revisions\/5022"}],"wp:featuredmedia":[{"embeddable":true,"href":"https:\/\/www.stiftsforum.ch\/blog\/index.php?rest_route=\/wp\/v2\/media\/5010"}],"wp:attachment":[{"href":"https:\/\/www.stiftsforum.ch\/blog\/index.php?rest_route=%2Fwp%2Fv2%2Fmedia&parent=4999"}],"wp:term":[{"taxonomy":"category","embeddable":true,"href":"https:\/\/www.stiftsforum.ch\/blog\/index.php?rest_route=%2Fwp%2Fv2%2Fcategories&post=4999"},{"taxonomy":"post_tag","embeddable":true,"href":"https:\/\/www.stiftsforum.ch\/blog\/index.php?rest_route=%2Fwp%2Fv2%2Ftags&post=4999"}],"curies":[{"name":"wp","href":"https:\/\/api.w.org\/{rel}","templated":true}]}}