{"id":5132,"date":"2022-04-26T15:52:22","date_gmt":"2022-04-26T14:52:22","guid":{"rendered":"http:\/\/www.stiftsforum.ch\/blog\/?p=5132"},"modified":"2022-04-26T16:03:53","modified_gmt":"2022-04-26T15:03:53","slug":"dumbledores-geheimnisse-der-neue-film","status":"publish","type":"post","link":"https:\/\/www.stiftsforum.ch\/blog\/?p=5132","title":{"rendered":"&#8220;Dumbledores Geheimnisse&#8221;- Der neue Film"},"content":{"rendered":"\n<p><em>Von Jordi R\u00f6sser<\/em>, 1b<\/p>\n\n\n\n<p><strong>Der Film &#8220;Dumbledores Geheimnisse&#8221; ist diesen Monat in die Kinos gekommen. Der Film ist eine Weiterf\u00fchrung der Filme Phantastische Geheimnisse. Ich empfehle die ersten zwei Filme zuerst zu schauen. <\/strong><\/p>\n\n\n\n<p>Schwarzmagier Gellert Grindelwald ist dabei, Anh\u00e4nger f\u00fcr seine dunklen Pl\u00e4ne um sich zu scharen. Hogwarts-Schulleiter Albus Dumbledore wei\u00df um die Gefahr, die von dem fanatischen Zauberer ausgeht und bef\u00fcrchtet, dass es Grindelwald wahrhaftig gelingen k\u00f6nnte, die Macht in der Zaubererwelt rundum an sich zu reissen. Doch er kann Grindelwald nicht aufhalten, weshalb er den Magiezoologen Newt Scamander und dessen Freunde, zu denen genauso der Muggel Jacob geh\u00f6rt, einmal mehr um Hilfe bittet. Auf ihrer gef\u00e4hrlichen Mission lernen Newt und seine Truppe neben magischen Tierwesen auch die fanatischen Anh\u00e4nger Grindelwalds beherrschen. Ein brodelnder Konflikt zwischen Gut und B\u00f6se bahnt sich an, den Albus Dumbledore aktiv mitentscheiden muss \u2013 und in dem sein Bruder Aberforth und der mysteri\u00f6se Credence eine Rolle spielen werden. <\/p>\n\n\n\n<p>Ich pers\u00f6nlich finde den Film sehr empfehlenswert. Er ist sehr spannend und hat viele Wendungen. Manchmal scheint etwas offensichtlich, doch auf einmal \u00e4ndert sich die Handlung komplett in eine andere Richtung.<\/p>\n\n\n\n<p>Hier ist der link zum Trailer: https:\/\/www.cineboxx.ch\/home?<\/p>\n\n\n\n<ul class=\"wp-block-social-links\"><li class=\"wp-social-link wp-social-link-chain wp-block-social-link\"><a href=\"https:\/\/www.youtube.com\/watch?v=vk0YnsCWHHo\" aria-label=\"Link\" > <svg width=\"24\" height=\"24\" viewBox=\"0 0 24 24\" version=\"1.1\" xmlns=\"http:\/\/www.w3.org\/2000\/svg\" role=\"img\" aria-hidden=\"true\" focusable=\"false\"><path d=\"M19.647,16.706a1.134,1.134,0,0,0-.343-.833l-2.549-2.549a1.134,1.134,0,0,0-.833-.343,1.168,1.168,0,0,0-.883.392l.233.226q.2.189.264.264a2.922,2.922,0,0,1,.184.233.986.986,0,0,1,.159.312,1.242,1.242,0,0,1,.043.337,1.172,1.172,0,0,1-1.176,1.176,1.237,1.237,0,0,1-.337-.043,1,1,0,0,1-.312-.159,2.76,2.76,0,0,1-.233-.184q-.073-.068-.264-.264l-.226-.233a1.19,1.19,0,0,0-.4.895,1.134,1.134,0,0,0,.343.833L15.837,19.3a1.13,1.13,0,0,0,.833.331,1.18,1.18,0,0,0,.833-.318l1.8-1.789a1.12,1.12,0,0,0,.343-.821Zm-8.615-8.64a1.134,1.134,0,0,0-.343-.833L8.163,4.7a1.134,1.134,0,0,0-.833-.343,1.184,1.184,0,0,0-.833.331L4.7,6.473a1.12,1.12,0,0,0-.343.821,1.134,1.134,0,0,0,.343.833l2.549,2.549a1.13,1.13,0,0,0,.833.331,1.184,1.184,0,0,0,.883-.38L8.728,10.4q-.2-.189-.264-.264A2.922,2.922,0,0,1,8.28,9.9a.986.986,0,0,1-.159-.312,1.242,1.242,0,0,1-.043-.337A1.172,1.172,0,0,1,9.254,8.079a1.237,1.237,0,0,1,.337.043,1,1,0,0,1,.312.159,2.761,2.761,0,0,1,.233.184q.073.068.264.264l.226.233a1.19,1.19,0,0,0,.4-.895ZM22,16.706a3.343,3.343,0,0,1-1.042,2.488l-1.8,1.789a3.536,3.536,0,0,1-4.988-.025l-2.525-2.537a3.384,3.384,0,0,1-1.017-2.488,3.448,3.448,0,0,1,1.078-2.561l-1.078-1.078a3.434,3.434,0,0,1-2.549,1.078,3.4,3.4,0,0,1-2.5-1.029L3.029,9.794A3.4,3.4,0,0,1,2,7.294,3.343,3.343,0,0,1,3.042,4.806l1.8-1.789A3.384,3.384,0,0,1,7.331,2a3.357,3.357,0,0,1,2.5,1.042l2.525,2.537a3.384,3.384,0,0,1,1.017,2.488,3.448,3.448,0,0,1-1.078,2.561l1.078,1.078a3.551,3.551,0,0,1,5.049-.049l2.549,2.549A3.4,3.4,0,0,1,22,16.706Z\"><\/path><\/svg><\/a><\/li><\/ul>\n\n\n\n<p>Da der Film noch in den Kinos ist hier noch die Vorf\u00fchrzeiten f\u00fcr Arena Cinemas in Z\u00fcrich und die Cineboxx in Einsiedeln.<\/p>\n\n\n\n<p>Arena Cinemas: <\/p>\n\n\n\n<ul class=\"wp-block-social-links\"><li class=\"wp-social-link wp-social-link-chain wp-block-social-link\"><a href=\"https:\/\/www.arena.ch\/de\/sihlcity\/programm\/tickets-kaufen\/detail?fid=1013400&#038;StartDate=20220426\" aria-label=\"Link\" > <svg width=\"24\" height=\"24\" viewBox=\"0 0 24 24\" version=\"1.1\" xmlns=\"http:\/\/www.w3.org\/2000\/svg\" role=\"img\" aria-hidden=\"true\" focusable=\"false\"><path d=\"M19.647,16.706a1.134,1.134,0,0,0-.343-.833l-2.549-2.549a1.134,1.134,0,0,0-.833-.343,1.168,1.168,0,0,0-.883.392l.233.226q.2.189.264.264a2.922,2.922,0,0,1,.184.233.986.986,0,0,1,.159.312,1.242,1.242,0,0,1,.043.337,1.172,1.172,0,0,1-1.176,1.176,1.237,1.237,0,0,1-.337-.043,1,1,0,0,1-.312-.159,2.76,2.76,0,0,1-.233-.184q-.073-.068-.264-.264l-.226-.233a1.19,1.19,0,0,0-.4.895,1.134,1.134,0,0,0,.343.833L15.837,19.3a1.13,1.13,0,0,0,.833.331,1.18,1.18,0,0,0,.833-.318l1.8-1.789a1.12,1.12,0,0,0,.343-.821Zm-8.615-8.64a1.134,1.134,0,0,0-.343-.833L8.163,4.7a1.134,1.134,0,0,0-.833-.343,1.184,1.184,0,0,0-.833.331L4.7,6.473a1.12,1.12,0,0,0-.343.821,1.134,1.134,0,0,0,.343.833l2.549,2.549a1.13,1.13,0,0,0,.833.331,1.184,1.184,0,0,0,.883-.38L8.728,10.4q-.2-.189-.264-.264A2.922,2.922,0,0,1,8.28,9.9a.986.986,0,0,1-.159-.312,1.242,1.242,0,0,1-.043-.337A1.172,1.172,0,0,1,9.254,8.079a1.237,1.237,0,0,1,.337.043,1,1,0,0,1,.312.159,2.761,2.761,0,0,1,.233.184q.073.068.264.264l.226.233a1.19,1.19,0,0,0,.4-.895ZM22,16.706a3.343,3.343,0,0,1-1.042,2.488l-1.8,1.789a3.536,3.536,0,0,1-4.988-.025l-2.525-2.537a3.384,3.384,0,0,1-1.017-2.488,3.448,3.448,0,0,1,1.078-2.561l-1.078-1.078a3.434,3.434,0,0,1-2.549,1.078,3.4,3.4,0,0,1-2.5-1.029L3.029,9.794A3.4,3.4,0,0,1,2,7.294,3.343,3.343,0,0,1,3.042,4.806l1.8-1.789A3.384,3.384,0,0,1,7.331,2a3.357,3.357,0,0,1,2.5,1.042l2.525,2.537a3.384,3.384,0,0,1,1.017,2.488,3.448,3.448,0,0,1-1.078,2.561l1.078,1.078a3.551,3.551,0,0,1,5.049-.049l2.549,2.549A3.4,3.4,0,0,1,22,16.706Z\"><\/path><\/svg><\/a><\/li><\/ul>\n\n\n\n<p>Cineboxx:<\/p>\n\n\n\n<ul class=\"wp-block-social-links\"><li class=\"wp-social-link wp-social-link-chain wp-block-social-link\"><a href=\"https:\/\/www.cineboxx.ch\/home?filme=imkino&#038;tag=&#038;film=86426&#038;title=Phantastische+Tierwesen%3A+Dumbledores+Geheimnisse&#038;\" aria-label=\"Link\" > <svg width=\"24\" height=\"24\" viewBox=\"0 0 24 24\" version=\"1.1\" xmlns=\"http:\/\/www.w3.org\/2000\/svg\" role=\"img\" aria-hidden=\"true\" focusable=\"false\"><path d=\"M19.647,16.706a1.134,1.134,0,0,0-.343-.833l-2.549-2.549a1.134,1.134,0,0,0-.833-.343,1.168,1.168,0,0,0-.883.392l.233.226q.2.189.264.264a2.922,2.922,0,0,1,.184.233.986.986,0,0,1,.159.312,1.242,1.242,0,0,1,.043.337,1.172,1.172,0,0,1-1.176,1.176,1.237,1.237,0,0,1-.337-.043,1,1,0,0,1-.312-.159,2.76,2.76,0,0,1-.233-.184q-.073-.068-.264-.264l-.226-.233a1.19,1.19,0,0,0-.4.895,1.134,1.134,0,0,0,.343.833L15.837,19.3a1.13,1.13,0,0,0,.833.331,1.18,1.18,0,0,0,.833-.318l1.8-1.789a1.12,1.12,0,0,0,.343-.821Zm-8.615-8.64a1.134,1.134,0,0,0-.343-.833L8.163,4.7a1.134,1.134,0,0,0-.833-.343,1.184,1.184,0,0,0-.833.331L4.7,6.473a1.12,1.12,0,0,0-.343.821,1.134,1.134,0,0,0,.343.833l2.549,2.549a1.13,1.13,0,0,0,.833.331,1.184,1.184,0,0,0,.883-.38L8.728,10.4q-.2-.189-.264-.264A2.922,2.922,0,0,1,8.28,9.9a.986.986,0,0,1-.159-.312,1.242,1.242,0,0,1-.043-.337A1.172,1.172,0,0,1,9.254,8.079a1.237,1.237,0,0,1,.337.043,1,1,0,0,1,.312.159,2.761,2.761,0,0,1,.233.184q.073.068.264.264l.226.233a1.19,1.19,0,0,0,.4-.895ZM22,16.706a3.343,3.343,0,0,1-1.042,2.488l-1.8,1.789a3.536,3.536,0,0,1-4.988-.025l-2.525-2.537a3.384,3.384,0,0,1-1.017-2.488,3.448,3.448,0,0,1,1.078-2.561l-1.078-1.078a3.434,3.434,0,0,1-2.549,1.078,3.4,3.4,0,0,1-2.5-1.029L3.029,9.794A3.4,3.4,0,0,1,2,7.294,3.343,3.343,0,0,1,3.042,4.806l1.8-1.789A3.384,3.384,0,0,1,7.331,2a3.357,3.357,0,0,1,2.5,1.042l2.525,2.537a3.384,3.384,0,0,1,1.017,2.488,3.448,3.448,0,0,1-1.078,2.561l1.078,1.078a3.551,3.551,0,0,1,5.049-.049l2.549,2.549A3.4,3.4,0,0,1,22,16.706Z\"><\/path><\/svg><\/a><\/li><\/ul>\n\n\n\n<p><\/p>\n","protected":false},"excerpt":{"rendered":"<p>Von Jordi R\u00f6sser, 1b Der Film &#8220;Dumbledores Geheimnisse&#8221; ist diesen Monat in die Kinos gekommen. Der Film ist eine Weiterf\u00fchrung<\/p>\n","protected":false},"author":1,"featured_media":5137,"comment_status":"open","ping_status":"closed","sticky":false,"template":"","format":"standard","meta":{"spay_email":"","jetpack_publicize_message":"","jetpack_is_tweetstorm":false},"categories":[6,1],"tags":[],"jetpack_featured_media_url":"https:\/\/i2.wp.com\/www.stiftsforum.ch\/blog\/wp-content\/uploads\/2022\/04\/Bild_2022-04-26_163332609.png?fit=314%2C445&ssl=1","jetpack_publicize_connections":[],"jetpack_sharing_enabled":true,"jetpack_shortlink":"https:\/\/wp.me\/p9nzRF-1kM","jetpack_likes_enabled":true,"jetpack-related-posts":[{"id":2525,"url":"https:\/\/www.stiftsforum.ch\/blog\/?p=2525","url_meta":{"origin":5132,"position":0},"title":"Peter Wohlleben: Das geheime Leben der B\u00e4ume","date":"September 16, 2018","format":false,"excerpt":"Ein Gastbeitrag von Florentin Bucher Dass wir ohne W\u00e4lder nicht leben k\u00f6nnen, lernt man schon als Kind. Doch wie leben und kommunizieren die B\u00e4ume unter ihresgleichen? Der Name des Autors \u201eWohlleben\u201c klingt f\u00fcr sich schon vielversprechend: Am besten nimmt man sich l\u00e4nger Zeit, mal im Herbstlaub auf einer Parkbank, unter\u2026","rel":"","context":"In &quot;Schulseelsorge&quot;","img":{"alt_text":"","src":"https:\/\/i1.wp.com\/www.stiftsforum.ch\/blog\/wp-content\/uploads\/2018\/09\/florentin-1-200x300.jpeg?resize=350%2C200","width":350,"height":200},"classes":[]},{"id":2878,"url":"https:\/\/www.stiftsforum.ch\/blog\/?p=2878","url_meta":{"origin":5132,"position":1},"title":"Faszination Netflix","date":"Dezember 22, 2018","format":false,"excerpt":"Von Lisa Ulrich Netflix ist ein Streaming-Dienst, der Dokumentationen, Filme sowie auch Serien anbietet. Gegr\u00fcndet wurde Netflix vor ca. 20 Jahren in den USA, damals als Online-Videothek mit Versand von DVDs. Vor ca. 10 Jahren begann Netflix schliesslich Online-Streaming anzubieten und die Erfolgsgeschichte nahm ihren Lauf. Wie bei so vielen\u2026","rel":"","context":"In &quot;Allgemein&quot;","img":{"alt_text":"","src":"https:\/\/i1.wp.com\/www.stiftsforum.ch\/blog\/wp-content\/uploads\/2018\/12\/Netflix-logo-and-screen.jpg?fit=1200%2C600&ssl=1&resize=350%2C200","width":350,"height":200},"classes":[]},{"id":2307,"url":"https:\/\/www.stiftsforum.ch\/blog\/?p=2307","url_meta":{"origin":5132,"position":2},"title":"Ladybird: Coming-of-Age in der kalifornischen Provinz","date":"Juni 26, 2018","format":false,"excerpt":"Das Mutigste an Ladybird ist das, was am Wenigsten ins Auge sticht: Ohne das einem etwas auff\u00e4llt und ohne das lange viel passiert, wandelt sich die Hauptfigur, ein st\u00f6rrischer Teenager, in das was sie eigentlich immer sein wollte: In Ladybird, den Namen den sie sich selbst gegeben hat. Der Vogel\u2026","rel":"","context":"In &quot;Filmkritik&quot;","img":{"alt_text":"","src":"https:\/\/i2.wp.com\/www.stiftsforum.ch\/blog\/wp-content\/uploads\/2018\/06\/Lady-Bird-film-poster.jpg?fit=1200%2C900&ssl=1&resize=350%2C200","width":350,"height":200},"classes":[]},{"id":2175,"url":"https:\/\/www.stiftsforum.ch\/blog\/?p=2175","url_meta":{"origin":5132,"position":3},"title":"Nachtrag: MusiKUSS 2018","date":"Juni 5, 2018","format":false,"excerpt":"Raphael auf der Maur Am Freitag, der 30 M\u00e4rz, um 10.30, begr\u00fcsste Rektor Johannes Eichrodt die Sch\u00fclerinnen und Sch\u00fcler der Stiftsschule Einsiedeln beim MusiKuss, dem dritte KUSS-Anlass dieses Jahres. Musiklehrer Lukas Meister erkl\u00e4rt, es sei ein Querschnitt aller Musikarten, die momentan in den verschiedenen Klassen ge\u00fcbt werden. Zu viel versprochen\u2026","rel":"","context":"In &quot;Schulanl\u00e4sse&quot;","img":{"alt_text":"","src":"https:\/\/i1.wp.com\/www.stiftsforum.ch\/blog\/wp-content\/uploads\/2018\/04\/mu6.jpg?fit=800%2C533&ssl=1&resize=350%2C200","width":350,"height":200},"classes":[]},{"id":4735,"url":"https:\/\/www.stiftsforum.ch\/blog\/?p=4735","url_meta":{"origin":5132,"position":4},"title":"Elefanten, Raclette und Harry Potter","date":"November 9, 2021","format":false,"excerpt":"Interview mit Frau Niggli, einer neuen Geografielehrerin an der Stiftsschule von Viviana Lindemann (1a) Wie sind Sie auf Geografie gekommen? Ich war sehr fr\u00fch schon mit meinen Eltern viel in den Bergen in den Ferien, mein Vater ist selbst aus dem Kanton Graub\u00fcnden und deshalb habe ich dort auch sehr\u2026","rel":"","context":"In &quot;Interview&quot;","img":{"alt_text":"","src":"https:\/\/i1.wp.com\/www.stiftsforum.ch\/blog\/wp-content\/uploads\/2021\/11\/Schulredaktion_3-BildDNi-scaled.jpg?fit=960%2C1200&ssl=1&resize=350%2C200","width":350,"height":200},"classes":[]},{"id":3689,"url":"https:\/\/www.stiftsforum.ch\/blog\/?p=3689","url_meta":{"origin":5132,"position":5},"title":"Projektwochen: GENF","date":"Juni 5, 2019","format":false,"excerpt":"Janna M\u00fcller \u00fcber die Genf-Reise der Projektteilnehmenden aus den dritten Klassen - eine Reise im Kurzfilm: https:\/\/vimeo.com\/user99356812 https:\/\/vimeo.com\/user99356812\/review\/340452614\/1dbac2a984 https:\/\/vimeo.com\/340452614?utm_source=email&utm_medium=vimeo-cliptranscode-201504&utm_campaign=29220 Genf 2019","rel":"","context":"In &quot;Exkursionen&quot;","img":{"alt_text":"","src":"https:\/\/i0.wp.com\/www.stiftsforum.ch\/blog\/wp-content\/uploads\/2019\/06\/Unbenannt.png?fit=1200%2C675&ssl=1&resize=350%2C200","width":350,"height":200},"classes":[]}],"_links":{"self":[{"href":"https:\/\/www.stiftsforum.ch\/blog\/index.php?rest_route=\/wp\/v2\/posts\/5132"}],"collection":[{"href":"https:\/\/www.stiftsforum.ch\/blog\/index.php?rest_route=\/wp\/v2\/posts"}],"about":[{"href":"https:\/\/www.stiftsforum.ch\/blog\/index.php?rest_route=\/wp\/v2\/types\/post"}],"author":[{"embeddable":true,"href":"https:\/\/www.stiftsforum.ch\/blog\/index.php?rest_route=\/wp\/v2\/users\/1"}],"replies":[{"embeddable":true,"href":"https:\/\/www.stiftsforum.ch\/blog\/index.php?rest_route=%2Fwp%2Fv2%2Fcomments&post=5132"}],"version-history":[{"count":8,"href":"https:\/\/www.stiftsforum.ch\/blog\/index.php?rest_route=\/wp\/v2\/posts\/5132\/revisions"}],"predecessor-version":[{"id":5143,"href":"https:\/\/www.stiftsforum.ch\/blog\/index.php?rest_route=\/wp\/v2\/posts\/5132\/revisions\/5143"}],"wp:featuredmedia":[{"embeddable":true,"href":"https:\/\/www.stiftsforum.ch\/blog\/index.php?rest_route=\/wp\/v2\/media\/5137"}],"wp:attachment":[{"href":"https:\/\/www.stiftsforum.ch\/blog\/index.php?rest_route=%2Fwp%2Fv2%2Fmedia&parent=5132"}],"wp:term":[{"taxonomy":"category","embeddable":true,"href":"https:\/\/www.stiftsforum.ch\/blog\/index.php?rest_route=%2Fwp%2Fv2%2Fcategories&post=5132"},{"taxonomy":"post_tag","embeddable":true,"href":"https:\/\/www.stiftsforum.ch\/blog\/index.php?rest_route=%2Fwp%2Fv2%2Ftags&post=5132"}],"curies":[{"name":"wp","href":"https:\/\/api.w.org\/{rel}","templated":true}]}}