{"id":5213,"date":"2022-06-29T08:03:29","date_gmt":"2022-06-29T07:03:29","guid":{"rendered":"http:\/\/www.stiftsforum.ch\/blog\/?p=5213"},"modified":"2022-06-29T10:31:08","modified_gmt":"2022-06-29T09:31:08","slug":"jeder-im-gang-hat-eine-persoenlichkeit","status":"publish","type":"post","link":"https:\/\/www.stiftsforum.ch\/blog\/?p=5213","title":{"rendered":"Jeder im Gang hat eine Pers\u00f6nlichkeit"},"content":{"rendered":"\n<p><em>von Viviana Lindemann<\/em><\/p>\n\n\n\n<p><strong>Alina Iten \u2013 Nachbarin und Sch\u00fclerin der 3a<\/strong><\/p>\n\n\n\n<p><strong>Alina, 3a, wohnt gegen\u00fcber. Ich kenne sie schon seit eh und je. Jedes Mal, wenn ich ihr Zimmer betrete, f\u00e4llt mir aber eins auf: Es ist organisiert chaotisch, alles hat seinen Platz, sogar die Kissen und B\u00fccher, die am Boden verstreut herumliegen. In ihrem B\u00fccherregal entdecke ich unter den gef\u00fchlt 300 B\u00fcchern ein paar, die sie von mir hat. Alina liest immer und gerne, sie ist auch bei weitem das intelligenteste Kind unserer Nachbarschaft.<\/strong><\/p>\n\n\n\n<p>Als n\u00e4chstes m\u00f6chte Alina&nbsp; e=mc<sup>2 <\/sup>von David Bodanis lesen, der darin die Geschichte der Formel e=mc<sup>2 <\/sup>erz\u00e4hlt. Nun meldet sich ihre Schwester, Nora, zu Wort: ,,Du bist ein Streber.\u2019\u2019 So ungern wir Leute beleidigen, wir m\u00fcssen das einfach aussprechen: Alina ist wirklich sehr gut in der Schule und arbeitet auch daf\u00fcr. Ich frage mich, wie sie es schafft, immer so intelligent zu sein. Es gibt ja kaum ein Thema, bei dem sie sich nicht auskennt, sie ist die Art von Person, die im Leben sehr weit kommen wird.<\/p>\n\n\n\n<p>Ihre drei besten Eigenschaften sind, dass sie sehr gut Sachen kombinieren und dar\u00fcber nachdenken kann, sie hat ein sehr gutes Ged\u00e4chtnis und kann Leuten gut zuh\u00f6ren, wenn sie das Gef\u00fchl hat, dass sie jemanden brauchen, der ihnen zuh\u00f6rt. Ihre schlechtesten Eigenschaften sind jedoch ihre mangelnde Geduld und dass sie manchmal fies ist, ohne es so zu meinen.<\/p>\n\n\n\n<p>Alina besucht Bratschenunterricht bei Herrn Corazolla und sie ist im Orchester bei Herrn Meister. Alina liebt ihre Bratsche; wenn sie keine Bratsche spielen k\u00f6nnte, w\u00fcrde sie nicht aufs Cello oder auf die Geige ausweichen, sondern sie w\u00fcrde gar kein Instrument spielen.<\/p>\n\n\n\n<p>Nach dem \u00dcben der Bratsche und dem Fertigmachen der Hausaufgaben, liest Alina gerne. Wenn ihr wirklich langweilig ist, sucht sie sich auf YouTube Vorlesungen zu unterschiedlichsten Themen heraus. Von der Harvard University hat sie zum Beispiel schon sieben oder acht Vorlesungen, je 45 Minuten, zum Thema Utilitarismus geschaut. Der vorherige Kommentar von Nora (Alinas Schwester) wird wiederholt. Wir m\u00fcssen alle drei lachen und Alina sagt: ,,Das kannst du so drin haben, es ist mir egal, was andere von mir denken.&#8221;<\/p>\n\n\n\n<p>Alinas Leidenschaft ist es, sich neues Wissen anzueignen. Sie besucht die Stiftsschule, weil sie sehr nahe an Alinas Zuhause ist und sie sich schon im Kindergarten gesagt hat: &#8220;Da werde ich mal in die Schule gehen.&#8221; Die Kantonsschule ist f\u00fcr sie nichts, sie mag die Stiftsschule. Als Schwerpunktfach hat Alina Altgriechisch genommen, was viele (ich auch!) komisch finden. Alina h\u00e4tte genauso gut PAM (Physik und Angewandte Mathematik) nehmen k\u00f6nnen, es h\u00e4tte sie auch interessiert. Sie hat sich aber f\u00fcr Altgriechisch entschieden, weil sie, wie schon gesagt, gerne Neues lernt; Griechisch ist auch eine sehr logische Sprache und es sieht auf jedem Lebenslauf gut aus, denn Alina wird das Latinum und das Graecum haben. Wenn sie Physik studiert, wird sie alles in PAM Gelernte sowieso durchnehmen.<\/p>\n\n\n\n<p>Wenn man Alina Iten im Internet eingibt, kommt ein Ingenieurb\u00fcro f\u00fcr Energie- und Geb\u00e4udetechnik als Vorschlag und obwohl Alina nicht unbedingt in diese Richtung gehen w\u00fcrde, hat es mit logischem Denken zu tun. Sie antwortete auf diese Frage mit ,vielleicht.\u2019<\/p>\n\n\n\n<p>Auf Instagram ist Alina auf den Seiten von Physik und Mathe Witzen, was wieder einen Lachflash ausl\u00f6st.<\/p>\n\n\n\n<p>Dann sagte mir Alina noch, dass sie gerne aus dem Nichts Fakten raushaut und entt\u00e4uscht ist, wenn Leute sie nicht interessant finden.<\/p>\n\n\n\n<p><em>Zum Abschluss ein paar Dies-oder-Das-Fragen:<\/em><\/p>\n\n\n\n<p>Sprachen oder <strong><u>Naturwissenschaften<\/u><\/strong><\/p>\n\n\n\n<p><strong><u>Birchlilauf<\/u><\/strong><strong> <\/strong>oder Langlauf<\/p>\n\n\n\n<p>Mensa oder <strong><u>Kebab<\/u><\/strong><\/p>\n\n\n\n<p>Hund oder <strong><u>Katze<\/u><\/strong><\/p>\n\n\n\n<p><strong><u>Schokolade<\/u><\/strong><strong> <\/strong>oder Gummib\u00e4rchen<\/p>\n\n\n\n<p>Zitronen- oder <strong><u>Pfirsicheistee<\/u><\/strong><\/p>\n\n\n\n<p><strong><u>Fr\u00fchaufsteher<\/u><\/strong> oder Nachteule<\/p>\n\n\n\n<p><strong><u>McDonalds<\/u><\/strong> oder Burger King<\/p>\n\n\n\n<p><strong><u>Apple<\/u><\/strong> oder Samsung<\/p>\n","protected":false},"excerpt":{"rendered":"<p>von Viviana Lindemann Alina Iten \u2013 Nachbarin und Sch\u00fclerin der 3a Alina, 3a, wohnt gegen\u00fcber. Ich kenne sie schon seit<\/p>\n","protected":false},"author":1,"featured_media":5252,"comment_status":"open","ping_status":"closed","sticky":false,"template":"","format":"standard","meta":{"spay_email":"","jetpack_publicize_message":"","jetpack_is_tweetstorm":false},"categories":[3,8],"tags":[],"jetpack_featured_media_url":"https:\/\/i2.wp.com\/www.stiftsforum.ch\/blog\/wp-content\/uploads\/2022\/06\/crowd-g21577c359_1280.png?fit=1280%2C1068&ssl=1","jetpack_publicize_connections":[],"jetpack_sharing_enabled":true,"jetpack_shortlink":"https:\/\/wp.me\/p9nzRF-1m5","jetpack_likes_enabled":true,"jetpack-related-posts":[{"id":4967,"url":"https:\/\/www.stiftsforum.ch\/blog\/?p=4967","url_meta":{"origin":5213,"position":0},"title":"Die Odyssee im Opernhaus Z\u00fcrich und wir sind dabei","date":"Dezember 18, 2021","format":false,"excerpt":"Von Cosima Hoppe, Alina Iten und Emilia Langenauer (3a) Die Oper erz\u00e4hlt die Geschichte der Heimreise des K\u00f6nigs von Ithaka nach dem Trojanischen Krieg, die \u00abOdyssee\u00bb. Die Inszenierung beginnt mit dem Auftritt seiner Frau, Penelope und ihrem Wunsch, dass Odysseus bald wieder heimkehrt. Ihr Sohn Telemach teilt diesen Wunsch. Die\u2026","rel":"","context":"In &quot;Allgemein&quot;","img":{"alt_text":"","src":"https:\/\/i2.wp.com\/www.stiftsforum.ch\/blog\/wp-content\/uploads\/2021\/12\/20211211_120930-scaled.jpg?fit=1200%2C900&ssl=1&resize=350%2C200","width":350,"height":200},"classes":[]},{"id":2056,"url":"https:\/\/www.stiftsforum.ch\/blog\/?p=2056","url_meta":{"origin":5213,"position":1},"title":"Irres Abenteuer in Irland - Erfahrungen aus dem Zwischenjahr","date":"Mai 15, 2018","format":false,"excerpt":"\u00a0 Alina Jud (Alumni) Matura was nun? Vor ziemlich genau einem Jahr stand ich in der Maturaphase, meisterte die schriftlichen Pr\u00fcfungen und fokussierte mich danach auf die M\u00fcndlichen. Nebenbei machte ich mir Gedanken, wie es nach einem erfolgreichen Schulabschluss weitergehen sollte. Die Matura war f\u00fcr mich immer das Ziel gewesen,\u2026","rel":"","context":"In &quot;Schulseelsorge&quot;","img":{"alt_text":"","src":"https:\/\/i1.wp.com\/www.stiftsforum.ch\/blog\/wp-content\/uploads\/2018\/05\/4.jpg?fit=640%2C480&ssl=1&resize=350%2C200","width":350,"height":200},"classes":[]},{"id":788,"url":"https:\/\/www.stiftsforum.ch\/blog\/?p=788","url_meta":{"origin":5213,"position":2},"title":"Lukas B\u00e4rfuss: Hundert Tage","date":"Februar 11, 2017","format":false,"excerpt":"In seinem Deb\u00fctroman beschreibt Lukas B\u00e4rfuss auf eindr\u00fcckliche Weise den V\u00f6lkermord in Ruanda. 1994 wurden in Ruanda 800'000 Menschen auf brutalste Weise mit archaischen Waffen wie Macheten ermordet. Der aus akribischer Recherche erstanden Erstlingsroman beschr\u00e4nkt sich jedoch nicht auf einen Tatsachenbericht. Vielmehr m\u00f6chte der Autor uns die Verwicklung Europas in\u2026","rel":"","context":"In &quot;Buchkritik&quot;","img":{"alt_text":"","src":"https:\/\/i2.wp.com\/www.stiftsforum.ch\/blog\/wp-content\/uploads\/2017\/02\/9783442739035xxl.jpg?fit=409%2C648&ssl=1&resize=350%2C200","width":350,"height":200},"classes":[]},{"id":5484,"url":"https:\/\/www.stiftsforum.ch\/blog\/?p=5484","url_meta":{"origin":5213,"position":3},"title":"Eine dreit\u00e4gige Lateinexkursion nach Trier","date":"Oktober 28, 2022","format":false,"excerpt":"Die Herbstferien nutzte eine gemischte Gruppe aus Lehrern und Stiftssch\u00fclern unter der Leitung von P. Mauritius, um die einstige Residenzstadt des r\u00f6mischen Reiches, Trier (lateinisch: Augusta Treverorum), zu erkunden. Anlass war die diesj\u00e4hrige Landesausstellung mit dem Titel \u00abDer Untergang des r\u00f6mischen Reiches.\u00bb Neben dem Besuch dreier Museen und der Verkostung\u2026","rel":"","context":"In &quot;Schule unterwegs&quot;","img":{"alt_text":"","src":"https:\/\/i2.wp.com\/www.stiftsforum.ch\/blog\/wp-content\/uploads\/2022\/10\/20221013_163009-scaled.jpg?fit=1200%2C900&ssl=1&resize=350%2C200","width":350,"height":200},"classes":[]},{"id":4539,"url":"https:\/\/www.stiftsforum.ch\/blog\/?p=4539","url_meta":{"origin":5213,"position":4},"title":"Sporttag - Das Programm","date":"Oktober 19, 2021","format":false,"excerpt":"Postenlauf: Posten 1: Megamemory Die ganze Klasse musste im Uhrzeigersinn immer zwei Memoryk\u00e4rtchen aufdecken. Auf dem Memory waren die Lehrer der Sch\u00fcler. Posten 2: Galeerentransport Pro Klasse gab es zwei Gruppen. Jede Gruppe musste auf einem Flos zur Boje und zur\u00fcckpaddeln. Die beiden Zeiten wurden dann zusammengez\u00e4hlt. Posten 3: Garettenrennen\u2026","rel":"","context":"In &quot;Schulanl\u00e4sse&quot;","img":{"alt_text":"","src":"https:\/\/i0.wp.com\/www.stiftsforum.ch\/blog\/wp-content\/uploads\/2021\/10\/IMG_7803.jpg?fit=1200%2C800&ssl=1&resize=350%2C200","width":350,"height":200},"classes":[]},{"id":3566,"url":"https:\/\/www.stiftsforum.ch\/blog\/?p=3566","url_meta":{"origin":5213,"position":5},"title":"Schulsporttag in Basel","date":"Mai 23, 2019","format":false,"excerpt":"Beim Schulsporttag in Basel am Mittwoch, den 22.05.2019 war die Stiftsschule mit 32 Sch\u00fcler\/innen am Start. Insgesamt konnte die Stiftsschule 4 Medaillen f\u00fcr den Kanton Schwyz nach Hause bringen. Corsin (1a)\u00a0 und Gian-Andri M\u00fcller (3b) konnten im OL im Team die Goldmedaille und in der Kantons-Staffel mit weiblicher Unterst\u00fctzung aus\u2026","rel":"","context":"In &quot;Schule unterwegs&quot;","img":{"alt_text":"","src":"https:\/\/i2.wp.com\/www.stiftsforum.ch\/blog\/wp-content\/uploads\/2019\/05\/20190522_082039.jpg?fit=1200%2C900&ssl=1&resize=350%2C200","width":350,"height":200},"classes":[]}],"_links":{"self":[{"href":"https:\/\/www.stiftsforum.ch\/blog\/index.php?rest_route=\/wp\/v2\/posts\/5213"}],"collection":[{"href":"https:\/\/www.stiftsforum.ch\/blog\/index.php?rest_route=\/wp\/v2\/posts"}],"about":[{"href":"https:\/\/www.stiftsforum.ch\/blog\/index.php?rest_route=\/wp\/v2\/types\/post"}],"author":[{"embeddable":true,"href":"https:\/\/www.stiftsforum.ch\/blog\/index.php?rest_route=\/wp\/v2\/users\/1"}],"replies":[{"embeddable":true,"href":"https:\/\/www.stiftsforum.ch\/blog\/index.php?rest_route=%2Fwp%2Fv2%2Fcomments&post=5213"}],"version-history":[{"count":3,"href":"https:\/\/www.stiftsforum.ch\/blog\/index.php?rest_route=\/wp\/v2\/posts\/5213\/revisions"}],"predecessor-version":[{"id":5257,"href":"https:\/\/www.stiftsforum.ch\/blog\/index.php?rest_route=\/wp\/v2\/posts\/5213\/revisions\/5257"}],"wp:featuredmedia":[{"embeddable":true,"href":"https:\/\/www.stiftsforum.ch\/blog\/index.php?rest_route=\/wp\/v2\/media\/5252"}],"wp:attachment":[{"href":"https:\/\/www.stiftsforum.ch\/blog\/index.php?rest_route=%2Fwp%2Fv2%2Fmedia&parent=5213"}],"wp:term":[{"taxonomy":"category","embeddable":true,"href":"https:\/\/www.stiftsforum.ch\/blog\/index.php?rest_route=%2Fwp%2Fv2%2Fcategories&post=5213"},{"taxonomy":"post_tag","embeddable":true,"href":"https:\/\/www.stiftsforum.ch\/blog\/index.php?rest_route=%2Fwp%2Fv2%2Ftags&post=5213"}],"curies":[{"name":"wp","href":"https:\/\/api.w.org\/{rel}","templated":true}]}}